{"id":3587,"date":"2023-06-17T13:42:28","date_gmt":"2023-06-17T16:42:28","guid":{"rendered":"https:\/\/fmpatagoniamadryn.com.ar\/?p=3587"},"modified":"2023-06-18T13:49:52","modified_gmt":"2023-06-18T16:49:52","slug":"provincia-brindo-charlas-sobre-fauna-silvestre-en-escuelas-de-puerto-madryn-y-puerto-piramides","status":"publish","type":"post","link":"https:\/\/fmpatagoniamadryn.com.ar\/?p=3587","title":{"rendered":"Provincia brind\u00f3 charlas sobre fauna silvestre en escuelas de Puerto Madryn y Puerto Pir\u00e1mides"},"content":{"rendered":"\n<p><br><br>Dicha charla educativa se denomina \u201cApreciando Nuestra Fauna Silvestre\u201d, en donde participaron m\u00e1s de 200 alumnos de 3ro, 4to, 5to y 6to grado de las escuelas Municipal N\u00b0 219 y N\u00b0 110 de Puerto Madryn y de N\u00b0 87 \u201cComandante Comodoro Py\u201d de Puerto Pir\u00e1mides.<br><br>El Gobierno del Chubut brind\u00f3 una charla educativa sobre fauna silvestre en distintas escuelas primarias de Puerto Madryn y Puerto Pir\u00e1mides.<br><br>Dicha capacitaci\u00f3n fue llevada adelante por el Ministerio de Agricultura, Ganader\u00eda, Industria y Comercio a trav\u00e9s del equipo de la Direcci\u00f3n de Fauna y Flora Silvestre<br><br>De la charla educativa denominada \u201cApreciando Nuestra Fauna Silvestre\u201d, participaron m\u00e1s de 200 alumnos de 3ro y 4to grados A, B y C del turno ma\u00f1ana de la Escuela Municipal N\u00b0 219; 4to, 5to y 6to grado del turno ma\u00f1ana y tarde de la Escuela N\u00b0 110 \u201cJos\u00e9 Manuel Estrada\u201d, ambas de la ciudad de Puerto Madryn.<br><br>Adem\u00e1s de los alumnos de 4to, 5to y 6to grado de la Escuela N\u00b0 87 \u201cComandante Comodoro Py\u201d de Puerto Pir\u00e1mides.<br><br>En dicha charla  las agentes Sabelli Antonella y Linares Natalia compartieron informaci\u00f3n que deriva de la Ley de Fauna XI N\u00ba10, referida a la fauna aut\u00f3ctona de nuestra provincia, en estado de conservaci\u00f3n en peligro, y que debemos hacer para cuidarlas.<br><br>Se les brind\u00f3 a los ni\u00f1os de Nivel Primario primer y segundo ciclo, brindando informaci\u00f3n por medio de un power point, folleter\u00eda y cartilla de actividades.<br><br>Asimismo, a modo de cierre, se les mostr\u00f3 a los chicos, un video de concientizaci\u00f3n.<br><br>&#8212;<\/p>\n","protected":false},"excerpt":{"rendered":"<p>Dicha charla educativa se denomina \u201cApreciando Nuestra Fauna Silvestre\u201d, en donde participaron m\u00e1s de 200 alumnos de 3ro, 4to, 5to y 6to grado de las escuelas Municipal N\u00b0 219 y&hellip; <\/p>\n","protected":false},"author":2,"featured_media":3586,"comment_status":"closed","ping_status":"closed","sticky":false,"template":"","format":"standard","meta":{"footnotes":""},"categories":[14],"tags":[],"class_list":["post-3587","post","type-post","status-publish","format-standard","has-post-thumbnail","hentry","category-provinciales"],"yoast_head":"<!-- This site is optimized with the Yoast SEO plugin v27.4 - https:\/\/yoast.com\/product\/yoast-seo-wordpress\/ -->\n<title>Provincia brind\u00f3 charlas sobre fauna silvestre en escuelas de Puerto Madryn y Puerto Pir\u00e1mides - FM Patagonia Madryn<\/title>\n<meta name=\"robots\" content=\"index, follow, max-snippet:-1, max-image-preview:large, max-video-preview:-1\" \/>\n<link rel=\"canonical\" href=\"https:\/\/fmpatagoniamadryn.com.ar\/?p=3587\" \/>\n<meta property=\"og:locale\" content=\"es_ES\" \/>\n<meta property=\"og:type\" content=\"article\" \/>\n<meta property=\"og:title\" content=\"Provincia brind\u00f3 charlas sobre fauna silvestre en escuelas de Puerto Madryn y Puerto Pir\u00e1mides - FM Patagonia Madryn\" \/>\n<meta property=\"og:description\" content=\"Dicha charla educativa se denomina \u201cApreciando Nuestra Fauna Silvestre\u201d, en donde participaron m\u00e1s de 200 alumnos de 3ro, 4to, 5to y 6to grado de las escuelas Municipal N\u00b0 219 y&hellip;\" \/>\n<meta property=\"og:url\" content=\"https:\/\/fmpatagoniamadryn.com.ar\/?p=3587\" \/>\n<meta property=\"og:site_name\" content=\"FM Patagonia Madryn\" \/>\n<meta property=\"article:published_time\" content=\"2023-06-17T16:42:28+00:00\" \/>\n<meta property=\"article:modified_time\" content=\"2023-06-18T16:49:52+00:00\" \/>\n<meta property=\"og:image\" content=\"https:\/\/fmpatagoniamadryn.com.ar\/wp-content\/uploads\/2023\/06\/Foto-1-Charlas-fauna-silvestre-en-escuelas-PM-y-PP.jpg\" \/>\n\t<meta property=\"og:image:width\" content=\"1280\" \/>\n\t<meta property=\"og:image:height\" content=\"963\" \/>\n\t<meta property=\"og:image:type\" content=\"image\/jpeg\" \/>\n<meta name=\"author\" content=\"FM Patagonia\" \/>\n<meta name=\"twitter:card\" content=\"summary_large_image\" \/>\n<meta name=\"twitter:label1\" content=\"Escrito por\" \/>\n\t<meta name=\"twitter:data1\" content=\"FM Patagonia\" \/>\n\t<meta name=\"twitter:label2\" content=\"Tiempo de lectura\" \/>\n\t<meta name=\"twitter:data2\" content=\"1 minuto\" \/>\n<script type=\"application\/ld+json\" class=\"yoast-schema-graph\">{\"@context\":\"https:\\\/\\\/schema.org\",\"@graph\":[{\"@type\":\"Article\",\"@id\":\"https:\\\/\\\/fmpatagoniamadryn.com.ar\\\/?p=3587#article\",\"isPartOf\":{\"@id\":\"https:\\\/\\\/fmpatagoniamadryn.com.ar\\\/?p=3587\"},\"author\":{\"name\":\"FM Patagonia\",\"@id\":\"https:\\\/\\\/fmpatagoniamadryn.com.ar\\\/#\\\/schema\\\/person\\\/8a3de4ad7efceacab06c1641c50303b7\"},\"headline\":\"Provincia brind\u00f3 charlas sobre fauna silvestre en escuelas de Puerto Madryn y Puerto Pir\u00e1mides\",\"datePublished\":\"2023-06-17T16:42:28+00:00\",\"dateModified\":\"2023-06-18T16:49:52+00:00\",\"mainEntityOfPage\":{\"@id\":\"https:\\\/\\\/fmpatagoniamadryn.com.ar\\\/?p=3587\"},\"wordCount\":279,\"publisher\":{\"@id\":\"https:\\\/\\\/fmpatagoniamadryn.com.ar\\\/#organization\"},\"image\":{\"@id\":\"https:\\\/\\\/fmpatagoniamadryn.com.ar\\\/?p=3587#primaryimage\"},\"thumbnailUrl\":\"https:\\\/\\\/fmpatagoniamadryn.com.ar\\\/wp-content\\\/uploads\\\/2023\\\/06\\\/Foto-1-Charlas-fauna-silvestre-en-escuelas-PM-y-PP.jpg\",\"articleSection\":[\"Provinciales\"],\"inLanguage\":\"es\"},{\"@type\":\"WebPage\",\"@id\":\"https:\\\/\\\/fmpatagoniamadryn.com.ar\\\/?p=3587\",\"url\":\"https:\\\/\\\/fmpatagoniamadryn.com.ar\\\/?p=3587\",\"name\":\"Provincia brind\u00f3 charlas sobre fauna silvestre en escuelas de Puerto Madryn y Puerto Pir\u00e1mides - FM Patagonia Madryn\",\"isPartOf\":{\"@id\":\"https:\\\/\\\/fmpatagoniamadryn.com.ar\\\/#website\"},\"primaryImageOfPage\":{\"@id\":\"https:\\\/\\\/fmpatagoniamadryn.com.ar\\\/?p=3587#primaryimage\"},\"image\":{\"@id\":\"https:\\\/\\\/fmpatagoniamadryn.com.ar\\\/?p=3587#primaryimage\"},\"thumbnailUrl\":\"https:\\\/\\\/fmpatagoniamadryn.com.ar\\\/wp-content\\\/uploads\\\/2023\\\/06\\\/Foto-1-Charlas-fauna-silvestre-en-escuelas-PM-y-PP.jpg\",\"datePublished\":\"2023-06-17T16:42:28+00:00\",\"dateModified\":\"2023-06-18T16:49:52+00:00\",\"breadcrumb\":{\"@id\":\"https:\\\/\\\/fmpatagoniamadryn.com.ar\\\/?p=3587#breadcrumb\"},\"inLanguage\":\"es\",\"potentialAction\":[{\"@type\":\"ReadAction\",\"target\":[\"https:\\\/\\\/fmpatagoniamadryn.com.ar\\\/?p=3587\"]}]},{\"@type\":\"ImageObject\",\"inLanguage\":\"es\",\"@id\":\"https:\\\/\\\/fmpatagoniamadryn.com.ar\\\/?p=3587#primaryimage\",\"url\":\"https:\\\/\\\/fmpatagoniamadryn.com.ar\\\/wp-content\\\/uploads\\\/2023\\\/06\\\/Foto-1-Charlas-fauna-silvestre-en-escuelas-PM-y-PP.jpg\",\"contentUrl\":\"https:\\\/\\\/fmpatagoniamadryn.com.ar\\\/wp-content\\\/uploads\\\/2023\\\/06\\\/Foto-1-Charlas-fauna-silvestre-en-escuelas-PM-y-PP.jpg\",\"width\":1280,\"height\":963},{\"@type\":\"BreadcrumbList\",\"@id\":\"https:\\\/\\\/fmpatagoniamadryn.com.ar\\\/?p=3587#breadcrumb\",\"itemListElement\":[{\"@type\":\"ListItem\",\"position\":1,\"name\":\"Portada\",\"item\":\"https:\\\/\\\/fmpatagoniamadryn.com.ar\\\/\"},{\"@type\":\"ListItem\",\"position\":2,\"name\":\"Provincia brind\u00f3 charlas sobre fauna silvestre en escuelas de Puerto Madryn y Puerto Pir\u00e1mides\"}]},{\"@type\":\"WebSite\",\"@id\":\"https:\\\/\\\/fmpatagoniamadryn.com.ar\\\/#website\",\"url\":\"https:\\\/\\\/fmpatagoniamadryn.com.ar\\\/\",\"name\":\"FM Patagonia Madryn\",\"description\":\"Radio Patagonia 105.5\",\"publisher\":{\"@id\":\"https:\\\/\\\/fmpatagoniamadryn.com.ar\\\/#organization\"},\"potentialAction\":[{\"@type\":\"SearchAction\",\"target\":{\"@type\":\"EntryPoint\",\"urlTemplate\":\"https:\\\/\\\/fmpatagoniamadryn.com.ar\\\/?s={search_term_string}\"},\"query-input\":{\"@type\":\"PropertyValueSpecification\",\"valueRequired\":true,\"valueName\":\"search_term_string\"}}],\"inLanguage\":\"es\"},{\"@type\":\"Organization\",\"@id\":\"https:\\\/\\\/fmpatagoniamadryn.com.ar\\\/#organization\",\"name\":\"FM Patagonia Madryn\",\"url\":\"https:\\\/\\\/fmpatagoniamadryn.com.ar\\\/\",\"logo\":{\"@type\":\"ImageObject\",\"inLanguage\":\"es\",\"@id\":\"https:\\\/\\\/fmpatagoniamadryn.com.ar\\\/#\\\/schema\\\/logo\\\/image\\\/\",\"url\":\"https:\\\/\\\/fmpatagoniamadryn.com.ar\\\/wp-content\\\/uploads\\\/2023\\\/01\\\/cropped-Diseno-sin-titulo.png\",\"contentUrl\":\"https:\\\/\\\/fmpatagoniamadryn.com.ar\\\/wp-content\\\/uploads\\\/2023\\\/01\\\/cropped-Diseno-sin-titulo.png\",\"width\":6911,\"height\":2657,\"caption\":\"FM Patagonia Madryn\"},\"image\":{\"@id\":\"https:\\\/\\\/fmpatagoniamadryn.com.ar\\\/#\\\/schema\\\/logo\\\/image\\\/\"}},{\"@type\":\"Person\",\"@id\":\"https:\\\/\\\/fmpatagoniamadryn.com.ar\\\/#\\\/schema\\\/person\\\/8a3de4ad7efceacab06c1641c50303b7\",\"name\":\"FM Patagonia\",\"url\":\"https:\\\/\\\/fmpatagoniamadryn.com.ar\\\/?author=2\"}]}<\/script>\n<!-- \/ Yoast SEO plugin. -->","yoast_head_json":{"title":"Provincia brind\u00f3 charlas sobre fauna silvestre en escuelas de Puerto Madryn y Puerto Pir\u00e1mides - FM Patagonia Madryn","robots":{"index":"index","follow":"follow","max-snippet":"max-snippet:-1","max-image-preview":"max-image-preview:large","max-video-preview":"max-video-preview:-1"},"canonical":"https:\/\/fmpatagoniamadryn.com.ar\/?p=3587","og_locale":"es_ES","og_type":"article","og_title":"Provincia brind\u00f3 charlas sobre fauna silvestre en escuelas de Puerto Madryn y Puerto Pir\u00e1mides - FM Patagonia Madryn","og_description":"Dicha charla educativa se denomina \u201cApreciando Nuestra Fauna Silvestre\u201d, en donde participaron m\u00e1s de 200 alumnos de 3ro, 4to, 5to y 6to grado de las escuelas Municipal N\u00b0 219 y&hellip;","og_url":"https:\/\/fmpatagoniamadryn.com.ar\/?p=3587","og_site_name":"FM Patagonia Madryn","article_published_time":"2023-06-17T16:42:28+00:00","article_modified_time":"2023-06-18T16:49:52+00:00","og_image":[{"width":1280,"height":963,"url":"https:\/\/fmpatagoniamadryn.com.ar\/wp-content\/uploads\/2023\/06\/Foto-1-Charlas-fauna-silvestre-en-escuelas-PM-y-PP.jpg","type":"image\/jpeg"}],"author":"FM Patagonia","twitter_card":"summary_large_image","twitter_misc":{"Escrito por":"FM Patagonia","Tiempo de lectura":"1 minuto"},"schema":{"@context":"https:\/\/schema.org","@graph":[{"@type":"Article","@id":"https:\/\/fmpatagoniamadryn.com.ar\/?p=3587#article","isPartOf":{"@id":"https:\/\/fmpatagoniamadryn.com.ar\/?p=3587"},"author":{"name":"FM Patagonia","@id":"https:\/\/fmpatagoniamadryn.com.ar\/#\/schema\/person\/8a3de4ad7efceacab06c1641c50303b7"},"headline":"Provincia brind\u00f3 charlas sobre fauna silvestre en escuelas de Puerto Madryn y Puerto Pir\u00e1mides","datePublished":"2023-06-17T16:42:28+00:00","dateModified":"2023-06-18T16:49:52+00:00","mainEntityOfPage":{"@id":"https:\/\/fmpatagoniamadryn.com.ar\/?p=3587"},"wordCount":279,"publisher":{"@id":"https:\/\/fmpatagoniamadryn.com.ar\/#organization"},"image":{"@id":"https:\/\/fmpatagoniamadryn.com.ar\/?p=3587#primaryimage"},"thumbnailUrl":"https:\/\/fmpatagoniamadryn.com.ar\/wp-content\/uploads\/2023\/06\/Foto-1-Charlas-fauna-silvestre-en-escuelas-PM-y-PP.jpg","articleSection":["Provinciales"],"inLanguage":"es"},{"@type":"WebPage","@id":"https:\/\/fmpatagoniamadryn.com.ar\/?p=3587","url":"https:\/\/fmpatagoniamadryn.com.ar\/?p=3587","name":"Provincia brind\u00f3 charlas sobre fauna silvestre en escuelas de Puerto Madryn y Puerto Pir\u00e1mides - FM Patagonia Madryn","isPartOf":{"@id":"https:\/\/fmpatagoniamadryn.com.ar\/#website"},"primaryImageOfPage":{"@id":"https:\/\/fmpatagoniamadryn.com.ar\/?p=3587#primaryimage"},"image":{"@id":"https:\/\/fmpatagoniamadryn.com.ar\/?p=3587#primaryimage"},"thumbnailUrl":"https:\/\/fmpatagoniamadryn.com.ar\/wp-content\/uploads\/2023\/06\/Foto-1-Charlas-fauna-silvestre-en-escuelas-PM-y-PP.jpg","datePublished":"2023-06-17T16:42:28+00:00","dateModified":"2023-06-18T16:49:52+00:00","breadcrumb":{"@id":"https:\/\/fmpatagoniamadryn.com.ar\/?p=3587#breadcrumb"},"inLanguage":"es","potentialAction":[{"@type":"ReadAction","target":["https:\/\/fmpatagoniamadryn.com.ar\/?p=3587"]}]},{"@type":"ImageObject","inLanguage":"es","@id":"https:\/\/fmpatagoniamadryn.com.ar\/?p=3587#primaryimage","url":"https:\/\/fmpatagoniamadryn.com.ar\/wp-content\/uploads\/2023\/06\/Foto-1-Charlas-fauna-silvestre-en-escuelas-PM-y-PP.jpg","contentUrl":"https:\/\/fmpatagoniamadryn.com.ar\/wp-content\/uploads\/2023\/06\/Foto-1-Charlas-fauna-silvestre-en-escuelas-PM-y-PP.jpg","width":1280,"height":963},{"@type":"BreadcrumbList","@id":"https:\/\/fmpatagoniamadryn.com.ar\/?p=3587#breadcrumb","itemListElement":[{"@type":"ListItem","position":1,"name":"Portada","item":"https:\/\/fmpatagoniamadryn.com.ar\/"},{"@type":"ListItem","position":2,"name":"Provincia brind\u00f3 charlas sobre fauna silvestre en escuelas de Puerto Madryn y Puerto Pir\u00e1mides"}]},{"@type":"WebSite","@id":"https:\/\/fmpatagoniamadryn.com.ar\/#website","url":"https:\/\/fmpatagoniamadryn.com.ar\/","name":"FM Patagonia Madryn","description":"Radio Patagonia 105.5","publisher":{"@id":"https:\/\/fmpatagoniamadryn.com.ar\/#organization"},"potentialAction":[{"@type":"SearchAction","target":{"@type":"EntryPoint","urlTemplate":"https:\/\/fmpatagoniamadryn.com.ar\/?s={search_term_string}"},"query-input":{"@type":"PropertyValueSpecification","valueRequired":true,"valueName":"search_term_string"}}],"inLanguage":"es"},{"@type":"Organization","@id":"https:\/\/fmpatagoniamadryn.com.ar\/#organization","name":"FM Patagonia Madryn","url":"https:\/\/fmpatagoniamadryn.com.ar\/","logo":{"@type":"ImageObject","inLanguage":"es","@id":"https:\/\/fmpatagoniamadryn.com.ar\/#\/schema\/logo\/image\/","url":"https:\/\/fmpatagoniamadryn.com.ar\/wp-content\/uploads\/2023\/01\/cropped-Diseno-sin-titulo.png","contentUrl":"https:\/\/fmpatagoniamadryn.com.ar\/wp-content\/uploads\/2023\/01\/cropped-Diseno-sin-titulo.png","width":6911,"height":2657,"caption":"FM Patagonia Madryn"},"image":{"@id":"https:\/\/fmpatagoniamadryn.com.ar\/#\/schema\/logo\/image\/"}},{"@type":"Person","@id":"https:\/\/fmpatagoniamadryn.com.ar\/#\/schema\/person\/8a3de4ad7efceacab06c1641c50303b7","name":"FM Patagonia","url":"https:\/\/fmpatagoniamadryn.com.ar\/?author=2"}]}},"jetpack_featured_media_url":"https:\/\/fmpatagoniamadryn.com.ar\/wp-content\/uploads\/2023\/06\/Foto-1-Charlas-fauna-silvestre-en-escuelas-PM-y-PP.jpg","_links":{"self":[{"href":"https:\/\/fmpatagoniamadryn.com.ar\/index.php?rest_route=\/wp\/v2\/posts\/3587","targetHints":{"allow":["GET"]}}],"collection":[{"href":"https:\/\/fmpatagoniamadryn.com.ar\/index.php?rest_route=\/wp\/v2\/posts"}],"about":[{"href":"https:\/\/fmpatagoniamadryn.com.ar\/index.php?rest_route=\/wp\/v2\/types\/post"}],"author":[{"embeddable":true,"href":"https:\/\/fmpatagoniamadryn.com.ar\/index.php?rest_route=\/wp\/v2\/users\/2"}],"replies":[{"embeddable":true,"href":"https:\/\/fmpatagoniamadryn.com.ar\/index.php?rest_route=%2Fwp%2Fv2%2Fcomments&post=3587"}],"version-history":[{"count":1,"href":"https:\/\/fmpatagoniamadryn.com.ar\/index.php?rest_route=\/wp\/v2\/posts\/3587\/revisions"}],"predecessor-version":[{"id":3588,"href":"https:\/\/fmpatagoniamadryn.com.ar\/index.php?rest_route=\/wp\/v2\/posts\/3587\/revisions\/3588"}],"wp:featuredmedia":[{"embeddable":true,"href":"https:\/\/fmpatagoniamadryn.com.ar\/index.php?rest_route=\/wp\/v2\/media\/3586"}],"wp:attachment":[{"href":"https:\/\/fmpatagoniamadryn.com.ar\/index.php?rest_route=%2Fwp%2Fv2%2Fmedia&parent=3587"}],"wp:term":[{"taxonomy":"category","embeddable":true,"href":"https:\/\/fmpatagoniamadryn.com.ar\/index.php?rest_route=%2Fwp%2Fv2%2Fcategories&post=3587"},{"taxonomy":"post_tag","embeddable":true,"href":"https:\/\/fmpatagoniamadryn.com.ar\/index.php?rest_route=%2Fwp%2Fv2%2Ftags&post=3587"}],"curies":[{"name":"wp","href":"https:\/\/api.w.org\/{rel}","templated":true}]}}