{"id":3589,"date":"2023-06-17T13:43:21","date_gmt":"2023-06-17T16:43:21","guid":{"rendered":"https:\/\/fmpatagoniamadryn.com.ar\/?p=3589"},"modified":"2023-06-17T13:44:01","modified_gmt":"2023-06-17T16:44:01","slug":"arcioni-hemos-posicionado-a-chubut-dentro-de-los-estandares-que-requiere-el-turismo-internacional","status":"publish","type":"post","link":"https:\/\/fmpatagoniamadryn.com.ar\/?p=3589","title":{"rendered":"Arcioni: \u201cHemos posicionado a Chubut dentro de los est\u00e1ndares que requiere el turismo internacional\u201d"},"content":{"rendered":"\n<p><br><br>Lo destac\u00f3 el Gobernador, quien augura una excelente temporada de Ballenas y de invierno en la Provincia.<br><br>El gobernador del Chubut, Mariano Arcioni, puso en valor a la industria del turismo en una semana donde se present\u00f3 oficialmente las Temporadas de Ballenas y de Invierno en Esquel, las cuales generan grandes expectativas en la Provincia ante la llegada de turistas nacionales e internacionales.<br><br>\u201cEstamos transitando los \u00faltimos seis meses de gesti\u00f3n y es inevitable mirar por el espejo retrovisor; estamos en una etapa de rendici\u00f3n de cuentas y de seguir potenciando lo que tenemos. En el caso del Turismo, lo hemos colocado en el lugar que se merece, como la industria que es por todo lo que genera en nuestra Provincia\u201d, remarc\u00f3 el mandatario provincial.<br><br>En ese sentido, el Gobernador valor\u00f3 que \u201chemos posicionado a Chubut en un lugar que hace mucho tiempo se estaba reclamando\u201d, d\u00edas pasados \u201cvivimos el lanzamiento de temporada de Ballenas en Puerto Madryn y la Pen\u00ednsula con un crecimiento notable a\u00f1o tras a\u00f1o\u201d.<br><br>\u201cAntes se limitaba en el turismo regional, luego en el nacional y el a\u00f1o pasado hemos tenido un incremento del 11% de turismo internacional\u201d, indic\u00f3 Arcioni y se\u00f1al\u00f3 que \u201ccon el Centro de Esqu\u00ed La Hoya, se concesion\u00f3 un sector y a\u00f1o a a\u00f1o vienen realizando inversiones muy importantes. Esquel es un lugar maravilloso y no s\u00f3lo se limita en ese atractivo, tambi\u00e9n tenemos Trevelin, la Comarca Andina, por eso invitamos a todos a conocer nuestra Provincia\u201d.<br><br>\u201cNo nos limitamos en la costa y la cordillera, tenemos una amplia meseta central y el sur de nuestra Provincia. Aquellos visitantes que vienen se quedan encantados por el recurso humano de excelencia, la capacitaci\u00f3n constante de los prestadores tur\u00edsticos, las inversiones que se vienen realizando para dar un mejor servicio, porque el turismo tiene cada vez mayor exigencia y hoy Chubut alcanza niveles de excelencia que requiere el turismo internacional\u201d, manifest\u00f3 Arcioni.<\/p>\n","protected":false},"excerpt":{"rendered":"<p>Lo destac\u00f3 el Gobernador, quien augura una excelente temporada de Ballenas y de invierno en la Provincia. El gobernador del Chubut, Mariano Arcioni, puso en valor a la industria del&hellip; <\/p>\n","protected":false},"author":2,"featured_media":3591,"comment_status":"closed","ping_status":"closed","sticky":false,"template":"","format":"standard","meta":{"footnotes":""},"categories":[14],"tags":[],"class_list":["post-3589","post","type-post","status-publish","format-standard","has-post-thumbnail","hentry","category-provinciales"],"yoast_head":"<!-- This site is optimized with the Yoast SEO plugin v27.4 - https:\/\/yoast.com\/product\/yoast-seo-wordpress\/ -->\n<title>Arcioni: \u201cHemos posicionado a Chubut dentro de los est\u00e1ndares que requiere el turismo internacional\u201d - FM Patagonia Madryn<\/title>\n<meta name=\"robots\" content=\"index, follow, max-snippet:-1, max-image-preview:large, max-video-preview:-1\" \/>\n<link rel=\"canonical\" href=\"https:\/\/fmpatagoniamadryn.com.ar\/?p=3589\" \/>\n<meta property=\"og:locale\" content=\"es_ES\" \/>\n<meta property=\"og:type\" content=\"article\" \/>\n<meta property=\"og:title\" content=\"Arcioni: \u201cHemos posicionado a Chubut dentro de los est\u00e1ndares que requiere el turismo internacional\u201d - FM Patagonia Madryn\" \/>\n<meta property=\"og:description\" content=\"Lo destac\u00f3 el Gobernador, quien augura una excelente temporada de Ballenas y de invierno en la Provincia. El gobernador del Chubut, Mariano Arcioni, puso en valor a la industria del&hellip;\" \/>\n<meta property=\"og:url\" content=\"https:\/\/fmpatagoniamadryn.com.ar\/?p=3589\" \/>\n<meta property=\"og:site_name\" content=\"FM Patagonia Madryn\" \/>\n<meta property=\"article:published_time\" content=\"2023-06-17T16:43:21+00:00\" \/>\n<meta property=\"article:modified_time\" content=\"2023-06-17T16:44:01+00:00\" \/>\n<meta property=\"og:image\" content=\"https:\/\/fmpatagoniamadryn.com.ar\/wp-content\/uploads\/2023\/06\/Arcioni-Turismo.jpg\" \/>\n\t<meta property=\"og:image:width\" content=\"1600\" \/>\n\t<meta property=\"og:image:height\" content=\"898\" \/>\n\t<meta property=\"og:image:type\" content=\"image\/jpeg\" \/>\n<meta name=\"author\" content=\"FM Patagonia\" \/>\n<meta name=\"twitter:card\" content=\"summary_large_image\" \/>\n<meta name=\"twitter:label1\" content=\"Escrito por\" \/>\n\t<meta name=\"twitter:data1\" content=\"FM Patagonia\" \/>\n\t<meta name=\"twitter:label2\" content=\"Tiempo de lectura\" \/>\n\t<meta name=\"twitter:data2\" content=\"2 minutos\" \/>\n<script type=\"application\/ld+json\" class=\"yoast-schema-graph\">{\"@context\":\"https:\\\/\\\/schema.org\",\"@graph\":[{\"@type\":\"Article\",\"@id\":\"https:\\\/\\\/fmpatagoniamadryn.com.ar\\\/?p=3589#article\",\"isPartOf\":{\"@id\":\"https:\\\/\\\/fmpatagoniamadryn.com.ar\\\/?p=3589\"},\"author\":{\"name\":\"FM Patagonia\",\"@id\":\"https:\\\/\\\/fmpatagoniamadryn.com.ar\\\/#\\\/schema\\\/person\\\/8a3de4ad7efceacab06c1641c50303b7\"},\"headline\":\"Arcioni: \u201cHemos posicionado a Chubut dentro de los est\u00e1ndares que requiere el turismo internacional\u201d\",\"datePublished\":\"2023-06-17T16:43:21+00:00\",\"dateModified\":\"2023-06-17T16:44:01+00:00\",\"mainEntityOfPage\":{\"@id\":\"https:\\\/\\\/fmpatagoniamadryn.com.ar\\\/?p=3589\"},\"wordCount\":346,\"publisher\":{\"@id\":\"https:\\\/\\\/fmpatagoniamadryn.com.ar\\\/#organization\"},\"image\":{\"@id\":\"https:\\\/\\\/fmpatagoniamadryn.com.ar\\\/?p=3589#primaryimage\"},\"thumbnailUrl\":\"https:\\\/\\\/fmpatagoniamadryn.com.ar\\\/wp-content\\\/uploads\\\/2023\\\/06\\\/Arcioni-Turismo.jpg\",\"articleSection\":[\"Provinciales\"],\"inLanguage\":\"es\"},{\"@type\":\"WebPage\",\"@id\":\"https:\\\/\\\/fmpatagoniamadryn.com.ar\\\/?p=3589\",\"url\":\"https:\\\/\\\/fmpatagoniamadryn.com.ar\\\/?p=3589\",\"name\":\"Arcioni: \u201cHemos posicionado a Chubut dentro de los est\u00e1ndares que requiere el turismo internacional\u201d - FM Patagonia Madryn\",\"isPartOf\":{\"@id\":\"https:\\\/\\\/fmpatagoniamadryn.com.ar\\\/#website\"},\"primaryImageOfPage\":{\"@id\":\"https:\\\/\\\/fmpatagoniamadryn.com.ar\\\/?p=3589#primaryimage\"},\"image\":{\"@id\":\"https:\\\/\\\/fmpatagoniamadryn.com.ar\\\/?p=3589#primaryimage\"},\"thumbnailUrl\":\"https:\\\/\\\/fmpatagoniamadryn.com.ar\\\/wp-content\\\/uploads\\\/2023\\\/06\\\/Arcioni-Turismo.jpg\",\"datePublished\":\"2023-06-17T16:43:21+00:00\",\"dateModified\":\"2023-06-17T16:44:01+00:00\",\"breadcrumb\":{\"@id\":\"https:\\\/\\\/fmpatagoniamadryn.com.ar\\\/?p=3589#breadcrumb\"},\"inLanguage\":\"es\",\"potentialAction\":[{\"@type\":\"ReadAction\",\"target\":[\"https:\\\/\\\/fmpatagoniamadryn.com.ar\\\/?p=3589\"]}]},{\"@type\":\"ImageObject\",\"inLanguage\":\"es\",\"@id\":\"https:\\\/\\\/fmpatagoniamadryn.com.ar\\\/?p=3589#primaryimage\",\"url\":\"https:\\\/\\\/fmpatagoniamadryn.com.ar\\\/wp-content\\\/uploads\\\/2023\\\/06\\\/Arcioni-Turismo.jpg\",\"contentUrl\":\"https:\\\/\\\/fmpatagoniamadryn.com.ar\\\/wp-content\\\/uploads\\\/2023\\\/06\\\/Arcioni-Turismo.jpg\",\"width\":1600,\"height\":898},{\"@type\":\"BreadcrumbList\",\"@id\":\"https:\\\/\\\/fmpatagoniamadryn.com.ar\\\/?p=3589#breadcrumb\",\"itemListElement\":[{\"@type\":\"ListItem\",\"position\":1,\"name\":\"Portada\",\"item\":\"https:\\\/\\\/fmpatagoniamadryn.com.ar\\\/\"},{\"@type\":\"ListItem\",\"position\":2,\"name\":\"Arcioni: \u201cHemos posicionado a Chubut dentro de los est\u00e1ndares que requiere el turismo internacional\u201d\"}]},{\"@type\":\"WebSite\",\"@id\":\"https:\\\/\\\/fmpatagoniamadryn.com.ar\\\/#website\",\"url\":\"https:\\\/\\\/fmpatagoniamadryn.com.ar\\\/\",\"name\":\"FM Patagonia Madryn\",\"description\":\"Radio Patagonia 105.5\",\"publisher\":{\"@id\":\"https:\\\/\\\/fmpatagoniamadryn.com.ar\\\/#organization\"},\"potentialAction\":[{\"@type\":\"SearchAction\",\"target\":{\"@type\":\"EntryPoint\",\"urlTemplate\":\"https:\\\/\\\/fmpatagoniamadryn.com.ar\\\/?s={search_term_string}\"},\"query-input\":{\"@type\":\"PropertyValueSpecification\",\"valueRequired\":true,\"valueName\":\"search_term_string\"}}],\"inLanguage\":\"es\"},{\"@type\":\"Organization\",\"@id\":\"https:\\\/\\\/fmpatagoniamadryn.com.ar\\\/#organization\",\"name\":\"FM Patagonia Madryn\",\"url\":\"https:\\\/\\\/fmpatagoniamadryn.com.ar\\\/\",\"logo\":{\"@type\":\"ImageObject\",\"inLanguage\":\"es\",\"@id\":\"https:\\\/\\\/fmpatagoniamadryn.com.ar\\\/#\\\/schema\\\/logo\\\/image\\\/\",\"url\":\"https:\\\/\\\/fmpatagoniamadryn.com.ar\\\/wp-content\\\/uploads\\\/2023\\\/01\\\/cropped-Diseno-sin-titulo.png\",\"contentUrl\":\"https:\\\/\\\/fmpatagoniamadryn.com.ar\\\/wp-content\\\/uploads\\\/2023\\\/01\\\/cropped-Diseno-sin-titulo.png\",\"width\":6911,\"height\":2657,\"caption\":\"FM Patagonia Madryn\"},\"image\":{\"@id\":\"https:\\\/\\\/fmpatagoniamadryn.com.ar\\\/#\\\/schema\\\/logo\\\/image\\\/\"}},{\"@type\":\"Person\",\"@id\":\"https:\\\/\\\/fmpatagoniamadryn.com.ar\\\/#\\\/schema\\\/person\\\/8a3de4ad7efceacab06c1641c50303b7\",\"name\":\"FM Patagonia\",\"url\":\"https:\\\/\\\/fmpatagoniamadryn.com.ar\\\/?author=2\"}]}<\/script>\n<!-- \/ Yoast SEO plugin. -->","yoast_head_json":{"title":"Arcioni: \u201cHemos posicionado a Chubut dentro de los est\u00e1ndares que requiere el turismo internacional\u201d - FM Patagonia Madryn","robots":{"index":"index","follow":"follow","max-snippet":"max-snippet:-1","max-image-preview":"max-image-preview:large","max-video-preview":"max-video-preview:-1"},"canonical":"https:\/\/fmpatagoniamadryn.com.ar\/?p=3589","og_locale":"es_ES","og_type":"article","og_title":"Arcioni: \u201cHemos posicionado a Chubut dentro de los est\u00e1ndares que requiere el turismo internacional\u201d - FM Patagonia Madryn","og_description":"Lo destac\u00f3 el Gobernador, quien augura una excelente temporada de Ballenas y de invierno en la Provincia. El gobernador del Chubut, Mariano Arcioni, puso en valor a la industria del&hellip;","og_url":"https:\/\/fmpatagoniamadryn.com.ar\/?p=3589","og_site_name":"FM Patagonia Madryn","article_published_time":"2023-06-17T16:43:21+00:00","article_modified_time":"2023-06-17T16:44:01+00:00","og_image":[{"width":1600,"height":898,"url":"https:\/\/fmpatagoniamadryn.com.ar\/wp-content\/uploads\/2023\/06\/Arcioni-Turismo.jpg","type":"image\/jpeg"}],"author":"FM Patagonia","twitter_card":"summary_large_image","twitter_misc":{"Escrito por":"FM Patagonia","Tiempo de lectura":"2 minutos"},"schema":{"@context":"https:\/\/schema.org","@graph":[{"@type":"Article","@id":"https:\/\/fmpatagoniamadryn.com.ar\/?p=3589#article","isPartOf":{"@id":"https:\/\/fmpatagoniamadryn.com.ar\/?p=3589"},"author":{"name":"FM Patagonia","@id":"https:\/\/fmpatagoniamadryn.com.ar\/#\/schema\/person\/8a3de4ad7efceacab06c1641c50303b7"},"headline":"Arcioni: \u201cHemos posicionado a Chubut dentro de los est\u00e1ndares que requiere el turismo internacional\u201d","datePublished":"2023-06-17T16:43:21+00:00","dateModified":"2023-06-17T16:44:01+00:00","mainEntityOfPage":{"@id":"https:\/\/fmpatagoniamadryn.com.ar\/?p=3589"},"wordCount":346,"publisher":{"@id":"https:\/\/fmpatagoniamadryn.com.ar\/#organization"},"image":{"@id":"https:\/\/fmpatagoniamadryn.com.ar\/?p=3589#primaryimage"},"thumbnailUrl":"https:\/\/fmpatagoniamadryn.com.ar\/wp-content\/uploads\/2023\/06\/Arcioni-Turismo.jpg","articleSection":["Provinciales"],"inLanguage":"es"},{"@type":"WebPage","@id":"https:\/\/fmpatagoniamadryn.com.ar\/?p=3589","url":"https:\/\/fmpatagoniamadryn.com.ar\/?p=3589","name":"Arcioni: \u201cHemos posicionado a Chubut dentro de los est\u00e1ndares que requiere el turismo internacional\u201d - FM Patagonia Madryn","isPartOf":{"@id":"https:\/\/fmpatagoniamadryn.com.ar\/#website"},"primaryImageOfPage":{"@id":"https:\/\/fmpatagoniamadryn.com.ar\/?p=3589#primaryimage"},"image":{"@id":"https:\/\/fmpatagoniamadryn.com.ar\/?p=3589#primaryimage"},"thumbnailUrl":"https:\/\/fmpatagoniamadryn.com.ar\/wp-content\/uploads\/2023\/06\/Arcioni-Turismo.jpg","datePublished":"2023-06-17T16:43:21+00:00","dateModified":"2023-06-17T16:44:01+00:00","breadcrumb":{"@id":"https:\/\/fmpatagoniamadryn.com.ar\/?p=3589#breadcrumb"},"inLanguage":"es","potentialAction":[{"@type":"ReadAction","target":["https:\/\/fmpatagoniamadryn.com.ar\/?p=3589"]}]},{"@type":"ImageObject","inLanguage":"es","@id":"https:\/\/fmpatagoniamadryn.com.ar\/?p=3589#primaryimage","url":"https:\/\/fmpatagoniamadryn.com.ar\/wp-content\/uploads\/2023\/06\/Arcioni-Turismo.jpg","contentUrl":"https:\/\/fmpatagoniamadryn.com.ar\/wp-content\/uploads\/2023\/06\/Arcioni-Turismo.jpg","width":1600,"height":898},{"@type":"BreadcrumbList","@id":"https:\/\/fmpatagoniamadryn.com.ar\/?p=3589#breadcrumb","itemListElement":[{"@type":"ListItem","position":1,"name":"Portada","item":"https:\/\/fmpatagoniamadryn.com.ar\/"},{"@type":"ListItem","position":2,"name":"Arcioni: \u201cHemos posicionado a Chubut dentro de los est\u00e1ndares que requiere el turismo internacional\u201d"}]},{"@type":"WebSite","@id":"https:\/\/fmpatagoniamadryn.com.ar\/#website","url":"https:\/\/fmpatagoniamadryn.com.ar\/","name":"FM Patagonia Madryn","description":"Radio Patagonia 105.5","publisher":{"@id":"https:\/\/fmpatagoniamadryn.com.ar\/#organization"},"potentialAction":[{"@type":"SearchAction","target":{"@type":"EntryPoint","urlTemplate":"https:\/\/fmpatagoniamadryn.com.ar\/?s={search_term_string}"},"query-input":{"@type":"PropertyValueSpecification","valueRequired":true,"valueName":"search_term_string"}}],"inLanguage":"es"},{"@type":"Organization","@id":"https:\/\/fmpatagoniamadryn.com.ar\/#organization","name":"FM Patagonia Madryn","url":"https:\/\/fmpatagoniamadryn.com.ar\/","logo":{"@type":"ImageObject","inLanguage":"es","@id":"https:\/\/fmpatagoniamadryn.com.ar\/#\/schema\/logo\/image\/","url":"https:\/\/fmpatagoniamadryn.com.ar\/wp-content\/uploads\/2023\/01\/cropped-Diseno-sin-titulo.png","contentUrl":"https:\/\/fmpatagoniamadryn.com.ar\/wp-content\/uploads\/2023\/01\/cropped-Diseno-sin-titulo.png","width":6911,"height":2657,"caption":"FM Patagonia Madryn"},"image":{"@id":"https:\/\/fmpatagoniamadryn.com.ar\/#\/schema\/logo\/image\/"}},{"@type":"Person","@id":"https:\/\/fmpatagoniamadryn.com.ar\/#\/schema\/person\/8a3de4ad7efceacab06c1641c50303b7","name":"FM Patagonia","url":"https:\/\/fmpatagoniamadryn.com.ar\/?author=2"}]}},"jetpack_featured_media_url":"https:\/\/fmpatagoniamadryn.com.ar\/wp-content\/uploads\/2023\/06\/Arcioni-Turismo.jpg","_links":{"self":[{"href":"https:\/\/fmpatagoniamadryn.com.ar\/index.php?rest_route=\/wp\/v2\/posts\/3589","targetHints":{"allow":["GET"]}}],"collection":[{"href":"https:\/\/fmpatagoniamadryn.com.ar\/index.php?rest_route=\/wp\/v2\/posts"}],"about":[{"href":"https:\/\/fmpatagoniamadryn.com.ar\/index.php?rest_route=\/wp\/v2\/types\/post"}],"author":[{"embeddable":true,"href":"https:\/\/fmpatagoniamadryn.com.ar\/index.php?rest_route=\/wp\/v2\/users\/2"}],"replies":[{"embeddable":true,"href":"https:\/\/fmpatagoniamadryn.com.ar\/index.php?rest_route=%2Fwp%2Fv2%2Fcomments&post=3589"}],"version-history":[{"count":1,"href":"https:\/\/fmpatagoniamadryn.com.ar\/index.php?rest_route=\/wp\/v2\/posts\/3589\/revisions"}],"predecessor-version":[{"id":3590,"href":"https:\/\/fmpatagoniamadryn.com.ar\/index.php?rest_route=\/wp\/v2\/posts\/3589\/revisions\/3590"}],"wp:featuredmedia":[{"embeddable":true,"href":"https:\/\/fmpatagoniamadryn.com.ar\/index.php?rest_route=\/wp\/v2\/media\/3591"}],"wp:attachment":[{"href":"https:\/\/fmpatagoniamadryn.com.ar\/index.php?rest_route=%2Fwp%2Fv2%2Fmedia&parent=3589"}],"wp:term":[{"taxonomy":"category","embeddable":true,"href":"https:\/\/fmpatagoniamadryn.com.ar\/index.php?rest_route=%2Fwp%2Fv2%2Fcategories&post=3589"},{"taxonomy":"post_tag","embeddable":true,"href":"https:\/\/fmpatagoniamadryn.com.ar\/index.php?rest_route=%2Fwp%2Fv2%2Ftags&post=3589"}],"curies":[{"name":"wp","href":"https:\/\/api.w.org\/{rel}","templated":true}]}}