{"id":3599,"date":"2023-06-17T19:14:30","date_gmt":"2023-06-17T22:14:30","guid":{"rendered":"https:\/\/fmpatagoniamadryn.com.ar\/?p=3599"},"modified":"2023-06-17T19:14:42","modified_gmt":"2023-06-17T22:14:42","slug":"la-administracion-portuaria-de-puerto-madryn-participo-del-3-encuentro-de-la-redpar","status":"publish","type":"post","link":"https:\/\/fmpatagoniamadryn.com.ar\/?p=3599","title":{"rendered":"La Administraci\u00f3n Portuaria de Puerto Madryn particip\u00f3 del 3\u00b0 Encuentro de la REDPAR"},"content":{"rendered":"\n<p>Representantes de la APPM estuvieron en Pilar, donde se reuni\u00f3 la Red de Parques y Polos Tecnol\u00f3gicos de Argentina con destacados actores del sector del pa\u00eds.<br><br>El Gobierno del Chubut, a trav\u00e9s de la Administraci\u00f3n Portuaria de Puerto Madryn particip\u00f3 del 3\u00b0 Encuentro de la Red de Parques y Polos Tecnol\u00f3gicos de Argentina (RedPPAr), organizado en el Parque Empresarial en Pilar y reuni\u00f3 a destacados actores del \u00e1mbito tecnol\u00f3gico del pa\u00eds.<br><br>Por parte de la provincia estuvieron presentes Fernando Tidona y Javier Iglesias, representantes de la APPM en el Parque tecnol\u00f3gico Puerto Madryn quienes destacaron la importancia de fortalecer las alianzas entre los diferentes parques y polos tecnol\u00f3gicos para potenciar la innovaci\u00f3n y el crecimiento econ\u00f3mico. Adem\u00e1s, dicha participaci\u00f3n representa el compromiso con el fomento del desarrollo tecnol\u00f3gico y la creaci\u00f3n de oportunidades para el sector empresarial basado en el conocimiento en la regi\u00f3n.<br><br>El encuentro incluy\u00f3 tambi\u00e9n una visita al Campus y a las empresas establecidas en el lugar; presentaciones, recorridos y actividades de trabajo interno de la RedPPAr, adem\u00e1s de una visita al Parque de Innovaci\u00f3n ubicado en la Ciudad de Buenos Aires.<br><br>La RedPPAr, constituida el 4 de septiembre de 2020, agrupa a destacadas instituciones como la Fundaci\u00f3n Parque Tecnol\u00f3gico Misiones, Mendoza TIC Parque Tecnol\u00f3gico, Parque de Innovaci\u00f3n de la Ciudad de Buenos Aires, Parque Empresarial Austral, Cient\u00edfico y Tecnol\u00f3gico, Parque Tecnol\u00f3gico del Litoral Centro, Parque Tecnol\u00f3gico Mendoza, Parque Tecnol\u00f3gico de Puerto Madryn, Parque Tecnol\u00f3gico UNNE &#8211; Provincia de Corrientes, Polo Tecnol\u00f3gico Bah\u00eda Blanca, Polo Tecnol\u00f3gico Esperanza y Polo Tecnol\u00f3gico Rosario &#8211; Zona i. Su objetivo general es promover la innovaci\u00f3n, el desarrollo tecnol\u00f3gico, la transferencia de conocimiento, el empleo de calidad y el emprendedurismo, con el fin de impulsar el desarrollo econ\u00f3mico y el bienestar general del pa\u00eds.<\/p>\n","protected":false},"excerpt":{"rendered":"<p>Representantes de la APPM estuvieron en Pilar, donde se reuni\u00f3 la Red de Parques y Polos Tecnol\u00f3gicos de Argentina con destacados actores del sector del pa\u00eds. El Gobierno del Chubut,&hellip; <\/p>\n","protected":false},"author":3,"featured_media":3598,"comment_status":"closed","ping_status":"closed","sticky":false,"template":"","format":"standard","meta":{"footnotes":""},"categories":[15],"tags":[],"class_list":["post-3599","post","type-post","status-publish","format-standard","has-post-thumbnail","hentry","category-locales"],"yoast_head":"<!-- This site is optimized with the Yoast SEO plugin v27.4 - https:\/\/yoast.com\/product\/yoast-seo-wordpress\/ -->\n<title>La Administraci\u00f3n Portuaria de Puerto Madryn particip\u00f3 del 3\u00b0 Encuentro de la REDPAR - FM Patagonia Madryn<\/title>\n<meta name=\"robots\" content=\"index, follow, max-snippet:-1, max-image-preview:large, max-video-preview:-1\" \/>\n<link rel=\"canonical\" href=\"https:\/\/fmpatagoniamadryn.com.ar\/?p=3599\" \/>\n<meta property=\"og:locale\" content=\"es_ES\" \/>\n<meta property=\"og:type\" content=\"article\" \/>\n<meta property=\"og:title\" content=\"La Administraci\u00f3n Portuaria de Puerto Madryn particip\u00f3 del 3\u00b0 Encuentro de la REDPAR - FM Patagonia Madryn\" \/>\n<meta property=\"og:description\" content=\"Representantes de la APPM estuvieron en Pilar, donde se reuni\u00f3 la Red de Parques y Polos Tecnol\u00f3gicos de Argentina con destacados actores del sector del pa\u00eds. El Gobierno del Chubut,&hellip;\" \/>\n<meta property=\"og:url\" content=\"https:\/\/fmpatagoniamadryn.com.ar\/?p=3599\" \/>\n<meta property=\"og:site_name\" content=\"FM Patagonia Madryn\" \/>\n<meta property=\"article:published_time\" content=\"2023-06-17T22:14:30+00:00\" \/>\n<meta property=\"article:modified_time\" content=\"2023-06-17T22:14:42+00:00\" \/>\n<meta property=\"og:image\" content=\"https:\/\/fmpatagoniamadryn.com.ar\/wp-content\/uploads\/2023\/06\/APPM-Red-polos-tecnologicos.jpeg\" \/>\n\t<meta property=\"og:image:width\" content=\"1024\" \/>\n\t<meta property=\"og:image:height\" content=\"576\" \/>\n\t<meta property=\"og:image:type\" content=\"image\/jpeg\" \/>\n<meta name=\"author\" content=\"FM Patagonia\" \/>\n<meta name=\"twitter:card\" content=\"summary_large_image\" \/>\n<meta name=\"twitter:label1\" content=\"Escrito por\" \/>\n\t<meta name=\"twitter:data1\" content=\"FM Patagonia\" \/>\n\t<meta name=\"twitter:label2\" content=\"Tiempo de lectura\" \/>\n\t<meta name=\"twitter:data2\" content=\"2 minutos\" \/>\n<script type=\"application\/ld+json\" class=\"yoast-schema-graph\">{\"@context\":\"https:\\\/\\\/schema.org\",\"@graph\":[{\"@type\":\"Article\",\"@id\":\"https:\\\/\\\/fmpatagoniamadryn.com.ar\\\/?p=3599#article\",\"isPartOf\":{\"@id\":\"https:\\\/\\\/fmpatagoniamadryn.com.ar\\\/?p=3599\"},\"author\":{\"name\":\"FM Patagonia\",\"@id\":\"https:\\\/\\\/fmpatagoniamadryn.com.ar\\\/#\\\/schema\\\/person\\\/1d968ec613613768e14b4e6420a2b125\"},\"headline\":\"La Administraci\u00f3n Portuaria de Puerto Madryn particip\u00f3 del 3\u00b0 Encuentro de la REDPAR\",\"datePublished\":\"2023-06-17T22:14:30+00:00\",\"dateModified\":\"2023-06-17T22:14:42+00:00\",\"mainEntityOfPage\":{\"@id\":\"https:\\\/\\\/fmpatagoniamadryn.com.ar\\\/?p=3599\"},\"wordCount\":339,\"publisher\":{\"@id\":\"https:\\\/\\\/fmpatagoniamadryn.com.ar\\\/#organization\"},\"image\":{\"@id\":\"https:\\\/\\\/fmpatagoniamadryn.com.ar\\\/?p=3599#primaryimage\"},\"thumbnailUrl\":\"https:\\\/\\\/fmpatagoniamadryn.com.ar\\\/wp-content\\\/uploads\\\/2023\\\/06\\\/APPM-Red-polos-tecnologicos.jpeg\",\"articleSection\":[\"Locales\"],\"inLanguage\":\"es\"},{\"@type\":\"WebPage\",\"@id\":\"https:\\\/\\\/fmpatagoniamadryn.com.ar\\\/?p=3599\",\"url\":\"https:\\\/\\\/fmpatagoniamadryn.com.ar\\\/?p=3599\",\"name\":\"La Administraci\u00f3n Portuaria de Puerto Madryn particip\u00f3 del 3\u00b0 Encuentro de la REDPAR - FM Patagonia Madryn\",\"isPartOf\":{\"@id\":\"https:\\\/\\\/fmpatagoniamadryn.com.ar\\\/#website\"},\"primaryImageOfPage\":{\"@id\":\"https:\\\/\\\/fmpatagoniamadryn.com.ar\\\/?p=3599#primaryimage\"},\"image\":{\"@id\":\"https:\\\/\\\/fmpatagoniamadryn.com.ar\\\/?p=3599#primaryimage\"},\"thumbnailUrl\":\"https:\\\/\\\/fmpatagoniamadryn.com.ar\\\/wp-content\\\/uploads\\\/2023\\\/06\\\/APPM-Red-polos-tecnologicos.jpeg\",\"datePublished\":\"2023-06-17T22:14:30+00:00\",\"dateModified\":\"2023-06-17T22:14:42+00:00\",\"breadcrumb\":{\"@id\":\"https:\\\/\\\/fmpatagoniamadryn.com.ar\\\/?p=3599#breadcrumb\"},\"inLanguage\":\"es\",\"potentialAction\":[{\"@type\":\"ReadAction\",\"target\":[\"https:\\\/\\\/fmpatagoniamadryn.com.ar\\\/?p=3599\"]}]},{\"@type\":\"ImageObject\",\"inLanguage\":\"es\",\"@id\":\"https:\\\/\\\/fmpatagoniamadryn.com.ar\\\/?p=3599#primaryimage\",\"url\":\"https:\\\/\\\/fmpatagoniamadryn.com.ar\\\/wp-content\\\/uploads\\\/2023\\\/06\\\/APPM-Red-polos-tecnologicos.jpeg\",\"contentUrl\":\"https:\\\/\\\/fmpatagoniamadryn.com.ar\\\/wp-content\\\/uploads\\\/2023\\\/06\\\/APPM-Red-polos-tecnologicos.jpeg\",\"width\":1024,\"height\":576},{\"@type\":\"BreadcrumbList\",\"@id\":\"https:\\\/\\\/fmpatagoniamadryn.com.ar\\\/?p=3599#breadcrumb\",\"itemListElement\":[{\"@type\":\"ListItem\",\"position\":1,\"name\":\"Portada\",\"item\":\"https:\\\/\\\/fmpatagoniamadryn.com.ar\\\/\"},{\"@type\":\"ListItem\",\"position\":2,\"name\":\"La Administraci\u00f3n Portuaria de Puerto Madryn particip\u00f3 del 3\u00b0 Encuentro de la REDPAR\"}]},{\"@type\":\"WebSite\",\"@id\":\"https:\\\/\\\/fmpatagoniamadryn.com.ar\\\/#website\",\"url\":\"https:\\\/\\\/fmpatagoniamadryn.com.ar\\\/\",\"name\":\"FM Patagonia Madryn\",\"description\":\"Radio Patagonia 105.5\",\"publisher\":{\"@id\":\"https:\\\/\\\/fmpatagoniamadryn.com.ar\\\/#organization\"},\"potentialAction\":[{\"@type\":\"SearchAction\",\"target\":{\"@type\":\"EntryPoint\",\"urlTemplate\":\"https:\\\/\\\/fmpatagoniamadryn.com.ar\\\/?s={search_term_string}\"},\"query-input\":{\"@type\":\"PropertyValueSpecification\",\"valueRequired\":true,\"valueName\":\"search_term_string\"}}],\"inLanguage\":\"es\"},{\"@type\":\"Organization\",\"@id\":\"https:\\\/\\\/fmpatagoniamadryn.com.ar\\\/#organization\",\"name\":\"FM Patagonia Madryn\",\"url\":\"https:\\\/\\\/fmpatagoniamadryn.com.ar\\\/\",\"logo\":{\"@type\":\"ImageObject\",\"inLanguage\":\"es\",\"@id\":\"https:\\\/\\\/fmpatagoniamadryn.com.ar\\\/#\\\/schema\\\/logo\\\/image\\\/\",\"url\":\"https:\\\/\\\/fmpatagoniamadryn.com.ar\\\/wp-content\\\/uploads\\\/2023\\\/01\\\/cropped-Diseno-sin-titulo.png\",\"contentUrl\":\"https:\\\/\\\/fmpatagoniamadryn.com.ar\\\/wp-content\\\/uploads\\\/2023\\\/01\\\/cropped-Diseno-sin-titulo.png\",\"width\":6911,\"height\":2657,\"caption\":\"FM Patagonia Madryn\"},\"image\":{\"@id\":\"https:\\\/\\\/fmpatagoniamadryn.com.ar\\\/#\\\/schema\\\/logo\\\/image\\\/\"}},{\"@type\":\"Person\",\"@id\":\"https:\\\/\\\/fmpatagoniamadryn.com.ar\\\/#\\\/schema\\\/person\\\/1d968ec613613768e14b4e6420a2b125\",\"name\":\"FM Patagonia\",\"url\":\"https:\\\/\\\/fmpatagoniamadryn.com.ar\\\/?author=3\"}]}<\/script>\n<!-- \/ Yoast SEO plugin. -->","yoast_head_json":{"title":"La Administraci\u00f3n Portuaria de Puerto Madryn particip\u00f3 del 3\u00b0 Encuentro de la REDPAR - FM Patagonia Madryn","robots":{"index":"index","follow":"follow","max-snippet":"max-snippet:-1","max-image-preview":"max-image-preview:large","max-video-preview":"max-video-preview:-1"},"canonical":"https:\/\/fmpatagoniamadryn.com.ar\/?p=3599","og_locale":"es_ES","og_type":"article","og_title":"La Administraci\u00f3n Portuaria de Puerto Madryn particip\u00f3 del 3\u00b0 Encuentro de la REDPAR - FM Patagonia Madryn","og_description":"Representantes de la APPM estuvieron en Pilar, donde se reuni\u00f3 la Red de Parques y Polos Tecnol\u00f3gicos de Argentina con destacados actores del sector del pa\u00eds. El Gobierno del Chubut,&hellip;","og_url":"https:\/\/fmpatagoniamadryn.com.ar\/?p=3599","og_site_name":"FM Patagonia Madryn","article_published_time":"2023-06-17T22:14:30+00:00","article_modified_time":"2023-06-17T22:14:42+00:00","og_image":[{"width":1024,"height":576,"url":"https:\/\/fmpatagoniamadryn.com.ar\/wp-content\/uploads\/2023\/06\/APPM-Red-polos-tecnologicos.jpeg","type":"image\/jpeg"}],"author":"FM Patagonia","twitter_card":"summary_large_image","twitter_misc":{"Escrito por":"FM Patagonia","Tiempo de lectura":"2 minutos"},"schema":{"@context":"https:\/\/schema.org","@graph":[{"@type":"Article","@id":"https:\/\/fmpatagoniamadryn.com.ar\/?p=3599#article","isPartOf":{"@id":"https:\/\/fmpatagoniamadryn.com.ar\/?p=3599"},"author":{"name":"FM Patagonia","@id":"https:\/\/fmpatagoniamadryn.com.ar\/#\/schema\/person\/1d968ec613613768e14b4e6420a2b125"},"headline":"La Administraci\u00f3n Portuaria de Puerto Madryn particip\u00f3 del 3\u00b0 Encuentro de la REDPAR","datePublished":"2023-06-17T22:14:30+00:00","dateModified":"2023-06-17T22:14:42+00:00","mainEntityOfPage":{"@id":"https:\/\/fmpatagoniamadryn.com.ar\/?p=3599"},"wordCount":339,"publisher":{"@id":"https:\/\/fmpatagoniamadryn.com.ar\/#organization"},"image":{"@id":"https:\/\/fmpatagoniamadryn.com.ar\/?p=3599#primaryimage"},"thumbnailUrl":"https:\/\/fmpatagoniamadryn.com.ar\/wp-content\/uploads\/2023\/06\/APPM-Red-polos-tecnologicos.jpeg","articleSection":["Locales"],"inLanguage":"es"},{"@type":"WebPage","@id":"https:\/\/fmpatagoniamadryn.com.ar\/?p=3599","url":"https:\/\/fmpatagoniamadryn.com.ar\/?p=3599","name":"La Administraci\u00f3n Portuaria de Puerto Madryn particip\u00f3 del 3\u00b0 Encuentro de la REDPAR - FM Patagonia Madryn","isPartOf":{"@id":"https:\/\/fmpatagoniamadryn.com.ar\/#website"},"primaryImageOfPage":{"@id":"https:\/\/fmpatagoniamadryn.com.ar\/?p=3599#primaryimage"},"image":{"@id":"https:\/\/fmpatagoniamadryn.com.ar\/?p=3599#primaryimage"},"thumbnailUrl":"https:\/\/fmpatagoniamadryn.com.ar\/wp-content\/uploads\/2023\/06\/APPM-Red-polos-tecnologicos.jpeg","datePublished":"2023-06-17T22:14:30+00:00","dateModified":"2023-06-17T22:14:42+00:00","breadcrumb":{"@id":"https:\/\/fmpatagoniamadryn.com.ar\/?p=3599#breadcrumb"},"inLanguage":"es","potentialAction":[{"@type":"ReadAction","target":["https:\/\/fmpatagoniamadryn.com.ar\/?p=3599"]}]},{"@type":"ImageObject","inLanguage":"es","@id":"https:\/\/fmpatagoniamadryn.com.ar\/?p=3599#primaryimage","url":"https:\/\/fmpatagoniamadryn.com.ar\/wp-content\/uploads\/2023\/06\/APPM-Red-polos-tecnologicos.jpeg","contentUrl":"https:\/\/fmpatagoniamadryn.com.ar\/wp-content\/uploads\/2023\/06\/APPM-Red-polos-tecnologicos.jpeg","width":1024,"height":576},{"@type":"BreadcrumbList","@id":"https:\/\/fmpatagoniamadryn.com.ar\/?p=3599#breadcrumb","itemListElement":[{"@type":"ListItem","position":1,"name":"Portada","item":"https:\/\/fmpatagoniamadryn.com.ar\/"},{"@type":"ListItem","position":2,"name":"La Administraci\u00f3n Portuaria de Puerto Madryn particip\u00f3 del 3\u00b0 Encuentro de la REDPAR"}]},{"@type":"WebSite","@id":"https:\/\/fmpatagoniamadryn.com.ar\/#website","url":"https:\/\/fmpatagoniamadryn.com.ar\/","name":"FM Patagonia Madryn","description":"Radio Patagonia 105.5","publisher":{"@id":"https:\/\/fmpatagoniamadryn.com.ar\/#organization"},"potentialAction":[{"@type":"SearchAction","target":{"@type":"EntryPoint","urlTemplate":"https:\/\/fmpatagoniamadryn.com.ar\/?s={search_term_string}"},"query-input":{"@type":"PropertyValueSpecification","valueRequired":true,"valueName":"search_term_string"}}],"inLanguage":"es"},{"@type":"Organization","@id":"https:\/\/fmpatagoniamadryn.com.ar\/#organization","name":"FM Patagonia Madryn","url":"https:\/\/fmpatagoniamadryn.com.ar\/","logo":{"@type":"ImageObject","inLanguage":"es","@id":"https:\/\/fmpatagoniamadryn.com.ar\/#\/schema\/logo\/image\/","url":"https:\/\/fmpatagoniamadryn.com.ar\/wp-content\/uploads\/2023\/01\/cropped-Diseno-sin-titulo.png","contentUrl":"https:\/\/fmpatagoniamadryn.com.ar\/wp-content\/uploads\/2023\/01\/cropped-Diseno-sin-titulo.png","width":6911,"height":2657,"caption":"FM Patagonia Madryn"},"image":{"@id":"https:\/\/fmpatagoniamadryn.com.ar\/#\/schema\/logo\/image\/"}},{"@type":"Person","@id":"https:\/\/fmpatagoniamadryn.com.ar\/#\/schema\/person\/1d968ec613613768e14b4e6420a2b125","name":"FM Patagonia","url":"https:\/\/fmpatagoniamadryn.com.ar\/?author=3"}]}},"jetpack_featured_media_url":"https:\/\/fmpatagoniamadryn.com.ar\/wp-content\/uploads\/2023\/06\/APPM-Red-polos-tecnologicos.jpeg","_links":{"self":[{"href":"https:\/\/fmpatagoniamadryn.com.ar\/index.php?rest_route=\/wp\/v2\/posts\/3599","targetHints":{"allow":["GET"]}}],"collection":[{"href":"https:\/\/fmpatagoniamadryn.com.ar\/index.php?rest_route=\/wp\/v2\/posts"}],"about":[{"href":"https:\/\/fmpatagoniamadryn.com.ar\/index.php?rest_route=\/wp\/v2\/types\/post"}],"author":[{"embeddable":true,"href":"https:\/\/fmpatagoniamadryn.com.ar\/index.php?rest_route=\/wp\/v2\/users\/3"}],"replies":[{"embeddable":true,"href":"https:\/\/fmpatagoniamadryn.com.ar\/index.php?rest_route=%2Fwp%2Fv2%2Fcomments&post=3599"}],"version-history":[{"count":1,"href":"https:\/\/fmpatagoniamadryn.com.ar\/index.php?rest_route=\/wp\/v2\/posts\/3599\/revisions"}],"predecessor-version":[{"id":3600,"href":"https:\/\/fmpatagoniamadryn.com.ar\/index.php?rest_route=\/wp\/v2\/posts\/3599\/revisions\/3600"}],"wp:featuredmedia":[{"embeddable":true,"href":"https:\/\/fmpatagoniamadryn.com.ar\/index.php?rest_route=\/wp\/v2\/media\/3598"}],"wp:attachment":[{"href":"https:\/\/fmpatagoniamadryn.com.ar\/index.php?rest_route=%2Fwp%2Fv2%2Fmedia&parent=3599"}],"wp:term":[{"taxonomy":"category","embeddable":true,"href":"https:\/\/fmpatagoniamadryn.com.ar\/index.php?rest_route=%2Fwp%2Fv2%2Fcategories&post=3599"},{"taxonomy":"post_tag","embeddable":true,"href":"https:\/\/fmpatagoniamadryn.com.ar\/index.php?rest_route=%2Fwp%2Fv2%2Ftags&post=3599"}],"curies":[{"name":"wp","href":"https:\/\/api.w.org\/{rel}","templated":true}]}}