{"id":3620,"date":"2023-06-18T13:48:46","date_gmt":"2023-06-18T16:48:46","guid":{"rendered":"https:\/\/fmpatagoniamadryn.com.ar\/?p=3620"},"modified":"2023-06-18T13:49:36","modified_gmt":"2023-06-18T16:49:36","slug":"provincia-realizara-un-taller-de-fortalecimiento-y-asesoramiento-para-organizaciones-de-la-sociedad-civil","status":"publish","type":"post","link":"https:\/\/fmpatagoniamadryn.com.ar\/?p=3620","title":{"rendered":"Provincia realizar\u00e1 un taller de fortalecimiento y asesoramiento para Organizaciones de la Sociedad Civil"},"content":{"rendered":"\n<p>Las jornadas se llevar\u00e1n adelante los d\u00edas 28 y 29 de junio en las instalaciones del Sindicato de Trabajadores de la Educaci\u00f3n (SITRAED) en Puerto Madryn.<br><br>El Gobierno Provincial realizar\u00e1 un taller de fortalecimiento y asesoramiento para Organizaciones de la Sociedad Civil (OSC) en la ciudad de Puerto Madryn.<br><br>Las jornadas de capacitaci\u00f3n son organizadas por la Subsecretaria de Relaciones Institucionales, a trav\u00e9s de las direcciones General de Vinculaci\u00f3n Nacional e Internacional; y de Asesoramiento, Fortalecimiento y Difusi\u00f3n de las Organizaciones Sociales.<br><br>Los encuentros ser\u00e1n los d\u00edas 28 y 29 de junio en las instalaciones del Sindicato de Trabajadores de la Educaci\u00f3n (SITRAED) Seccional Puerto Madryn, ubicado en la calle Estivariz N\u00b0 1471 a partir de las 10 horas.<br><br>Temas a desarrollar<br><br>El taller se dividir\u00e1 en dos jornadas y tendr\u00e1 una modalidad de taller te\u00f3rico pr\u00e1ctico donde se trabajar\u00e1n entre otros los siguientes temas: Conceptos b\u00e1sicos y m\u00e9todos de recaudaci\u00f3n de fondos, Elaboraci\u00f3n de proyectos, Participaci\u00f3n Ciudadana, Responsabilidad Social Empresarial, Tr\u00e1mites a distancia con organismos nacionales como Centro Nacional de Organizaciones de la Comunidad (CENOC) y de Administraci\u00f3n Federal de Ingresos P\u00fablicos (AFIP), Funciones de las Autoridades de las Organizaciones, Cultura Organizacional, Exenciones impositiva y Recordatorio de tr\u00e1mites ante distintos organismos.<br><br>Para inscripci\u00f3n y m\u00e1s informaci\u00f3n<br><br>Para realizar la inscripci\u00f3n al taller de las jornadas, completar los datos en el formulario mediante el link https:\/\/acortar.link\/TallerEnSitraedMadryn. Para consultas o informaci\u00f3n pueden comunicarse por correo a relinstitucionales@gmail.com.<\/p>\n","protected":false},"excerpt":{"rendered":"<p>Las jornadas se llevar\u00e1n adelante los d\u00edas 28 y 29 de junio en las instalaciones del Sindicato de Trabajadores de la Educaci\u00f3n (SITRAED) en Puerto Madryn. El Gobierno Provincial realizar\u00e1&hellip; <\/p>\n","protected":false},"author":3,"featured_media":3617,"comment_status":"closed","ping_status":"closed","sticky":false,"template":"","format":"standard","meta":{"footnotes":""},"categories":[14],"tags":[],"class_list":["post-3620","post","type-post","status-publish","format-standard","has-post-thumbnail","hentry","category-provinciales"],"yoast_head":"<!-- This site is optimized with the Yoast SEO plugin v27.4 - https:\/\/yoast.com\/product\/yoast-seo-wordpress\/ -->\n<title>Provincia realizar\u00e1 un taller de fortalecimiento y asesoramiento para Organizaciones de la Sociedad Civil - FM Patagonia Madryn<\/title>\n<meta name=\"robots\" content=\"index, follow, max-snippet:-1, max-image-preview:large, max-video-preview:-1\" \/>\n<link rel=\"canonical\" href=\"https:\/\/fmpatagoniamadryn.com.ar\/?p=3620\" \/>\n<meta property=\"og:locale\" content=\"es_ES\" \/>\n<meta property=\"og:type\" content=\"article\" \/>\n<meta property=\"og:title\" content=\"Provincia realizar\u00e1 un taller de fortalecimiento y asesoramiento para Organizaciones de la Sociedad Civil - FM Patagonia Madryn\" \/>\n<meta property=\"og:description\" content=\"Las jornadas se llevar\u00e1n adelante los d\u00edas 28 y 29 de junio en las instalaciones del Sindicato de Trabajadores de la Educaci\u00f3n (SITRAED) en Puerto Madryn. El Gobierno Provincial realizar\u00e1&hellip;\" \/>\n<meta property=\"og:url\" content=\"https:\/\/fmpatagoniamadryn.com.ar\/?p=3620\" \/>\n<meta property=\"og:site_name\" content=\"FM Patagonia Madryn\" \/>\n<meta property=\"article:published_time\" content=\"2023-06-18T16:48:46+00:00\" \/>\n<meta property=\"article:modified_time\" content=\"2023-06-18T16:49:36+00:00\" \/>\n<meta property=\"og:image\" content=\"https:\/\/fmpatagoniamadryn.com.ar\/wp-content\/uploads\/2023\/06\/Foto-1-Jornada-de-capacitacion.jpg\" \/>\n\t<meta property=\"og:image:width\" content=\"1080\" \/>\n\t<meta property=\"og:image:height\" content=\"1080\" \/>\n\t<meta property=\"og:image:type\" content=\"image\/jpeg\" \/>\n<meta name=\"author\" content=\"FM Patagonia\" \/>\n<meta name=\"twitter:card\" content=\"summary_large_image\" \/>\n<meta name=\"twitter:label1\" content=\"Escrito por\" \/>\n\t<meta name=\"twitter:data1\" content=\"FM Patagonia\" \/>\n\t<meta name=\"twitter:label2\" content=\"Tiempo de lectura\" \/>\n\t<meta name=\"twitter:data2\" content=\"1 minuto\" \/>\n<script type=\"application\/ld+json\" class=\"yoast-schema-graph\">{\"@context\":\"https:\\\/\\\/schema.org\",\"@graph\":[{\"@type\":\"Article\",\"@id\":\"https:\\\/\\\/fmpatagoniamadryn.com.ar\\\/?p=3620#article\",\"isPartOf\":{\"@id\":\"https:\\\/\\\/fmpatagoniamadryn.com.ar\\\/?p=3620\"},\"author\":{\"name\":\"FM Patagonia\",\"@id\":\"https:\\\/\\\/fmpatagoniamadryn.com.ar\\\/#\\\/schema\\\/person\\\/1d968ec613613768e14b4e6420a2b125\"},\"headline\":\"Provincia realizar\u00e1 un taller de fortalecimiento y asesoramiento para Organizaciones de la Sociedad Civil\",\"datePublished\":\"2023-06-18T16:48:46+00:00\",\"dateModified\":\"2023-06-18T16:49:36+00:00\",\"mainEntityOfPage\":{\"@id\":\"https:\\\/\\\/fmpatagoniamadryn.com.ar\\\/?p=3620\"},\"wordCount\":276,\"publisher\":{\"@id\":\"https:\\\/\\\/fmpatagoniamadryn.com.ar\\\/#organization\"},\"image\":{\"@id\":\"https:\\\/\\\/fmpatagoniamadryn.com.ar\\\/?p=3620#primaryimage\"},\"thumbnailUrl\":\"https:\\\/\\\/fmpatagoniamadryn.com.ar\\\/wp-content\\\/uploads\\\/2023\\\/06\\\/Foto-1-Jornada-de-capacitacion.jpg\",\"articleSection\":[\"Provinciales\"],\"inLanguage\":\"es\"},{\"@type\":\"WebPage\",\"@id\":\"https:\\\/\\\/fmpatagoniamadryn.com.ar\\\/?p=3620\",\"url\":\"https:\\\/\\\/fmpatagoniamadryn.com.ar\\\/?p=3620\",\"name\":\"Provincia realizar\u00e1 un taller de fortalecimiento y asesoramiento para Organizaciones de la Sociedad Civil - FM Patagonia Madryn\",\"isPartOf\":{\"@id\":\"https:\\\/\\\/fmpatagoniamadryn.com.ar\\\/#website\"},\"primaryImageOfPage\":{\"@id\":\"https:\\\/\\\/fmpatagoniamadryn.com.ar\\\/?p=3620#primaryimage\"},\"image\":{\"@id\":\"https:\\\/\\\/fmpatagoniamadryn.com.ar\\\/?p=3620#primaryimage\"},\"thumbnailUrl\":\"https:\\\/\\\/fmpatagoniamadryn.com.ar\\\/wp-content\\\/uploads\\\/2023\\\/06\\\/Foto-1-Jornada-de-capacitacion.jpg\",\"datePublished\":\"2023-06-18T16:48:46+00:00\",\"dateModified\":\"2023-06-18T16:49:36+00:00\",\"breadcrumb\":{\"@id\":\"https:\\\/\\\/fmpatagoniamadryn.com.ar\\\/?p=3620#breadcrumb\"},\"inLanguage\":\"es\",\"potentialAction\":[{\"@type\":\"ReadAction\",\"target\":[\"https:\\\/\\\/fmpatagoniamadryn.com.ar\\\/?p=3620\"]}]},{\"@type\":\"ImageObject\",\"inLanguage\":\"es\",\"@id\":\"https:\\\/\\\/fmpatagoniamadryn.com.ar\\\/?p=3620#primaryimage\",\"url\":\"https:\\\/\\\/fmpatagoniamadryn.com.ar\\\/wp-content\\\/uploads\\\/2023\\\/06\\\/Foto-1-Jornada-de-capacitacion.jpg\",\"contentUrl\":\"https:\\\/\\\/fmpatagoniamadryn.com.ar\\\/wp-content\\\/uploads\\\/2023\\\/06\\\/Foto-1-Jornada-de-capacitacion.jpg\",\"width\":1080,\"height\":1080},{\"@type\":\"BreadcrumbList\",\"@id\":\"https:\\\/\\\/fmpatagoniamadryn.com.ar\\\/?p=3620#breadcrumb\",\"itemListElement\":[{\"@type\":\"ListItem\",\"position\":1,\"name\":\"Portada\",\"item\":\"https:\\\/\\\/fmpatagoniamadryn.com.ar\\\/\"},{\"@type\":\"ListItem\",\"position\":2,\"name\":\"Provincia realizar\u00e1 un taller de fortalecimiento y asesoramiento para Organizaciones de la Sociedad Civil\"}]},{\"@type\":\"WebSite\",\"@id\":\"https:\\\/\\\/fmpatagoniamadryn.com.ar\\\/#website\",\"url\":\"https:\\\/\\\/fmpatagoniamadryn.com.ar\\\/\",\"name\":\"FM Patagonia Madryn\",\"description\":\"Radio Patagonia 105.5\",\"publisher\":{\"@id\":\"https:\\\/\\\/fmpatagoniamadryn.com.ar\\\/#organization\"},\"potentialAction\":[{\"@type\":\"SearchAction\",\"target\":{\"@type\":\"EntryPoint\",\"urlTemplate\":\"https:\\\/\\\/fmpatagoniamadryn.com.ar\\\/?s={search_term_string}\"},\"query-input\":{\"@type\":\"PropertyValueSpecification\",\"valueRequired\":true,\"valueName\":\"search_term_string\"}}],\"inLanguage\":\"es\"},{\"@type\":\"Organization\",\"@id\":\"https:\\\/\\\/fmpatagoniamadryn.com.ar\\\/#organization\",\"name\":\"FM Patagonia Madryn\",\"url\":\"https:\\\/\\\/fmpatagoniamadryn.com.ar\\\/\",\"logo\":{\"@type\":\"ImageObject\",\"inLanguage\":\"es\",\"@id\":\"https:\\\/\\\/fmpatagoniamadryn.com.ar\\\/#\\\/schema\\\/logo\\\/image\\\/\",\"url\":\"https:\\\/\\\/fmpatagoniamadryn.com.ar\\\/wp-content\\\/uploads\\\/2023\\\/01\\\/cropped-Diseno-sin-titulo.png\",\"contentUrl\":\"https:\\\/\\\/fmpatagoniamadryn.com.ar\\\/wp-content\\\/uploads\\\/2023\\\/01\\\/cropped-Diseno-sin-titulo.png\",\"width\":6911,\"height\":2657,\"caption\":\"FM Patagonia Madryn\"},\"image\":{\"@id\":\"https:\\\/\\\/fmpatagoniamadryn.com.ar\\\/#\\\/schema\\\/logo\\\/image\\\/\"}},{\"@type\":\"Person\",\"@id\":\"https:\\\/\\\/fmpatagoniamadryn.com.ar\\\/#\\\/schema\\\/person\\\/1d968ec613613768e14b4e6420a2b125\",\"name\":\"FM Patagonia\",\"url\":\"https:\\\/\\\/fmpatagoniamadryn.com.ar\\\/?author=3\"}]}<\/script>\n<!-- \/ Yoast SEO plugin. -->","yoast_head_json":{"title":"Provincia realizar\u00e1 un taller de fortalecimiento y asesoramiento para Organizaciones de la Sociedad Civil - FM Patagonia Madryn","robots":{"index":"index","follow":"follow","max-snippet":"max-snippet:-1","max-image-preview":"max-image-preview:large","max-video-preview":"max-video-preview:-1"},"canonical":"https:\/\/fmpatagoniamadryn.com.ar\/?p=3620","og_locale":"es_ES","og_type":"article","og_title":"Provincia realizar\u00e1 un taller de fortalecimiento y asesoramiento para Organizaciones de la Sociedad Civil - FM Patagonia Madryn","og_description":"Las jornadas se llevar\u00e1n adelante los d\u00edas 28 y 29 de junio en las instalaciones del Sindicato de Trabajadores de la Educaci\u00f3n (SITRAED) en Puerto Madryn. El Gobierno Provincial realizar\u00e1&hellip;","og_url":"https:\/\/fmpatagoniamadryn.com.ar\/?p=3620","og_site_name":"FM Patagonia Madryn","article_published_time":"2023-06-18T16:48:46+00:00","article_modified_time":"2023-06-18T16:49:36+00:00","og_image":[{"width":1080,"height":1080,"url":"https:\/\/fmpatagoniamadryn.com.ar\/wp-content\/uploads\/2023\/06\/Foto-1-Jornada-de-capacitacion.jpg","type":"image\/jpeg"}],"author":"FM Patagonia","twitter_card":"summary_large_image","twitter_misc":{"Escrito por":"FM Patagonia","Tiempo de lectura":"1 minuto"},"schema":{"@context":"https:\/\/schema.org","@graph":[{"@type":"Article","@id":"https:\/\/fmpatagoniamadryn.com.ar\/?p=3620#article","isPartOf":{"@id":"https:\/\/fmpatagoniamadryn.com.ar\/?p=3620"},"author":{"name":"FM Patagonia","@id":"https:\/\/fmpatagoniamadryn.com.ar\/#\/schema\/person\/1d968ec613613768e14b4e6420a2b125"},"headline":"Provincia realizar\u00e1 un taller de fortalecimiento y asesoramiento para Organizaciones de la Sociedad Civil","datePublished":"2023-06-18T16:48:46+00:00","dateModified":"2023-06-18T16:49:36+00:00","mainEntityOfPage":{"@id":"https:\/\/fmpatagoniamadryn.com.ar\/?p=3620"},"wordCount":276,"publisher":{"@id":"https:\/\/fmpatagoniamadryn.com.ar\/#organization"},"image":{"@id":"https:\/\/fmpatagoniamadryn.com.ar\/?p=3620#primaryimage"},"thumbnailUrl":"https:\/\/fmpatagoniamadryn.com.ar\/wp-content\/uploads\/2023\/06\/Foto-1-Jornada-de-capacitacion.jpg","articleSection":["Provinciales"],"inLanguage":"es"},{"@type":"WebPage","@id":"https:\/\/fmpatagoniamadryn.com.ar\/?p=3620","url":"https:\/\/fmpatagoniamadryn.com.ar\/?p=3620","name":"Provincia realizar\u00e1 un taller de fortalecimiento y asesoramiento para Organizaciones de la Sociedad Civil - FM Patagonia Madryn","isPartOf":{"@id":"https:\/\/fmpatagoniamadryn.com.ar\/#website"},"primaryImageOfPage":{"@id":"https:\/\/fmpatagoniamadryn.com.ar\/?p=3620#primaryimage"},"image":{"@id":"https:\/\/fmpatagoniamadryn.com.ar\/?p=3620#primaryimage"},"thumbnailUrl":"https:\/\/fmpatagoniamadryn.com.ar\/wp-content\/uploads\/2023\/06\/Foto-1-Jornada-de-capacitacion.jpg","datePublished":"2023-06-18T16:48:46+00:00","dateModified":"2023-06-18T16:49:36+00:00","breadcrumb":{"@id":"https:\/\/fmpatagoniamadryn.com.ar\/?p=3620#breadcrumb"},"inLanguage":"es","potentialAction":[{"@type":"ReadAction","target":["https:\/\/fmpatagoniamadryn.com.ar\/?p=3620"]}]},{"@type":"ImageObject","inLanguage":"es","@id":"https:\/\/fmpatagoniamadryn.com.ar\/?p=3620#primaryimage","url":"https:\/\/fmpatagoniamadryn.com.ar\/wp-content\/uploads\/2023\/06\/Foto-1-Jornada-de-capacitacion.jpg","contentUrl":"https:\/\/fmpatagoniamadryn.com.ar\/wp-content\/uploads\/2023\/06\/Foto-1-Jornada-de-capacitacion.jpg","width":1080,"height":1080},{"@type":"BreadcrumbList","@id":"https:\/\/fmpatagoniamadryn.com.ar\/?p=3620#breadcrumb","itemListElement":[{"@type":"ListItem","position":1,"name":"Portada","item":"https:\/\/fmpatagoniamadryn.com.ar\/"},{"@type":"ListItem","position":2,"name":"Provincia realizar\u00e1 un taller de fortalecimiento y asesoramiento para Organizaciones de la Sociedad Civil"}]},{"@type":"WebSite","@id":"https:\/\/fmpatagoniamadryn.com.ar\/#website","url":"https:\/\/fmpatagoniamadryn.com.ar\/","name":"FM Patagonia Madryn","description":"Radio Patagonia 105.5","publisher":{"@id":"https:\/\/fmpatagoniamadryn.com.ar\/#organization"},"potentialAction":[{"@type":"SearchAction","target":{"@type":"EntryPoint","urlTemplate":"https:\/\/fmpatagoniamadryn.com.ar\/?s={search_term_string}"},"query-input":{"@type":"PropertyValueSpecification","valueRequired":true,"valueName":"search_term_string"}}],"inLanguage":"es"},{"@type":"Organization","@id":"https:\/\/fmpatagoniamadryn.com.ar\/#organization","name":"FM Patagonia Madryn","url":"https:\/\/fmpatagoniamadryn.com.ar\/","logo":{"@type":"ImageObject","inLanguage":"es","@id":"https:\/\/fmpatagoniamadryn.com.ar\/#\/schema\/logo\/image\/","url":"https:\/\/fmpatagoniamadryn.com.ar\/wp-content\/uploads\/2023\/01\/cropped-Diseno-sin-titulo.png","contentUrl":"https:\/\/fmpatagoniamadryn.com.ar\/wp-content\/uploads\/2023\/01\/cropped-Diseno-sin-titulo.png","width":6911,"height":2657,"caption":"FM Patagonia Madryn"},"image":{"@id":"https:\/\/fmpatagoniamadryn.com.ar\/#\/schema\/logo\/image\/"}},{"@type":"Person","@id":"https:\/\/fmpatagoniamadryn.com.ar\/#\/schema\/person\/1d968ec613613768e14b4e6420a2b125","name":"FM Patagonia","url":"https:\/\/fmpatagoniamadryn.com.ar\/?author=3"}]}},"jetpack_featured_media_url":"https:\/\/fmpatagoniamadryn.com.ar\/wp-content\/uploads\/2023\/06\/Foto-1-Jornada-de-capacitacion.jpg","_links":{"self":[{"href":"https:\/\/fmpatagoniamadryn.com.ar\/index.php?rest_route=\/wp\/v2\/posts\/3620","targetHints":{"allow":["GET"]}}],"collection":[{"href":"https:\/\/fmpatagoniamadryn.com.ar\/index.php?rest_route=\/wp\/v2\/posts"}],"about":[{"href":"https:\/\/fmpatagoniamadryn.com.ar\/index.php?rest_route=\/wp\/v2\/types\/post"}],"author":[{"embeddable":true,"href":"https:\/\/fmpatagoniamadryn.com.ar\/index.php?rest_route=\/wp\/v2\/users\/3"}],"replies":[{"embeddable":true,"href":"https:\/\/fmpatagoniamadryn.com.ar\/index.php?rest_route=%2Fwp%2Fv2%2Fcomments&post=3620"}],"version-history":[{"count":1,"href":"https:\/\/fmpatagoniamadryn.com.ar\/index.php?rest_route=\/wp\/v2\/posts\/3620\/revisions"}],"predecessor-version":[{"id":3621,"href":"https:\/\/fmpatagoniamadryn.com.ar\/index.php?rest_route=\/wp\/v2\/posts\/3620\/revisions\/3621"}],"wp:featuredmedia":[{"embeddable":true,"href":"https:\/\/fmpatagoniamadryn.com.ar\/index.php?rest_route=\/wp\/v2\/media\/3617"}],"wp:attachment":[{"href":"https:\/\/fmpatagoniamadryn.com.ar\/index.php?rest_route=%2Fwp%2Fv2%2Fmedia&parent=3620"}],"wp:term":[{"taxonomy":"category","embeddable":true,"href":"https:\/\/fmpatagoniamadryn.com.ar\/index.php?rest_route=%2Fwp%2Fv2%2Fcategories&post=3620"},{"taxonomy":"post_tag","embeddable":true,"href":"https:\/\/fmpatagoniamadryn.com.ar\/index.php?rest_route=%2Fwp%2Fv2%2Ftags&post=3620"}],"curies":[{"name":"wp","href":"https:\/\/api.w.org\/{rel}","templated":true}]}}