{"id":3632,"date":"2023-06-18T17:41:23","date_gmt":"2023-06-18T20:41:23","guid":{"rendered":"https:\/\/fmpatagoniamadryn.com.ar\/?p=3632"},"modified":"2023-06-18T17:41:54","modified_gmt":"2023-06-18T20:41:54","slug":"chubut-participo-del-tercer-encuentro-del-ano-del-consejo-federal-de-salud-mental-y-adicciones","status":"publish","type":"post","link":"https:\/\/fmpatagoniamadryn.com.ar\/?p=3632","title":{"rendered":"Chubut particip\u00f3 del tercer encuentro del a\u00f1o del Consejo Federal de Salud Mental y Adicciones"},"content":{"rendered":"\n<p>\u201cChubut fue una de las provincias elegidas para dar cuenta de la experiencia de los dispositivos sociohabitacionales\u201d en el marco del COFESAMA, destac\u00f3 la directora de Salud Mental Comunitaria y Adicciones del Ministerio de Salud provincial, Paula Sendin, luego de concurrir al encuentro que el Ministerio de Salud de la Naci\u00f3n realiz\u00f3 en la ciudad de Buenos Aires.<br><br>El Gobierno del Chubut, a trav\u00e9s del Ministerio de Salud provincial, particip\u00f3 recientemente en la ciudad de Buenos Aires del tercer encuentro del a\u00f1o del Consejo Federal de Salud Mental y Adicciones (COFESAMA), que fue encabezado por la ministra de Salud de la Naci\u00f3n, Carla Vizzotti, y en cuyo marco la cartera sanitaria nacional present\u00f3 la Gu\u00eda \u201cBuenas Pr\u00e1cticas en Salud Mental: Dispositivos Habitacionales. El Derecho de Vivir en la Comunidad\u201d.<br><br>Las actividades se desarrollaron d\u00edas atr\u00e1s, en la sede de la Jefatura de Gabinete de Ministros.<br><br>En representaci\u00f3n del Ministerio de Salud chubutense, concurrieron la directora provincial de Salud Mental Comunitaria y Adicciones, Paula Sendin; y la tambi\u00e9n integrante de dicha \u00e1rea, la licenciada Cynthia Griffiths.<br><br>Dispositivos habitacionales<br><br>En el marco de la Estrategia Federal de Abordaje Integral de la Salud Mental \u2013elaborada por el equipo t\u00e9cnico de la Direcci\u00f3n Nacional de Abordaje Integral de Salud Mental y Consumos Problem\u00e1ticos\u2013, la gu\u00eda tiene el prop\u00f3sito de brindar pautas t\u00e9cnicas sobre las principales caracter\u00edsticas de los dispositivos habitacionales para personas usuarias de los servicios de salud mental en relaci\u00f3n a su funcionamiento, los derechos de las personas, la importancia de la singularidad de las trayectorias de vida, la relevancia del aspecto sociocultural, el rol del equipo interdisciplinario y los sistemas de apoyo, y la articulaci\u00f3n con la red de servicios de salud\/salud mental.<br><br>La iniciativa pone foco en la importancia del desarrollo de dispositivos intermedios entre lo sanitario y lo social, con enfoque de derechos, y se inscribe en el compromiso del Gobierno Nacional de promover una pol\u00edtica p\u00fablica que garantiza el fortalecimiento de la red de servicios de salud mental con base en la comunidad, acorde a la Ley Nacional N\u00b0 26.657 de Salud Mental.<br><br>En este sentido, se compartieron experiencias de Dispositivos Habitacionales dependientes del Hospital Nacional \u201cDr. Manuel A. Montes de Oca\u201d, del Hospital Nacional en Red \u201cLic. Laura Bonaparte\u201d, y de diversas jurisdicciones del pa\u00eds, representando las regiones NOA, NEA, Centro, Cuyo y Patagonia.<br><br>Al respecto, la directora provincial de Salud Mental Comunitaria y Adicciones, Paula Sendin, se\u00f1al\u00f3 que \u201cChubut fue una de las provincias elegidas para dar cuenta de la experiencia de los dispositivos sociohabitacionales\u201d en el marco del COFESAMA, destacando que en tal sentido \u201cdos de nuestros usuarios pudieron contar la experiencia de ser parte de estos dispositivos\u201d.<br><br>Adem\u00e1s, la referente provincial coment\u00f3 que en el encuentro tambi\u00e9n \u201cestuvo presente la secretaria ejecutiva del \u00d3rgano de Revisi\u00f3n de Salud Mental de Chubut, Susana Garrig\u00f3s, quien puso en valor la articulaci\u00f3n que en esta materia se lleva adelante con el Ministerio de Salud de la provincia\u201d.<br><br>Promoci\u00f3n de Acceso al Derecho al Voto<br><br>Adem\u00e1s, durante el encuentro se present\u00f3 la Campa\u00f1a 2023 de Derecho al Voto de Personas institucionalizadas por motivos de salud mental y\/o discapacidad, con el objetivo de garantizar a las personas institucionalizadas por motivos de salud mental y\/o discapacidad la participaci\u00f3n plena y efectiva en la vida pol\u00edtica y p\u00fablica en igualdad de condiciones con las dem\u00e1s, a partir de brindar los apoyos necesarios, la accesibilidad en procedimientos, instalaciones, materiales electorales, comunicaci\u00f3n y asistencia para la emisi\u00f3n del voto.<br><br>La Mesa de \u201cPromoci\u00f3n de Acceso al Derecho al Voto\u201d est\u00e1 conformada por representantes de la Secretar\u00eda de Derechos Humanos del Ministerio de Justicia y Derechos Humanos de la Naci\u00f3n; la Direcci\u00f3n Nacional de Abordaje Integral de Salud Mental y Consumos Problem\u00e1ticos del Ministerio de Salud de la Naci\u00f3n; el Instituto Nacional contra la Discriminaci\u00f3n, la Xenofobia y el Racismo (INADI); la Direcci\u00f3n Nacional Electoral (DINE) del Ministerio del Interior de la Naci\u00f3n; la Secretar\u00eda Ejecutiva del \u00d3rgano de Revisi\u00f3n Nacional de Salud Mental; la Agencia Nacional de Discapacidad (ANDIS) y la Defensor\u00eda General de la Naci\u00f3n del Ministerio P\u00fablico de la Defensa de la Rep\u00fablica Argentina.<br><br>Otros ejes del encuentro<br><br>Por otro lado, en el encuentro tambi\u00e9n hubo presentaciones sobre la Iniciativa OPS\/OMS de Calidad y Derechos: Actuar, unir y empoderar para la Salud Mental; la Articulaci\u00f3n del Sistema de Salud con el \u00d3rgano de Revisi\u00f3n Nacional de Salud Mental, los \u00d3rganos de Revisi\u00f3n Locales y el Poder Judicial; el Programa Telesalud Mental Federal; y el Convenio de Cooperaci\u00f3n entre los Ministerios de Salud y de Educaci\u00f3n de la Naci\u00f3n, para promover los cuidados de la salud mental en el \u00e1mbito educativo, entre otras cosas.<\/p>\n","protected":false},"excerpt":{"rendered":"<p>\u201cChubut fue una de las provincias elegidas para dar cuenta de la experiencia de los dispositivos sociohabitacionales\u201d en el marco del COFESAMA, destac\u00f3 la directora de Salud Mental Comunitaria y&hellip; <\/p>\n","protected":false},"author":3,"featured_media":3631,"comment_status":"closed","ping_status":"closed","sticky":false,"template":"","format":"standard","meta":{"footnotes":""},"categories":[14],"tags":[],"class_list":["post-3632","post","type-post","status-publish","format-standard","has-post-thumbnail","hentry","category-provinciales"],"yoast_head":"<!-- This site is optimized with the Yoast SEO plugin v27.4 - https:\/\/yoast.com\/product\/yoast-seo-wordpress\/ -->\n<title>Chubut particip\u00f3 del tercer encuentro del a\u00f1o del Consejo Federal de Salud Mental y Adicciones - FM Patagonia Madryn<\/title>\n<meta name=\"robots\" content=\"index, follow, max-snippet:-1, max-image-preview:large, max-video-preview:-1\" \/>\n<link rel=\"canonical\" href=\"https:\/\/fmpatagoniamadryn.com.ar\/?p=3632\" \/>\n<meta property=\"og:locale\" content=\"es_ES\" \/>\n<meta property=\"og:type\" content=\"article\" \/>\n<meta property=\"og:title\" content=\"Chubut particip\u00f3 del tercer encuentro del a\u00f1o del Consejo Federal de Salud Mental y Adicciones - FM Patagonia Madryn\" \/>\n<meta property=\"og:description\" content=\"\u201cChubut fue una de las provincias elegidas para dar cuenta de la experiencia de los dispositivos sociohabitacionales\u201d en el marco del COFESAMA, destac\u00f3 la directora de Salud Mental Comunitaria y&hellip;\" \/>\n<meta property=\"og:url\" content=\"https:\/\/fmpatagoniamadryn.com.ar\/?p=3632\" \/>\n<meta property=\"og:site_name\" content=\"FM Patagonia Madryn\" \/>\n<meta property=\"article:published_time\" content=\"2023-06-18T20:41:23+00:00\" \/>\n<meta property=\"article:modified_time\" content=\"2023-06-18T20:41:54+00:00\" \/>\n<meta property=\"og:image\" content=\"https:\/\/fmpatagoniamadryn.com.ar\/wp-content\/uploads\/2023\/06\/COFEMA-DOMINGO-1.jpg\" \/>\n\t<meta property=\"og:image:width\" content=\"1225\" \/>\n\t<meta property=\"og:image:height\" content=\"741\" \/>\n\t<meta property=\"og:image:type\" content=\"image\/jpeg\" \/>\n<meta name=\"author\" content=\"FM Patagonia\" \/>\n<meta name=\"twitter:card\" content=\"summary_large_image\" \/>\n<meta name=\"twitter:label1\" content=\"Escrito por\" \/>\n\t<meta name=\"twitter:data1\" content=\"FM Patagonia\" \/>\n\t<meta name=\"twitter:label2\" content=\"Tiempo de lectura\" \/>\n\t<meta name=\"twitter:data2\" content=\"4 minutos\" \/>\n<script type=\"application\/ld+json\" class=\"yoast-schema-graph\">{\"@context\":\"https:\\\/\\\/schema.org\",\"@graph\":[{\"@type\":\"Article\",\"@id\":\"https:\\\/\\\/fmpatagoniamadryn.com.ar\\\/?p=3632#article\",\"isPartOf\":{\"@id\":\"https:\\\/\\\/fmpatagoniamadryn.com.ar\\\/?p=3632\"},\"author\":{\"name\":\"FM Patagonia\",\"@id\":\"https:\\\/\\\/fmpatagoniamadryn.com.ar\\\/#\\\/schema\\\/person\\\/1d968ec613613768e14b4e6420a2b125\"},\"headline\":\"Chubut particip\u00f3 del tercer encuentro del a\u00f1o del Consejo Federal de Salud Mental y Adicciones\",\"datePublished\":\"2023-06-18T20:41:23+00:00\",\"dateModified\":\"2023-06-18T20:41:54+00:00\",\"mainEntityOfPage\":{\"@id\":\"https:\\\/\\\/fmpatagoniamadryn.com.ar\\\/?p=3632\"},\"wordCount\":848,\"publisher\":{\"@id\":\"https:\\\/\\\/fmpatagoniamadryn.com.ar\\\/#organization\"},\"image\":{\"@id\":\"https:\\\/\\\/fmpatagoniamadryn.com.ar\\\/?p=3632#primaryimage\"},\"thumbnailUrl\":\"https:\\\/\\\/fmpatagoniamadryn.com.ar\\\/wp-content\\\/uploads\\\/2023\\\/06\\\/COFEMA-DOMINGO-1.jpg\",\"articleSection\":[\"Provinciales\"],\"inLanguage\":\"es\"},{\"@type\":\"WebPage\",\"@id\":\"https:\\\/\\\/fmpatagoniamadryn.com.ar\\\/?p=3632\",\"url\":\"https:\\\/\\\/fmpatagoniamadryn.com.ar\\\/?p=3632\",\"name\":\"Chubut particip\u00f3 del tercer encuentro del a\u00f1o del Consejo Federal de Salud Mental y Adicciones - FM Patagonia Madryn\",\"isPartOf\":{\"@id\":\"https:\\\/\\\/fmpatagoniamadryn.com.ar\\\/#website\"},\"primaryImageOfPage\":{\"@id\":\"https:\\\/\\\/fmpatagoniamadryn.com.ar\\\/?p=3632#primaryimage\"},\"image\":{\"@id\":\"https:\\\/\\\/fmpatagoniamadryn.com.ar\\\/?p=3632#primaryimage\"},\"thumbnailUrl\":\"https:\\\/\\\/fmpatagoniamadryn.com.ar\\\/wp-content\\\/uploads\\\/2023\\\/06\\\/COFEMA-DOMINGO-1.jpg\",\"datePublished\":\"2023-06-18T20:41:23+00:00\",\"dateModified\":\"2023-06-18T20:41:54+00:00\",\"breadcrumb\":{\"@id\":\"https:\\\/\\\/fmpatagoniamadryn.com.ar\\\/?p=3632#breadcrumb\"},\"inLanguage\":\"es\",\"potentialAction\":[{\"@type\":\"ReadAction\",\"target\":[\"https:\\\/\\\/fmpatagoniamadryn.com.ar\\\/?p=3632\"]}]},{\"@type\":\"ImageObject\",\"inLanguage\":\"es\",\"@id\":\"https:\\\/\\\/fmpatagoniamadryn.com.ar\\\/?p=3632#primaryimage\",\"url\":\"https:\\\/\\\/fmpatagoniamadryn.com.ar\\\/wp-content\\\/uploads\\\/2023\\\/06\\\/COFEMA-DOMINGO-1.jpg\",\"contentUrl\":\"https:\\\/\\\/fmpatagoniamadryn.com.ar\\\/wp-content\\\/uploads\\\/2023\\\/06\\\/COFEMA-DOMINGO-1.jpg\",\"width\":1225,\"height\":741},{\"@type\":\"BreadcrumbList\",\"@id\":\"https:\\\/\\\/fmpatagoniamadryn.com.ar\\\/?p=3632#breadcrumb\",\"itemListElement\":[{\"@type\":\"ListItem\",\"position\":1,\"name\":\"Portada\",\"item\":\"https:\\\/\\\/fmpatagoniamadryn.com.ar\\\/\"},{\"@type\":\"ListItem\",\"position\":2,\"name\":\"Chubut particip\u00f3 del tercer encuentro del a\u00f1o del Consejo Federal de Salud Mental y Adicciones\"}]},{\"@type\":\"WebSite\",\"@id\":\"https:\\\/\\\/fmpatagoniamadryn.com.ar\\\/#website\",\"url\":\"https:\\\/\\\/fmpatagoniamadryn.com.ar\\\/\",\"name\":\"FM Patagonia Madryn\",\"description\":\"Radio Patagonia 105.5\",\"publisher\":{\"@id\":\"https:\\\/\\\/fmpatagoniamadryn.com.ar\\\/#organization\"},\"potentialAction\":[{\"@type\":\"SearchAction\",\"target\":{\"@type\":\"EntryPoint\",\"urlTemplate\":\"https:\\\/\\\/fmpatagoniamadryn.com.ar\\\/?s={search_term_string}\"},\"query-input\":{\"@type\":\"PropertyValueSpecification\",\"valueRequired\":true,\"valueName\":\"search_term_string\"}}],\"inLanguage\":\"es\"},{\"@type\":\"Organization\",\"@id\":\"https:\\\/\\\/fmpatagoniamadryn.com.ar\\\/#organization\",\"name\":\"FM Patagonia Madryn\",\"url\":\"https:\\\/\\\/fmpatagoniamadryn.com.ar\\\/\",\"logo\":{\"@type\":\"ImageObject\",\"inLanguage\":\"es\",\"@id\":\"https:\\\/\\\/fmpatagoniamadryn.com.ar\\\/#\\\/schema\\\/logo\\\/image\\\/\",\"url\":\"https:\\\/\\\/fmpatagoniamadryn.com.ar\\\/wp-content\\\/uploads\\\/2023\\\/01\\\/cropped-Diseno-sin-titulo.png\",\"contentUrl\":\"https:\\\/\\\/fmpatagoniamadryn.com.ar\\\/wp-content\\\/uploads\\\/2023\\\/01\\\/cropped-Diseno-sin-titulo.png\",\"width\":6911,\"height\":2657,\"caption\":\"FM Patagonia Madryn\"},\"image\":{\"@id\":\"https:\\\/\\\/fmpatagoniamadryn.com.ar\\\/#\\\/schema\\\/logo\\\/image\\\/\"}},{\"@type\":\"Person\",\"@id\":\"https:\\\/\\\/fmpatagoniamadryn.com.ar\\\/#\\\/schema\\\/person\\\/1d968ec613613768e14b4e6420a2b125\",\"name\":\"FM Patagonia\",\"url\":\"https:\\\/\\\/fmpatagoniamadryn.com.ar\\\/?author=3\"}]}<\/script>\n<!-- \/ Yoast SEO plugin. -->","yoast_head_json":{"title":"Chubut particip\u00f3 del tercer encuentro del a\u00f1o del Consejo Federal de Salud Mental y Adicciones - FM Patagonia Madryn","robots":{"index":"index","follow":"follow","max-snippet":"max-snippet:-1","max-image-preview":"max-image-preview:large","max-video-preview":"max-video-preview:-1"},"canonical":"https:\/\/fmpatagoniamadryn.com.ar\/?p=3632","og_locale":"es_ES","og_type":"article","og_title":"Chubut particip\u00f3 del tercer encuentro del a\u00f1o del Consejo Federal de Salud Mental y Adicciones - FM Patagonia Madryn","og_description":"\u201cChubut fue una de las provincias elegidas para dar cuenta de la experiencia de los dispositivos sociohabitacionales\u201d en el marco del COFESAMA, destac\u00f3 la directora de Salud Mental Comunitaria y&hellip;","og_url":"https:\/\/fmpatagoniamadryn.com.ar\/?p=3632","og_site_name":"FM Patagonia Madryn","article_published_time":"2023-06-18T20:41:23+00:00","article_modified_time":"2023-06-18T20:41:54+00:00","og_image":[{"width":1225,"height":741,"url":"https:\/\/fmpatagoniamadryn.com.ar\/wp-content\/uploads\/2023\/06\/COFEMA-DOMINGO-1.jpg","type":"image\/jpeg"}],"author":"FM Patagonia","twitter_card":"summary_large_image","twitter_misc":{"Escrito por":"FM Patagonia","Tiempo de lectura":"4 minutos"},"schema":{"@context":"https:\/\/schema.org","@graph":[{"@type":"Article","@id":"https:\/\/fmpatagoniamadryn.com.ar\/?p=3632#article","isPartOf":{"@id":"https:\/\/fmpatagoniamadryn.com.ar\/?p=3632"},"author":{"name":"FM Patagonia","@id":"https:\/\/fmpatagoniamadryn.com.ar\/#\/schema\/person\/1d968ec613613768e14b4e6420a2b125"},"headline":"Chubut particip\u00f3 del tercer encuentro del a\u00f1o del Consejo Federal de Salud Mental y Adicciones","datePublished":"2023-06-18T20:41:23+00:00","dateModified":"2023-06-18T20:41:54+00:00","mainEntityOfPage":{"@id":"https:\/\/fmpatagoniamadryn.com.ar\/?p=3632"},"wordCount":848,"publisher":{"@id":"https:\/\/fmpatagoniamadryn.com.ar\/#organization"},"image":{"@id":"https:\/\/fmpatagoniamadryn.com.ar\/?p=3632#primaryimage"},"thumbnailUrl":"https:\/\/fmpatagoniamadryn.com.ar\/wp-content\/uploads\/2023\/06\/COFEMA-DOMINGO-1.jpg","articleSection":["Provinciales"],"inLanguage":"es"},{"@type":"WebPage","@id":"https:\/\/fmpatagoniamadryn.com.ar\/?p=3632","url":"https:\/\/fmpatagoniamadryn.com.ar\/?p=3632","name":"Chubut particip\u00f3 del tercer encuentro del a\u00f1o del Consejo Federal de Salud Mental y Adicciones - FM Patagonia Madryn","isPartOf":{"@id":"https:\/\/fmpatagoniamadryn.com.ar\/#website"},"primaryImageOfPage":{"@id":"https:\/\/fmpatagoniamadryn.com.ar\/?p=3632#primaryimage"},"image":{"@id":"https:\/\/fmpatagoniamadryn.com.ar\/?p=3632#primaryimage"},"thumbnailUrl":"https:\/\/fmpatagoniamadryn.com.ar\/wp-content\/uploads\/2023\/06\/COFEMA-DOMINGO-1.jpg","datePublished":"2023-06-18T20:41:23+00:00","dateModified":"2023-06-18T20:41:54+00:00","breadcrumb":{"@id":"https:\/\/fmpatagoniamadryn.com.ar\/?p=3632#breadcrumb"},"inLanguage":"es","potentialAction":[{"@type":"ReadAction","target":["https:\/\/fmpatagoniamadryn.com.ar\/?p=3632"]}]},{"@type":"ImageObject","inLanguage":"es","@id":"https:\/\/fmpatagoniamadryn.com.ar\/?p=3632#primaryimage","url":"https:\/\/fmpatagoniamadryn.com.ar\/wp-content\/uploads\/2023\/06\/COFEMA-DOMINGO-1.jpg","contentUrl":"https:\/\/fmpatagoniamadryn.com.ar\/wp-content\/uploads\/2023\/06\/COFEMA-DOMINGO-1.jpg","width":1225,"height":741},{"@type":"BreadcrumbList","@id":"https:\/\/fmpatagoniamadryn.com.ar\/?p=3632#breadcrumb","itemListElement":[{"@type":"ListItem","position":1,"name":"Portada","item":"https:\/\/fmpatagoniamadryn.com.ar\/"},{"@type":"ListItem","position":2,"name":"Chubut particip\u00f3 del tercer encuentro del a\u00f1o del Consejo Federal de Salud Mental y Adicciones"}]},{"@type":"WebSite","@id":"https:\/\/fmpatagoniamadryn.com.ar\/#website","url":"https:\/\/fmpatagoniamadryn.com.ar\/","name":"FM Patagonia Madryn","description":"Radio Patagonia 105.5","publisher":{"@id":"https:\/\/fmpatagoniamadryn.com.ar\/#organization"},"potentialAction":[{"@type":"SearchAction","target":{"@type":"EntryPoint","urlTemplate":"https:\/\/fmpatagoniamadryn.com.ar\/?s={search_term_string}"},"query-input":{"@type":"PropertyValueSpecification","valueRequired":true,"valueName":"search_term_string"}}],"inLanguage":"es"},{"@type":"Organization","@id":"https:\/\/fmpatagoniamadryn.com.ar\/#organization","name":"FM Patagonia Madryn","url":"https:\/\/fmpatagoniamadryn.com.ar\/","logo":{"@type":"ImageObject","inLanguage":"es","@id":"https:\/\/fmpatagoniamadryn.com.ar\/#\/schema\/logo\/image\/","url":"https:\/\/fmpatagoniamadryn.com.ar\/wp-content\/uploads\/2023\/01\/cropped-Diseno-sin-titulo.png","contentUrl":"https:\/\/fmpatagoniamadryn.com.ar\/wp-content\/uploads\/2023\/01\/cropped-Diseno-sin-titulo.png","width":6911,"height":2657,"caption":"FM Patagonia Madryn"},"image":{"@id":"https:\/\/fmpatagoniamadryn.com.ar\/#\/schema\/logo\/image\/"}},{"@type":"Person","@id":"https:\/\/fmpatagoniamadryn.com.ar\/#\/schema\/person\/1d968ec613613768e14b4e6420a2b125","name":"FM Patagonia","url":"https:\/\/fmpatagoniamadryn.com.ar\/?author=3"}]}},"jetpack_featured_media_url":"https:\/\/fmpatagoniamadryn.com.ar\/wp-content\/uploads\/2023\/06\/COFEMA-DOMINGO-1.jpg","_links":{"self":[{"href":"https:\/\/fmpatagoniamadryn.com.ar\/index.php?rest_route=\/wp\/v2\/posts\/3632","targetHints":{"allow":["GET"]}}],"collection":[{"href":"https:\/\/fmpatagoniamadryn.com.ar\/index.php?rest_route=\/wp\/v2\/posts"}],"about":[{"href":"https:\/\/fmpatagoniamadryn.com.ar\/index.php?rest_route=\/wp\/v2\/types\/post"}],"author":[{"embeddable":true,"href":"https:\/\/fmpatagoniamadryn.com.ar\/index.php?rest_route=\/wp\/v2\/users\/3"}],"replies":[{"embeddable":true,"href":"https:\/\/fmpatagoniamadryn.com.ar\/index.php?rest_route=%2Fwp%2Fv2%2Fcomments&post=3632"}],"version-history":[{"count":1,"href":"https:\/\/fmpatagoniamadryn.com.ar\/index.php?rest_route=\/wp\/v2\/posts\/3632\/revisions"}],"predecessor-version":[{"id":3633,"href":"https:\/\/fmpatagoniamadryn.com.ar\/index.php?rest_route=\/wp\/v2\/posts\/3632\/revisions\/3633"}],"wp:featuredmedia":[{"embeddable":true,"href":"https:\/\/fmpatagoniamadryn.com.ar\/index.php?rest_route=\/wp\/v2\/media\/3631"}],"wp:attachment":[{"href":"https:\/\/fmpatagoniamadryn.com.ar\/index.php?rest_route=%2Fwp%2Fv2%2Fmedia&parent=3632"}],"wp:term":[{"taxonomy":"category","embeddable":true,"href":"https:\/\/fmpatagoniamadryn.com.ar\/index.php?rest_route=%2Fwp%2Fv2%2Fcategories&post=3632"},{"taxonomy":"post_tag","embeddable":true,"href":"https:\/\/fmpatagoniamadryn.com.ar\/index.php?rest_route=%2Fwp%2Fv2%2Ftags&post=3632"}],"curies":[{"name":"wp","href":"https:\/\/api.w.org\/{rel}","templated":true}]}}