{"id":3650,"date":"2023-06-19T14:51:44","date_gmt":"2023-06-19T17:51:44","guid":{"rendered":"https:\/\/fmpatagoniamadryn.com.ar\/?p=3650"},"modified":"2023-06-19T14:51:57","modified_gmt":"2023-06-19T17:51:57","slug":"el-gobierno-provincial-destaca-los-avances-en-la-implementacion-de-la-ley-nacional-de-salud-mental","status":"publish","type":"post","link":"https:\/\/fmpatagoniamadryn.com.ar\/?p=3650","title":{"rendered":"El Gobierno Provincial destaca los avances en la implementaci\u00f3n de la Ley Nacional de Salud Mental"},"content":{"rendered":"\n<p> <br><br>Lo hizo a trav\u00e9s de un comunicado junto a todos los representantes del COFESAMA. All\u00ed se ponder\u00f3 la Estrategia Federal de Abordaje Integral de la Salud Mental y los Consumos Problem\u00e1ticos como instrumento clave para la implementaci\u00f3n de la ley. <br><br>En el marco de la reciente sesi\u00f3n del Consejo Federal de Salud Mental y Adicciones (COFESAMA), autoridades y referentes sanitarios de Chubut y las dem\u00e1s provincias del pa\u00eds manifestaron en un comunicado su reconocimiento a los avances en la implementaci\u00f3n de la Ley Nacional N\u00b0 26.657 de Salud Mental y destacaron la Estrategia Federal de Abordaje Integral de la Salud Mental y los Consumos Problem\u00e1ticos como instrumento clave, junto a los planes y las estrategias provinciales, para avanzar en la concreci\u00f3n de un modelo de cuidados centrado en las personas, con mirada comunitaria, sustentable, equitativa e inclusiva. <br><br>La actividad se desarroll\u00f3 d\u00edas atr\u00e1s en la ciudad de Buenos Aires, donde en representaci\u00f3n del Gobierno del Chubut asistieron la directora de Salud Mental Comunitaria y Adicciones del Ministerio de Salud provincial, Mar\u00eda Paula Sendin; y la licenciada Cynthia Griffiths integrante del \u00e1rea. <br><br>\u201cCompromiso t\u00e9cnico, \u00e9tico y pol\u00edtico\u201d <br><br>Las autoridades enfatizaron que es de vital importancia poner en valor los procesos concretos de cuidados en la comunidad que se vienen desplegando a lo largo del pa\u00eds.  Recalcaron que, ante el aumento y la complejizaci\u00f3n de los problemas de salud mental prevalentes en la actual coyuntura hist\u00f3rica, solo puede darse una respuesta inclusiva y contenedora desde el compromiso t\u00e9cnico, \u00e9tico y pol\u00edtico de todos los actores del campo de la salud y en conjunto con la comunidad, por lo que ninguna acci\u00f3n del hacer cotidiano debe apartarse de los consensos logrados. <br><br>As\u00ed, en cuanto a los avances constatables en cada jurisdicci\u00f3n, las y los representantes del COFESAMA detallaron que se abrieron y reforzaron servicios de salud mental y consumo problem\u00e1tico de cercan\u00eda a la poblaci\u00f3n y en los hospitalesgenerales, que se aument\u00f3 la articulaci\u00f3n con programas de inclusi\u00f3n socio laboral en dispositivos de la red de efectores, y que se ampli\u00f3 exponencialmente la inversi\u00f3n en Residencias Interdisciplinarias de Salud Mental Comunitaria. <br><br>\u201cUna cultura que acompa\u00f1e\u201d <br><br>Respecto de las l\u00edneas espec\u00edficas de prevenci\u00f3n del suicidio, indicaron que se multiplicaron inversiones y esfuerzos en cada regi\u00f3n, sistematizando conocimiento e invirtiendo en equipamiento y personal. Y se\u00f1alaron tambi\u00e9n que se avanz\u00f3 concretamente en el dise\u00f1o y construcci\u00f3n de dispositivos habitacionales para sustituir y reconvertir los recursos de los hospitales neuropsiqui\u00e1tricos y para sostener y multiplicar los dispositivos comunitarios. <br><br>Adem\u00e1s, el comunicado destac\u00f3 la relevancia de acompa\u00f1ar estas y otras acciones con la transformaci\u00f3n de la cultura de la segregaci\u00f3n, a fin de generar una cultura que acompa\u00f1e a quien padece, a sus familias y a sus referentes afectivos. <br><br>Aquellas personas interesadas en acceder al texto completo pueden consultarlo en el siguiente enlace: <a href=\"https:\/\/bancos.salud.gob.ar\/sites\/default\/files\/2023-06\/Comunicado%20COFESAMA.pdf\">https:\/\/bancos.salud.gob.ar\/sites\/default\/files\/2023-06\/Comunicado%20COFESAMA.pdf<\/a><br><br>&#8212;<\/p>\n","protected":false},"excerpt":{"rendered":"<p>Lo hizo a trav\u00e9s de un comunicado junto a todos los representantes del COFESAMA. All\u00ed se ponder\u00f3 la Estrategia Federal de Abordaje Integral de la Salud Mental y los Consumos&hellip; <\/p>\n","protected":false},"author":2,"featured_media":3649,"comment_status":"closed","ping_status":"closed","sticky":false,"template":"","format":"standard","meta":{"footnotes":""},"categories":[14],"tags":[],"class_list":["post-3650","post","type-post","status-publish","format-standard","has-post-thumbnail","hentry","category-provinciales"],"yoast_head":"<!-- This site is optimized with the Yoast SEO plugin v27.4 - https:\/\/yoast.com\/product\/yoast-seo-wordpress\/ -->\n<title>El Gobierno Provincial destaca los avances en la implementaci\u00f3n de la Ley Nacional de Salud Mental - FM Patagonia Madryn<\/title>\n<meta name=\"robots\" content=\"index, follow, max-snippet:-1, max-image-preview:large, max-video-preview:-1\" \/>\n<link rel=\"canonical\" href=\"https:\/\/fmpatagoniamadryn.com.ar\/?p=3650\" \/>\n<meta property=\"og:locale\" content=\"es_ES\" \/>\n<meta property=\"og:type\" content=\"article\" \/>\n<meta property=\"og:title\" content=\"El Gobierno Provincial destaca los avances en la implementaci\u00f3n de la Ley Nacional de Salud Mental - FM Patagonia Madryn\" \/>\n<meta property=\"og:description\" content=\"Lo hizo a trav\u00e9s de un comunicado junto a todos los representantes del COFESAMA. All\u00ed se ponder\u00f3 la Estrategia Federal de Abordaje Integral de la Salud Mental y los Consumos&hellip;\" \/>\n<meta property=\"og:url\" content=\"https:\/\/fmpatagoniamadryn.com.ar\/?p=3650\" \/>\n<meta property=\"og:site_name\" content=\"FM Patagonia Madryn\" \/>\n<meta property=\"article:published_time\" content=\"2023-06-19T17:51:44+00:00\" \/>\n<meta property=\"article:modified_time\" content=\"2023-06-19T17:51:57+00:00\" \/>\n<meta property=\"og:image\" content=\"https:\/\/fmpatagoniamadryn.com.ar\/wp-content\/uploads\/2023\/06\/COFEMA-DOCUMENTO.jpeg\" \/>\n\t<meta property=\"og:image:width\" content=\"1600\" \/>\n\t<meta property=\"og:image:height\" content=\"1066\" \/>\n\t<meta property=\"og:image:type\" content=\"image\/jpeg\" \/>\n<meta name=\"author\" content=\"FM Patagonia\" \/>\n<meta name=\"twitter:card\" content=\"summary_large_image\" \/>\n<meta name=\"twitter:label1\" content=\"Escrito por\" \/>\n\t<meta name=\"twitter:data1\" content=\"FM Patagonia\" \/>\n\t<meta name=\"twitter:label2\" content=\"Tiempo de lectura\" \/>\n\t<meta name=\"twitter:data2\" content=\"3 minutos\" \/>\n<script type=\"application\/ld+json\" class=\"yoast-schema-graph\">{\"@context\":\"https:\\\/\\\/schema.org\",\"@graph\":[{\"@type\":\"Article\",\"@id\":\"https:\\\/\\\/fmpatagoniamadryn.com.ar\\\/?p=3650#article\",\"isPartOf\":{\"@id\":\"https:\\\/\\\/fmpatagoniamadryn.com.ar\\\/?p=3650\"},\"author\":{\"name\":\"FM Patagonia\",\"@id\":\"https:\\\/\\\/fmpatagoniamadryn.com.ar\\\/#\\\/schema\\\/person\\\/8a3de4ad7efceacab06c1641c50303b7\"},\"headline\":\"El Gobierno Provincial destaca los avances en la implementaci\u00f3n de la Ley Nacional de Salud Mental\",\"datePublished\":\"2023-06-19T17:51:44+00:00\",\"dateModified\":\"2023-06-19T17:51:57+00:00\",\"mainEntityOfPage\":{\"@id\":\"https:\\\/\\\/fmpatagoniamadryn.com.ar\\\/?p=3650\"},\"wordCount\":538,\"publisher\":{\"@id\":\"https:\\\/\\\/fmpatagoniamadryn.com.ar\\\/#organization\"},\"image\":{\"@id\":\"https:\\\/\\\/fmpatagoniamadryn.com.ar\\\/?p=3650#primaryimage\"},\"thumbnailUrl\":\"https:\\\/\\\/fmpatagoniamadryn.com.ar\\\/wp-content\\\/uploads\\\/2023\\\/06\\\/COFEMA-DOCUMENTO.jpeg\",\"articleSection\":[\"Provinciales\"],\"inLanguage\":\"es\"},{\"@type\":\"WebPage\",\"@id\":\"https:\\\/\\\/fmpatagoniamadryn.com.ar\\\/?p=3650\",\"url\":\"https:\\\/\\\/fmpatagoniamadryn.com.ar\\\/?p=3650\",\"name\":\"El Gobierno Provincial destaca los avances en la implementaci\u00f3n de la Ley Nacional de Salud Mental - FM Patagonia Madryn\",\"isPartOf\":{\"@id\":\"https:\\\/\\\/fmpatagoniamadryn.com.ar\\\/#website\"},\"primaryImageOfPage\":{\"@id\":\"https:\\\/\\\/fmpatagoniamadryn.com.ar\\\/?p=3650#primaryimage\"},\"image\":{\"@id\":\"https:\\\/\\\/fmpatagoniamadryn.com.ar\\\/?p=3650#primaryimage\"},\"thumbnailUrl\":\"https:\\\/\\\/fmpatagoniamadryn.com.ar\\\/wp-content\\\/uploads\\\/2023\\\/06\\\/COFEMA-DOCUMENTO.jpeg\",\"datePublished\":\"2023-06-19T17:51:44+00:00\",\"dateModified\":\"2023-06-19T17:51:57+00:00\",\"breadcrumb\":{\"@id\":\"https:\\\/\\\/fmpatagoniamadryn.com.ar\\\/?p=3650#breadcrumb\"},\"inLanguage\":\"es\",\"potentialAction\":[{\"@type\":\"ReadAction\",\"target\":[\"https:\\\/\\\/fmpatagoniamadryn.com.ar\\\/?p=3650\"]}]},{\"@type\":\"ImageObject\",\"inLanguage\":\"es\",\"@id\":\"https:\\\/\\\/fmpatagoniamadryn.com.ar\\\/?p=3650#primaryimage\",\"url\":\"https:\\\/\\\/fmpatagoniamadryn.com.ar\\\/wp-content\\\/uploads\\\/2023\\\/06\\\/COFEMA-DOCUMENTO.jpeg\",\"contentUrl\":\"https:\\\/\\\/fmpatagoniamadryn.com.ar\\\/wp-content\\\/uploads\\\/2023\\\/06\\\/COFEMA-DOCUMENTO.jpeg\",\"width\":1600,\"height\":1066},{\"@type\":\"BreadcrumbList\",\"@id\":\"https:\\\/\\\/fmpatagoniamadryn.com.ar\\\/?p=3650#breadcrumb\",\"itemListElement\":[{\"@type\":\"ListItem\",\"position\":1,\"name\":\"Portada\",\"item\":\"https:\\\/\\\/fmpatagoniamadryn.com.ar\\\/\"},{\"@type\":\"ListItem\",\"position\":2,\"name\":\"El Gobierno Provincial destaca los avances en la implementaci\u00f3n de la Ley Nacional de Salud Mental\"}]},{\"@type\":\"WebSite\",\"@id\":\"https:\\\/\\\/fmpatagoniamadryn.com.ar\\\/#website\",\"url\":\"https:\\\/\\\/fmpatagoniamadryn.com.ar\\\/\",\"name\":\"FM Patagonia Madryn\",\"description\":\"Radio Patagonia 105.5\",\"publisher\":{\"@id\":\"https:\\\/\\\/fmpatagoniamadryn.com.ar\\\/#organization\"},\"potentialAction\":[{\"@type\":\"SearchAction\",\"target\":{\"@type\":\"EntryPoint\",\"urlTemplate\":\"https:\\\/\\\/fmpatagoniamadryn.com.ar\\\/?s={search_term_string}\"},\"query-input\":{\"@type\":\"PropertyValueSpecification\",\"valueRequired\":true,\"valueName\":\"search_term_string\"}}],\"inLanguage\":\"es\"},{\"@type\":\"Organization\",\"@id\":\"https:\\\/\\\/fmpatagoniamadryn.com.ar\\\/#organization\",\"name\":\"FM Patagonia Madryn\",\"url\":\"https:\\\/\\\/fmpatagoniamadryn.com.ar\\\/\",\"logo\":{\"@type\":\"ImageObject\",\"inLanguage\":\"es\",\"@id\":\"https:\\\/\\\/fmpatagoniamadryn.com.ar\\\/#\\\/schema\\\/logo\\\/image\\\/\",\"url\":\"https:\\\/\\\/fmpatagoniamadryn.com.ar\\\/wp-content\\\/uploads\\\/2023\\\/01\\\/cropped-Diseno-sin-titulo.png\",\"contentUrl\":\"https:\\\/\\\/fmpatagoniamadryn.com.ar\\\/wp-content\\\/uploads\\\/2023\\\/01\\\/cropped-Diseno-sin-titulo.png\",\"width\":6911,\"height\":2657,\"caption\":\"FM Patagonia Madryn\"},\"image\":{\"@id\":\"https:\\\/\\\/fmpatagoniamadryn.com.ar\\\/#\\\/schema\\\/logo\\\/image\\\/\"}},{\"@type\":\"Person\",\"@id\":\"https:\\\/\\\/fmpatagoniamadryn.com.ar\\\/#\\\/schema\\\/person\\\/8a3de4ad7efceacab06c1641c50303b7\",\"name\":\"FM Patagonia\",\"url\":\"https:\\\/\\\/fmpatagoniamadryn.com.ar\\\/?author=2\"}]}<\/script>\n<!-- \/ Yoast SEO plugin. -->","yoast_head_json":{"title":"El Gobierno Provincial destaca los avances en la implementaci\u00f3n de la Ley Nacional de Salud Mental - FM Patagonia Madryn","robots":{"index":"index","follow":"follow","max-snippet":"max-snippet:-1","max-image-preview":"max-image-preview:large","max-video-preview":"max-video-preview:-1"},"canonical":"https:\/\/fmpatagoniamadryn.com.ar\/?p=3650","og_locale":"es_ES","og_type":"article","og_title":"El Gobierno Provincial destaca los avances en la implementaci\u00f3n de la Ley Nacional de Salud Mental - FM Patagonia Madryn","og_description":"Lo hizo a trav\u00e9s de un comunicado junto a todos los representantes del COFESAMA. All\u00ed se ponder\u00f3 la Estrategia Federal de Abordaje Integral de la Salud Mental y los Consumos&hellip;","og_url":"https:\/\/fmpatagoniamadryn.com.ar\/?p=3650","og_site_name":"FM Patagonia Madryn","article_published_time":"2023-06-19T17:51:44+00:00","article_modified_time":"2023-06-19T17:51:57+00:00","og_image":[{"width":1600,"height":1066,"url":"https:\/\/fmpatagoniamadryn.com.ar\/wp-content\/uploads\/2023\/06\/COFEMA-DOCUMENTO.jpeg","type":"image\/jpeg"}],"author":"FM Patagonia","twitter_card":"summary_large_image","twitter_misc":{"Escrito por":"FM Patagonia","Tiempo de lectura":"3 minutos"},"schema":{"@context":"https:\/\/schema.org","@graph":[{"@type":"Article","@id":"https:\/\/fmpatagoniamadryn.com.ar\/?p=3650#article","isPartOf":{"@id":"https:\/\/fmpatagoniamadryn.com.ar\/?p=3650"},"author":{"name":"FM Patagonia","@id":"https:\/\/fmpatagoniamadryn.com.ar\/#\/schema\/person\/8a3de4ad7efceacab06c1641c50303b7"},"headline":"El Gobierno Provincial destaca los avances en la implementaci\u00f3n de la Ley Nacional de Salud Mental","datePublished":"2023-06-19T17:51:44+00:00","dateModified":"2023-06-19T17:51:57+00:00","mainEntityOfPage":{"@id":"https:\/\/fmpatagoniamadryn.com.ar\/?p=3650"},"wordCount":538,"publisher":{"@id":"https:\/\/fmpatagoniamadryn.com.ar\/#organization"},"image":{"@id":"https:\/\/fmpatagoniamadryn.com.ar\/?p=3650#primaryimage"},"thumbnailUrl":"https:\/\/fmpatagoniamadryn.com.ar\/wp-content\/uploads\/2023\/06\/COFEMA-DOCUMENTO.jpeg","articleSection":["Provinciales"],"inLanguage":"es"},{"@type":"WebPage","@id":"https:\/\/fmpatagoniamadryn.com.ar\/?p=3650","url":"https:\/\/fmpatagoniamadryn.com.ar\/?p=3650","name":"El Gobierno Provincial destaca los avances en la implementaci\u00f3n de la Ley Nacional de Salud Mental - FM Patagonia Madryn","isPartOf":{"@id":"https:\/\/fmpatagoniamadryn.com.ar\/#website"},"primaryImageOfPage":{"@id":"https:\/\/fmpatagoniamadryn.com.ar\/?p=3650#primaryimage"},"image":{"@id":"https:\/\/fmpatagoniamadryn.com.ar\/?p=3650#primaryimage"},"thumbnailUrl":"https:\/\/fmpatagoniamadryn.com.ar\/wp-content\/uploads\/2023\/06\/COFEMA-DOCUMENTO.jpeg","datePublished":"2023-06-19T17:51:44+00:00","dateModified":"2023-06-19T17:51:57+00:00","breadcrumb":{"@id":"https:\/\/fmpatagoniamadryn.com.ar\/?p=3650#breadcrumb"},"inLanguage":"es","potentialAction":[{"@type":"ReadAction","target":["https:\/\/fmpatagoniamadryn.com.ar\/?p=3650"]}]},{"@type":"ImageObject","inLanguage":"es","@id":"https:\/\/fmpatagoniamadryn.com.ar\/?p=3650#primaryimage","url":"https:\/\/fmpatagoniamadryn.com.ar\/wp-content\/uploads\/2023\/06\/COFEMA-DOCUMENTO.jpeg","contentUrl":"https:\/\/fmpatagoniamadryn.com.ar\/wp-content\/uploads\/2023\/06\/COFEMA-DOCUMENTO.jpeg","width":1600,"height":1066},{"@type":"BreadcrumbList","@id":"https:\/\/fmpatagoniamadryn.com.ar\/?p=3650#breadcrumb","itemListElement":[{"@type":"ListItem","position":1,"name":"Portada","item":"https:\/\/fmpatagoniamadryn.com.ar\/"},{"@type":"ListItem","position":2,"name":"El Gobierno Provincial destaca los avances en la implementaci\u00f3n de la Ley Nacional de Salud Mental"}]},{"@type":"WebSite","@id":"https:\/\/fmpatagoniamadryn.com.ar\/#website","url":"https:\/\/fmpatagoniamadryn.com.ar\/","name":"FM Patagonia Madryn","description":"Radio Patagonia 105.5","publisher":{"@id":"https:\/\/fmpatagoniamadryn.com.ar\/#organization"},"potentialAction":[{"@type":"SearchAction","target":{"@type":"EntryPoint","urlTemplate":"https:\/\/fmpatagoniamadryn.com.ar\/?s={search_term_string}"},"query-input":{"@type":"PropertyValueSpecification","valueRequired":true,"valueName":"search_term_string"}}],"inLanguage":"es"},{"@type":"Organization","@id":"https:\/\/fmpatagoniamadryn.com.ar\/#organization","name":"FM Patagonia Madryn","url":"https:\/\/fmpatagoniamadryn.com.ar\/","logo":{"@type":"ImageObject","inLanguage":"es","@id":"https:\/\/fmpatagoniamadryn.com.ar\/#\/schema\/logo\/image\/","url":"https:\/\/fmpatagoniamadryn.com.ar\/wp-content\/uploads\/2023\/01\/cropped-Diseno-sin-titulo.png","contentUrl":"https:\/\/fmpatagoniamadryn.com.ar\/wp-content\/uploads\/2023\/01\/cropped-Diseno-sin-titulo.png","width":6911,"height":2657,"caption":"FM Patagonia Madryn"},"image":{"@id":"https:\/\/fmpatagoniamadryn.com.ar\/#\/schema\/logo\/image\/"}},{"@type":"Person","@id":"https:\/\/fmpatagoniamadryn.com.ar\/#\/schema\/person\/8a3de4ad7efceacab06c1641c50303b7","name":"FM Patagonia","url":"https:\/\/fmpatagoniamadryn.com.ar\/?author=2"}]}},"jetpack_featured_media_url":"https:\/\/fmpatagoniamadryn.com.ar\/wp-content\/uploads\/2023\/06\/COFEMA-DOCUMENTO.jpeg","_links":{"self":[{"href":"https:\/\/fmpatagoniamadryn.com.ar\/index.php?rest_route=\/wp\/v2\/posts\/3650","targetHints":{"allow":["GET"]}}],"collection":[{"href":"https:\/\/fmpatagoniamadryn.com.ar\/index.php?rest_route=\/wp\/v2\/posts"}],"about":[{"href":"https:\/\/fmpatagoniamadryn.com.ar\/index.php?rest_route=\/wp\/v2\/types\/post"}],"author":[{"embeddable":true,"href":"https:\/\/fmpatagoniamadryn.com.ar\/index.php?rest_route=\/wp\/v2\/users\/2"}],"replies":[{"embeddable":true,"href":"https:\/\/fmpatagoniamadryn.com.ar\/index.php?rest_route=%2Fwp%2Fv2%2Fcomments&post=3650"}],"version-history":[{"count":1,"href":"https:\/\/fmpatagoniamadryn.com.ar\/index.php?rest_route=\/wp\/v2\/posts\/3650\/revisions"}],"predecessor-version":[{"id":3651,"href":"https:\/\/fmpatagoniamadryn.com.ar\/index.php?rest_route=\/wp\/v2\/posts\/3650\/revisions\/3651"}],"wp:featuredmedia":[{"embeddable":true,"href":"https:\/\/fmpatagoniamadryn.com.ar\/index.php?rest_route=\/wp\/v2\/media\/3649"}],"wp:attachment":[{"href":"https:\/\/fmpatagoniamadryn.com.ar\/index.php?rest_route=%2Fwp%2Fv2%2Fmedia&parent=3650"}],"wp:term":[{"taxonomy":"category","embeddable":true,"href":"https:\/\/fmpatagoniamadryn.com.ar\/index.php?rest_route=%2Fwp%2Fv2%2Fcategories&post=3650"},{"taxonomy":"post_tag","embeddable":true,"href":"https:\/\/fmpatagoniamadryn.com.ar\/index.php?rest_route=%2Fwp%2Fv2%2Ftags&post=3650"}],"curies":[{"name":"wp","href":"https:\/\/api.w.org\/{rel}","templated":true}]}}