{"id":3656,"date":"2023-06-19T15:03:39","date_gmt":"2023-06-19T18:03:39","guid":{"rendered":"https:\/\/fmpatagoniamadryn.com.ar\/?p=3656"},"modified":"2023-06-19T15:03:51","modified_gmt":"2023-06-19T18:03:51","slug":"juan-pablo-luquehay-que-tener-una-relacion-con-los-gremios-para-poder-discutir-pero-con-los-chicos-en-las-aulas","status":"publish","type":"post","link":"https:\/\/fmpatagoniamadryn.com.ar\/?p=3656","title":{"rendered":"<br>JUAN PABLO LUQUE<br>\u201cHay que tener una relaci\u00f3n con los gremios para poder discutir pero con los chicos en las aulas\u201d"},"content":{"rendered":"\n<p><br>El actual jefe comunal comodorense y candodato a gobernador por \u201cArriba Chubut\u201d, manifest\u00f3 indic\u00f3 que hay que producir estrategias para resolver el d\u00e9ficit educativo.<br>Juan Pablo Luque y su abordaje en la cuesti\u00f3n educativa provincial.<br>Juan Pablo Luque y su abordaje en la cuesti\u00f3n educativa provincial.<br><br><br>El intendente municipal y candidato a la gobernaci\u00f3n por el frente \u201cArriba Chubut\u201d Juan Pablo Luque destac\u00f3 los alcances de las recorridas que realiza en el marco de la campa\u00f1a por distintas localidades del interior provincial. E insisti\u00f3 en la necesidad de generar estrategias r\u00e1pidas para resolver el d\u00e9ficit educativo de Chubut a partir de un di\u00e1logo abierto con los gremios del sector. \u201cCada recorrida es muy productiva porque permite hablar en cada uno de esos pueblos sobre sus realidades y sobre todo, sus posibilidades de crecimiento. Es muy interesante lo que uno va percibiendo, problem\u00e1ticas que hay que ir defendiendo y temas que son comunes\u201d, dijo Luque a Jornada.<br><br>Y agreg\u00f3 que los factores coincidentes resultan la Salud en especial vinculada con la atenci\u00f3n secundaria y la importancia de contar con m\u00e9dicos y ambulancias en parajes alejados de los centros urbanos. \u201cRealmente uno ve que hay un sentido de pertenec\u00eda muy fuerte y se cuidan los edificios del lugar como las escuelas y los centros de salud. Uno tiene la posibilidad de poder ver distintas formas de vivir\u201d.<br><br>\u201cNos caracterizamos \u2013agreg\u00f3 Luque- por ser una provincia con gran cantidad de pueblos y de comunas que tienen un sentido fuerte sobre el desarraigo y el futuro sobre todo para los j\u00f3venes. Muchos que emigran sin la posibilidad de capacitarse, desarrollarse, de volver a su tiempo a trabajar y ese es el desaf\u00edo que uno intenta llevar adelante desde Arriba Chubut\u201d, remarc\u00f3 el candidato a gobernador.<br><br>\u201cCada pueblo es particular, tiene sus sue\u00f1os, sus objetivos de futuro y eso incentiva a compartir esos sue\u00f1os de quienes viven en esos lugares. Tenemos una provincia hermosa con posibilidades de desarrollo en Aldea Las Pampa que tiene Cordillera, monta\u00f1as y posibilidades de desarrollo tur\u00edstico con lagos y r\u00edos con desarrollo productivo tambi\u00e9n. Son proyectos que el Estado tiene que llevar adelante y estar m\u00e1s presente porque cualquier inconveniente que pasa en la \u00e9poca invernal y lugares, la nieve no permite ingresar y se corre un riesgo de vida si hay un problema de salud en particular\u201d. Se refiri\u00f3 a la necesidad de trasladar pacientes a R\u00edo Pico o Esquel y la relevancia que adquiere en estos casos, la atenci\u00f3n secundaria.<br><br>Se refiri\u00f3 adem\u00e1s al potencial tur\u00edstico que tiene Puerto Madryn y la describi\u00f3 como \u201cpuerta de entrada\u201d a los m\u00faltiples atractivos que tiene el destino Chubut. \u201cEs la ciudad en el puesto dieciocho en cantidad de visitantes y est\u00e1 quinta a nivel pa\u00eds. Chubut tiene un potencial de industria de desarrollo tur\u00edstico muy grande y involucrando al sector privado y el p\u00fablico. Tenemos la posibilidad de generar un plan como hicimos aqu\u00ed con pioneros 2030 que funciona muy bien. El camino es poder planificar y hablar de turismo no es solo ir a una playa de vacaciones \u00f3 a ver ballenas. El Estado debe atender la comunicaci\u00f3n terrestre, mejorar los caminos, tener un banco de fomento para aquellos que quieran avanzar en sus emprendimientos. Esto va de la mano del mejoramiento de la macro econom\u00eda teniendo un banco que ayude\u201d.<br><br>\u201cNo somos parte del gobierno provincial y no tenemos ninguna incidencia en la realidad que se vive hoy en d\u00eda. Hace seis a\u00f1os que la educaci\u00f3n ha ido desmejorando paulatinamente por no resolver una mesa permanente de gesti\u00f3n y di\u00e1logo con los distintos gremios del sector\u201d cuestion\u00f3.<br><br>\u201cEn la Municipalidad cuando tuvimos conflictos demostramos ser proactivos; ir hacia el problema y solucionarlo r\u00e1pidamente. No me banco quedarme con los brazos cruzados si tengo una problem\u00e1tica tan fuerte. A veces se puede solucionar y a veces no pero hay que hacer todo los esfuerzos posibles en la mesa de di\u00e1logos\u201d. Lament\u00f3 que se transite por semanas enteras sin dictado de clases debido a los paros gremiales. \u201cHay que garantizar que las escuelas est\u00e9n en condiciones, los salarios y darle una mejor calidad educativa, que requiere de posibilidades laborales a los j\u00f3venes que el mercado laboral solicita\u201d.<br><br>\u201cLo m\u00ednimo e indispensable es tener una relaci\u00f3n permanente con los gremios para poder discutir con los chicos en las aulas debido al da\u00f1o que se le hace a una generaci\u00f3n que no complet\u00f3 un a\u00f1o. Es dif\u00edcil seguir manejando las mismas estructuras porque las provincias crecen y deben desarrollarse e invertir para tener mejores escuelas\u201d, finaliz\u00f3<\/p>\n\n\n\n<p>Jornada<\/p>\n","protected":false},"excerpt":{"rendered":"<p>El actual jefe comunal comodorense y candodato a gobernador por \u201cArriba Chubut\u201d, manifest\u00f3 indic\u00f3 que hay que producir estrategias para resolver el d\u00e9ficit educativo.Juan Pablo Luque y su abordaje en&hellip; <\/p>\n","protected":false},"author":2,"featured_media":3655,"comment_status":"closed","ping_status":"closed","sticky":false,"template":"","format":"standard","meta":{"footnotes":""},"categories":[14],"tags":[],"class_list":["post-3656","post","type-post","status-publish","format-standard","has-post-thumbnail","hentry","category-provinciales"],"yoast_head":"<!-- This site is optimized with the Yoast SEO plugin v27.4 - https:\/\/yoast.com\/product\/yoast-seo-wordpress\/ -->\n<title>JUAN PABLO LUQUE\u201cHay que tener una relaci\u00f3n con los gremios para poder discutir pero con los chicos en las aulas\u201d - FM Patagonia Madryn<\/title>\n<meta name=\"robots\" content=\"index, follow, max-snippet:-1, max-image-preview:large, max-video-preview:-1\" \/>\n<link rel=\"canonical\" href=\"https:\/\/fmpatagoniamadryn.com.ar\/?p=3656\" \/>\n<meta property=\"og:locale\" content=\"es_ES\" \/>\n<meta property=\"og:type\" content=\"article\" \/>\n<meta property=\"og:title\" content=\"JUAN PABLO LUQUE\u201cHay que tener una relaci\u00f3n con los gremios para poder discutir pero con los chicos en las aulas\u201d - FM Patagonia Madryn\" \/>\n<meta property=\"og:description\" content=\"El actual jefe comunal comodorense y candodato a gobernador por \u201cArriba Chubut\u201d, manifest\u00f3 indic\u00f3 que hay que producir estrategias para resolver el d\u00e9ficit educativo.Juan Pablo Luque y su abordaje en&hellip;\" \/>\n<meta property=\"og:url\" content=\"https:\/\/fmpatagoniamadryn.com.ar\/?p=3656\" \/>\n<meta property=\"og:site_name\" content=\"FM Patagonia Madryn\" \/>\n<meta property=\"article:published_time\" content=\"2023-06-19T18:03:39+00:00\" \/>\n<meta property=\"article:modified_time\" content=\"2023-06-19T18:03:51+00:00\" \/>\n<meta property=\"og:image\" content=\"https:\/\/fmpatagoniamadryn.com.ar\/wp-content\/uploads\/2023\/06\/349132_1_20315_md.jpg\" \/>\n\t<meta property=\"og:image:width\" content=\"600\" \/>\n\t<meta property=\"og:image:height\" content=\"462\" \/>\n\t<meta property=\"og:image:type\" content=\"image\/jpeg\" \/>\n<meta name=\"author\" content=\"FM Patagonia\" \/>\n<meta name=\"twitter:card\" content=\"summary_large_image\" \/>\n<meta name=\"twitter:label1\" content=\"Escrito por\" \/>\n\t<meta name=\"twitter:data1\" content=\"FM Patagonia\" \/>\n\t<meta name=\"twitter:label2\" content=\"Tiempo de lectura\" \/>\n\t<meta name=\"twitter:data2\" content=\"4 minutos\" \/>\n<script type=\"application\/ld+json\" class=\"yoast-schema-graph\">{\"@context\":\"https:\\\/\\\/schema.org\",\"@graph\":[{\"@type\":\"Article\",\"@id\":\"https:\\\/\\\/fmpatagoniamadryn.com.ar\\\/?p=3656#article\",\"isPartOf\":{\"@id\":\"https:\\\/\\\/fmpatagoniamadryn.com.ar\\\/?p=3656\"},\"author\":{\"name\":\"FM Patagonia\",\"@id\":\"https:\\\/\\\/fmpatagoniamadryn.com.ar\\\/#\\\/schema\\\/person\\\/8a3de4ad7efceacab06c1641c50303b7\"},\"headline\":\"JUAN PABLO LUQUE \u201cHay que tener una relaci\u00f3n con los gremios para poder discutir pero con los chicos en las aulas\u201d\",\"datePublished\":\"2023-06-19T18:03:39+00:00\",\"dateModified\":\"2023-06-19T18:03:51+00:00\",\"mainEntityOfPage\":{\"@id\":\"https:\\\/\\\/fmpatagoniamadryn.com.ar\\\/?p=3656\"},\"wordCount\":822,\"publisher\":{\"@id\":\"https:\\\/\\\/fmpatagoniamadryn.com.ar\\\/#organization\"},\"image\":{\"@id\":\"https:\\\/\\\/fmpatagoniamadryn.com.ar\\\/?p=3656#primaryimage\"},\"thumbnailUrl\":\"https:\\\/\\\/fmpatagoniamadryn.com.ar\\\/wp-content\\\/uploads\\\/2023\\\/06\\\/349132_1_20315_md.jpg\",\"articleSection\":[\"Provinciales\"],\"inLanguage\":\"es\"},{\"@type\":\"WebPage\",\"@id\":\"https:\\\/\\\/fmpatagoniamadryn.com.ar\\\/?p=3656\",\"url\":\"https:\\\/\\\/fmpatagoniamadryn.com.ar\\\/?p=3656\",\"name\":\"JUAN PABLO LUQUE \u201cHay que tener una relaci\u00f3n con los gremios para poder discutir pero con los chicos en las aulas\u201d - FM Patagonia Madryn\",\"isPartOf\":{\"@id\":\"https:\\\/\\\/fmpatagoniamadryn.com.ar\\\/#website\"},\"primaryImageOfPage\":{\"@id\":\"https:\\\/\\\/fmpatagoniamadryn.com.ar\\\/?p=3656#primaryimage\"},\"image\":{\"@id\":\"https:\\\/\\\/fmpatagoniamadryn.com.ar\\\/?p=3656#primaryimage\"},\"thumbnailUrl\":\"https:\\\/\\\/fmpatagoniamadryn.com.ar\\\/wp-content\\\/uploads\\\/2023\\\/06\\\/349132_1_20315_md.jpg\",\"datePublished\":\"2023-06-19T18:03:39+00:00\",\"dateModified\":\"2023-06-19T18:03:51+00:00\",\"breadcrumb\":{\"@id\":\"https:\\\/\\\/fmpatagoniamadryn.com.ar\\\/?p=3656#breadcrumb\"},\"inLanguage\":\"es\",\"potentialAction\":[{\"@type\":\"ReadAction\",\"target\":[\"https:\\\/\\\/fmpatagoniamadryn.com.ar\\\/?p=3656\"]}]},{\"@type\":\"ImageObject\",\"inLanguage\":\"es\",\"@id\":\"https:\\\/\\\/fmpatagoniamadryn.com.ar\\\/?p=3656#primaryimage\",\"url\":\"https:\\\/\\\/fmpatagoniamadryn.com.ar\\\/wp-content\\\/uploads\\\/2023\\\/06\\\/349132_1_20315_md.jpg\",\"contentUrl\":\"https:\\\/\\\/fmpatagoniamadryn.com.ar\\\/wp-content\\\/uploads\\\/2023\\\/06\\\/349132_1_20315_md.jpg\",\"width\":600,\"height\":462},{\"@type\":\"BreadcrumbList\",\"@id\":\"https:\\\/\\\/fmpatagoniamadryn.com.ar\\\/?p=3656#breadcrumb\",\"itemListElement\":[{\"@type\":\"ListItem\",\"position\":1,\"name\":\"Portada\",\"item\":\"https:\\\/\\\/fmpatagoniamadryn.com.ar\\\/\"},{\"@type\":\"ListItem\",\"position\":2,\"name\":\"JUAN PABLO LUQUE\u201cHay que tener una relaci\u00f3n con los gremios para poder discutir pero con los chicos en las aulas\u201d\"}]},{\"@type\":\"WebSite\",\"@id\":\"https:\\\/\\\/fmpatagoniamadryn.com.ar\\\/#website\",\"url\":\"https:\\\/\\\/fmpatagoniamadryn.com.ar\\\/\",\"name\":\"FM Patagonia Madryn\",\"description\":\"Radio Patagonia 105.5\",\"publisher\":{\"@id\":\"https:\\\/\\\/fmpatagoniamadryn.com.ar\\\/#organization\"},\"potentialAction\":[{\"@type\":\"SearchAction\",\"target\":{\"@type\":\"EntryPoint\",\"urlTemplate\":\"https:\\\/\\\/fmpatagoniamadryn.com.ar\\\/?s={search_term_string}\"},\"query-input\":{\"@type\":\"PropertyValueSpecification\",\"valueRequired\":true,\"valueName\":\"search_term_string\"}}],\"inLanguage\":\"es\"},{\"@type\":\"Organization\",\"@id\":\"https:\\\/\\\/fmpatagoniamadryn.com.ar\\\/#organization\",\"name\":\"FM Patagonia Madryn\",\"url\":\"https:\\\/\\\/fmpatagoniamadryn.com.ar\\\/\",\"logo\":{\"@type\":\"ImageObject\",\"inLanguage\":\"es\",\"@id\":\"https:\\\/\\\/fmpatagoniamadryn.com.ar\\\/#\\\/schema\\\/logo\\\/image\\\/\",\"url\":\"https:\\\/\\\/fmpatagoniamadryn.com.ar\\\/wp-content\\\/uploads\\\/2023\\\/01\\\/cropped-Diseno-sin-titulo.png\",\"contentUrl\":\"https:\\\/\\\/fmpatagoniamadryn.com.ar\\\/wp-content\\\/uploads\\\/2023\\\/01\\\/cropped-Diseno-sin-titulo.png\",\"width\":6911,\"height\":2657,\"caption\":\"FM Patagonia Madryn\"},\"image\":{\"@id\":\"https:\\\/\\\/fmpatagoniamadryn.com.ar\\\/#\\\/schema\\\/logo\\\/image\\\/\"}},{\"@type\":\"Person\",\"@id\":\"https:\\\/\\\/fmpatagoniamadryn.com.ar\\\/#\\\/schema\\\/person\\\/8a3de4ad7efceacab06c1641c50303b7\",\"name\":\"FM Patagonia\",\"url\":\"https:\\\/\\\/fmpatagoniamadryn.com.ar\\\/?author=2\"}]}<\/script>\n<!-- \/ Yoast SEO plugin. -->","yoast_head_json":{"title":"JUAN PABLO LUQUE\u201cHay que tener una relaci\u00f3n con los gremios para poder discutir pero con los chicos en las aulas\u201d - FM Patagonia Madryn","robots":{"index":"index","follow":"follow","max-snippet":"max-snippet:-1","max-image-preview":"max-image-preview:large","max-video-preview":"max-video-preview:-1"},"canonical":"https:\/\/fmpatagoniamadryn.com.ar\/?p=3656","og_locale":"es_ES","og_type":"article","og_title":"JUAN PABLO LUQUE\u201cHay que tener una relaci\u00f3n con los gremios para poder discutir pero con los chicos en las aulas\u201d - FM Patagonia Madryn","og_description":"El actual jefe comunal comodorense y candodato a gobernador por \u201cArriba Chubut\u201d, manifest\u00f3 indic\u00f3 que hay que producir estrategias para resolver el d\u00e9ficit educativo.Juan Pablo Luque y su abordaje en&hellip;","og_url":"https:\/\/fmpatagoniamadryn.com.ar\/?p=3656","og_site_name":"FM Patagonia Madryn","article_published_time":"2023-06-19T18:03:39+00:00","article_modified_time":"2023-06-19T18:03:51+00:00","og_image":[{"width":600,"height":462,"url":"https:\/\/fmpatagoniamadryn.com.ar\/wp-content\/uploads\/2023\/06\/349132_1_20315_md.jpg","type":"image\/jpeg"}],"author":"FM Patagonia","twitter_card":"summary_large_image","twitter_misc":{"Escrito por":"FM Patagonia","Tiempo de lectura":"4 minutos"},"schema":{"@context":"https:\/\/schema.org","@graph":[{"@type":"Article","@id":"https:\/\/fmpatagoniamadryn.com.ar\/?p=3656#article","isPartOf":{"@id":"https:\/\/fmpatagoniamadryn.com.ar\/?p=3656"},"author":{"name":"FM Patagonia","@id":"https:\/\/fmpatagoniamadryn.com.ar\/#\/schema\/person\/8a3de4ad7efceacab06c1641c50303b7"},"headline":"JUAN PABLO LUQUE \u201cHay que tener una relaci\u00f3n con los gremios para poder discutir pero con los chicos en las aulas\u201d","datePublished":"2023-06-19T18:03:39+00:00","dateModified":"2023-06-19T18:03:51+00:00","mainEntityOfPage":{"@id":"https:\/\/fmpatagoniamadryn.com.ar\/?p=3656"},"wordCount":822,"publisher":{"@id":"https:\/\/fmpatagoniamadryn.com.ar\/#organization"},"image":{"@id":"https:\/\/fmpatagoniamadryn.com.ar\/?p=3656#primaryimage"},"thumbnailUrl":"https:\/\/fmpatagoniamadryn.com.ar\/wp-content\/uploads\/2023\/06\/349132_1_20315_md.jpg","articleSection":["Provinciales"],"inLanguage":"es"},{"@type":"WebPage","@id":"https:\/\/fmpatagoniamadryn.com.ar\/?p=3656","url":"https:\/\/fmpatagoniamadryn.com.ar\/?p=3656","name":"JUAN PABLO LUQUE \u201cHay que tener una relaci\u00f3n con los gremios para poder discutir pero con los chicos en las aulas\u201d - FM Patagonia Madryn","isPartOf":{"@id":"https:\/\/fmpatagoniamadryn.com.ar\/#website"},"primaryImageOfPage":{"@id":"https:\/\/fmpatagoniamadryn.com.ar\/?p=3656#primaryimage"},"image":{"@id":"https:\/\/fmpatagoniamadryn.com.ar\/?p=3656#primaryimage"},"thumbnailUrl":"https:\/\/fmpatagoniamadryn.com.ar\/wp-content\/uploads\/2023\/06\/349132_1_20315_md.jpg","datePublished":"2023-06-19T18:03:39+00:00","dateModified":"2023-06-19T18:03:51+00:00","breadcrumb":{"@id":"https:\/\/fmpatagoniamadryn.com.ar\/?p=3656#breadcrumb"},"inLanguage":"es","potentialAction":[{"@type":"ReadAction","target":["https:\/\/fmpatagoniamadryn.com.ar\/?p=3656"]}]},{"@type":"ImageObject","inLanguage":"es","@id":"https:\/\/fmpatagoniamadryn.com.ar\/?p=3656#primaryimage","url":"https:\/\/fmpatagoniamadryn.com.ar\/wp-content\/uploads\/2023\/06\/349132_1_20315_md.jpg","contentUrl":"https:\/\/fmpatagoniamadryn.com.ar\/wp-content\/uploads\/2023\/06\/349132_1_20315_md.jpg","width":600,"height":462},{"@type":"BreadcrumbList","@id":"https:\/\/fmpatagoniamadryn.com.ar\/?p=3656#breadcrumb","itemListElement":[{"@type":"ListItem","position":1,"name":"Portada","item":"https:\/\/fmpatagoniamadryn.com.ar\/"},{"@type":"ListItem","position":2,"name":"JUAN PABLO LUQUE\u201cHay que tener una relaci\u00f3n con los gremios para poder discutir pero con los chicos en las aulas\u201d"}]},{"@type":"WebSite","@id":"https:\/\/fmpatagoniamadryn.com.ar\/#website","url":"https:\/\/fmpatagoniamadryn.com.ar\/","name":"FM Patagonia Madryn","description":"Radio Patagonia 105.5","publisher":{"@id":"https:\/\/fmpatagoniamadryn.com.ar\/#organization"},"potentialAction":[{"@type":"SearchAction","target":{"@type":"EntryPoint","urlTemplate":"https:\/\/fmpatagoniamadryn.com.ar\/?s={search_term_string}"},"query-input":{"@type":"PropertyValueSpecification","valueRequired":true,"valueName":"search_term_string"}}],"inLanguage":"es"},{"@type":"Organization","@id":"https:\/\/fmpatagoniamadryn.com.ar\/#organization","name":"FM Patagonia Madryn","url":"https:\/\/fmpatagoniamadryn.com.ar\/","logo":{"@type":"ImageObject","inLanguage":"es","@id":"https:\/\/fmpatagoniamadryn.com.ar\/#\/schema\/logo\/image\/","url":"https:\/\/fmpatagoniamadryn.com.ar\/wp-content\/uploads\/2023\/01\/cropped-Diseno-sin-titulo.png","contentUrl":"https:\/\/fmpatagoniamadryn.com.ar\/wp-content\/uploads\/2023\/01\/cropped-Diseno-sin-titulo.png","width":6911,"height":2657,"caption":"FM Patagonia Madryn"},"image":{"@id":"https:\/\/fmpatagoniamadryn.com.ar\/#\/schema\/logo\/image\/"}},{"@type":"Person","@id":"https:\/\/fmpatagoniamadryn.com.ar\/#\/schema\/person\/8a3de4ad7efceacab06c1641c50303b7","name":"FM Patagonia","url":"https:\/\/fmpatagoniamadryn.com.ar\/?author=2"}]}},"jetpack_featured_media_url":"https:\/\/fmpatagoniamadryn.com.ar\/wp-content\/uploads\/2023\/06\/349132_1_20315_md.jpg","_links":{"self":[{"href":"https:\/\/fmpatagoniamadryn.com.ar\/index.php?rest_route=\/wp\/v2\/posts\/3656","targetHints":{"allow":["GET"]}}],"collection":[{"href":"https:\/\/fmpatagoniamadryn.com.ar\/index.php?rest_route=\/wp\/v2\/posts"}],"about":[{"href":"https:\/\/fmpatagoniamadryn.com.ar\/index.php?rest_route=\/wp\/v2\/types\/post"}],"author":[{"embeddable":true,"href":"https:\/\/fmpatagoniamadryn.com.ar\/index.php?rest_route=\/wp\/v2\/users\/2"}],"replies":[{"embeddable":true,"href":"https:\/\/fmpatagoniamadryn.com.ar\/index.php?rest_route=%2Fwp%2Fv2%2Fcomments&post=3656"}],"version-history":[{"count":1,"href":"https:\/\/fmpatagoniamadryn.com.ar\/index.php?rest_route=\/wp\/v2\/posts\/3656\/revisions"}],"predecessor-version":[{"id":3657,"href":"https:\/\/fmpatagoniamadryn.com.ar\/index.php?rest_route=\/wp\/v2\/posts\/3656\/revisions\/3657"}],"wp:featuredmedia":[{"embeddable":true,"href":"https:\/\/fmpatagoniamadryn.com.ar\/index.php?rest_route=\/wp\/v2\/media\/3655"}],"wp:attachment":[{"href":"https:\/\/fmpatagoniamadryn.com.ar\/index.php?rest_route=%2Fwp%2Fv2%2Fmedia&parent=3656"}],"wp:term":[{"taxonomy":"category","embeddable":true,"href":"https:\/\/fmpatagoniamadryn.com.ar\/index.php?rest_route=%2Fwp%2Fv2%2Fcategories&post=3656"},{"taxonomy":"post_tag","embeddable":true,"href":"https:\/\/fmpatagoniamadryn.com.ar\/index.php?rest_route=%2Fwp%2Fv2%2Ftags&post=3656"}],"curies":[{"name":"wp","href":"https:\/\/api.w.org\/{rel}","templated":true}]}}