{"id":3662,"date":"2023-06-19T16:40:55","date_gmt":"2023-06-19T19:40:55","guid":{"rendered":"https:\/\/fmpatagoniamadryn.com.ar\/?p=3662"},"modified":"2023-06-19T16:41:16","modified_gmt":"2023-06-19T19:41:16","slug":"la-comunidad-madrynense-volvio-a-homenajear-a-los-veteranos-de-malvinas-en-un-nuevo-aniversario-de-el-dia-que-madryn-se-quedo-sin-pan","status":"publish","type":"post","link":"https:\/\/fmpatagoniamadryn.com.ar\/?p=3662","title":{"rendered":"LA COMUNIDAD MADRYNENSE VOLVI\u00d3 A HOMENAJEAR A LOS VETERANOS DE MALVINAS EN UN NUEVO ANIVERSARIO DE \u201cEL D\u00cdA QUE MADRYN SE QUED\u00d3 SIN PAN\u201d"},"content":{"rendered":"\n<p><br><br>En un emotivo y sentido acto, que se llev\u00f3 a cabo en el Ecocentro Pampa Azul, se record\u00f3 el d\u00eda en el que miles de combatientes de la Guerra llegaron a nuestra ciudad a bordo del buque Canberra<br><br><br>Tal como es habitual desde hace a\u00f1os, en Puerto Madryn se record\u00f3 un nuevo aniversario de \u201cEl D\u00eda que Madryn se qued\u00f3 sin pan\u201d, en el que se rememora el d\u00eda en el que m\u00e1s de 4.000 soldados desembarcaron en nuestra ciudad, volviendo a casa luego de la Guerra de Malvinas. Concretamente, hace 41 a\u00f1os regresaron a bordo del buque Canberra, al que le siguieron las llegadas en los buques Northland, ARA Almirante Irizar y Saint Edmund.<br><br>El emotivo y sentido acto, que se llev\u00f3 a cabo en el Ecocentro Pampa Azul, estuvo encabezado por el intendente Gustavo Sastre, acompa\u00f1ado por el veterano de guerra y director del Museo Malvinas e Islas del Atl\u00e1ntico Sur, Edgardo Esteban; la viceintendenta Noelia Corval\u00e1n y veteranos de Guerra de Malvinas que vinieron desde Buenos Aires, R\u00edo Negro, C\u00f3rdoba, Neuqu\u00e9n, Santa Fe, Catamarca, La Pampa, Chaco, Corrientes, Mendoza, Santa Cruz, Tierra del Fuego y de distintas localidades de Chubut, sumando tambi\u00e9n a los representantes de Puerto Madryn.<br><br>Malvinizaci\u00f3n de Puerto Madryn<br><br>Al respecto, el Intendente dijo: \u201cEsta fecha es muy importante para todo el pa\u00eds, pero en Puerto Madryn tiene un sentimiento especial. Para nosotros no es un d\u00eda m\u00e1s, es un d\u00eda hist\u00f3rico. Quiero decirles a los veteranos que para nosotros los madrynenses es de suma relevancia que puedan estar ac\u00e1 presentes\u201d.<br><br>En este mismo sentido, el Jefe Comunal manifest\u00f3: \u201cHace mucho tiempo que hemos tomado la decisi\u00f3n de seguir malvinizando fuertemente a nuestra ciudad e invito al resto de las ciudades del pa\u00eds a que hagan lo mismo, ya que Malvinas no es una causa m\u00e1s, es un sentimiento marcado a fuego para cada uno de los habitantes de la Rep\u00fablica Argentina. Deseo fuertemente como argentino que en muy poco tiempo las Islas Malvinas vuelvan a tener flameando nuestra bandera celeste y blanca, deseo que seguramente tenemos muchos. Esto debemos lograrlo con la madurez necesaria que tienen que tener los Estados para mediar y poder recuperar lo que nunca debimos haber perdido\u201d.<br><br>Por \u00faltimo y en un mensaje dirigido a los veteranos, el Jefe Comunal sostuvo: \u201cEn cada pedazo de pan que les dieron los madrynenses aquel d\u00eda, les entregaron parte de su coraz\u00f3n y tambi\u00e9n una parte de Puerto Madryn. Gracias por estar aqu\u00ed y nuestra ciudad siempre va a ser su casa\u201d.<br><br>Nuestra bandera en las Islas<br><br>Por su parte, el director del Museo Malvinas e Islas del Atl\u00e1ntico Sur remarc\u00f3: \u201cEstoy muy emocionado por lo que estamos viviendo y por los recuerdos que todo esto me trae. Cuando bajamos aquel 19 de junio del Canberra, esta ciudad era mucho m\u00e1s chiquita y recuerdo a la gente que nos esper\u00f3 para darnos un pedazo de pan y un abrazo. Volvimos con la sensaci\u00f3n de haber dejado un pedazo de nuestro coraz\u00f3n en las Islas y va a ser as\u00ed hasta que volvamos a ver flamear a nuestra bandera celeste y blanca en este territorio, en un futuro no muy lejano\u201d.<br><br>\u201cEsta iniciativa de \u2018Pisar Malvinas\u2019 la pensamos con el objetivo de transmitir este profundo amor y compromiso malvinero a las generaciones venideras. Cuando uno dice \u2018Malvinas\u2019 es uno de los pocos temas que se rescata desde lo colectivo. El 2 de abril no hay ninguna ciudad del pa\u00eds que no homenajee a nuestros ca\u00eddos. Quiz\u00e1s en aquellos d\u00edas se nos ocult\u00f3, menos en Madryn. Pueden pasar cinco a\u00f1os, diez a\u00f1os, cien a\u00f1os, pero no vamos a claudicar porque tenemos todos el mismo sue\u00f1o, volver a Malvinas y que flamee nuestra celeste y blanca como corresponde. Las Malvinas fueron, son y ser\u00e1n por siempre Argentinas\u201d, concluy\u00f3 Esteban.<br><br>Emotivo himno<br><br>En primer lugar, se entonaron las estrofas del Himno Nacional Argentino, que fueron acompa\u00f1adas en el piano por Sergio Ariel Vainroj, un veterano de guerra que cuando regresaba como prisionero en el buque ingl\u00e9s Canberra, junto a otros 300 soldados, visualiz\u00f3 un piano en el espacio en el que se encontraban.<br><br>Sergio se acerc\u00f3 y comenz\u00f3 a tocar distintas canciones, hasta que, a pedido de sus compa\u00f1eros, enton\u00f3 las estrofas del Himno Nacional Argentino a bordo del buque ingl\u00e9s. Inmediatamente, todos y cada uno de los soldados argentinos se pusieron de pie y cantaron nuestra canci\u00f3n patria a viva voz.<br><br>Ante esta situaci\u00f3n, un soldado ingl\u00e9s interpret\u00f3 el hecho como un amotinamiento, se acerc\u00f3 a Sergio, lo apart\u00f3 del piano y lo golpe\u00f3 fuertemente. El himno qued\u00f3 inconcluso, pero sus acordes ya hab\u00edan sonado en un barco ingl\u00e9s.<br><br>El D\u00eda que Madryn se qued\u00f3 sin pan<br><br>Cabe recordar que a trav\u00e9s de la Ordenanza N\u00b09449, todos los 19 de junio se reconocen como \u201cEl D\u00eda que Madryn se qued\u00f3 sin pan\u201d, recordando que en 1982 la sociedad de nuestra ciudad sali\u00f3 a las calles a recibir a los soldados, rompiendo el cerco de seguridad interpuesto por los militares.<br><br>Los vecinos corr\u00edan hacia los camiones cargados de soldados con el solo prop\u00f3sito de alcanzarles algo para que puedan comer. Las pocas panader\u00edas de aquel entonces no dieron a basto con sus producciones y, ese d\u00eda, literalmente, Puerto Madryn se qued\u00f3 sin pan, pero logr\u00f3 estrechar con un enorme abrazo a quienes dieron todo por nuestra patria.<br><br>Pisar Malvinas<\/p>\n\n\n\n<p>En el acto, tambi\u00e9n estuvieron presentes el secretario de Gobierno, Mart\u00edn Ebene; el presidente del Consejo de Administraci\u00f3n del Ecocentro Pampa Azul, Diego Gonz\u00e1lez; el secretario de Ciencia, Tecnolog\u00eda, Innovaci\u00f3n Productiva y Cultura de Chubut y representante titular de la Provincia ante el Consejo Directivo del Ecocentro Pampa Azul, Mauro Carrasco; el coordinador ejecutivo del Comit\u00e9 Interministerial de la Iniciativa Pampa Azul y representante titular del Ministerio de Ciencia, Tecnolog\u00eda e Innovaci\u00f3n de la Naci\u00f3n ante el Consejo Directivo del Ecocentro Pampa Azul, Juan Emilio Sala; el Gabinete Municipal; diputados provinciales; concejales y p\u00fablico en general.<\/p>\n","protected":false},"excerpt":{"rendered":"<p>En un emotivo y sentido acto, que se llev\u00f3 a cabo en el Ecocentro Pampa Azul, se record\u00f3 el d\u00eda en el que miles de combatientes de la Guerra llegaron&hellip; <\/p>\n","protected":false},"author":2,"featured_media":3661,"comment_status":"closed","ping_status":"closed","sticky":false,"template":"","format":"standard","meta":{"footnotes":""},"categories":[15],"tags":[],"class_list":["post-3662","post","type-post","status-publish","format-standard","has-post-thumbnail","hentry","category-locales"],"yoast_head":"<!-- This site is optimized with the Yoast SEO plugin v27.4 - https:\/\/yoast.com\/product\/yoast-seo-wordpress\/ -->\n<title>LA COMUNIDAD MADRYNENSE VOLVI\u00d3 A HOMENAJEAR A LOS VETERANOS DE MALVINAS EN UN NUEVO ANIVERSARIO DE \u201cEL D\u00cdA QUE MADRYN SE QUED\u00d3 SIN PAN\u201d - FM Patagonia Madryn<\/title>\n<meta name=\"robots\" content=\"index, follow, max-snippet:-1, max-image-preview:large, max-video-preview:-1\" \/>\n<link rel=\"canonical\" href=\"https:\/\/fmpatagoniamadryn.com.ar\/?p=3662\" \/>\n<meta property=\"og:locale\" content=\"es_ES\" \/>\n<meta property=\"og:type\" content=\"article\" \/>\n<meta property=\"og:title\" content=\"LA COMUNIDAD MADRYNENSE VOLVI\u00d3 A HOMENAJEAR A LOS VETERANOS DE MALVINAS EN UN NUEVO ANIVERSARIO DE \u201cEL D\u00cdA QUE MADRYN SE QUED\u00d3 SIN PAN\u201d - FM Patagonia Madryn\" \/>\n<meta property=\"og:description\" content=\"En un emotivo y sentido acto, que se llev\u00f3 a cabo en el Ecocentro Pampa Azul, se record\u00f3 el d\u00eda en el que miles de combatientes de la Guerra llegaron&hellip;\" \/>\n<meta property=\"og:url\" content=\"https:\/\/fmpatagoniamadryn.com.ar\/?p=3662\" \/>\n<meta property=\"og:site_name\" content=\"FM Patagonia Madryn\" \/>\n<meta property=\"article:published_time\" content=\"2023-06-19T19:40:55+00:00\" \/>\n<meta property=\"article:modified_time\" content=\"2023-06-19T19:41:16+00:00\" \/>\n<meta property=\"og:image\" content=\"https:\/\/fmpatagoniamadryn.com.ar\/wp-content\/uploads\/2023\/06\/4a722a69-cf22-441a-bf79-a7a6da419f54-1.jpg\" \/>\n\t<meta property=\"og:image:width\" content=\"1347\" \/>\n\t<meta property=\"og:image:height\" content=\"842\" \/>\n\t<meta property=\"og:image:type\" content=\"image\/jpeg\" \/>\n<meta name=\"author\" content=\"FM Patagonia\" \/>\n<meta name=\"twitter:card\" content=\"summary_large_image\" \/>\n<meta name=\"twitter:label1\" content=\"Escrito por\" \/>\n\t<meta name=\"twitter:data1\" content=\"FM Patagonia\" \/>\n\t<meta name=\"twitter:label2\" content=\"Tiempo de lectura\" \/>\n\t<meta name=\"twitter:data2\" content=\"5 minutos\" \/>\n<script type=\"application\/ld+json\" class=\"yoast-schema-graph\">{\"@context\":\"https:\\\/\\\/schema.org\",\"@graph\":[{\"@type\":\"Article\",\"@id\":\"https:\\\/\\\/fmpatagoniamadryn.com.ar\\\/?p=3662#article\",\"isPartOf\":{\"@id\":\"https:\\\/\\\/fmpatagoniamadryn.com.ar\\\/?p=3662\"},\"author\":{\"name\":\"FM Patagonia\",\"@id\":\"https:\\\/\\\/fmpatagoniamadryn.com.ar\\\/#\\\/schema\\\/person\\\/8a3de4ad7efceacab06c1641c50303b7\"},\"headline\":\"LA COMUNIDAD MADRYNENSE VOLVI\u00d3 A HOMENAJEAR A LOS VETERANOS DE MALVINAS EN UN NUEVO ANIVERSARIO DE \u201cEL D\u00cdA QUE MADRYN SE QUED\u00d3 SIN PAN\u201d\",\"datePublished\":\"2023-06-19T19:40:55+00:00\",\"dateModified\":\"2023-06-19T19:41:16+00:00\",\"mainEntityOfPage\":{\"@id\":\"https:\\\/\\\/fmpatagoniamadryn.com.ar\\\/?p=3662\"},\"wordCount\":1072,\"publisher\":{\"@id\":\"https:\\\/\\\/fmpatagoniamadryn.com.ar\\\/#organization\"},\"image\":{\"@id\":\"https:\\\/\\\/fmpatagoniamadryn.com.ar\\\/?p=3662#primaryimage\"},\"thumbnailUrl\":\"https:\\\/\\\/fmpatagoniamadryn.com.ar\\\/wp-content\\\/uploads\\\/2023\\\/06\\\/4a722a69-cf22-441a-bf79-a7a6da419f54-1.jpg\",\"articleSection\":[\"Locales\"],\"inLanguage\":\"es\"},{\"@type\":\"WebPage\",\"@id\":\"https:\\\/\\\/fmpatagoniamadryn.com.ar\\\/?p=3662\",\"url\":\"https:\\\/\\\/fmpatagoniamadryn.com.ar\\\/?p=3662\",\"name\":\"LA COMUNIDAD MADRYNENSE VOLVI\u00d3 A HOMENAJEAR A LOS VETERANOS DE MALVINAS EN UN NUEVO ANIVERSARIO DE \u201cEL D\u00cdA QUE MADRYN SE QUED\u00d3 SIN PAN\u201d - FM Patagonia Madryn\",\"isPartOf\":{\"@id\":\"https:\\\/\\\/fmpatagoniamadryn.com.ar\\\/#website\"},\"primaryImageOfPage\":{\"@id\":\"https:\\\/\\\/fmpatagoniamadryn.com.ar\\\/?p=3662#primaryimage\"},\"image\":{\"@id\":\"https:\\\/\\\/fmpatagoniamadryn.com.ar\\\/?p=3662#primaryimage\"},\"thumbnailUrl\":\"https:\\\/\\\/fmpatagoniamadryn.com.ar\\\/wp-content\\\/uploads\\\/2023\\\/06\\\/4a722a69-cf22-441a-bf79-a7a6da419f54-1.jpg\",\"datePublished\":\"2023-06-19T19:40:55+00:00\",\"dateModified\":\"2023-06-19T19:41:16+00:00\",\"breadcrumb\":{\"@id\":\"https:\\\/\\\/fmpatagoniamadryn.com.ar\\\/?p=3662#breadcrumb\"},\"inLanguage\":\"es\",\"potentialAction\":[{\"@type\":\"ReadAction\",\"target\":[\"https:\\\/\\\/fmpatagoniamadryn.com.ar\\\/?p=3662\"]}]},{\"@type\":\"ImageObject\",\"inLanguage\":\"es\",\"@id\":\"https:\\\/\\\/fmpatagoniamadryn.com.ar\\\/?p=3662#primaryimage\",\"url\":\"https:\\\/\\\/fmpatagoniamadryn.com.ar\\\/wp-content\\\/uploads\\\/2023\\\/06\\\/4a722a69-cf22-441a-bf79-a7a6da419f54-1.jpg\",\"contentUrl\":\"https:\\\/\\\/fmpatagoniamadryn.com.ar\\\/wp-content\\\/uploads\\\/2023\\\/06\\\/4a722a69-cf22-441a-bf79-a7a6da419f54-1.jpg\",\"width\":1347,\"height\":842},{\"@type\":\"BreadcrumbList\",\"@id\":\"https:\\\/\\\/fmpatagoniamadryn.com.ar\\\/?p=3662#breadcrumb\",\"itemListElement\":[{\"@type\":\"ListItem\",\"position\":1,\"name\":\"Portada\",\"item\":\"https:\\\/\\\/fmpatagoniamadryn.com.ar\\\/\"},{\"@type\":\"ListItem\",\"position\":2,\"name\":\"LA COMUNIDAD MADRYNENSE VOLVI\u00d3 A HOMENAJEAR A LOS VETERANOS DE MALVINAS EN UN NUEVO ANIVERSARIO DE \u201cEL D\u00cdA QUE MADRYN SE QUED\u00d3 SIN PAN\u201d\"}]},{\"@type\":\"WebSite\",\"@id\":\"https:\\\/\\\/fmpatagoniamadryn.com.ar\\\/#website\",\"url\":\"https:\\\/\\\/fmpatagoniamadryn.com.ar\\\/\",\"name\":\"FM Patagonia Madryn\",\"description\":\"Radio Patagonia 105.5\",\"publisher\":{\"@id\":\"https:\\\/\\\/fmpatagoniamadryn.com.ar\\\/#organization\"},\"potentialAction\":[{\"@type\":\"SearchAction\",\"target\":{\"@type\":\"EntryPoint\",\"urlTemplate\":\"https:\\\/\\\/fmpatagoniamadryn.com.ar\\\/?s={search_term_string}\"},\"query-input\":{\"@type\":\"PropertyValueSpecification\",\"valueRequired\":true,\"valueName\":\"search_term_string\"}}],\"inLanguage\":\"es\"},{\"@type\":\"Organization\",\"@id\":\"https:\\\/\\\/fmpatagoniamadryn.com.ar\\\/#organization\",\"name\":\"FM Patagonia Madryn\",\"url\":\"https:\\\/\\\/fmpatagoniamadryn.com.ar\\\/\",\"logo\":{\"@type\":\"ImageObject\",\"inLanguage\":\"es\",\"@id\":\"https:\\\/\\\/fmpatagoniamadryn.com.ar\\\/#\\\/schema\\\/logo\\\/image\\\/\",\"url\":\"https:\\\/\\\/fmpatagoniamadryn.com.ar\\\/wp-content\\\/uploads\\\/2023\\\/01\\\/cropped-Diseno-sin-titulo.png\",\"contentUrl\":\"https:\\\/\\\/fmpatagoniamadryn.com.ar\\\/wp-content\\\/uploads\\\/2023\\\/01\\\/cropped-Diseno-sin-titulo.png\",\"width\":6911,\"height\":2657,\"caption\":\"FM Patagonia Madryn\"},\"image\":{\"@id\":\"https:\\\/\\\/fmpatagoniamadryn.com.ar\\\/#\\\/schema\\\/logo\\\/image\\\/\"}},{\"@type\":\"Person\",\"@id\":\"https:\\\/\\\/fmpatagoniamadryn.com.ar\\\/#\\\/schema\\\/person\\\/8a3de4ad7efceacab06c1641c50303b7\",\"name\":\"FM Patagonia\",\"url\":\"https:\\\/\\\/fmpatagoniamadryn.com.ar\\\/?author=2\"}]}<\/script>\n<!-- \/ Yoast SEO plugin. -->","yoast_head_json":{"title":"LA COMUNIDAD MADRYNENSE VOLVI\u00d3 A HOMENAJEAR A LOS VETERANOS DE MALVINAS EN UN NUEVO ANIVERSARIO DE \u201cEL D\u00cdA QUE MADRYN SE QUED\u00d3 SIN PAN\u201d - FM Patagonia Madryn","robots":{"index":"index","follow":"follow","max-snippet":"max-snippet:-1","max-image-preview":"max-image-preview:large","max-video-preview":"max-video-preview:-1"},"canonical":"https:\/\/fmpatagoniamadryn.com.ar\/?p=3662","og_locale":"es_ES","og_type":"article","og_title":"LA COMUNIDAD MADRYNENSE VOLVI\u00d3 A HOMENAJEAR A LOS VETERANOS DE MALVINAS EN UN NUEVO ANIVERSARIO DE \u201cEL D\u00cdA QUE MADRYN SE QUED\u00d3 SIN PAN\u201d - FM Patagonia Madryn","og_description":"En un emotivo y sentido acto, que se llev\u00f3 a cabo en el Ecocentro Pampa Azul, se record\u00f3 el d\u00eda en el que miles de combatientes de la Guerra llegaron&hellip;","og_url":"https:\/\/fmpatagoniamadryn.com.ar\/?p=3662","og_site_name":"FM Patagonia Madryn","article_published_time":"2023-06-19T19:40:55+00:00","article_modified_time":"2023-06-19T19:41:16+00:00","og_image":[{"width":1347,"height":842,"url":"https:\/\/fmpatagoniamadryn.com.ar\/wp-content\/uploads\/2023\/06\/4a722a69-cf22-441a-bf79-a7a6da419f54-1.jpg","type":"image\/jpeg"}],"author":"FM Patagonia","twitter_card":"summary_large_image","twitter_misc":{"Escrito por":"FM Patagonia","Tiempo de lectura":"5 minutos"},"schema":{"@context":"https:\/\/schema.org","@graph":[{"@type":"Article","@id":"https:\/\/fmpatagoniamadryn.com.ar\/?p=3662#article","isPartOf":{"@id":"https:\/\/fmpatagoniamadryn.com.ar\/?p=3662"},"author":{"name":"FM Patagonia","@id":"https:\/\/fmpatagoniamadryn.com.ar\/#\/schema\/person\/8a3de4ad7efceacab06c1641c50303b7"},"headline":"LA COMUNIDAD MADRYNENSE VOLVI\u00d3 A HOMENAJEAR A LOS VETERANOS DE MALVINAS EN UN NUEVO ANIVERSARIO DE \u201cEL D\u00cdA QUE MADRYN SE QUED\u00d3 SIN PAN\u201d","datePublished":"2023-06-19T19:40:55+00:00","dateModified":"2023-06-19T19:41:16+00:00","mainEntityOfPage":{"@id":"https:\/\/fmpatagoniamadryn.com.ar\/?p=3662"},"wordCount":1072,"publisher":{"@id":"https:\/\/fmpatagoniamadryn.com.ar\/#organization"},"image":{"@id":"https:\/\/fmpatagoniamadryn.com.ar\/?p=3662#primaryimage"},"thumbnailUrl":"https:\/\/fmpatagoniamadryn.com.ar\/wp-content\/uploads\/2023\/06\/4a722a69-cf22-441a-bf79-a7a6da419f54-1.jpg","articleSection":["Locales"],"inLanguage":"es"},{"@type":"WebPage","@id":"https:\/\/fmpatagoniamadryn.com.ar\/?p=3662","url":"https:\/\/fmpatagoniamadryn.com.ar\/?p=3662","name":"LA COMUNIDAD MADRYNENSE VOLVI\u00d3 A HOMENAJEAR A LOS VETERANOS DE MALVINAS EN UN NUEVO ANIVERSARIO DE \u201cEL D\u00cdA QUE MADRYN SE QUED\u00d3 SIN PAN\u201d - FM Patagonia Madryn","isPartOf":{"@id":"https:\/\/fmpatagoniamadryn.com.ar\/#website"},"primaryImageOfPage":{"@id":"https:\/\/fmpatagoniamadryn.com.ar\/?p=3662#primaryimage"},"image":{"@id":"https:\/\/fmpatagoniamadryn.com.ar\/?p=3662#primaryimage"},"thumbnailUrl":"https:\/\/fmpatagoniamadryn.com.ar\/wp-content\/uploads\/2023\/06\/4a722a69-cf22-441a-bf79-a7a6da419f54-1.jpg","datePublished":"2023-06-19T19:40:55+00:00","dateModified":"2023-06-19T19:41:16+00:00","breadcrumb":{"@id":"https:\/\/fmpatagoniamadryn.com.ar\/?p=3662#breadcrumb"},"inLanguage":"es","potentialAction":[{"@type":"ReadAction","target":["https:\/\/fmpatagoniamadryn.com.ar\/?p=3662"]}]},{"@type":"ImageObject","inLanguage":"es","@id":"https:\/\/fmpatagoniamadryn.com.ar\/?p=3662#primaryimage","url":"https:\/\/fmpatagoniamadryn.com.ar\/wp-content\/uploads\/2023\/06\/4a722a69-cf22-441a-bf79-a7a6da419f54-1.jpg","contentUrl":"https:\/\/fmpatagoniamadryn.com.ar\/wp-content\/uploads\/2023\/06\/4a722a69-cf22-441a-bf79-a7a6da419f54-1.jpg","width":1347,"height":842},{"@type":"BreadcrumbList","@id":"https:\/\/fmpatagoniamadryn.com.ar\/?p=3662#breadcrumb","itemListElement":[{"@type":"ListItem","position":1,"name":"Portada","item":"https:\/\/fmpatagoniamadryn.com.ar\/"},{"@type":"ListItem","position":2,"name":"LA COMUNIDAD MADRYNENSE VOLVI\u00d3 A HOMENAJEAR A LOS VETERANOS DE MALVINAS EN UN NUEVO ANIVERSARIO DE \u201cEL D\u00cdA QUE MADRYN SE QUED\u00d3 SIN PAN\u201d"}]},{"@type":"WebSite","@id":"https:\/\/fmpatagoniamadryn.com.ar\/#website","url":"https:\/\/fmpatagoniamadryn.com.ar\/","name":"FM Patagonia Madryn","description":"Radio Patagonia 105.5","publisher":{"@id":"https:\/\/fmpatagoniamadryn.com.ar\/#organization"},"potentialAction":[{"@type":"SearchAction","target":{"@type":"EntryPoint","urlTemplate":"https:\/\/fmpatagoniamadryn.com.ar\/?s={search_term_string}"},"query-input":{"@type":"PropertyValueSpecification","valueRequired":true,"valueName":"search_term_string"}}],"inLanguage":"es"},{"@type":"Organization","@id":"https:\/\/fmpatagoniamadryn.com.ar\/#organization","name":"FM Patagonia Madryn","url":"https:\/\/fmpatagoniamadryn.com.ar\/","logo":{"@type":"ImageObject","inLanguage":"es","@id":"https:\/\/fmpatagoniamadryn.com.ar\/#\/schema\/logo\/image\/","url":"https:\/\/fmpatagoniamadryn.com.ar\/wp-content\/uploads\/2023\/01\/cropped-Diseno-sin-titulo.png","contentUrl":"https:\/\/fmpatagoniamadryn.com.ar\/wp-content\/uploads\/2023\/01\/cropped-Diseno-sin-titulo.png","width":6911,"height":2657,"caption":"FM Patagonia Madryn"},"image":{"@id":"https:\/\/fmpatagoniamadryn.com.ar\/#\/schema\/logo\/image\/"}},{"@type":"Person","@id":"https:\/\/fmpatagoniamadryn.com.ar\/#\/schema\/person\/8a3de4ad7efceacab06c1641c50303b7","name":"FM Patagonia","url":"https:\/\/fmpatagoniamadryn.com.ar\/?author=2"}]}},"jetpack_featured_media_url":"https:\/\/fmpatagoniamadryn.com.ar\/wp-content\/uploads\/2023\/06\/4a722a69-cf22-441a-bf79-a7a6da419f54-1.jpg","_links":{"self":[{"href":"https:\/\/fmpatagoniamadryn.com.ar\/index.php?rest_route=\/wp\/v2\/posts\/3662","targetHints":{"allow":["GET"]}}],"collection":[{"href":"https:\/\/fmpatagoniamadryn.com.ar\/index.php?rest_route=\/wp\/v2\/posts"}],"about":[{"href":"https:\/\/fmpatagoniamadryn.com.ar\/index.php?rest_route=\/wp\/v2\/types\/post"}],"author":[{"embeddable":true,"href":"https:\/\/fmpatagoniamadryn.com.ar\/index.php?rest_route=\/wp\/v2\/users\/2"}],"replies":[{"embeddable":true,"href":"https:\/\/fmpatagoniamadryn.com.ar\/index.php?rest_route=%2Fwp%2Fv2%2Fcomments&post=3662"}],"version-history":[{"count":1,"href":"https:\/\/fmpatagoniamadryn.com.ar\/index.php?rest_route=\/wp\/v2\/posts\/3662\/revisions"}],"predecessor-version":[{"id":3663,"href":"https:\/\/fmpatagoniamadryn.com.ar\/index.php?rest_route=\/wp\/v2\/posts\/3662\/revisions\/3663"}],"wp:featuredmedia":[{"embeddable":true,"href":"https:\/\/fmpatagoniamadryn.com.ar\/index.php?rest_route=\/wp\/v2\/media\/3661"}],"wp:attachment":[{"href":"https:\/\/fmpatagoniamadryn.com.ar\/index.php?rest_route=%2Fwp%2Fv2%2Fmedia&parent=3662"}],"wp:term":[{"taxonomy":"category","embeddable":true,"href":"https:\/\/fmpatagoniamadryn.com.ar\/index.php?rest_route=%2Fwp%2Fv2%2Fcategories&post=3662"},{"taxonomy":"post_tag","embeddable":true,"href":"https:\/\/fmpatagoniamadryn.com.ar\/index.php?rest_route=%2Fwp%2Fv2%2Ftags&post=3662"}],"curies":[{"name":"wp","href":"https:\/\/api.w.org\/{rel}","templated":true}]}}