{"id":3668,"date":"2023-06-20T12:40:42","date_gmt":"2023-06-20T15:40:42","guid":{"rendered":"https:\/\/fmpatagoniamadryn.com.ar\/?p=3668"},"modified":"2023-06-20T12:40:52","modified_gmt":"2023-06-20T15:40:52","slug":"a-partir-de-este-miercoles-habra-cambios-en-los-recorridos-de-las-lineas-1-y-5","status":"publish","type":"post","link":"https:\/\/fmpatagoniamadryn.com.ar\/?p=3668","title":{"rendered":"A partir de este mi\u00e9rcoles habr\u00e1 cambios en los recorridos de las L\u00edneas 1 y 5"},"content":{"rendered":"\n<p>La Municipalidad de Puerto Madryn, a trav\u00e9s del \u00e1rea de Tr\u00e1nsito y Transporte, dependiente de la Subsecretar\u00eda de Prevenci\u00f3n y Protecci\u00f3n Ciudadana, informa a la comunidad que se implementar\u00e1n modificaciones en los recorridos de las l\u00edneas 1 y 5 a cargo de la empresa Ceferino del Sur, los cuales entrar\u00e1n en vigencia el mi\u00e9rcoles 21 de junio. Esto se debe a que el sentido de circulaci\u00f3n de Espa\u00f1a, entre Juan B. Justo y Tierra del Fuego, ser\u00e1 en sentido este \u2013 oeste.<br><br>Con el objeto de no afectar la frecuencia horaria en el servicio de transporte urbano de pasajeros y dado que el sentido de circulaci\u00f3n en Espa\u00f1a dejar\u00e1 de ser doble mano, se efectuar\u00e1n modificaciones en los itinerarios de las l\u00edneas 1 y 5.<br><br>En cuanto a la l\u00ednea 1, el recorrido quedar\u00e1 de la siguiente manera: Santiago del Estero, Rivadavia, Soldado desconocido, Albarrac\u00edn, Tierra del Fuego, Estivariz, Juan B. Justo, Dorrego, Mitre, Mosconi, A. Pujol, Salta, Avenida K. Woodley, Yamanas, Avenida Juan XXIII, Feldman, C. M. Rivadavia, P. Derbes, Pasaje Poggio, Avenida Juan Muzzio, Fuerte San Jos\u00e9, Domecq Garc\u00eda, Fontana, Yrigoyen, R. S. Pe\u00f1a, M. A. Zar, Dorrego, San Mart\u00edn, Espa\u00f1a, Soldado desconocido, Alem, Santiago del Estero.<br><br>Con respecto a la l\u00ednea 5, el itinerario ser\u00e1: Tecka, Chile, Necochea, Sim\u00f3n de Alcazaba, Avenida Juan XXIII, L\u00f3pez y Planes, Ercole, Facciolli, Estanislao del Campo, Patricias Argentinas, Avenida 20 de junio, 9 de julio, Yrigoyen, Belgrano, 25 de mayo, Avenida Gales, Ruperto Gim\u00e9nez, Sarmiento, Als\u00faa, Avenida Gales, Urtazun, Espa\u00f1a, Ruperto Gim\u00e9nez, Albarrac\u00edn, Garagarza, Espa\u00f1a, Tierra del Fuego, Avenida Gales, Reconquista, Sarmiento, Mitre, Yrigoyen, D\u00e1rsena terminal, Yrigoyen, 9 de julio, L. M. Campos, Avenida Juan XXIII, Sim\u00f3n de Alcazaba, Necochea, Chile, Costa Rica, Trevelin, Alto R\u00edo Senguer, Tecka.<br><br>Al momento de circular por Avenida Gales, su \u00faltima parada ser\u00e1 en la Escuela N\u00ba 110 para facilitar luego el ingreso a la calle Reconquista y as\u00ed continuar el recorrido habitual.<\/p>\n","protected":false},"excerpt":{"rendered":"<p>La Municipalidad de Puerto Madryn, a trav\u00e9s del \u00e1rea de Tr\u00e1nsito y Transporte, dependiente de la Subsecretar\u00eda de Prevenci\u00f3n y Protecci\u00f3n Ciudadana, informa a la comunidad que se implementar\u00e1n modificaciones&hellip; <\/p>\n","protected":false},"author":3,"featured_media":3667,"comment_status":"closed","ping_status":"closed","sticky":false,"template":"","format":"standard","meta":{"footnotes":""},"categories":[15],"tags":[],"class_list":["post-3668","post","type-post","status-publish","format-standard","has-post-thumbnail","hentry","category-locales"],"yoast_head":"<!-- This site is optimized with the Yoast SEO plugin v27.4 - https:\/\/yoast.com\/product\/yoast-seo-wordpress\/ -->\n<title>A partir de este mi\u00e9rcoles habr\u00e1 cambios en los recorridos de las L\u00edneas 1 y 5 - FM Patagonia Madryn<\/title>\n<meta name=\"robots\" content=\"index, follow, max-snippet:-1, max-image-preview:large, max-video-preview:-1\" \/>\n<link rel=\"canonical\" href=\"https:\/\/fmpatagoniamadryn.com.ar\/?p=3668\" \/>\n<meta property=\"og:locale\" content=\"es_ES\" \/>\n<meta property=\"og:type\" content=\"article\" \/>\n<meta property=\"og:title\" content=\"A partir de este mi\u00e9rcoles habr\u00e1 cambios en los recorridos de las L\u00edneas 1 y 5 - FM Patagonia Madryn\" \/>\n<meta property=\"og:description\" content=\"La Municipalidad de Puerto Madryn, a trav\u00e9s del \u00e1rea de Tr\u00e1nsito y Transporte, dependiente de la Subsecretar\u00eda de Prevenci\u00f3n y Protecci\u00f3n Ciudadana, informa a la comunidad que se implementar\u00e1n modificaciones&hellip;\" \/>\n<meta property=\"og:url\" content=\"https:\/\/fmpatagoniamadryn.com.ar\/?p=3668\" \/>\n<meta property=\"og:site_name\" content=\"FM Patagonia Madryn\" \/>\n<meta property=\"article:published_time\" content=\"2023-06-20T15:40:42+00:00\" \/>\n<meta property=\"article:modified_time\" content=\"2023-06-20T15:40:52+00:00\" \/>\n<meta property=\"og:image\" content=\"https:\/\/fmpatagoniamadryn.com.ar\/wp-content\/uploads\/2023\/06\/FB_IMG_1687275613908.jpg\" \/>\n\t<meta property=\"og:image:width\" content=\"720\" \/>\n\t<meta property=\"og:image:height\" content=\"480\" \/>\n\t<meta property=\"og:image:type\" content=\"image\/jpeg\" \/>\n<meta name=\"author\" content=\"FM Patagonia\" \/>\n<meta name=\"twitter:card\" content=\"summary_large_image\" \/>\n<meta name=\"twitter:label1\" content=\"Escrito por\" \/>\n\t<meta name=\"twitter:data1\" content=\"FM Patagonia\" \/>\n\t<meta name=\"twitter:label2\" content=\"Tiempo de lectura\" \/>\n\t<meta name=\"twitter:data2\" content=\"2 minutos\" \/>\n<script type=\"application\/ld+json\" class=\"yoast-schema-graph\">{\"@context\":\"https:\\\/\\\/schema.org\",\"@graph\":[{\"@type\":\"Article\",\"@id\":\"https:\\\/\\\/fmpatagoniamadryn.com.ar\\\/?p=3668#article\",\"isPartOf\":{\"@id\":\"https:\\\/\\\/fmpatagoniamadryn.com.ar\\\/?p=3668\"},\"author\":{\"name\":\"FM Patagonia\",\"@id\":\"https:\\\/\\\/fmpatagoniamadryn.com.ar\\\/#\\\/schema\\\/person\\\/1d968ec613613768e14b4e6420a2b125\"},\"headline\":\"A partir de este mi\u00e9rcoles habr\u00e1 cambios en los recorridos de las L\u00edneas 1 y 5\",\"datePublished\":\"2023-06-20T15:40:42+00:00\",\"dateModified\":\"2023-06-20T15:40:52+00:00\",\"mainEntityOfPage\":{\"@id\":\"https:\\\/\\\/fmpatagoniamadryn.com.ar\\\/?p=3668\"},\"wordCount\":354,\"publisher\":{\"@id\":\"https:\\\/\\\/fmpatagoniamadryn.com.ar\\\/#organization\"},\"image\":{\"@id\":\"https:\\\/\\\/fmpatagoniamadryn.com.ar\\\/?p=3668#primaryimage\"},\"thumbnailUrl\":\"https:\\\/\\\/fmpatagoniamadryn.com.ar\\\/wp-content\\\/uploads\\\/2023\\\/06\\\/FB_IMG_1687275613908.jpg\",\"articleSection\":[\"Locales\"],\"inLanguage\":\"es\"},{\"@type\":\"WebPage\",\"@id\":\"https:\\\/\\\/fmpatagoniamadryn.com.ar\\\/?p=3668\",\"url\":\"https:\\\/\\\/fmpatagoniamadryn.com.ar\\\/?p=3668\",\"name\":\"A partir de este mi\u00e9rcoles habr\u00e1 cambios en los recorridos de las L\u00edneas 1 y 5 - FM Patagonia Madryn\",\"isPartOf\":{\"@id\":\"https:\\\/\\\/fmpatagoniamadryn.com.ar\\\/#website\"},\"primaryImageOfPage\":{\"@id\":\"https:\\\/\\\/fmpatagoniamadryn.com.ar\\\/?p=3668#primaryimage\"},\"image\":{\"@id\":\"https:\\\/\\\/fmpatagoniamadryn.com.ar\\\/?p=3668#primaryimage\"},\"thumbnailUrl\":\"https:\\\/\\\/fmpatagoniamadryn.com.ar\\\/wp-content\\\/uploads\\\/2023\\\/06\\\/FB_IMG_1687275613908.jpg\",\"datePublished\":\"2023-06-20T15:40:42+00:00\",\"dateModified\":\"2023-06-20T15:40:52+00:00\",\"breadcrumb\":{\"@id\":\"https:\\\/\\\/fmpatagoniamadryn.com.ar\\\/?p=3668#breadcrumb\"},\"inLanguage\":\"es\",\"potentialAction\":[{\"@type\":\"ReadAction\",\"target\":[\"https:\\\/\\\/fmpatagoniamadryn.com.ar\\\/?p=3668\"]}]},{\"@type\":\"ImageObject\",\"inLanguage\":\"es\",\"@id\":\"https:\\\/\\\/fmpatagoniamadryn.com.ar\\\/?p=3668#primaryimage\",\"url\":\"https:\\\/\\\/fmpatagoniamadryn.com.ar\\\/wp-content\\\/uploads\\\/2023\\\/06\\\/FB_IMG_1687275613908.jpg\",\"contentUrl\":\"https:\\\/\\\/fmpatagoniamadryn.com.ar\\\/wp-content\\\/uploads\\\/2023\\\/06\\\/FB_IMG_1687275613908.jpg\",\"width\":720,\"height\":480},{\"@type\":\"BreadcrumbList\",\"@id\":\"https:\\\/\\\/fmpatagoniamadryn.com.ar\\\/?p=3668#breadcrumb\",\"itemListElement\":[{\"@type\":\"ListItem\",\"position\":1,\"name\":\"Portada\",\"item\":\"https:\\\/\\\/fmpatagoniamadryn.com.ar\\\/\"},{\"@type\":\"ListItem\",\"position\":2,\"name\":\"A partir de este mi\u00e9rcoles habr\u00e1 cambios en los recorridos de las L\u00edneas 1 y 5\"}]},{\"@type\":\"WebSite\",\"@id\":\"https:\\\/\\\/fmpatagoniamadryn.com.ar\\\/#website\",\"url\":\"https:\\\/\\\/fmpatagoniamadryn.com.ar\\\/\",\"name\":\"FM Patagonia Madryn\",\"description\":\"Radio Patagonia 105.5\",\"publisher\":{\"@id\":\"https:\\\/\\\/fmpatagoniamadryn.com.ar\\\/#organization\"},\"potentialAction\":[{\"@type\":\"SearchAction\",\"target\":{\"@type\":\"EntryPoint\",\"urlTemplate\":\"https:\\\/\\\/fmpatagoniamadryn.com.ar\\\/?s={search_term_string}\"},\"query-input\":{\"@type\":\"PropertyValueSpecification\",\"valueRequired\":true,\"valueName\":\"search_term_string\"}}],\"inLanguage\":\"es\"},{\"@type\":\"Organization\",\"@id\":\"https:\\\/\\\/fmpatagoniamadryn.com.ar\\\/#organization\",\"name\":\"FM Patagonia Madryn\",\"url\":\"https:\\\/\\\/fmpatagoniamadryn.com.ar\\\/\",\"logo\":{\"@type\":\"ImageObject\",\"inLanguage\":\"es\",\"@id\":\"https:\\\/\\\/fmpatagoniamadryn.com.ar\\\/#\\\/schema\\\/logo\\\/image\\\/\",\"url\":\"https:\\\/\\\/fmpatagoniamadryn.com.ar\\\/wp-content\\\/uploads\\\/2023\\\/01\\\/cropped-Diseno-sin-titulo.png\",\"contentUrl\":\"https:\\\/\\\/fmpatagoniamadryn.com.ar\\\/wp-content\\\/uploads\\\/2023\\\/01\\\/cropped-Diseno-sin-titulo.png\",\"width\":6911,\"height\":2657,\"caption\":\"FM Patagonia Madryn\"},\"image\":{\"@id\":\"https:\\\/\\\/fmpatagoniamadryn.com.ar\\\/#\\\/schema\\\/logo\\\/image\\\/\"}},{\"@type\":\"Person\",\"@id\":\"https:\\\/\\\/fmpatagoniamadryn.com.ar\\\/#\\\/schema\\\/person\\\/1d968ec613613768e14b4e6420a2b125\",\"name\":\"FM Patagonia\",\"url\":\"https:\\\/\\\/fmpatagoniamadryn.com.ar\\\/?author=3\"}]}<\/script>\n<!-- \/ Yoast SEO plugin. -->","yoast_head_json":{"title":"A partir de este mi\u00e9rcoles habr\u00e1 cambios en los recorridos de las L\u00edneas 1 y 5 - FM Patagonia Madryn","robots":{"index":"index","follow":"follow","max-snippet":"max-snippet:-1","max-image-preview":"max-image-preview:large","max-video-preview":"max-video-preview:-1"},"canonical":"https:\/\/fmpatagoniamadryn.com.ar\/?p=3668","og_locale":"es_ES","og_type":"article","og_title":"A partir de este mi\u00e9rcoles habr\u00e1 cambios en los recorridos de las L\u00edneas 1 y 5 - FM Patagonia Madryn","og_description":"La Municipalidad de Puerto Madryn, a trav\u00e9s del \u00e1rea de Tr\u00e1nsito y Transporte, dependiente de la Subsecretar\u00eda de Prevenci\u00f3n y Protecci\u00f3n Ciudadana, informa a la comunidad que se implementar\u00e1n modificaciones&hellip;","og_url":"https:\/\/fmpatagoniamadryn.com.ar\/?p=3668","og_site_name":"FM Patagonia Madryn","article_published_time":"2023-06-20T15:40:42+00:00","article_modified_time":"2023-06-20T15:40:52+00:00","og_image":[{"width":720,"height":480,"url":"https:\/\/fmpatagoniamadryn.com.ar\/wp-content\/uploads\/2023\/06\/FB_IMG_1687275613908.jpg","type":"image\/jpeg"}],"author":"FM Patagonia","twitter_card":"summary_large_image","twitter_misc":{"Escrito por":"FM Patagonia","Tiempo de lectura":"2 minutos"},"schema":{"@context":"https:\/\/schema.org","@graph":[{"@type":"Article","@id":"https:\/\/fmpatagoniamadryn.com.ar\/?p=3668#article","isPartOf":{"@id":"https:\/\/fmpatagoniamadryn.com.ar\/?p=3668"},"author":{"name":"FM Patagonia","@id":"https:\/\/fmpatagoniamadryn.com.ar\/#\/schema\/person\/1d968ec613613768e14b4e6420a2b125"},"headline":"A partir de este mi\u00e9rcoles habr\u00e1 cambios en los recorridos de las L\u00edneas 1 y 5","datePublished":"2023-06-20T15:40:42+00:00","dateModified":"2023-06-20T15:40:52+00:00","mainEntityOfPage":{"@id":"https:\/\/fmpatagoniamadryn.com.ar\/?p=3668"},"wordCount":354,"publisher":{"@id":"https:\/\/fmpatagoniamadryn.com.ar\/#organization"},"image":{"@id":"https:\/\/fmpatagoniamadryn.com.ar\/?p=3668#primaryimage"},"thumbnailUrl":"https:\/\/fmpatagoniamadryn.com.ar\/wp-content\/uploads\/2023\/06\/FB_IMG_1687275613908.jpg","articleSection":["Locales"],"inLanguage":"es"},{"@type":"WebPage","@id":"https:\/\/fmpatagoniamadryn.com.ar\/?p=3668","url":"https:\/\/fmpatagoniamadryn.com.ar\/?p=3668","name":"A partir de este mi\u00e9rcoles habr\u00e1 cambios en los recorridos de las L\u00edneas 1 y 5 - FM Patagonia Madryn","isPartOf":{"@id":"https:\/\/fmpatagoniamadryn.com.ar\/#website"},"primaryImageOfPage":{"@id":"https:\/\/fmpatagoniamadryn.com.ar\/?p=3668#primaryimage"},"image":{"@id":"https:\/\/fmpatagoniamadryn.com.ar\/?p=3668#primaryimage"},"thumbnailUrl":"https:\/\/fmpatagoniamadryn.com.ar\/wp-content\/uploads\/2023\/06\/FB_IMG_1687275613908.jpg","datePublished":"2023-06-20T15:40:42+00:00","dateModified":"2023-06-20T15:40:52+00:00","breadcrumb":{"@id":"https:\/\/fmpatagoniamadryn.com.ar\/?p=3668#breadcrumb"},"inLanguage":"es","potentialAction":[{"@type":"ReadAction","target":["https:\/\/fmpatagoniamadryn.com.ar\/?p=3668"]}]},{"@type":"ImageObject","inLanguage":"es","@id":"https:\/\/fmpatagoniamadryn.com.ar\/?p=3668#primaryimage","url":"https:\/\/fmpatagoniamadryn.com.ar\/wp-content\/uploads\/2023\/06\/FB_IMG_1687275613908.jpg","contentUrl":"https:\/\/fmpatagoniamadryn.com.ar\/wp-content\/uploads\/2023\/06\/FB_IMG_1687275613908.jpg","width":720,"height":480},{"@type":"BreadcrumbList","@id":"https:\/\/fmpatagoniamadryn.com.ar\/?p=3668#breadcrumb","itemListElement":[{"@type":"ListItem","position":1,"name":"Portada","item":"https:\/\/fmpatagoniamadryn.com.ar\/"},{"@type":"ListItem","position":2,"name":"A partir de este mi\u00e9rcoles habr\u00e1 cambios en los recorridos de las L\u00edneas 1 y 5"}]},{"@type":"WebSite","@id":"https:\/\/fmpatagoniamadryn.com.ar\/#website","url":"https:\/\/fmpatagoniamadryn.com.ar\/","name":"FM Patagonia Madryn","description":"Radio Patagonia 105.5","publisher":{"@id":"https:\/\/fmpatagoniamadryn.com.ar\/#organization"},"potentialAction":[{"@type":"SearchAction","target":{"@type":"EntryPoint","urlTemplate":"https:\/\/fmpatagoniamadryn.com.ar\/?s={search_term_string}"},"query-input":{"@type":"PropertyValueSpecification","valueRequired":true,"valueName":"search_term_string"}}],"inLanguage":"es"},{"@type":"Organization","@id":"https:\/\/fmpatagoniamadryn.com.ar\/#organization","name":"FM Patagonia Madryn","url":"https:\/\/fmpatagoniamadryn.com.ar\/","logo":{"@type":"ImageObject","inLanguage":"es","@id":"https:\/\/fmpatagoniamadryn.com.ar\/#\/schema\/logo\/image\/","url":"https:\/\/fmpatagoniamadryn.com.ar\/wp-content\/uploads\/2023\/01\/cropped-Diseno-sin-titulo.png","contentUrl":"https:\/\/fmpatagoniamadryn.com.ar\/wp-content\/uploads\/2023\/01\/cropped-Diseno-sin-titulo.png","width":6911,"height":2657,"caption":"FM Patagonia Madryn"},"image":{"@id":"https:\/\/fmpatagoniamadryn.com.ar\/#\/schema\/logo\/image\/"}},{"@type":"Person","@id":"https:\/\/fmpatagoniamadryn.com.ar\/#\/schema\/person\/1d968ec613613768e14b4e6420a2b125","name":"FM Patagonia","url":"https:\/\/fmpatagoniamadryn.com.ar\/?author=3"}]}},"jetpack_featured_media_url":"https:\/\/fmpatagoniamadryn.com.ar\/wp-content\/uploads\/2023\/06\/FB_IMG_1687275613908.jpg","_links":{"self":[{"href":"https:\/\/fmpatagoniamadryn.com.ar\/index.php?rest_route=\/wp\/v2\/posts\/3668","targetHints":{"allow":["GET"]}}],"collection":[{"href":"https:\/\/fmpatagoniamadryn.com.ar\/index.php?rest_route=\/wp\/v2\/posts"}],"about":[{"href":"https:\/\/fmpatagoniamadryn.com.ar\/index.php?rest_route=\/wp\/v2\/types\/post"}],"author":[{"embeddable":true,"href":"https:\/\/fmpatagoniamadryn.com.ar\/index.php?rest_route=\/wp\/v2\/users\/3"}],"replies":[{"embeddable":true,"href":"https:\/\/fmpatagoniamadryn.com.ar\/index.php?rest_route=%2Fwp%2Fv2%2Fcomments&post=3668"}],"version-history":[{"count":1,"href":"https:\/\/fmpatagoniamadryn.com.ar\/index.php?rest_route=\/wp\/v2\/posts\/3668\/revisions"}],"predecessor-version":[{"id":3669,"href":"https:\/\/fmpatagoniamadryn.com.ar\/index.php?rest_route=\/wp\/v2\/posts\/3668\/revisions\/3669"}],"wp:featuredmedia":[{"embeddable":true,"href":"https:\/\/fmpatagoniamadryn.com.ar\/index.php?rest_route=\/wp\/v2\/media\/3667"}],"wp:attachment":[{"href":"https:\/\/fmpatagoniamadryn.com.ar\/index.php?rest_route=%2Fwp%2Fv2%2Fmedia&parent=3668"}],"wp:term":[{"taxonomy":"category","embeddable":true,"href":"https:\/\/fmpatagoniamadryn.com.ar\/index.php?rest_route=%2Fwp%2Fv2%2Fcategories&post=3668"},{"taxonomy":"post_tag","embeddable":true,"href":"https:\/\/fmpatagoniamadryn.com.ar\/index.php?rest_route=%2Fwp%2Fv2%2Ftags&post=3668"}],"curies":[{"name":"wp","href":"https:\/\/api.w.org\/{rel}","templated":true}]}}