{"id":3680,"date":"2023-06-20T17:21:27","date_gmt":"2023-06-20T20:21:27","guid":{"rendered":"https:\/\/fmpatagoniamadryn.com.ar\/?p=3680"},"modified":"2023-06-20T17:21:36","modified_gmt":"2023-06-20T20:21:36","slug":"salud-continua-abierta-la-inscripcion-a-nueva-cohorte-de-la-capacitacion-sensibilizacion-en-la-tematica-de-genero-y-violencia-por-motivos-de-genero","status":"publish","type":"post","link":"https:\/\/fmpatagoniamadryn.com.ar\/?p=3680","title":{"rendered":"Salud: Contin\u00faa abierta la inscripci\u00f3n a nueva cohorte de la capacitaci\u00f3n \u201cSensibilizaci\u00f3n en la tem\u00e1tica de g\u00e9nero y violencia por motivos de g\u00e9nero\u201d"},"content":{"rendered":"\n<p>El curso es de car\u00e1cter obligatorio para todas las personas que se desempe\u00f1an en la funci\u00f3n p\u00fablica y, puntualmente, su acreditaci\u00f3n ser\u00e1 requisito de ingreso y recategorizaci\u00f3n para el personal de salud, seg\u00fan lo dispuesto mediante la Resoluci\u00f3n N\u00b0 1.743\/22 de la Secretar\u00eda de Trabajo de la provincia. Los agentes sanitarios tienen tiempo de anotarse hasta el pr\u00f3ximo 2 de julio, ingresando al siguiente enlace: https:\/\/sai.inap.gob.ar\/inscripcion_web.dhtml?comi_codigo=50856 <br><br>El Ministerio de Salud del Chubut, a trav\u00e9s de la Direcci\u00f3n Provincial de Formaci\u00f3n y Capacitaci\u00f3n de Recursos Humanos, record\u00f3 al personal de salud de toda la provincia que contin\u00faa abierta la inscripci\u00f3n a la nueva cohorte de la capacitaci\u00f3n \u201cSensibilizaci\u00f3n en la tem\u00e1tica de g\u00e9nero y violencia por motivos de g\u00e9nero\u201d, que se brindar\u00e1 a trav\u00e9s de la plataforma del Instituto Nacional de la Administraci\u00f3n P\u00fablica (INAP), con modalidad virtual y autogestionada. <br><br>Los agentes sanitarios tienen tiempo de anotarse hasta el pr\u00f3ximo 2 de julio, ingresando al siguiente enlace: https:\/\/sai.inap.gob.ar\/inscripcion_web.dhtml?comi_codigo=50856<br><br>A su vez, la capacitaci\u00f3n se desarrollar\u00e1 del 6 al 20 de julio. <br><br>De car\u00e1cter obligatorio <br><br>Cabe destacar que, seg\u00fan lo dispuesto por la Ley Nacional N\u00ba 27.499, conocida como \u201cLey Micaela\u201d, y la Ley Provincial VIII N\u00b0 129, el curso \u201cSensibilizaci\u00f3n en la tem\u00e1tica de g\u00e9nero y violencia por motivos de g\u00e9nero\u201d es de car\u00e1cter obligatorio para todas las personas que se desempe\u00f1an en la funci\u00f3n p\u00fablica, ya sea en los organismos dependientes del Poder Ejecutivo, Legislativo o Judicial. <br><br>Adem\u00e1s, la obligatoriedad de la capacitaci\u00f3n fue reafirmada en la \u00f3rbita del Ministerio de Salud chubutense mediante la Resoluci\u00f3n N\u00b0 1.743\/22 de la Secretar\u00eda de Trabajo de la provincia, la cual establece que su acreditaci\u00f3n ser\u00e1 requisito de ingreso y recategorizaci\u00f3n para el personal de salud. <br><br>Objetivos de la capacitaci\u00f3n <br><br>Los objetivos de la capacitaci\u00f3n son que los participantes logren: a). Incorporar el enfoque de g\u00e9nero para la prevenci\u00f3n de la violencia por motivo de g\u00e9nero; b). Identificar los roles y estereotipos de g\u00e9nero que inciden en las pr\u00e1cticas personales, profesionales e institucionales; c). Conocer los recursos del Estado para la prevenci\u00f3n y atenci\u00f3n de la problem\u00e1tica, a fin de brindar el adecuado asesoramiento e informaci\u00f3n a las mujeres y diversidades en situaci\u00f3n de violencia; d). Reconocer los signos de violencia por motivos de g\u00e9nero; y e). Conocer los recursos b\u00e1sicos para orientar adecuadamente a quienes se encuentren en situaci\u00f3n de violencia por motivos de g\u00e9nero. <br><br>Instrucciones para completar el formulario de inscripci\u00f3n <br><br>Asimismo, la Direcci\u00f3n de Formaci\u00f3n y Capacitaci\u00f3n de Recursos Humanos del Ministerio de Salud provincial brind\u00f3 una serie de instrucciones para facilitar la inscripci\u00f3n por parte de los agentes sanitarios: <br><br>1). Completar datos personales y laborales, y luego confirmar.<br><br>2) Completar datos y lugar de revista:<br><br>&#8211; Verificar que el correo electr\u00f3nico personal est\u00e9 bien escrito.<br><br>&#8211; Provincia: Chubut.<br><br>&#8211; Trabaja en un organismo p\u00fablico: S\u00cd.<br><br>&#8211; Organismo del Coordinador\/a T\u00e9cnico de Capacitaci\u00f3n: NO CORRESPONDE.<br><br>&#8211; Situaci\u00f3n escalafonaria: OTROS\/NO CORRESPONDE.<br><br>&#8211; Organismo donde trabaja: Otro Organismo P\u00fablico.<br><br>&#8211; En C\u00f3d. \u201cElegir\u201d buscar y seleccionar Gobierno de la Provincia del Chubut (C\u00f3d. 306). <br><br>Por \u00faltimo, seleccionar \u201cEnviar datos\u201d para finalizar la preinscripci\u00f3n. <br><br>Inicio de actividades <br><br>Luego de ello, el personal de salud inscripto recibir\u00e1 un mail el d\u00eda de inicio de la actividad, previsto para el 6 de julio, con las instrucciones para ingresar al campus virtual y comenzar el curso. <br><br>En caso de dudas sobre la inscripci\u00f3n, los agentes deben comunicarse al correo electr\u00f3nico consultasinapfederal@jefatura.gob.ar <br><br>M\u00e1s informaci\u00f3n <br><br>Para obtener m\u00e1s informaci\u00f3n, los interesados pueden consultar el programa de la capacitaci\u00f3n ingresando al siguiente enlace: https:\/\/sai.inap.gob.ar\/download_pdf.dhtml?contenido=diseno&amp;formact_codigo=1&amp;act_codigo=38679&amp;tipoact_codigo=1<\/p>\n","protected":false},"excerpt":{"rendered":"<p>El curso es de car\u00e1cter obligatorio para todas las personas que se desempe\u00f1an en la funci\u00f3n p\u00fablica y, puntualmente, su acreditaci\u00f3n ser\u00e1 requisito de ingreso y recategorizaci\u00f3n para el personal&hellip; <\/p>\n","protected":false},"author":3,"featured_media":3679,"comment_status":"closed","ping_status":"closed","sticky":false,"template":"","format":"standard","meta":{"footnotes":""},"categories":[14],"tags":[],"class_list":["post-3680","post","type-post","status-publish","format-standard","has-post-thumbnail","hentry","category-provinciales"],"yoast_head":"<!-- This site is optimized with the Yoast SEO plugin v27.4 - https:\/\/yoast.com\/product\/yoast-seo-wordpress\/ -->\n<title>Salud: Contin\u00faa abierta la inscripci\u00f3n a nueva cohorte de la capacitaci\u00f3n \u201cSensibilizaci\u00f3n en la tem\u00e1tica de g\u00e9nero y violencia por motivos de g\u00e9nero\u201d - FM Patagonia Madryn<\/title>\n<meta name=\"robots\" content=\"index, follow, max-snippet:-1, max-image-preview:large, max-video-preview:-1\" \/>\n<link rel=\"canonical\" href=\"https:\/\/fmpatagoniamadryn.com.ar\/?p=3680\" \/>\n<meta property=\"og:locale\" content=\"es_ES\" \/>\n<meta property=\"og:type\" content=\"article\" \/>\n<meta property=\"og:title\" content=\"Salud: Contin\u00faa abierta la inscripci\u00f3n a nueva cohorte de la capacitaci\u00f3n \u201cSensibilizaci\u00f3n en la tem\u00e1tica de g\u00e9nero y violencia por motivos de g\u00e9nero\u201d - FM Patagonia Madryn\" \/>\n<meta property=\"og:description\" content=\"El curso es de car\u00e1cter obligatorio para todas las personas que se desempe\u00f1an en la funci\u00f3n p\u00fablica y, puntualmente, su acreditaci\u00f3n ser\u00e1 requisito de ingreso y recategorizaci\u00f3n para el personal&hellip;\" \/>\n<meta property=\"og:url\" content=\"https:\/\/fmpatagoniamadryn.com.ar\/?p=3680\" \/>\n<meta property=\"og:site_name\" content=\"FM Patagonia Madryn\" \/>\n<meta property=\"article:published_time\" content=\"2023-06-20T20:21:27+00:00\" \/>\n<meta property=\"article:modified_time\" content=\"2023-06-20T20:21:36+00:00\" \/>\n<meta property=\"og:image\" content=\"https:\/\/fmpatagoniamadryn.com.ar\/wp-content\/uploads\/2023\/06\/ley-micaela.jpg\" \/>\n\t<meta property=\"og:image:width\" content=\"700\" \/>\n\t<meta property=\"og:image:height\" content=\"500\" \/>\n\t<meta property=\"og:image:type\" content=\"image\/jpeg\" \/>\n<meta name=\"author\" content=\"FM Patagonia\" \/>\n<meta name=\"twitter:card\" content=\"summary_large_image\" \/>\n<meta name=\"twitter:label1\" content=\"Escrito por\" \/>\n\t<meta name=\"twitter:data1\" content=\"FM Patagonia\" \/>\n\t<meta name=\"twitter:label2\" content=\"Tiempo de lectura\" \/>\n\t<meta name=\"twitter:data2\" content=\"3 minutos\" \/>\n<script type=\"application\/ld+json\" class=\"yoast-schema-graph\">{\"@context\":\"https:\\\/\\\/schema.org\",\"@graph\":[{\"@type\":\"Article\",\"@id\":\"https:\\\/\\\/fmpatagoniamadryn.com.ar\\\/?p=3680#article\",\"isPartOf\":{\"@id\":\"https:\\\/\\\/fmpatagoniamadryn.com.ar\\\/?p=3680\"},\"author\":{\"name\":\"FM Patagonia\",\"@id\":\"https:\\\/\\\/fmpatagoniamadryn.com.ar\\\/#\\\/schema\\\/person\\\/1d968ec613613768e14b4e6420a2b125\"},\"headline\":\"Salud: Contin\u00faa abierta la inscripci\u00f3n a nueva cohorte de la capacitaci\u00f3n \u201cSensibilizaci\u00f3n en la tem\u00e1tica de g\u00e9nero y violencia por motivos de g\u00e9nero\u201d\",\"datePublished\":\"2023-06-20T20:21:27+00:00\",\"dateModified\":\"2023-06-20T20:21:36+00:00\",\"mainEntityOfPage\":{\"@id\":\"https:\\\/\\\/fmpatagoniamadryn.com.ar\\\/?p=3680\"},\"wordCount\":724,\"publisher\":{\"@id\":\"https:\\\/\\\/fmpatagoniamadryn.com.ar\\\/#organization\"},\"image\":{\"@id\":\"https:\\\/\\\/fmpatagoniamadryn.com.ar\\\/?p=3680#primaryimage\"},\"thumbnailUrl\":\"https:\\\/\\\/fmpatagoniamadryn.com.ar\\\/wp-content\\\/uploads\\\/2023\\\/06\\\/ley-micaela.jpg\",\"articleSection\":[\"Provinciales\"],\"inLanguage\":\"es\"},{\"@type\":\"WebPage\",\"@id\":\"https:\\\/\\\/fmpatagoniamadryn.com.ar\\\/?p=3680\",\"url\":\"https:\\\/\\\/fmpatagoniamadryn.com.ar\\\/?p=3680\",\"name\":\"Salud: Contin\u00faa abierta la inscripci\u00f3n a nueva cohorte de la capacitaci\u00f3n \u201cSensibilizaci\u00f3n en la tem\u00e1tica de g\u00e9nero y violencia por motivos de g\u00e9nero\u201d - FM Patagonia Madryn\",\"isPartOf\":{\"@id\":\"https:\\\/\\\/fmpatagoniamadryn.com.ar\\\/#website\"},\"primaryImageOfPage\":{\"@id\":\"https:\\\/\\\/fmpatagoniamadryn.com.ar\\\/?p=3680#primaryimage\"},\"image\":{\"@id\":\"https:\\\/\\\/fmpatagoniamadryn.com.ar\\\/?p=3680#primaryimage\"},\"thumbnailUrl\":\"https:\\\/\\\/fmpatagoniamadryn.com.ar\\\/wp-content\\\/uploads\\\/2023\\\/06\\\/ley-micaela.jpg\",\"datePublished\":\"2023-06-20T20:21:27+00:00\",\"dateModified\":\"2023-06-20T20:21:36+00:00\",\"breadcrumb\":{\"@id\":\"https:\\\/\\\/fmpatagoniamadryn.com.ar\\\/?p=3680#breadcrumb\"},\"inLanguage\":\"es\",\"potentialAction\":[{\"@type\":\"ReadAction\",\"target\":[\"https:\\\/\\\/fmpatagoniamadryn.com.ar\\\/?p=3680\"]}]},{\"@type\":\"ImageObject\",\"inLanguage\":\"es\",\"@id\":\"https:\\\/\\\/fmpatagoniamadryn.com.ar\\\/?p=3680#primaryimage\",\"url\":\"https:\\\/\\\/fmpatagoniamadryn.com.ar\\\/wp-content\\\/uploads\\\/2023\\\/06\\\/ley-micaela.jpg\",\"contentUrl\":\"https:\\\/\\\/fmpatagoniamadryn.com.ar\\\/wp-content\\\/uploads\\\/2023\\\/06\\\/ley-micaela.jpg\",\"width\":700,\"height\":500},{\"@type\":\"BreadcrumbList\",\"@id\":\"https:\\\/\\\/fmpatagoniamadryn.com.ar\\\/?p=3680#breadcrumb\",\"itemListElement\":[{\"@type\":\"ListItem\",\"position\":1,\"name\":\"Portada\",\"item\":\"https:\\\/\\\/fmpatagoniamadryn.com.ar\\\/\"},{\"@type\":\"ListItem\",\"position\":2,\"name\":\"Salud: Contin\u00faa abierta la inscripci\u00f3n a nueva cohorte de la capacitaci\u00f3n \u201cSensibilizaci\u00f3n en la tem\u00e1tica de g\u00e9nero y violencia por motivos de g\u00e9nero\u201d\"}]},{\"@type\":\"WebSite\",\"@id\":\"https:\\\/\\\/fmpatagoniamadryn.com.ar\\\/#website\",\"url\":\"https:\\\/\\\/fmpatagoniamadryn.com.ar\\\/\",\"name\":\"FM Patagonia Madryn\",\"description\":\"Radio Patagonia 105.5\",\"publisher\":{\"@id\":\"https:\\\/\\\/fmpatagoniamadryn.com.ar\\\/#organization\"},\"potentialAction\":[{\"@type\":\"SearchAction\",\"target\":{\"@type\":\"EntryPoint\",\"urlTemplate\":\"https:\\\/\\\/fmpatagoniamadryn.com.ar\\\/?s={search_term_string}\"},\"query-input\":{\"@type\":\"PropertyValueSpecification\",\"valueRequired\":true,\"valueName\":\"search_term_string\"}}],\"inLanguage\":\"es\"},{\"@type\":\"Organization\",\"@id\":\"https:\\\/\\\/fmpatagoniamadryn.com.ar\\\/#organization\",\"name\":\"FM Patagonia Madryn\",\"url\":\"https:\\\/\\\/fmpatagoniamadryn.com.ar\\\/\",\"logo\":{\"@type\":\"ImageObject\",\"inLanguage\":\"es\",\"@id\":\"https:\\\/\\\/fmpatagoniamadryn.com.ar\\\/#\\\/schema\\\/logo\\\/image\\\/\",\"url\":\"https:\\\/\\\/fmpatagoniamadryn.com.ar\\\/wp-content\\\/uploads\\\/2023\\\/01\\\/cropped-Diseno-sin-titulo.png\",\"contentUrl\":\"https:\\\/\\\/fmpatagoniamadryn.com.ar\\\/wp-content\\\/uploads\\\/2023\\\/01\\\/cropped-Diseno-sin-titulo.png\",\"width\":6911,\"height\":2657,\"caption\":\"FM Patagonia Madryn\"},\"image\":{\"@id\":\"https:\\\/\\\/fmpatagoniamadryn.com.ar\\\/#\\\/schema\\\/logo\\\/image\\\/\"}},{\"@type\":\"Person\",\"@id\":\"https:\\\/\\\/fmpatagoniamadryn.com.ar\\\/#\\\/schema\\\/person\\\/1d968ec613613768e14b4e6420a2b125\",\"name\":\"FM Patagonia\",\"url\":\"https:\\\/\\\/fmpatagoniamadryn.com.ar\\\/?author=3\"}]}<\/script>\n<!-- \/ Yoast SEO plugin. -->","yoast_head_json":{"title":"Salud: Contin\u00faa abierta la inscripci\u00f3n a nueva cohorte de la capacitaci\u00f3n \u201cSensibilizaci\u00f3n en la tem\u00e1tica de g\u00e9nero y violencia por motivos de g\u00e9nero\u201d - FM Patagonia Madryn","robots":{"index":"index","follow":"follow","max-snippet":"max-snippet:-1","max-image-preview":"max-image-preview:large","max-video-preview":"max-video-preview:-1"},"canonical":"https:\/\/fmpatagoniamadryn.com.ar\/?p=3680","og_locale":"es_ES","og_type":"article","og_title":"Salud: Contin\u00faa abierta la inscripci\u00f3n a nueva cohorte de la capacitaci\u00f3n \u201cSensibilizaci\u00f3n en la tem\u00e1tica de g\u00e9nero y violencia por motivos de g\u00e9nero\u201d - FM Patagonia Madryn","og_description":"El curso es de car\u00e1cter obligatorio para todas las personas que se desempe\u00f1an en la funci\u00f3n p\u00fablica y, puntualmente, su acreditaci\u00f3n ser\u00e1 requisito de ingreso y recategorizaci\u00f3n para el personal&hellip;","og_url":"https:\/\/fmpatagoniamadryn.com.ar\/?p=3680","og_site_name":"FM Patagonia Madryn","article_published_time":"2023-06-20T20:21:27+00:00","article_modified_time":"2023-06-20T20:21:36+00:00","og_image":[{"width":700,"height":500,"url":"https:\/\/fmpatagoniamadryn.com.ar\/wp-content\/uploads\/2023\/06\/ley-micaela.jpg","type":"image\/jpeg"}],"author":"FM Patagonia","twitter_card":"summary_large_image","twitter_misc":{"Escrito por":"FM Patagonia","Tiempo de lectura":"3 minutos"},"schema":{"@context":"https:\/\/schema.org","@graph":[{"@type":"Article","@id":"https:\/\/fmpatagoniamadryn.com.ar\/?p=3680#article","isPartOf":{"@id":"https:\/\/fmpatagoniamadryn.com.ar\/?p=3680"},"author":{"name":"FM Patagonia","@id":"https:\/\/fmpatagoniamadryn.com.ar\/#\/schema\/person\/1d968ec613613768e14b4e6420a2b125"},"headline":"Salud: Contin\u00faa abierta la inscripci\u00f3n a nueva cohorte de la capacitaci\u00f3n \u201cSensibilizaci\u00f3n en la tem\u00e1tica de g\u00e9nero y violencia por motivos de g\u00e9nero\u201d","datePublished":"2023-06-20T20:21:27+00:00","dateModified":"2023-06-20T20:21:36+00:00","mainEntityOfPage":{"@id":"https:\/\/fmpatagoniamadryn.com.ar\/?p=3680"},"wordCount":724,"publisher":{"@id":"https:\/\/fmpatagoniamadryn.com.ar\/#organization"},"image":{"@id":"https:\/\/fmpatagoniamadryn.com.ar\/?p=3680#primaryimage"},"thumbnailUrl":"https:\/\/fmpatagoniamadryn.com.ar\/wp-content\/uploads\/2023\/06\/ley-micaela.jpg","articleSection":["Provinciales"],"inLanguage":"es"},{"@type":"WebPage","@id":"https:\/\/fmpatagoniamadryn.com.ar\/?p=3680","url":"https:\/\/fmpatagoniamadryn.com.ar\/?p=3680","name":"Salud: Contin\u00faa abierta la inscripci\u00f3n a nueva cohorte de la capacitaci\u00f3n \u201cSensibilizaci\u00f3n en la tem\u00e1tica de g\u00e9nero y violencia por motivos de g\u00e9nero\u201d - FM Patagonia Madryn","isPartOf":{"@id":"https:\/\/fmpatagoniamadryn.com.ar\/#website"},"primaryImageOfPage":{"@id":"https:\/\/fmpatagoniamadryn.com.ar\/?p=3680#primaryimage"},"image":{"@id":"https:\/\/fmpatagoniamadryn.com.ar\/?p=3680#primaryimage"},"thumbnailUrl":"https:\/\/fmpatagoniamadryn.com.ar\/wp-content\/uploads\/2023\/06\/ley-micaela.jpg","datePublished":"2023-06-20T20:21:27+00:00","dateModified":"2023-06-20T20:21:36+00:00","breadcrumb":{"@id":"https:\/\/fmpatagoniamadryn.com.ar\/?p=3680#breadcrumb"},"inLanguage":"es","potentialAction":[{"@type":"ReadAction","target":["https:\/\/fmpatagoniamadryn.com.ar\/?p=3680"]}]},{"@type":"ImageObject","inLanguage":"es","@id":"https:\/\/fmpatagoniamadryn.com.ar\/?p=3680#primaryimage","url":"https:\/\/fmpatagoniamadryn.com.ar\/wp-content\/uploads\/2023\/06\/ley-micaela.jpg","contentUrl":"https:\/\/fmpatagoniamadryn.com.ar\/wp-content\/uploads\/2023\/06\/ley-micaela.jpg","width":700,"height":500},{"@type":"BreadcrumbList","@id":"https:\/\/fmpatagoniamadryn.com.ar\/?p=3680#breadcrumb","itemListElement":[{"@type":"ListItem","position":1,"name":"Portada","item":"https:\/\/fmpatagoniamadryn.com.ar\/"},{"@type":"ListItem","position":2,"name":"Salud: Contin\u00faa abierta la inscripci\u00f3n a nueva cohorte de la capacitaci\u00f3n \u201cSensibilizaci\u00f3n en la tem\u00e1tica de g\u00e9nero y violencia por motivos de g\u00e9nero\u201d"}]},{"@type":"WebSite","@id":"https:\/\/fmpatagoniamadryn.com.ar\/#website","url":"https:\/\/fmpatagoniamadryn.com.ar\/","name":"FM Patagonia Madryn","description":"Radio Patagonia 105.5","publisher":{"@id":"https:\/\/fmpatagoniamadryn.com.ar\/#organization"},"potentialAction":[{"@type":"SearchAction","target":{"@type":"EntryPoint","urlTemplate":"https:\/\/fmpatagoniamadryn.com.ar\/?s={search_term_string}"},"query-input":{"@type":"PropertyValueSpecification","valueRequired":true,"valueName":"search_term_string"}}],"inLanguage":"es"},{"@type":"Organization","@id":"https:\/\/fmpatagoniamadryn.com.ar\/#organization","name":"FM Patagonia Madryn","url":"https:\/\/fmpatagoniamadryn.com.ar\/","logo":{"@type":"ImageObject","inLanguage":"es","@id":"https:\/\/fmpatagoniamadryn.com.ar\/#\/schema\/logo\/image\/","url":"https:\/\/fmpatagoniamadryn.com.ar\/wp-content\/uploads\/2023\/01\/cropped-Diseno-sin-titulo.png","contentUrl":"https:\/\/fmpatagoniamadryn.com.ar\/wp-content\/uploads\/2023\/01\/cropped-Diseno-sin-titulo.png","width":6911,"height":2657,"caption":"FM Patagonia Madryn"},"image":{"@id":"https:\/\/fmpatagoniamadryn.com.ar\/#\/schema\/logo\/image\/"}},{"@type":"Person","@id":"https:\/\/fmpatagoniamadryn.com.ar\/#\/schema\/person\/1d968ec613613768e14b4e6420a2b125","name":"FM Patagonia","url":"https:\/\/fmpatagoniamadryn.com.ar\/?author=3"}]}},"jetpack_featured_media_url":"https:\/\/fmpatagoniamadryn.com.ar\/wp-content\/uploads\/2023\/06\/ley-micaela.jpg","_links":{"self":[{"href":"https:\/\/fmpatagoniamadryn.com.ar\/index.php?rest_route=\/wp\/v2\/posts\/3680","targetHints":{"allow":["GET"]}}],"collection":[{"href":"https:\/\/fmpatagoniamadryn.com.ar\/index.php?rest_route=\/wp\/v2\/posts"}],"about":[{"href":"https:\/\/fmpatagoniamadryn.com.ar\/index.php?rest_route=\/wp\/v2\/types\/post"}],"author":[{"embeddable":true,"href":"https:\/\/fmpatagoniamadryn.com.ar\/index.php?rest_route=\/wp\/v2\/users\/3"}],"replies":[{"embeddable":true,"href":"https:\/\/fmpatagoniamadryn.com.ar\/index.php?rest_route=%2Fwp%2Fv2%2Fcomments&post=3680"}],"version-history":[{"count":1,"href":"https:\/\/fmpatagoniamadryn.com.ar\/index.php?rest_route=\/wp\/v2\/posts\/3680\/revisions"}],"predecessor-version":[{"id":3681,"href":"https:\/\/fmpatagoniamadryn.com.ar\/index.php?rest_route=\/wp\/v2\/posts\/3680\/revisions\/3681"}],"wp:featuredmedia":[{"embeddable":true,"href":"https:\/\/fmpatagoniamadryn.com.ar\/index.php?rest_route=\/wp\/v2\/media\/3679"}],"wp:attachment":[{"href":"https:\/\/fmpatagoniamadryn.com.ar\/index.php?rest_route=%2Fwp%2Fv2%2Fmedia&parent=3680"}],"wp:term":[{"taxonomy":"category","embeddable":true,"href":"https:\/\/fmpatagoniamadryn.com.ar\/index.php?rest_route=%2Fwp%2Fv2%2Fcategories&post=3680"},{"taxonomy":"post_tag","embeddable":true,"href":"https:\/\/fmpatagoniamadryn.com.ar\/index.php?rest_route=%2Fwp%2Fv2%2Ftags&post=3680"}],"curies":[{"name":"wp","href":"https:\/\/api.w.org\/{rel}","templated":true}]}}