{"id":3683,"date":"2023-06-20T17:22:14","date_gmt":"2023-06-20T20:22:14","guid":{"rendered":"https:\/\/fmpatagoniamadryn.com.ar\/?p=3683"},"modified":"2023-06-20T17:22:42","modified_gmt":"2023-06-20T20:22:42","slug":"en-el-dia-de-la-bandera-arcioni-tomo-juramento-a-131-futuros-agentes-y-oficiales-de-la-policia-del-chubut","status":"publish","type":"post","link":"https:\/\/fmpatagoniamadryn.com.ar\/?p=3683","title":{"rendered":"En el D\u00eda de la Bandera, Arcioni tom\u00f3 juramento a 131 futuros agentes y oficiales de la Polic\u00eda del Chubut"},"content":{"rendered":"\n<p>El mandatario encabez\u00f3, en Playa Uni\u00f3n, el acto central por el D\u00eda de la Bandera, donde tom\u00f3 juramento a cadetes y aspirantes de la Fuerza de seguridad provincial.<br><br>El gobernador del Chubut, Mariano Arcioni, presidi\u00f3 este martes el acto central por el D\u00eda de la Bandera, donde le tom\u00f3 juramento de Honor al Pabell\u00f3n Nacional a 131 futuros agentes y oficiales de la Polic\u00eda del Chubut. \u201cEs un compromiso muy importante que hacen los futuros efectivos policiales\u201d, destac\u00f3 el mandatario ante un Gimnasio colmado. <br><br>De esta manera, 26 cadetes de 3\u00b0 A\u00f1o del Instituto Superior de Formaci\u00f3n Policial (ISFP) N\u00b0 811, y 105 aspirantes del Centro de Formaci\u00f3n Policial (CFP) N\u00b0 663 de Rawson, juraron lealtad al pabell\u00f3n nacional hasta perder la vida. <br><br>La ceremonia tuvo lugar esta ma\u00f1ana en el Gimnasio Municipal \u201cH\u00e9roes de Malvinas\u201d de Playa Uni\u00f3n (Rawson) y fue transmitida en vivo por LU90 Canal 7 -Televisi\u00f3n P\u00fablica del Chubut-. Estuvieron presentes el ministro de Seguridad, Miguel Castro; el jefe y subjefe de la Polic\u00eda del Chubut, Cesar Brandt y Juan Cruz Campos, respectivamente; subsecretarios de Estado; diputadas provinciales; Plana Mayor; comunidad policial, banderas de ceremonia; familiares. <br><br>\u201cUna polic\u00eda especializada\u201d <br><br>En su alocuci\u00f3n, el gobernador Arcioni, sostuvo que \u201ceste d\u00eda es muy emotivo para todos, tanto los ni\u00f1os que prometen la bandera en cuarto grado como para los agentes que est\u00e1n hoy ac\u00e1 en la jura. La verdad que es un compromiso muy importante que hacen los aspirantes, en este caso y a m\u00ed me emociona mucho estar compartiendo este tipo de actos\u201d. <br><br>Asimismo, se\u00f1al\u00f3 que \u201cson futuros polic\u00edas que van a estar en las distintas localidades de la provincia. Exactamente, tenemos 131 efectivos o aspirantes que han dado juramento a la bandera y la verdad que hay un cuerpo tanto de cadetes como de agentes muy importantes junto con la Guardia Urbana y acompa\u00f1ado de todo un nuevo equipamiento que venimos sumando a lo largo de este tiempo\u201d. <br><br>\u201cEstoy muy contento porque encontrar personas en las escuelas oficiales como los aspirantes, a uno tambi\u00e9n le llena de satisfacci\u00f3n. Hoy en gran parte lo que est\u00e1 requiriendo a la sociedad es una polic\u00eda especializada, con vocaci\u00f3n por sobre todas las cosas y me parece que la polic\u00eda lo est\u00e1 logrando\u201d, finaliz\u00f3 el mandatario provincial. <br><br>\u201cEl 20 de junio es un d\u00eda muy emocionante\u201d <br><br>En su discurso, el jefe de Polic\u00eda, Cesar Brandt, agradeci\u00f3 el acompa\u00f1amiento en este d\u00eda especial \u201cno s\u00f3lo para nuestros aspirantes y cadetes, sino para toda la familia tanto la de ellos como la policial, porque para todos quienes elegimos la carrera, el 20 de junio es un d\u00eda muy emocionante\u201d. <br><br>Y mencion\u00f3 que \u201cson 131 nuevos agentes ac\u00e1 en Rawson, pero tambi\u00e9n debemos mencionar que los centros de formaci\u00f3n de Puerto Madryn, de Esquel y de Comodoro est\u00e1n en simult\u00e1neo tambi\u00e9n haciendo la jura de la bandera. All\u00ed concurrieron parte o integrantes de la plana mayor policial tambi\u00e9n para acompa\u00f1ar a los otros grupos\u201d. <br><br>Acto <br><br>Luego de tomarle juramento a los futuros polic\u00edas, el gobernador Arcioni saludo a toda la formaci\u00f3n de cadetes y aspirante de la Polic\u00eda del Chubut y a los ex combatientes. <br><br>La Banda de M\u00fasica de la Polic\u00eda del Chubut fue la encargada de engalanar la ceremonia. <\/p>\n","protected":false},"excerpt":{"rendered":"<p>El mandatario encabez\u00f3, en Playa Uni\u00f3n, el acto central por el D\u00eda de la Bandera, donde tom\u00f3 juramento a cadetes y aspirantes de la Fuerza de seguridad provincial. El gobernador&hellip; <\/p>\n","protected":false},"author":3,"featured_media":3682,"comment_status":"closed","ping_status":"closed","sticky":false,"template":"","format":"standard","meta":{"footnotes":""},"categories":[14],"tags":[],"class_list":["post-3683","post","type-post","status-publish","format-standard","has-post-thumbnail","hentry","category-provinciales"],"yoast_head":"<!-- This site is optimized with the Yoast SEO plugin v27.4 - https:\/\/yoast.com\/product\/yoast-seo-wordpress\/ -->\n<title>En el D\u00eda de la Bandera, Arcioni tom\u00f3 juramento a 131 futuros agentes y oficiales de la Polic\u00eda del Chubut - FM Patagonia Madryn<\/title>\n<meta name=\"robots\" content=\"index, follow, max-snippet:-1, max-image-preview:large, max-video-preview:-1\" \/>\n<link rel=\"canonical\" href=\"https:\/\/fmpatagoniamadryn.com.ar\/?p=3683\" \/>\n<meta property=\"og:locale\" content=\"es_ES\" \/>\n<meta property=\"og:type\" content=\"article\" \/>\n<meta property=\"og:title\" content=\"En el D\u00eda de la Bandera, Arcioni tom\u00f3 juramento a 131 futuros agentes y oficiales de la Polic\u00eda del Chubut - FM Patagonia Madryn\" \/>\n<meta property=\"og:description\" content=\"El mandatario encabez\u00f3, en Playa Uni\u00f3n, el acto central por el D\u00eda de la Bandera, donde tom\u00f3 juramento a cadetes y aspirantes de la Fuerza de seguridad provincial. El gobernador&hellip;\" \/>\n<meta property=\"og:url\" content=\"https:\/\/fmpatagoniamadryn.com.ar\/?p=3683\" \/>\n<meta property=\"og:site_name\" content=\"FM Patagonia Madryn\" \/>\n<meta property=\"article:published_time\" content=\"2023-06-20T20:22:14+00:00\" \/>\n<meta property=\"article:modified_time\" content=\"2023-06-20T20:22:42+00:00\" \/>\n<meta property=\"og:image\" content=\"https:\/\/fmpatagoniamadryn.com.ar\/wp-content\/uploads\/2023\/06\/JURAMENTO-BANDERA-10-scaled.jpg\" \/>\n\t<meta property=\"og:image:width\" content=\"2560\" \/>\n\t<meta property=\"og:image:height\" content=\"1589\" \/>\n\t<meta property=\"og:image:type\" content=\"image\/jpeg\" \/>\n<meta name=\"author\" content=\"FM Patagonia\" \/>\n<meta name=\"twitter:card\" content=\"summary_large_image\" \/>\n<meta name=\"twitter:label1\" content=\"Escrito por\" \/>\n\t<meta name=\"twitter:data1\" content=\"FM Patagonia\" \/>\n\t<meta name=\"twitter:label2\" content=\"Tiempo de lectura\" \/>\n\t<meta name=\"twitter:data2\" content=\"3 minutos\" \/>\n<script type=\"application\/ld+json\" class=\"yoast-schema-graph\">{\"@context\":\"https:\\\/\\\/schema.org\",\"@graph\":[{\"@type\":\"Article\",\"@id\":\"https:\\\/\\\/fmpatagoniamadryn.com.ar\\\/?p=3683#article\",\"isPartOf\":{\"@id\":\"https:\\\/\\\/fmpatagoniamadryn.com.ar\\\/?p=3683\"},\"author\":{\"name\":\"FM Patagonia\",\"@id\":\"https:\\\/\\\/fmpatagoniamadryn.com.ar\\\/#\\\/schema\\\/person\\\/1d968ec613613768e14b4e6420a2b125\"},\"headline\":\"En el D\u00eda de la Bandera, Arcioni tom\u00f3 juramento a 131 futuros agentes y oficiales de la Polic\u00eda del Chubut\",\"datePublished\":\"2023-06-20T20:22:14+00:00\",\"dateModified\":\"2023-06-20T20:22:42+00:00\",\"mainEntityOfPage\":{\"@id\":\"https:\\\/\\\/fmpatagoniamadryn.com.ar\\\/?p=3683\"},\"wordCount\":594,\"publisher\":{\"@id\":\"https:\\\/\\\/fmpatagoniamadryn.com.ar\\\/#organization\"},\"image\":{\"@id\":\"https:\\\/\\\/fmpatagoniamadryn.com.ar\\\/?p=3683#primaryimage\"},\"thumbnailUrl\":\"https:\\\/\\\/fmpatagoniamadryn.com.ar\\\/wp-content\\\/uploads\\\/2023\\\/06\\\/JURAMENTO-BANDERA-10-scaled.jpg\",\"articleSection\":[\"Provinciales\"],\"inLanguage\":\"es\"},{\"@type\":\"WebPage\",\"@id\":\"https:\\\/\\\/fmpatagoniamadryn.com.ar\\\/?p=3683\",\"url\":\"https:\\\/\\\/fmpatagoniamadryn.com.ar\\\/?p=3683\",\"name\":\"En el D\u00eda de la Bandera, Arcioni tom\u00f3 juramento a 131 futuros agentes y oficiales de la Polic\u00eda del Chubut - FM Patagonia Madryn\",\"isPartOf\":{\"@id\":\"https:\\\/\\\/fmpatagoniamadryn.com.ar\\\/#website\"},\"primaryImageOfPage\":{\"@id\":\"https:\\\/\\\/fmpatagoniamadryn.com.ar\\\/?p=3683#primaryimage\"},\"image\":{\"@id\":\"https:\\\/\\\/fmpatagoniamadryn.com.ar\\\/?p=3683#primaryimage\"},\"thumbnailUrl\":\"https:\\\/\\\/fmpatagoniamadryn.com.ar\\\/wp-content\\\/uploads\\\/2023\\\/06\\\/JURAMENTO-BANDERA-10-scaled.jpg\",\"datePublished\":\"2023-06-20T20:22:14+00:00\",\"dateModified\":\"2023-06-20T20:22:42+00:00\",\"breadcrumb\":{\"@id\":\"https:\\\/\\\/fmpatagoniamadryn.com.ar\\\/?p=3683#breadcrumb\"},\"inLanguage\":\"es\",\"potentialAction\":[{\"@type\":\"ReadAction\",\"target\":[\"https:\\\/\\\/fmpatagoniamadryn.com.ar\\\/?p=3683\"]}]},{\"@type\":\"ImageObject\",\"inLanguage\":\"es\",\"@id\":\"https:\\\/\\\/fmpatagoniamadryn.com.ar\\\/?p=3683#primaryimage\",\"url\":\"https:\\\/\\\/fmpatagoniamadryn.com.ar\\\/wp-content\\\/uploads\\\/2023\\\/06\\\/JURAMENTO-BANDERA-10-scaled.jpg\",\"contentUrl\":\"https:\\\/\\\/fmpatagoniamadryn.com.ar\\\/wp-content\\\/uploads\\\/2023\\\/06\\\/JURAMENTO-BANDERA-10-scaled.jpg\",\"width\":2560,\"height\":1589},{\"@type\":\"BreadcrumbList\",\"@id\":\"https:\\\/\\\/fmpatagoniamadryn.com.ar\\\/?p=3683#breadcrumb\",\"itemListElement\":[{\"@type\":\"ListItem\",\"position\":1,\"name\":\"Portada\",\"item\":\"https:\\\/\\\/fmpatagoniamadryn.com.ar\\\/\"},{\"@type\":\"ListItem\",\"position\":2,\"name\":\"En el D\u00eda de la Bandera, Arcioni tom\u00f3 juramento a 131 futuros agentes y oficiales de la Polic\u00eda del Chubut\"}]},{\"@type\":\"WebSite\",\"@id\":\"https:\\\/\\\/fmpatagoniamadryn.com.ar\\\/#website\",\"url\":\"https:\\\/\\\/fmpatagoniamadryn.com.ar\\\/\",\"name\":\"FM Patagonia Madryn\",\"description\":\"Radio Patagonia 105.5\",\"publisher\":{\"@id\":\"https:\\\/\\\/fmpatagoniamadryn.com.ar\\\/#organization\"},\"potentialAction\":[{\"@type\":\"SearchAction\",\"target\":{\"@type\":\"EntryPoint\",\"urlTemplate\":\"https:\\\/\\\/fmpatagoniamadryn.com.ar\\\/?s={search_term_string}\"},\"query-input\":{\"@type\":\"PropertyValueSpecification\",\"valueRequired\":true,\"valueName\":\"search_term_string\"}}],\"inLanguage\":\"es\"},{\"@type\":\"Organization\",\"@id\":\"https:\\\/\\\/fmpatagoniamadryn.com.ar\\\/#organization\",\"name\":\"FM Patagonia Madryn\",\"url\":\"https:\\\/\\\/fmpatagoniamadryn.com.ar\\\/\",\"logo\":{\"@type\":\"ImageObject\",\"inLanguage\":\"es\",\"@id\":\"https:\\\/\\\/fmpatagoniamadryn.com.ar\\\/#\\\/schema\\\/logo\\\/image\\\/\",\"url\":\"https:\\\/\\\/fmpatagoniamadryn.com.ar\\\/wp-content\\\/uploads\\\/2023\\\/01\\\/cropped-Diseno-sin-titulo.png\",\"contentUrl\":\"https:\\\/\\\/fmpatagoniamadryn.com.ar\\\/wp-content\\\/uploads\\\/2023\\\/01\\\/cropped-Diseno-sin-titulo.png\",\"width\":6911,\"height\":2657,\"caption\":\"FM Patagonia Madryn\"},\"image\":{\"@id\":\"https:\\\/\\\/fmpatagoniamadryn.com.ar\\\/#\\\/schema\\\/logo\\\/image\\\/\"}},{\"@type\":\"Person\",\"@id\":\"https:\\\/\\\/fmpatagoniamadryn.com.ar\\\/#\\\/schema\\\/person\\\/1d968ec613613768e14b4e6420a2b125\",\"name\":\"FM Patagonia\",\"url\":\"https:\\\/\\\/fmpatagoniamadryn.com.ar\\\/?author=3\"}]}<\/script>\n<!-- \/ Yoast SEO plugin. -->","yoast_head_json":{"title":"En el D\u00eda de la Bandera, Arcioni tom\u00f3 juramento a 131 futuros agentes y oficiales de la Polic\u00eda del Chubut - FM Patagonia Madryn","robots":{"index":"index","follow":"follow","max-snippet":"max-snippet:-1","max-image-preview":"max-image-preview:large","max-video-preview":"max-video-preview:-1"},"canonical":"https:\/\/fmpatagoniamadryn.com.ar\/?p=3683","og_locale":"es_ES","og_type":"article","og_title":"En el D\u00eda de la Bandera, Arcioni tom\u00f3 juramento a 131 futuros agentes y oficiales de la Polic\u00eda del Chubut - FM Patagonia Madryn","og_description":"El mandatario encabez\u00f3, en Playa Uni\u00f3n, el acto central por el D\u00eda de la Bandera, donde tom\u00f3 juramento a cadetes y aspirantes de la Fuerza de seguridad provincial. El gobernador&hellip;","og_url":"https:\/\/fmpatagoniamadryn.com.ar\/?p=3683","og_site_name":"FM Patagonia Madryn","article_published_time":"2023-06-20T20:22:14+00:00","article_modified_time":"2023-06-20T20:22:42+00:00","og_image":[{"width":2560,"height":1589,"url":"https:\/\/fmpatagoniamadryn.com.ar\/wp-content\/uploads\/2023\/06\/JURAMENTO-BANDERA-10-scaled.jpg","type":"image\/jpeg"}],"author":"FM Patagonia","twitter_card":"summary_large_image","twitter_misc":{"Escrito por":"FM Patagonia","Tiempo de lectura":"3 minutos"},"schema":{"@context":"https:\/\/schema.org","@graph":[{"@type":"Article","@id":"https:\/\/fmpatagoniamadryn.com.ar\/?p=3683#article","isPartOf":{"@id":"https:\/\/fmpatagoniamadryn.com.ar\/?p=3683"},"author":{"name":"FM Patagonia","@id":"https:\/\/fmpatagoniamadryn.com.ar\/#\/schema\/person\/1d968ec613613768e14b4e6420a2b125"},"headline":"En el D\u00eda de la Bandera, Arcioni tom\u00f3 juramento a 131 futuros agentes y oficiales de la Polic\u00eda del Chubut","datePublished":"2023-06-20T20:22:14+00:00","dateModified":"2023-06-20T20:22:42+00:00","mainEntityOfPage":{"@id":"https:\/\/fmpatagoniamadryn.com.ar\/?p=3683"},"wordCount":594,"publisher":{"@id":"https:\/\/fmpatagoniamadryn.com.ar\/#organization"},"image":{"@id":"https:\/\/fmpatagoniamadryn.com.ar\/?p=3683#primaryimage"},"thumbnailUrl":"https:\/\/fmpatagoniamadryn.com.ar\/wp-content\/uploads\/2023\/06\/JURAMENTO-BANDERA-10-scaled.jpg","articleSection":["Provinciales"],"inLanguage":"es"},{"@type":"WebPage","@id":"https:\/\/fmpatagoniamadryn.com.ar\/?p=3683","url":"https:\/\/fmpatagoniamadryn.com.ar\/?p=3683","name":"En el D\u00eda de la Bandera, Arcioni tom\u00f3 juramento a 131 futuros agentes y oficiales de la Polic\u00eda del Chubut - FM Patagonia Madryn","isPartOf":{"@id":"https:\/\/fmpatagoniamadryn.com.ar\/#website"},"primaryImageOfPage":{"@id":"https:\/\/fmpatagoniamadryn.com.ar\/?p=3683#primaryimage"},"image":{"@id":"https:\/\/fmpatagoniamadryn.com.ar\/?p=3683#primaryimage"},"thumbnailUrl":"https:\/\/fmpatagoniamadryn.com.ar\/wp-content\/uploads\/2023\/06\/JURAMENTO-BANDERA-10-scaled.jpg","datePublished":"2023-06-20T20:22:14+00:00","dateModified":"2023-06-20T20:22:42+00:00","breadcrumb":{"@id":"https:\/\/fmpatagoniamadryn.com.ar\/?p=3683#breadcrumb"},"inLanguage":"es","potentialAction":[{"@type":"ReadAction","target":["https:\/\/fmpatagoniamadryn.com.ar\/?p=3683"]}]},{"@type":"ImageObject","inLanguage":"es","@id":"https:\/\/fmpatagoniamadryn.com.ar\/?p=3683#primaryimage","url":"https:\/\/fmpatagoniamadryn.com.ar\/wp-content\/uploads\/2023\/06\/JURAMENTO-BANDERA-10-scaled.jpg","contentUrl":"https:\/\/fmpatagoniamadryn.com.ar\/wp-content\/uploads\/2023\/06\/JURAMENTO-BANDERA-10-scaled.jpg","width":2560,"height":1589},{"@type":"BreadcrumbList","@id":"https:\/\/fmpatagoniamadryn.com.ar\/?p=3683#breadcrumb","itemListElement":[{"@type":"ListItem","position":1,"name":"Portada","item":"https:\/\/fmpatagoniamadryn.com.ar\/"},{"@type":"ListItem","position":2,"name":"En el D\u00eda de la Bandera, Arcioni tom\u00f3 juramento a 131 futuros agentes y oficiales de la Polic\u00eda del Chubut"}]},{"@type":"WebSite","@id":"https:\/\/fmpatagoniamadryn.com.ar\/#website","url":"https:\/\/fmpatagoniamadryn.com.ar\/","name":"FM Patagonia Madryn","description":"Radio Patagonia 105.5","publisher":{"@id":"https:\/\/fmpatagoniamadryn.com.ar\/#organization"},"potentialAction":[{"@type":"SearchAction","target":{"@type":"EntryPoint","urlTemplate":"https:\/\/fmpatagoniamadryn.com.ar\/?s={search_term_string}"},"query-input":{"@type":"PropertyValueSpecification","valueRequired":true,"valueName":"search_term_string"}}],"inLanguage":"es"},{"@type":"Organization","@id":"https:\/\/fmpatagoniamadryn.com.ar\/#organization","name":"FM Patagonia Madryn","url":"https:\/\/fmpatagoniamadryn.com.ar\/","logo":{"@type":"ImageObject","inLanguage":"es","@id":"https:\/\/fmpatagoniamadryn.com.ar\/#\/schema\/logo\/image\/","url":"https:\/\/fmpatagoniamadryn.com.ar\/wp-content\/uploads\/2023\/01\/cropped-Diseno-sin-titulo.png","contentUrl":"https:\/\/fmpatagoniamadryn.com.ar\/wp-content\/uploads\/2023\/01\/cropped-Diseno-sin-titulo.png","width":6911,"height":2657,"caption":"FM Patagonia Madryn"},"image":{"@id":"https:\/\/fmpatagoniamadryn.com.ar\/#\/schema\/logo\/image\/"}},{"@type":"Person","@id":"https:\/\/fmpatagoniamadryn.com.ar\/#\/schema\/person\/1d968ec613613768e14b4e6420a2b125","name":"FM Patagonia","url":"https:\/\/fmpatagoniamadryn.com.ar\/?author=3"}]}},"jetpack_featured_media_url":"https:\/\/fmpatagoniamadryn.com.ar\/wp-content\/uploads\/2023\/06\/JURAMENTO-BANDERA-10-scaled.jpg","_links":{"self":[{"href":"https:\/\/fmpatagoniamadryn.com.ar\/index.php?rest_route=\/wp\/v2\/posts\/3683","targetHints":{"allow":["GET"]}}],"collection":[{"href":"https:\/\/fmpatagoniamadryn.com.ar\/index.php?rest_route=\/wp\/v2\/posts"}],"about":[{"href":"https:\/\/fmpatagoniamadryn.com.ar\/index.php?rest_route=\/wp\/v2\/types\/post"}],"author":[{"embeddable":true,"href":"https:\/\/fmpatagoniamadryn.com.ar\/index.php?rest_route=\/wp\/v2\/users\/3"}],"replies":[{"embeddable":true,"href":"https:\/\/fmpatagoniamadryn.com.ar\/index.php?rest_route=%2Fwp%2Fv2%2Fcomments&post=3683"}],"version-history":[{"count":1,"href":"https:\/\/fmpatagoniamadryn.com.ar\/index.php?rest_route=\/wp\/v2\/posts\/3683\/revisions"}],"predecessor-version":[{"id":3684,"href":"https:\/\/fmpatagoniamadryn.com.ar\/index.php?rest_route=\/wp\/v2\/posts\/3683\/revisions\/3684"}],"wp:featuredmedia":[{"embeddable":true,"href":"https:\/\/fmpatagoniamadryn.com.ar\/index.php?rest_route=\/wp\/v2\/media\/3682"}],"wp:attachment":[{"href":"https:\/\/fmpatagoniamadryn.com.ar\/index.php?rest_route=%2Fwp%2Fv2%2Fmedia&parent=3683"}],"wp:term":[{"taxonomy":"category","embeddable":true,"href":"https:\/\/fmpatagoniamadryn.com.ar\/index.php?rest_route=%2Fwp%2Fv2%2Fcategories&post=3683"},{"taxonomy":"post_tag","embeddable":true,"href":"https:\/\/fmpatagoniamadryn.com.ar\/index.php?rest_route=%2Fwp%2Fv2%2Ftags&post=3683"}],"curies":[{"name":"wp","href":"https:\/\/api.w.org\/{rel}","templated":true}]}}