{"id":3694,"date":"2023-06-21T07:06:38","date_gmt":"2023-06-21T10:06:38","guid":{"rendered":"https:\/\/fmpatagoniamadryn.com.ar\/?p=3694"},"modified":"2023-06-21T07:06:49","modified_gmt":"2023-06-21T10:06:49","slug":"nacionales-el-gobierno-repudio-la-represion-en-jujuy-y-denuncio-que-morales-es-el-unico-responsable","status":"publish","type":"post","link":"https:\/\/fmpatagoniamadryn.com.ar\/?p=3694","title":{"rendered":"<br>Nacionales El Gobierno repudi\u00f3 la represi\u00f3n en Jujuy y denunci\u00f3 que Morales es \u00abel \u00fanico responsable\u00bb"},"content":{"rendered":"\n<p><br>Desde Alberto Fern\u00e1ndez y Cristina Fern\u00e1ndez de Kirchner, a legisladores, funcionarios y dirigentes de Uni\u00f3n por la Patria rechazaron el brutal accionar de la polic\u00eda juje\u00f1a sobre los manifestantes que rechazaban la reforma constitucional provincial<br>El jefe de Estado exigi\u00f3 al gobierno de Jujuy \u00abel cese inmediato de la represi\u00f3n\u00bb y acus\u00f3 al mandatario provincial de \u00abser el \u00fanico responsable\u00bb de haber llevado a la provincia a esa situaci\u00f3n \u00abtratando de imponer una reforma constitucional que no respeta la Constituci\u00f3n Nacional\u00bb. <br><br>\u00abUsted es el \u00fanico responsable de haber llevado a nuestra querida provincia de Jujuy a esta situaci\u00f3n l\u00edmite tratando de imponer una reforma constitucional que no respeta la Constituci\u00f3n Nacional\u00bb, afirm\u00f3 el Presidente en su cuenta de Twitter, en respuesta a una publicaci\u00f3n de Morales de minutos antes, en la que hac\u00eda responsable a Fern\u00e1ndez y Cristina Fern\u00e1ndez de Kirchner por \u00abla extrema violencia que se est\u00e1 viviendo en la provincia de Jujuy\u00bb.<br><br>El Presidente dijo que la reforma de la Constituci\u00f3n de Jujuy \u00abdesatiende acuerdos internacionales, no escucha a los pueblos originarios y niega el derecho a la protesta\u00bb. <br><br>\u00abEl Gobierno nacional respeta el federalismo y los resultados electorales locales, pero debe garantizar la convivencia y el respeto a los derechos humanos. Por eso, exigimos al Gobierno de Jujuy el cese inmediato de la represi\u00f3n\u00bb, pidi\u00f3 Fern\u00e1ndez. <br><br>El mandatario exigi\u00f3 al Gobierno de Jujuy que \u00abconvoque a todos los actores sociales juje\u00f1os a encontrar caminos de di\u00e1logo para superar la controversia que ha creado\u00bb. <br><br>La vicepresidenta, por su parte, solicit\u00f3 a Morales que \u00abpare con la locura represiva que su propio accionar ha desatado\u00bb y sostuvo que \u00abpareciera que la represi\u00f3n salvaje est\u00e1 en su ADN\u00bb. &#8211; TELAM SE 2022. Queda expresamente prohibida la utilizaci\u00f3n <br><br>\u00abH\u00e1gase cargo Gobernador Morales y pare con la locura represiva que su propio accionar ha desatado. Lo que est\u00e1 sucediendo en la Provincia de Jujuy es absoluta responsabilidad suya y usted lo sabe\u00bb, expres\u00f3 la Vicepresidenta en la misma red social. <br><br>Fern\u00e1ndez de Kirchner record\u00f3 a Morales: \u00abPareciera que la represi\u00f3n salvaje est\u00e1 en su ADN. Usted fue un alto funcionario del Gobierno de la primera Alianza que en el a\u00f1o 2001 declar\u00f3 el Estado de Sitio y fue responsable del asesinato de 38 argentinos\u00bb<br><br>\u00abY por favor Morales no mienta m\u00e1s&#8230; que hasta James Cameron se dio cuenta\u00bb, concluy\u00f3 en su publicaci\u00f3n<br><br>La Vicepresidenta se refiri\u00f3 de esa manera a la reciente vista del director de cine norteamericano a Jujuy, quien declar\u00f3 haberse sentido \u00abemboscado\u00bb por Morales por haber querido utilizar su imagen para promocionar la extracci\u00f3n de litio.<br><br>M\u00e1s tarde subi\u00f3 otro posteo donde se\u00f1al\u00f3: \u00ab\u00bfVe Morales por qu\u00e9 no hay que mentir? No es La C\u00e1mpora, ni el kirchnerismo, ni la Vicepresidenta, ni el Presidente\u00bb y agreg\u00f3: \u00abEs la Comisi\u00f3n Interamericana de Derechos Humanos, organismo dependiente de la Organizaci\u00f3n de Estados Americanos (OEA) con sede en Washington, la que se acaba de pronunciar sobre la represi\u00f3n que usted orden\u00f3 en su provincia, sosteniendo que &#8216;Argentina debe respetar est\u00e1ndares de uso de la fuerza provincial durante las protestas en Jujuy&#8217;. La comprensi\u00f3n de texto es para todos y todas Morales\u00bb.<br><br>En ese posteo, adjunt\u00f3 el comunicado de la Comisi\u00f3n Interamericana de Derechos Humanos que \u00abobserva con preocupaci\u00f3n las acciones que se llevan a cabo para disolver las protestas\u00bb en Jujuy, y \u00abllama al Estado a respetar el derecho a la libertad de expresi\u00f3n, los est\u00e1ndares interamericanos del uso de la fuerza, y a llevar a cabo un proceso de di\u00e1logo efectivo, inclusivo e intercultural, en que se respeten los derechos sindicales y de los pueblos originarios\u00bb. <br><br><br>\u00abNo mienta gobernador. La foto es de abril de 2022, en Guernica, provincia de Buenos Aires\u00bb, escribi\u00f3 De Pedro en su cuenta de la misma red social Twitter, y agreg\u00f3: \u00abComo en el 2001: mienten, gobiernan de espaldas al pueblo y terminan con represi\u00f3n\u00bb<br><br><br>Fuente T\u00e9lam<\/p>\n","protected":false},"excerpt":{"rendered":"<p>Desde Alberto Fern\u00e1ndez y Cristina Fern\u00e1ndez de Kirchner, a legisladores, funcionarios y dirigentes de Uni\u00f3n por la Patria rechazaron el brutal accionar de la polic\u00eda juje\u00f1a sobre los manifestantes que&hellip; <\/p>\n","protected":false},"author":2,"featured_media":3693,"comment_status":"closed","ping_status":"closed","sticky":false,"template":"","format":"standard","meta":{"footnotes":""},"categories":[13],"tags":[],"class_list":["post-3694","post","type-post","status-publish","format-standard","has-post-thumbnail","hentry","category-nacionales"],"yoast_head":"<!-- This site is optimized with the Yoast SEO plugin v27.4 - https:\/\/yoast.com\/product\/yoast-seo-wordpress\/ -->\n<title>Nacionales El Gobierno repudi\u00f3 la represi\u00f3n en Jujuy y denunci\u00f3 que Morales es &quot;el \u00fanico responsable&quot; - FM Patagonia Madryn<\/title>\n<meta name=\"robots\" content=\"index, follow, max-snippet:-1, max-image-preview:large, max-video-preview:-1\" \/>\n<link rel=\"canonical\" href=\"https:\/\/fmpatagoniamadryn.com.ar\/?p=3694\" \/>\n<meta property=\"og:locale\" content=\"es_ES\" \/>\n<meta property=\"og:type\" content=\"article\" \/>\n<meta property=\"og:title\" content=\"Nacionales El Gobierno repudi\u00f3 la represi\u00f3n en Jujuy y denunci\u00f3 que Morales es &quot;el \u00fanico responsable&quot; - FM Patagonia Madryn\" \/>\n<meta property=\"og:description\" content=\"Desde Alberto Fern\u00e1ndez y Cristina Fern\u00e1ndez de Kirchner, a legisladores, funcionarios y dirigentes de Uni\u00f3n por la Patria rechazaron el brutal accionar de la polic\u00eda juje\u00f1a sobre los manifestantes que&hellip;\" \/>\n<meta property=\"og:url\" content=\"https:\/\/fmpatagoniamadryn.com.ar\/?p=3694\" \/>\n<meta property=\"og:site_name\" content=\"FM Patagonia Madryn\" \/>\n<meta property=\"article:published_time\" content=\"2023-06-21T10:06:38+00:00\" \/>\n<meta property=\"article:modified_time\" content=\"2023-06-21T10:06:49+00:00\" \/>\n<meta property=\"og:image\" content=\"https:\/\/fmpatagoniamadryn.com.ar\/wp-content\/uploads\/2023\/06\/descarga_-_2023-06-20T195608.781_.jpg\" \/>\n\t<meta property=\"og:image:width\" content=\"278\" \/>\n\t<meta property=\"og:image:height\" content=\"181\" \/>\n\t<meta property=\"og:image:type\" content=\"image\/jpeg\" \/>\n<meta name=\"author\" content=\"FM Patagonia\" \/>\n<meta name=\"twitter:card\" content=\"summary_large_image\" \/>\n<meta name=\"twitter:label1\" content=\"Escrito por\" \/>\n\t<meta name=\"twitter:data1\" content=\"FM Patagonia\" \/>\n\t<meta name=\"twitter:label2\" content=\"Tiempo de lectura\" \/>\n\t<meta name=\"twitter:data2\" content=\"3 minutos\" \/>\n<script type=\"application\/ld+json\" class=\"yoast-schema-graph\">{\"@context\":\"https:\\\/\\\/schema.org\",\"@graph\":[{\"@type\":\"Article\",\"@id\":\"https:\\\/\\\/fmpatagoniamadryn.com.ar\\\/?p=3694#article\",\"isPartOf\":{\"@id\":\"https:\\\/\\\/fmpatagoniamadryn.com.ar\\\/?p=3694\"},\"author\":{\"name\":\"FM Patagonia\",\"@id\":\"https:\\\/\\\/fmpatagoniamadryn.com.ar\\\/#\\\/schema\\\/person\\\/8a3de4ad7efceacab06c1641c50303b7\"},\"headline\":\"Nacionales El Gobierno repudi\u00f3 la represi\u00f3n en Jujuy y denunci\u00f3 que Morales es \u00abel \u00fanico responsable\u00bb\",\"datePublished\":\"2023-06-21T10:06:38+00:00\",\"dateModified\":\"2023-06-21T10:06:49+00:00\",\"mainEntityOfPage\":{\"@id\":\"https:\\\/\\\/fmpatagoniamadryn.com.ar\\\/?p=3694\"},\"wordCount\":696,\"publisher\":{\"@id\":\"https:\\\/\\\/fmpatagoniamadryn.com.ar\\\/#organization\"},\"image\":{\"@id\":\"https:\\\/\\\/fmpatagoniamadryn.com.ar\\\/?p=3694#primaryimage\"},\"thumbnailUrl\":\"https:\\\/\\\/fmpatagoniamadryn.com.ar\\\/wp-content\\\/uploads\\\/2023\\\/06\\\/descarga_-_2023-06-20T195608.781_.jpg\",\"articleSection\":[\"Nacionales\"],\"inLanguage\":\"es\"},{\"@type\":\"WebPage\",\"@id\":\"https:\\\/\\\/fmpatagoniamadryn.com.ar\\\/?p=3694\",\"url\":\"https:\\\/\\\/fmpatagoniamadryn.com.ar\\\/?p=3694\",\"name\":\"Nacionales El Gobierno repudi\u00f3 la represi\u00f3n en Jujuy y denunci\u00f3 que Morales es \\\"el \u00fanico responsable\\\" - FM Patagonia Madryn\",\"isPartOf\":{\"@id\":\"https:\\\/\\\/fmpatagoniamadryn.com.ar\\\/#website\"},\"primaryImageOfPage\":{\"@id\":\"https:\\\/\\\/fmpatagoniamadryn.com.ar\\\/?p=3694#primaryimage\"},\"image\":{\"@id\":\"https:\\\/\\\/fmpatagoniamadryn.com.ar\\\/?p=3694#primaryimage\"},\"thumbnailUrl\":\"https:\\\/\\\/fmpatagoniamadryn.com.ar\\\/wp-content\\\/uploads\\\/2023\\\/06\\\/descarga_-_2023-06-20T195608.781_.jpg\",\"datePublished\":\"2023-06-21T10:06:38+00:00\",\"dateModified\":\"2023-06-21T10:06:49+00:00\",\"breadcrumb\":{\"@id\":\"https:\\\/\\\/fmpatagoniamadryn.com.ar\\\/?p=3694#breadcrumb\"},\"inLanguage\":\"es\",\"potentialAction\":[{\"@type\":\"ReadAction\",\"target\":[\"https:\\\/\\\/fmpatagoniamadryn.com.ar\\\/?p=3694\"]}]},{\"@type\":\"ImageObject\",\"inLanguage\":\"es\",\"@id\":\"https:\\\/\\\/fmpatagoniamadryn.com.ar\\\/?p=3694#primaryimage\",\"url\":\"https:\\\/\\\/fmpatagoniamadryn.com.ar\\\/wp-content\\\/uploads\\\/2023\\\/06\\\/descarga_-_2023-06-20T195608.781_.jpg\",\"contentUrl\":\"https:\\\/\\\/fmpatagoniamadryn.com.ar\\\/wp-content\\\/uploads\\\/2023\\\/06\\\/descarga_-_2023-06-20T195608.781_.jpg\",\"width\":278,\"height\":181},{\"@type\":\"BreadcrumbList\",\"@id\":\"https:\\\/\\\/fmpatagoniamadryn.com.ar\\\/?p=3694#breadcrumb\",\"itemListElement\":[{\"@type\":\"ListItem\",\"position\":1,\"name\":\"Portada\",\"item\":\"https:\\\/\\\/fmpatagoniamadryn.com.ar\\\/\"},{\"@type\":\"ListItem\",\"position\":2,\"name\":\"Nacionales El Gobierno repudi\u00f3 la represi\u00f3n en Jujuy y denunci\u00f3 que Morales es \u00abel \u00fanico responsable\u00bb\"}]},{\"@type\":\"WebSite\",\"@id\":\"https:\\\/\\\/fmpatagoniamadryn.com.ar\\\/#website\",\"url\":\"https:\\\/\\\/fmpatagoniamadryn.com.ar\\\/\",\"name\":\"FM Patagonia Madryn\",\"description\":\"Radio Patagonia 105.5\",\"publisher\":{\"@id\":\"https:\\\/\\\/fmpatagoniamadryn.com.ar\\\/#organization\"},\"potentialAction\":[{\"@type\":\"SearchAction\",\"target\":{\"@type\":\"EntryPoint\",\"urlTemplate\":\"https:\\\/\\\/fmpatagoniamadryn.com.ar\\\/?s={search_term_string}\"},\"query-input\":{\"@type\":\"PropertyValueSpecification\",\"valueRequired\":true,\"valueName\":\"search_term_string\"}}],\"inLanguage\":\"es\"},{\"@type\":\"Organization\",\"@id\":\"https:\\\/\\\/fmpatagoniamadryn.com.ar\\\/#organization\",\"name\":\"FM Patagonia Madryn\",\"url\":\"https:\\\/\\\/fmpatagoniamadryn.com.ar\\\/\",\"logo\":{\"@type\":\"ImageObject\",\"inLanguage\":\"es\",\"@id\":\"https:\\\/\\\/fmpatagoniamadryn.com.ar\\\/#\\\/schema\\\/logo\\\/image\\\/\",\"url\":\"https:\\\/\\\/fmpatagoniamadryn.com.ar\\\/wp-content\\\/uploads\\\/2023\\\/01\\\/cropped-Diseno-sin-titulo.png\",\"contentUrl\":\"https:\\\/\\\/fmpatagoniamadryn.com.ar\\\/wp-content\\\/uploads\\\/2023\\\/01\\\/cropped-Diseno-sin-titulo.png\",\"width\":6911,\"height\":2657,\"caption\":\"FM Patagonia Madryn\"},\"image\":{\"@id\":\"https:\\\/\\\/fmpatagoniamadryn.com.ar\\\/#\\\/schema\\\/logo\\\/image\\\/\"}},{\"@type\":\"Person\",\"@id\":\"https:\\\/\\\/fmpatagoniamadryn.com.ar\\\/#\\\/schema\\\/person\\\/8a3de4ad7efceacab06c1641c50303b7\",\"name\":\"FM Patagonia\",\"url\":\"https:\\\/\\\/fmpatagoniamadryn.com.ar\\\/?author=2\"}]}<\/script>\n<!-- \/ Yoast SEO plugin. -->","yoast_head_json":{"title":"Nacionales El Gobierno repudi\u00f3 la represi\u00f3n en Jujuy y denunci\u00f3 que Morales es \"el \u00fanico responsable\" - FM Patagonia Madryn","robots":{"index":"index","follow":"follow","max-snippet":"max-snippet:-1","max-image-preview":"max-image-preview:large","max-video-preview":"max-video-preview:-1"},"canonical":"https:\/\/fmpatagoniamadryn.com.ar\/?p=3694","og_locale":"es_ES","og_type":"article","og_title":"Nacionales El Gobierno repudi\u00f3 la represi\u00f3n en Jujuy y denunci\u00f3 que Morales es \"el \u00fanico responsable\" - FM Patagonia Madryn","og_description":"Desde Alberto Fern\u00e1ndez y Cristina Fern\u00e1ndez de Kirchner, a legisladores, funcionarios y dirigentes de Uni\u00f3n por la Patria rechazaron el brutal accionar de la polic\u00eda juje\u00f1a sobre los manifestantes que&hellip;","og_url":"https:\/\/fmpatagoniamadryn.com.ar\/?p=3694","og_site_name":"FM Patagonia Madryn","article_published_time":"2023-06-21T10:06:38+00:00","article_modified_time":"2023-06-21T10:06:49+00:00","og_image":[{"width":278,"height":181,"url":"https:\/\/fmpatagoniamadryn.com.ar\/wp-content\/uploads\/2023\/06\/descarga_-_2023-06-20T195608.781_.jpg","type":"image\/jpeg"}],"author":"FM Patagonia","twitter_card":"summary_large_image","twitter_misc":{"Escrito por":"FM Patagonia","Tiempo de lectura":"3 minutos"},"schema":{"@context":"https:\/\/schema.org","@graph":[{"@type":"Article","@id":"https:\/\/fmpatagoniamadryn.com.ar\/?p=3694#article","isPartOf":{"@id":"https:\/\/fmpatagoniamadryn.com.ar\/?p=3694"},"author":{"name":"FM Patagonia","@id":"https:\/\/fmpatagoniamadryn.com.ar\/#\/schema\/person\/8a3de4ad7efceacab06c1641c50303b7"},"headline":"Nacionales El Gobierno repudi\u00f3 la represi\u00f3n en Jujuy y denunci\u00f3 que Morales es \u00abel \u00fanico responsable\u00bb","datePublished":"2023-06-21T10:06:38+00:00","dateModified":"2023-06-21T10:06:49+00:00","mainEntityOfPage":{"@id":"https:\/\/fmpatagoniamadryn.com.ar\/?p=3694"},"wordCount":696,"publisher":{"@id":"https:\/\/fmpatagoniamadryn.com.ar\/#organization"},"image":{"@id":"https:\/\/fmpatagoniamadryn.com.ar\/?p=3694#primaryimage"},"thumbnailUrl":"https:\/\/fmpatagoniamadryn.com.ar\/wp-content\/uploads\/2023\/06\/descarga_-_2023-06-20T195608.781_.jpg","articleSection":["Nacionales"],"inLanguage":"es"},{"@type":"WebPage","@id":"https:\/\/fmpatagoniamadryn.com.ar\/?p=3694","url":"https:\/\/fmpatagoniamadryn.com.ar\/?p=3694","name":"Nacionales El Gobierno repudi\u00f3 la represi\u00f3n en Jujuy y denunci\u00f3 que Morales es \"el \u00fanico responsable\" - FM Patagonia Madryn","isPartOf":{"@id":"https:\/\/fmpatagoniamadryn.com.ar\/#website"},"primaryImageOfPage":{"@id":"https:\/\/fmpatagoniamadryn.com.ar\/?p=3694#primaryimage"},"image":{"@id":"https:\/\/fmpatagoniamadryn.com.ar\/?p=3694#primaryimage"},"thumbnailUrl":"https:\/\/fmpatagoniamadryn.com.ar\/wp-content\/uploads\/2023\/06\/descarga_-_2023-06-20T195608.781_.jpg","datePublished":"2023-06-21T10:06:38+00:00","dateModified":"2023-06-21T10:06:49+00:00","breadcrumb":{"@id":"https:\/\/fmpatagoniamadryn.com.ar\/?p=3694#breadcrumb"},"inLanguage":"es","potentialAction":[{"@type":"ReadAction","target":["https:\/\/fmpatagoniamadryn.com.ar\/?p=3694"]}]},{"@type":"ImageObject","inLanguage":"es","@id":"https:\/\/fmpatagoniamadryn.com.ar\/?p=3694#primaryimage","url":"https:\/\/fmpatagoniamadryn.com.ar\/wp-content\/uploads\/2023\/06\/descarga_-_2023-06-20T195608.781_.jpg","contentUrl":"https:\/\/fmpatagoniamadryn.com.ar\/wp-content\/uploads\/2023\/06\/descarga_-_2023-06-20T195608.781_.jpg","width":278,"height":181},{"@type":"BreadcrumbList","@id":"https:\/\/fmpatagoniamadryn.com.ar\/?p=3694#breadcrumb","itemListElement":[{"@type":"ListItem","position":1,"name":"Portada","item":"https:\/\/fmpatagoniamadryn.com.ar\/"},{"@type":"ListItem","position":2,"name":"Nacionales El Gobierno repudi\u00f3 la represi\u00f3n en Jujuy y denunci\u00f3 que Morales es \u00abel \u00fanico responsable\u00bb"}]},{"@type":"WebSite","@id":"https:\/\/fmpatagoniamadryn.com.ar\/#website","url":"https:\/\/fmpatagoniamadryn.com.ar\/","name":"FM Patagonia Madryn","description":"Radio Patagonia 105.5","publisher":{"@id":"https:\/\/fmpatagoniamadryn.com.ar\/#organization"},"potentialAction":[{"@type":"SearchAction","target":{"@type":"EntryPoint","urlTemplate":"https:\/\/fmpatagoniamadryn.com.ar\/?s={search_term_string}"},"query-input":{"@type":"PropertyValueSpecification","valueRequired":true,"valueName":"search_term_string"}}],"inLanguage":"es"},{"@type":"Organization","@id":"https:\/\/fmpatagoniamadryn.com.ar\/#organization","name":"FM Patagonia Madryn","url":"https:\/\/fmpatagoniamadryn.com.ar\/","logo":{"@type":"ImageObject","inLanguage":"es","@id":"https:\/\/fmpatagoniamadryn.com.ar\/#\/schema\/logo\/image\/","url":"https:\/\/fmpatagoniamadryn.com.ar\/wp-content\/uploads\/2023\/01\/cropped-Diseno-sin-titulo.png","contentUrl":"https:\/\/fmpatagoniamadryn.com.ar\/wp-content\/uploads\/2023\/01\/cropped-Diseno-sin-titulo.png","width":6911,"height":2657,"caption":"FM Patagonia Madryn"},"image":{"@id":"https:\/\/fmpatagoniamadryn.com.ar\/#\/schema\/logo\/image\/"}},{"@type":"Person","@id":"https:\/\/fmpatagoniamadryn.com.ar\/#\/schema\/person\/8a3de4ad7efceacab06c1641c50303b7","name":"FM Patagonia","url":"https:\/\/fmpatagoniamadryn.com.ar\/?author=2"}]}},"jetpack_featured_media_url":"https:\/\/fmpatagoniamadryn.com.ar\/wp-content\/uploads\/2023\/06\/descarga_-_2023-06-20T195608.781_.jpg","_links":{"self":[{"href":"https:\/\/fmpatagoniamadryn.com.ar\/index.php?rest_route=\/wp\/v2\/posts\/3694","targetHints":{"allow":["GET"]}}],"collection":[{"href":"https:\/\/fmpatagoniamadryn.com.ar\/index.php?rest_route=\/wp\/v2\/posts"}],"about":[{"href":"https:\/\/fmpatagoniamadryn.com.ar\/index.php?rest_route=\/wp\/v2\/types\/post"}],"author":[{"embeddable":true,"href":"https:\/\/fmpatagoniamadryn.com.ar\/index.php?rest_route=\/wp\/v2\/users\/2"}],"replies":[{"embeddable":true,"href":"https:\/\/fmpatagoniamadryn.com.ar\/index.php?rest_route=%2Fwp%2Fv2%2Fcomments&post=3694"}],"version-history":[{"count":1,"href":"https:\/\/fmpatagoniamadryn.com.ar\/index.php?rest_route=\/wp\/v2\/posts\/3694\/revisions"}],"predecessor-version":[{"id":3695,"href":"https:\/\/fmpatagoniamadryn.com.ar\/index.php?rest_route=\/wp\/v2\/posts\/3694\/revisions\/3695"}],"wp:featuredmedia":[{"embeddable":true,"href":"https:\/\/fmpatagoniamadryn.com.ar\/index.php?rest_route=\/wp\/v2\/media\/3693"}],"wp:attachment":[{"href":"https:\/\/fmpatagoniamadryn.com.ar\/index.php?rest_route=%2Fwp%2Fv2%2Fmedia&parent=3694"}],"wp:term":[{"taxonomy":"category","embeddable":true,"href":"https:\/\/fmpatagoniamadryn.com.ar\/index.php?rest_route=%2Fwp%2Fv2%2Fcategories&post=3694"},{"taxonomy":"post_tag","embeddable":true,"href":"https:\/\/fmpatagoniamadryn.com.ar\/index.php?rest_route=%2Fwp%2Fv2%2Ftags&post=3694"}],"curies":[{"name":"wp","href":"https:\/\/api.w.org\/{rel}","templated":true}]}}