{"id":3700,"date":"2023-06-21T11:03:24","date_gmt":"2023-06-21T14:03:24","guid":{"rendered":"https:\/\/fmpatagoniamadryn.com.ar\/?p=3700"},"modified":"2023-06-21T17:48:28","modified_gmt":"2023-06-21T20:48:28","slug":"intenso-movimiento-turistico-en-madryn-durante-el-fin-de-semana-extralargo","status":"publish","type":"post","link":"https:\/\/fmpatagoniamadryn.com.ar\/?p=3700","title":{"rendered":"INTENSO MOVIMIENTO TUR\u00cdSTICO EN MADRYN DURANTE EL FIN DE SEMANA EXTRALARGO"},"content":{"rendered":"\n<p>Puerto Madryn fue el destino tur\u00edstico de Chubut con mayor movimiento durante el fin de semana largo. Uno de los factores principales fue el impulso del PreViaje 4, aspecto destacado por el sector privado local, ya que el uso del programa nacional volvi\u00f3 a generar un importante impacto econ\u00f3mico en temporada baja, aunque con los avistajes de ballenas ya en marcha.<br><br> <br><br> <br><br>La ciudad se destac\u00f3 dentro de los destinos tur\u00edsticos de la Patagonia, dado que tuvo picos de ocupaci\u00f3n en determinados tipos de alojamiento como en hoteles, que alcanzaron el 75%. Adem\u00e1s, en este segmento, los m\u00e1s elegidos fueron los de cuatro estrellas con un 85%.<br><br> <br><br>A lo largo del fin de semana extra largo, Madryn estuvo presente en miles de hogares del pa\u00eds a trav\u00e9s de las distintas transmisiones que se hicieron en C5N, TN, Canal 26 y TV P\u00fablica, que mostraron desde el \u00c1rea Natural Protegida (ANP) \u201cEl Doradillo\u201d la inmensidad del avistaje costero de la ballena franca austral. En esta oportunidad, Canal 7 de Rawson, la TV P\u00fablica de Chubut, transmiti\u00f3 en formato vigilia desde la playa \u201cLas Canteras\u201d el inicio de la temporada 2023, que comenz\u00f3 horas antes de que comience este fin de semana, aspecto destacado tambi\u00e9n por el sector privado.<br><br> <br><br> <br><br>Sin lugar a dudas, a pesar de horarios muy tempranos para la marea alta, el ANP fue el lugar elegido por visitantes y residentes. En tal sentido, el trabajo de las \u00e1reas municipales y la colaboraci\u00f3n de la Polic\u00eda del Chubut permiti\u00f3 que las extensas jornadas de avistamiento se llevaran a cabo en forma ordenada, con seguridad y acompa\u00f1amiento por parte de los Guardaparques municipales.<br><br> <br><br> <br><br>Buenos Aires y Ciudad Aut\u00f3noma se mantienen como los destinos emisores m\u00e1s importantes de turismo hacia el golfo Nuevo. La conectividad a\u00e9rea permanente y en constante crecimiento posibilit\u00f3 que la mayor parte de los turistas que arribaron en vuelos comerciales lo hicieran directamente al Aeropuerto El Tehuelche de nuestra ciudad. El 26% lleg\u00f3 en servicios de Aerol\u00edneas Argentinas y Flybondi que operan en Puerto Madryn.<br><br> <br><br> <br><br>Una propuesta por dem\u00e1s interesante para la regi\u00f3n fue el intercambio dentro de la Patagonia entre mar, valle y cordillera de los destinos de R\u00edo Negro, Neuqu\u00e9n y Santa Cruz.<br><br> <br><br>Es importante destacar que despu\u00e9s de una temporada que marc\u00f3 \u00edndices extraordinarios, comienza una nueva que contempla el impulso de la cuarta edici\u00f3n de PreViaje, que le da continuidad a la fuerte recuperaci\u00f3n del turismo receptivo. En definitiva, estos dos meses de temporada baja fueron hist\u00f3ricos para diferentes puntos tur\u00edsticos, entre ellos, Puerto Madryn.<\/p>\n","protected":false},"excerpt":{"rendered":"<p>Puerto Madryn fue el destino tur\u00edstico de Chubut con mayor movimiento durante el fin de semana largo. Uno de los factores principales fue el impulso del PreViaje 4, aspecto destacado&hellip; <\/p>\n","protected":false},"author":3,"featured_media":3699,"comment_status":"closed","ping_status":"closed","sticky":false,"template":"","format":"standard","meta":{"footnotes":""},"categories":[15],"tags":[],"class_list":["post-3700","post","type-post","status-publish","format-standard","has-post-thumbnail","hentry","category-locales"],"yoast_head":"<!-- This site is optimized with the Yoast SEO plugin v27.4 - https:\/\/yoast.com\/product\/yoast-seo-wordpress\/ -->\n<title>INTENSO MOVIMIENTO TUR\u00cdSTICO EN MADRYN DURANTE EL FIN DE SEMANA EXTRALARGO - FM Patagonia Madryn<\/title>\n<meta name=\"robots\" content=\"index, follow, max-snippet:-1, max-image-preview:large, max-video-preview:-1\" \/>\n<link rel=\"canonical\" href=\"https:\/\/fmpatagoniamadryn.com.ar\/?p=3700\" \/>\n<meta property=\"og:locale\" content=\"es_ES\" \/>\n<meta property=\"og:type\" content=\"article\" \/>\n<meta property=\"og:title\" content=\"INTENSO MOVIMIENTO TUR\u00cdSTICO EN MADRYN DURANTE EL FIN DE SEMANA EXTRALARGO - FM Patagonia Madryn\" \/>\n<meta property=\"og:description\" content=\"Puerto Madryn fue el destino tur\u00edstico de Chubut con mayor movimiento durante el fin de semana largo. Uno de los factores principales fue el impulso del PreViaje 4, aspecto destacado&hellip;\" \/>\n<meta property=\"og:url\" content=\"https:\/\/fmpatagoniamadryn.com.ar\/?p=3700\" \/>\n<meta property=\"og:site_name\" content=\"FM Patagonia Madryn\" \/>\n<meta property=\"article:published_time\" content=\"2023-06-21T14:03:24+00:00\" \/>\n<meta property=\"article:modified_time\" content=\"2023-06-21T20:48:28+00:00\" \/>\n<meta property=\"og:image\" content=\"https:\/\/fmpatagoniamadryn.com.ar\/wp-content\/uploads\/2023\/06\/finde-largo-Madryn-5-1024x683-1.jpeg\" \/>\n\t<meta property=\"og:image:width\" content=\"1024\" \/>\n\t<meta property=\"og:image:height\" content=\"683\" \/>\n\t<meta property=\"og:image:type\" content=\"image\/jpeg\" \/>\n<meta name=\"author\" content=\"FM Patagonia\" \/>\n<meta name=\"twitter:card\" content=\"summary_large_image\" \/>\n<meta name=\"twitter:label1\" content=\"Escrito por\" \/>\n\t<meta name=\"twitter:data1\" content=\"FM Patagonia\" \/>\n\t<meta name=\"twitter:label2\" content=\"Tiempo de lectura\" \/>\n\t<meta name=\"twitter:data2\" content=\"2 minutos\" \/>\n<script type=\"application\/ld+json\" class=\"yoast-schema-graph\">{\"@context\":\"https:\\\/\\\/schema.org\",\"@graph\":[{\"@type\":\"Article\",\"@id\":\"https:\\\/\\\/fmpatagoniamadryn.com.ar\\\/?p=3700#article\",\"isPartOf\":{\"@id\":\"https:\\\/\\\/fmpatagoniamadryn.com.ar\\\/?p=3700\"},\"author\":{\"name\":\"FM Patagonia\",\"@id\":\"https:\\\/\\\/fmpatagoniamadryn.com.ar\\\/#\\\/schema\\\/person\\\/1d968ec613613768e14b4e6420a2b125\"},\"headline\":\"INTENSO MOVIMIENTO TUR\u00cdSTICO EN MADRYN DURANTE EL FIN DE SEMANA EXTRALARGO\",\"datePublished\":\"2023-06-21T14:03:24+00:00\",\"dateModified\":\"2023-06-21T20:48:28+00:00\",\"mainEntityOfPage\":{\"@id\":\"https:\\\/\\\/fmpatagoniamadryn.com.ar\\\/?p=3700\"},\"wordCount\":453,\"publisher\":{\"@id\":\"https:\\\/\\\/fmpatagoniamadryn.com.ar\\\/#organization\"},\"image\":{\"@id\":\"https:\\\/\\\/fmpatagoniamadryn.com.ar\\\/?p=3700#primaryimage\"},\"thumbnailUrl\":\"https:\\\/\\\/fmpatagoniamadryn.com.ar\\\/wp-content\\\/uploads\\\/2023\\\/06\\\/finde-largo-Madryn-5-1024x683-1.jpeg\",\"articleSection\":[\"Locales\"],\"inLanguage\":\"es\"},{\"@type\":\"WebPage\",\"@id\":\"https:\\\/\\\/fmpatagoniamadryn.com.ar\\\/?p=3700\",\"url\":\"https:\\\/\\\/fmpatagoniamadryn.com.ar\\\/?p=3700\",\"name\":\"INTENSO MOVIMIENTO TUR\u00cdSTICO EN MADRYN DURANTE EL FIN DE SEMANA EXTRALARGO - FM Patagonia Madryn\",\"isPartOf\":{\"@id\":\"https:\\\/\\\/fmpatagoniamadryn.com.ar\\\/#website\"},\"primaryImageOfPage\":{\"@id\":\"https:\\\/\\\/fmpatagoniamadryn.com.ar\\\/?p=3700#primaryimage\"},\"image\":{\"@id\":\"https:\\\/\\\/fmpatagoniamadryn.com.ar\\\/?p=3700#primaryimage\"},\"thumbnailUrl\":\"https:\\\/\\\/fmpatagoniamadryn.com.ar\\\/wp-content\\\/uploads\\\/2023\\\/06\\\/finde-largo-Madryn-5-1024x683-1.jpeg\",\"datePublished\":\"2023-06-21T14:03:24+00:00\",\"dateModified\":\"2023-06-21T20:48:28+00:00\",\"breadcrumb\":{\"@id\":\"https:\\\/\\\/fmpatagoniamadryn.com.ar\\\/?p=3700#breadcrumb\"},\"inLanguage\":\"es\",\"potentialAction\":[{\"@type\":\"ReadAction\",\"target\":[\"https:\\\/\\\/fmpatagoniamadryn.com.ar\\\/?p=3700\"]}]},{\"@type\":\"ImageObject\",\"inLanguage\":\"es\",\"@id\":\"https:\\\/\\\/fmpatagoniamadryn.com.ar\\\/?p=3700#primaryimage\",\"url\":\"https:\\\/\\\/fmpatagoniamadryn.com.ar\\\/wp-content\\\/uploads\\\/2023\\\/06\\\/finde-largo-Madryn-5-1024x683-1.jpeg\",\"contentUrl\":\"https:\\\/\\\/fmpatagoniamadryn.com.ar\\\/wp-content\\\/uploads\\\/2023\\\/06\\\/finde-largo-Madryn-5-1024x683-1.jpeg\",\"width\":1024,\"height\":683},{\"@type\":\"BreadcrumbList\",\"@id\":\"https:\\\/\\\/fmpatagoniamadryn.com.ar\\\/?p=3700#breadcrumb\",\"itemListElement\":[{\"@type\":\"ListItem\",\"position\":1,\"name\":\"Portada\",\"item\":\"https:\\\/\\\/fmpatagoniamadryn.com.ar\\\/\"},{\"@type\":\"ListItem\",\"position\":2,\"name\":\"INTENSO MOVIMIENTO TUR\u00cdSTICO EN MADRYN DURANTE EL FIN DE SEMANA EXTRALARGO\"}]},{\"@type\":\"WebSite\",\"@id\":\"https:\\\/\\\/fmpatagoniamadryn.com.ar\\\/#website\",\"url\":\"https:\\\/\\\/fmpatagoniamadryn.com.ar\\\/\",\"name\":\"FM Patagonia Madryn\",\"description\":\"Radio Patagonia 105.5\",\"publisher\":{\"@id\":\"https:\\\/\\\/fmpatagoniamadryn.com.ar\\\/#organization\"},\"potentialAction\":[{\"@type\":\"SearchAction\",\"target\":{\"@type\":\"EntryPoint\",\"urlTemplate\":\"https:\\\/\\\/fmpatagoniamadryn.com.ar\\\/?s={search_term_string}\"},\"query-input\":{\"@type\":\"PropertyValueSpecification\",\"valueRequired\":true,\"valueName\":\"search_term_string\"}}],\"inLanguage\":\"es\"},{\"@type\":\"Organization\",\"@id\":\"https:\\\/\\\/fmpatagoniamadryn.com.ar\\\/#organization\",\"name\":\"FM Patagonia Madryn\",\"url\":\"https:\\\/\\\/fmpatagoniamadryn.com.ar\\\/\",\"logo\":{\"@type\":\"ImageObject\",\"inLanguage\":\"es\",\"@id\":\"https:\\\/\\\/fmpatagoniamadryn.com.ar\\\/#\\\/schema\\\/logo\\\/image\\\/\",\"url\":\"https:\\\/\\\/fmpatagoniamadryn.com.ar\\\/wp-content\\\/uploads\\\/2023\\\/01\\\/cropped-Diseno-sin-titulo.png\",\"contentUrl\":\"https:\\\/\\\/fmpatagoniamadryn.com.ar\\\/wp-content\\\/uploads\\\/2023\\\/01\\\/cropped-Diseno-sin-titulo.png\",\"width\":6911,\"height\":2657,\"caption\":\"FM Patagonia Madryn\"},\"image\":{\"@id\":\"https:\\\/\\\/fmpatagoniamadryn.com.ar\\\/#\\\/schema\\\/logo\\\/image\\\/\"}},{\"@type\":\"Person\",\"@id\":\"https:\\\/\\\/fmpatagoniamadryn.com.ar\\\/#\\\/schema\\\/person\\\/1d968ec613613768e14b4e6420a2b125\",\"name\":\"FM Patagonia\",\"url\":\"https:\\\/\\\/fmpatagoniamadryn.com.ar\\\/?author=3\"}]}<\/script>\n<!-- \/ Yoast SEO plugin. -->","yoast_head_json":{"title":"INTENSO MOVIMIENTO TUR\u00cdSTICO EN MADRYN DURANTE EL FIN DE SEMANA EXTRALARGO - FM Patagonia Madryn","robots":{"index":"index","follow":"follow","max-snippet":"max-snippet:-1","max-image-preview":"max-image-preview:large","max-video-preview":"max-video-preview:-1"},"canonical":"https:\/\/fmpatagoniamadryn.com.ar\/?p=3700","og_locale":"es_ES","og_type":"article","og_title":"INTENSO MOVIMIENTO TUR\u00cdSTICO EN MADRYN DURANTE EL FIN DE SEMANA EXTRALARGO - FM Patagonia Madryn","og_description":"Puerto Madryn fue el destino tur\u00edstico de Chubut con mayor movimiento durante el fin de semana largo. Uno de los factores principales fue el impulso del PreViaje 4, aspecto destacado&hellip;","og_url":"https:\/\/fmpatagoniamadryn.com.ar\/?p=3700","og_site_name":"FM Patagonia Madryn","article_published_time":"2023-06-21T14:03:24+00:00","article_modified_time":"2023-06-21T20:48:28+00:00","og_image":[{"width":1024,"height":683,"url":"https:\/\/fmpatagoniamadryn.com.ar\/wp-content\/uploads\/2023\/06\/finde-largo-Madryn-5-1024x683-1.jpeg","type":"image\/jpeg"}],"author":"FM Patagonia","twitter_card":"summary_large_image","twitter_misc":{"Escrito por":"FM Patagonia","Tiempo de lectura":"2 minutos"},"schema":{"@context":"https:\/\/schema.org","@graph":[{"@type":"Article","@id":"https:\/\/fmpatagoniamadryn.com.ar\/?p=3700#article","isPartOf":{"@id":"https:\/\/fmpatagoniamadryn.com.ar\/?p=3700"},"author":{"name":"FM Patagonia","@id":"https:\/\/fmpatagoniamadryn.com.ar\/#\/schema\/person\/1d968ec613613768e14b4e6420a2b125"},"headline":"INTENSO MOVIMIENTO TUR\u00cdSTICO EN MADRYN DURANTE EL FIN DE SEMANA EXTRALARGO","datePublished":"2023-06-21T14:03:24+00:00","dateModified":"2023-06-21T20:48:28+00:00","mainEntityOfPage":{"@id":"https:\/\/fmpatagoniamadryn.com.ar\/?p=3700"},"wordCount":453,"publisher":{"@id":"https:\/\/fmpatagoniamadryn.com.ar\/#organization"},"image":{"@id":"https:\/\/fmpatagoniamadryn.com.ar\/?p=3700#primaryimage"},"thumbnailUrl":"https:\/\/fmpatagoniamadryn.com.ar\/wp-content\/uploads\/2023\/06\/finde-largo-Madryn-5-1024x683-1.jpeg","articleSection":["Locales"],"inLanguage":"es"},{"@type":"WebPage","@id":"https:\/\/fmpatagoniamadryn.com.ar\/?p=3700","url":"https:\/\/fmpatagoniamadryn.com.ar\/?p=3700","name":"INTENSO MOVIMIENTO TUR\u00cdSTICO EN MADRYN DURANTE EL FIN DE SEMANA EXTRALARGO - FM Patagonia Madryn","isPartOf":{"@id":"https:\/\/fmpatagoniamadryn.com.ar\/#website"},"primaryImageOfPage":{"@id":"https:\/\/fmpatagoniamadryn.com.ar\/?p=3700#primaryimage"},"image":{"@id":"https:\/\/fmpatagoniamadryn.com.ar\/?p=3700#primaryimage"},"thumbnailUrl":"https:\/\/fmpatagoniamadryn.com.ar\/wp-content\/uploads\/2023\/06\/finde-largo-Madryn-5-1024x683-1.jpeg","datePublished":"2023-06-21T14:03:24+00:00","dateModified":"2023-06-21T20:48:28+00:00","breadcrumb":{"@id":"https:\/\/fmpatagoniamadryn.com.ar\/?p=3700#breadcrumb"},"inLanguage":"es","potentialAction":[{"@type":"ReadAction","target":["https:\/\/fmpatagoniamadryn.com.ar\/?p=3700"]}]},{"@type":"ImageObject","inLanguage":"es","@id":"https:\/\/fmpatagoniamadryn.com.ar\/?p=3700#primaryimage","url":"https:\/\/fmpatagoniamadryn.com.ar\/wp-content\/uploads\/2023\/06\/finde-largo-Madryn-5-1024x683-1.jpeg","contentUrl":"https:\/\/fmpatagoniamadryn.com.ar\/wp-content\/uploads\/2023\/06\/finde-largo-Madryn-5-1024x683-1.jpeg","width":1024,"height":683},{"@type":"BreadcrumbList","@id":"https:\/\/fmpatagoniamadryn.com.ar\/?p=3700#breadcrumb","itemListElement":[{"@type":"ListItem","position":1,"name":"Portada","item":"https:\/\/fmpatagoniamadryn.com.ar\/"},{"@type":"ListItem","position":2,"name":"INTENSO MOVIMIENTO TUR\u00cdSTICO EN MADRYN DURANTE EL FIN DE SEMANA EXTRALARGO"}]},{"@type":"WebSite","@id":"https:\/\/fmpatagoniamadryn.com.ar\/#website","url":"https:\/\/fmpatagoniamadryn.com.ar\/","name":"FM Patagonia Madryn","description":"Radio Patagonia 105.5","publisher":{"@id":"https:\/\/fmpatagoniamadryn.com.ar\/#organization"},"potentialAction":[{"@type":"SearchAction","target":{"@type":"EntryPoint","urlTemplate":"https:\/\/fmpatagoniamadryn.com.ar\/?s={search_term_string}"},"query-input":{"@type":"PropertyValueSpecification","valueRequired":true,"valueName":"search_term_string"}}],"inLanguage":"es"},{"@type":"Organization","@id":"https:\/\/fmpatagoniamadryn.com.ar\/#organization","name":"FM Patagonia Madryn","url":"https:\/\/fmpatagoniamadryn.com.ar\/","logo":{"@type":"ImageObject","inLanguage":"es","@id":"https:\/\/fmpatagoniamadryn.com.ar\/#\/schema\/logo\/image\/","url":"https:\/\/fmpatagoniamadryn.com.ar\/wp-content\/uploads\/2023\/01\/cropped-Diseno-sin-titulo.png","contentUrl":"https:\/\/fmpatagoniamadryn.com.ar\/wp-content\/uploads\/2023\/01\/cropped-Diseno-sin-titulo.png","width":6911,"height":2657,"caption":"FM Patagonia Madryn"},"image":{"@id":"https:\/\/fmpatagoniamadryn.com.ar\/#\/schema\/logo\/image\/"}},{"@type":"Person","@id":"https:\/\/fmpatagoniamadryn.com.ar\/#\/schema\/person\/1d968ec613613768e14b4e6420a2b125","name":"FM Patagonia","url":"https:\/\/fmpatagoniamadryn.com.ar\/?author=3"}]}},"jetpack_featured_media_url":"https:\/\/fmpatagoniamadryn.com.ar\/wp-content\/uploads\/2023\/06\/finde-largo-Madryn-5-1024x683-1.jpeg","_links":{"self":[{"href":"https:\/\/fmpatagoniamadryn.com.ar\/index.php?rest_route=\/wp\/v2\/posts\/3700","targetHints":{"allow":["GET"]}}],"collection":[{"href":"https:\/\/fmpatagoniamadryn.com.ar\/index.php?rest_route=\/wp\/v2\/posts"}],"about":[{"href":"https:\/\/fmpatagoniamadryn.com.ar\/index.php?rest_route=\/wp\/v2\/types\/post"}],"author":[{"embeddable":true,"href":"https:\/\/fmpatagoniamadryn.com.ar\/index.php?rest_route=\/wp\/v2\/users\/3"}],"replies":[{"embeddable":true,"href":"https:\/\/fmpatagoniamadryn.com.ar\/index.php?rest_route=%2Fwp%2Fv2%2Fcomments&post=3700"}],"version-history":[{"count":1,"href":"https:\/\/fmpatagoniamadryn.com.ar\/index.php?rest_route=\/wp\/v2\/posts\/3700\/revisions"}],"predecessor-version":[{"id":3701,"href":"https:\/\/fmpatagoniamadryn.com.ar\/index.php?rest_route=\/wp\/v2\/posts\/3700\/revisions\/3701"}],"wp:featuredmedia":[{"embeddable":true,"href":"https:\/\/fmpatagoniamadryn.com.ar\/index.php?rest_route=\/wp\/v2\/media\/3699"}],"wp:attachment":[{"href":"https:\/\/fmpatagoniamadryn.com.ar\/index.php?rest_route=%2Fwp%2Fv2%2Fmedia&parent=3700"}],"wp:term":[{"taxonomy":"category","embeddable":true,"href":"https:\/\/fmpatagoniamadryn.com.ar\/index.php?rest_route=%2Fwp%2Fv2%2Fcategories&post=3700"},{"taxonomy":"post_tag","embeddable":true,"href":"https:\/\/fmpatagoniamadryn.com.ar\/index.php?rest_route=%2Fwp%2Fv2%2Ftags&post=3700"}],"curies":[{"name":"wp","href":"https:\/\/api.w.org\/{rel}","templated":true}]}}