{"id":3709,"date":"2023-06-21T11:13:35","date_gmt":"2023-06-21T14:13:35","guid":{"rendered":"https:\/\/fmpatagoniamadryn.com.ar\/?p=3709"},"modified":"2023-06-21T11:13:45","modified_gmt":"2023-06-21T14:13:45","slug":"emotivo-y-multitudinario-acto-por-el-dia-de-la-bandera-en-puerto-madryn","status":"publish","type":"post","link":"https:\/\/fmpatagoniamadryn.com.ar\/?p=3709","title":{"rendered":"EMOTIVO Y MULTITUDINARIO ACTO POR EL D\u00cdA DE LA BANDERA EN PUERTO MADRYN"},"content":{"rendered":"\n<p>El vicegobernador Ricardo Sastre y el intendente Gustavo Sastre encabezaron el evento que se realiz\u00f3 en el d\u00eda de hoy, donde alumnos de cuarto grado expresaron lealtad a la ense\u00f1a patria, al igual que aspirantes a la Polic\u00eda del Chubut, mientras que Veteranos de Guerra de Malvinas reafirmaron su juramento<br><br>El vicegobernador de Chubut, Ricardo Sastre, y el intendente de Puerto Madryn, Gustavo Sastre, encabezaron hoy el acto conmemorativo por el D\u00eda de la Bandera Argentina, que se llev\u00f3 a cabo en las instalaciones del Club Social y Deportivo Madryn y que cont\u00f3 con la presencia de unas 5.000 personas.<br><br>En un emotivo encuentro, m\u00e1s de 900 alumnos de 4\u00b0 grado de distintos establecimientos educativos expresaron lealtad a la ense\u00f1a patria, al igual que aspirantes a la Polic\u00eda de la Provincia del Chubut juraron lealtad. En tanto, Veteranos de Guerra de Malvinas rearifmaron su juramento, quienes est\u00e1n presentes en nuestra ciudad porque vinieron a disfrutar de un nuevo aniversario de \u201cEl D\u00eda que Madryn se qued\u00f3 sin pan\u201d, que se llev\u00f3 a cabo ayer y que fue organizado por el Centro de Veteranos de Guerra de Puerto Madryn.<br><br>Adem\u00e1s de autoridades nacionales, provinciales y municipales, acompa\u00f1aron el acto las banderas de ceremonia de las fuerzas armadas y de seguridad, establecimientos educativos, organizaciones y entidades que se sumaron a esta significativa conmemoraci\u00f3n para el pueblo argentino, en la que se recuerda al general Manuel Belgrano, quien iz\u00f3 por primera vez nuestra ense\u00f1a patria el 27 de febrero de 1812.<br><br>En el acto, el Vicegobernador, el Intendente y la diputada nacional Eugenia Alianiello entregaron, conjuntamente, banderas de ceremonia a distintos establecimientos y entidades de nuestra ciudad.<br><br>Finalmente, en el cierre del evento los alumnos promesantes interpretaron la canci\u00f3n \u201cYo soy Francisco Ben\u00edtez\u201d, mientras que el Coro Infantil Municipal cant\u00f3 la canci\u00f3n \u201cNubecita blanca\u201d, zamba compuesta para la bandera por In\u00e9s Arce, quien dirigi\u00f3 al Coro junto a Eugenia Piazza.<br><br>Promesa a la Bandera<br><br>Al respecto, el Intendente dijo: \u201cEste es un momento que todos recordaremos por mucho tiempo, ya que es el d\u00eda en el que se jura lealtad al s\u00edmbolo m\u00e1s querido, que m\u00e1s nos llega al coraz\u00f3n. La Bandera Argentina no solo simboliza nuestra patria, sino que tambi\u00e9n encierra en sus colores los s\u00edmbolos de la libertad, la justicia, la paz, la tolerancia y la solidaridad\u201d.<br><br>\u201cMuchos han luchado y se sacrificaron por esta Bandera. Pas\u00f3 con aquellos h\u00e9roes que la enarbolaron para hacernos libres e independientes y tambi\u00e9n con nuestros soldados que fueron a defender ese territorio peque\u00f1o, pero grande a nuestros sentimientos como lo son las Islas Malvinas\u201d, agreg\u00f3.<br><br>Adem\u00e1s, el Jefe Comunal remarc\u00f3: \u201cEl mundo cambia, no hay dudas de ello. Pero hay principios y valores que tienen vigencia eterna. El amor, la verdad, el sacrificio, el honor y la b\u00fasqueda de ideales nobles son parte de ellos. Por eso, la figura de Manuel Belgrano y su creaci\u00f3n se agigantan en nuestro horizonte. Desde lo m\u00e1s profundo de la historia nos convoca, otra vez, desde este lugar de la Patagonia Argentina, a poner manos a la obra para continuar dedic\u00e1ndonos a la construcci\u00f3n de la patria grande\u201d.<br><br>\u201c\u00bfJuramos a cada minuto defenderla, respetarla, amarla, con fraterna tolerancia y respeto. Comprometi\u00e9ndonos y aceptando solidariamente en las diferencias a todos los que pueblan nuestro suelo y transmitiendo en todos y cada uno de nuestros actos sus valores permanentes? Yo, s\u00ed juro\u201d, concluy\u00f3 el discurso del Intendente ante un gran marco de p\u00fablico<\/p>\n","protected":false},"excerpt":{"rendered":"<p>El vicegobernador Ricardo Sastre y el intendente Gustavo Sastre encabezaron el evento que se realiz\u00f3 en el d\u00eda de hoy, donde alumnos de cuarto grado expresaron lealtad a la ense\u00f1a&hellip; <\/p>\n","protected":false},"author":3,"featured_media":3708,"comment_status":"closed","ping_status":"closed","sticky":false,"template":"","format":"standard","meta":{"footnotes":""},"categories":[15],"tags":[],"class_list":["post-3709","post","type-post","status-publish","format-standard","has-post-thumbnail","hentry","category-locales"],"yoast_head":"<!-- This site is optimized with the Yoast SEO plugin v27.4 - https:\/\/yoast.com\/product\/yoast-seo-wordpress\/ -->\n<title>EMOTIVO Y MULTITUDINARIO ACTO POR EL D\u00cdA DE LA BANDERA EN PUERTO MADRYN - FM Patagonia Madryn<\/title>\n<meta name=\"robots\" content=\"index, follow, max-snippet:-1, max-image-preview:large, max-video-preview:-1\" \/>\n<link rel=\"canonical\" href=\"https:\/\/fmpatagoniamadryn.com.ar\/?p=3709\" \/>\n<meta property=\"og:locale\" content=\"es_ES\" \/>\n<meta property=\"og:type\" content=\"article\" \/>\n<meta property=\"og:title\" content=\"EMOTIVO Y MULTITUDINARIO ACTO POR EL D\u00cdA DE LA BANDERA EN PUERTO MADRYN - FM Patagonia Madryn\" \/>\n<meta property=\"og:description\" content=\"El vicegobernador Ricardo Sastre y el intendente Gustavo Sastre encabezaron el evento que se realiz\u00f3 en el d\u00eda de hoy, donde alumnos de cuarto grado expresaron lealtad a la ense\u00f1a&hellip;\" \/>\n<meta property=\"og:url\" content=\"https:\/\/fmpatagoniamadryn.com.ar\/?p=3709\" \/>\n<meta property=\"og:site_name\" content=\"FM Patagonia Madryn\" \/>\n<meta property=\"article:published_time\" content=\"2023-06-21T14:13:35+00:00\" \/>\n<meta property=\"article:modified_time\" content=\"2023-06-21T14:13:45+00:00\" \/>\n<meta property=\"og:image\" content=\"https:\/\/fmpatagoniamadryn.com.ar\/wp-content\/uploads\/2023\/06\/FB_IMG_1687356795196.jpg\" \/>\n\t<meta property=\"og:image:width\" content=\"720\" \/>\n\t<meta property=\"og:image:height\" content=\"480\" \/>\n\t<meta property=\"og:image:type\" content=\"image\/jpeg\" \/>\n<meta name=\"author\" content=\"FM Patagonia\" \/>\n<meta name=\"twitter:card\" content=\"summary_large_image\" \/>\n<meta name=\"twitter:label1\" content=\"Escrito por\" \/>\n\t<meta name=\"twitter:data1\" content=\"FM Patagonia\" \/>\n\t<meta name=\"twitter:label2\" content=\"Tiempo de lectura\" \/>\n\t<meta name=\"twitter:data2\" content=\"3 minutos\" \/>\n<script type=\"application\/ld+json\" class=\"yoast-schema-graph\">{\"@context\":\"https:\\\/\\\/schema.org\",\"@graph\":[{\"@type\":\"Article\",\"@id\":\"https:\\\/\\\/fmpatagoniamadryn.com.ar\\\/?p=3709#article\",\"isPartOf\":{\"@id\":\"https:\\\/\\\/fmpatagoniamadryn.com.ar\\\/?p=3709\"},\"author\":{\"name\":\"FM Patagonia\",\"@id\":\"https:\\\/\\\/fmpatagoniamadryn.com.ar\\\/#\\\/schema\\\/person\\\/1d968ec613613768e14b4e6420a2b125\"},\"headline\":\"EMOTIVO Y MULTITUDINARIO ACTO POR EL D\u00cdA DE LA BANDERA EN PUERTO MADRYN\",\"datePublished\":\"2023-06-21T14:13:35+00:00\",\"dateModified\":\"2023-06-21T14:13:45+00:00\",\"mainEntityOfPage\":{\"@id\":\"https:\\\/\\\/fmpatagoniamadryn.com.ar\\\/?p=3709\"},\"wordCount\":617,\"publisher\":{\"@id\":\"https:\\\/\\\/fmpatagoniamadryn.com.ar\\\/#organization\"},\"image\":{\"@id\":\"https:\\\/\\\/fmpatagoniamadryn.com.ar\\\/?p=3709#primaryimage\"},\"thumbnailUrl\":\"https:\\\/\\\/fmpatagoniamadryn.com.ar\\\/wp-content\\\/uploads\\\/2023\\\/06\\\/FB_IMG_1687356795196.jpg\",\"articleSection\":[\"Locales\"],\"inLanguage\":\"es\"},{\"@type\":\"WebPage\",\"@id\":\"https:\\\/\\\/fmpatagoniamadryn.com.ar\\\/?p=3709\",\"url\":\"https:\\\/\\\/fmpatagoniamadryn.com.ar\\\/?p=3709\",\"name\":\"EMOTIVO Y MULTITUDINARIO ACTO POR EL D\u00cdA DE LA BANDERA EN PUERTO MADRYN - FM Patagonia Madryn\",\"isPartOf\":{\"@id\":\"https:\\\/\\\/fmpatagoniamadryn.com.ar\\\/#website\"},\"primaryImageOfPage\":{\"@id\":\"https:\\\/\\\/fmpatagoniamadryn.com.ar\\\/?p=3709#primaryimage\"},\"image\":{\"@id\":\"https:\\\/\\\/fmpatagoniamadryn.com.ar\\\/?p=3709#primaryimage\"},\"thumbnailUrl\":\"https:\\\/\\\/fmpatagoniamadryn.com.ar\\\/wp-content\\\/uploads\\\/2023\\\/06\\\/FB_IMG_1687356795196.jpg\",\"datePublished\":\"2023-06-21T14:13:35+00:00\",\"dateModified\":\"2023-06-21T14:13:45+00:00\",\"breadcrumb\":{\"@id\":\"https:\\\/\\\/fmpatagoniamadryn.com.ar\\\/?p=3709#breadcrumb\"},\"inLanguage\":\"es\",\"potentialAction\":[{\"@type\":\"ReadAction\",\"target\":[\"https:\\\/\\\/fmpatagoniamadryn.com.ar\\\/?p=3709\"]}]},{\"@type\":\"ImageObject\",\"inLanguage\":\"es\",\"@id\":\"https:\\\/\\\/fmpatagoniamadryn.com.ar\\\/?p=3709#primaryimage\",\"url\":\"https:\\\/\\\/fmpatagoniamadryn.com.ar\\\/wp-content\\\/uploads\\\/2023\\\/06\\\/FB_IMG_1687356795196.jpg\",\"contentUrl\":\"https:\\\/\\\/fmpatagoniamadryn.com.ar\\\/wp-content\\\/uploads\\\/2023\\\/06\\\/FB_IMG_1687356795196.jpg\",\"width\":720,\"height\":480},{\"@type\":\"BreadcrumbList\",\"@id\":\"https:\\\/\\\/fmpatagoniamadryn.com.ar\\\/?p=3709#breadcrumb\",\"itemListElement\":[{\"@type\":\"ListItem\",\"position\":1,\"name\":\"Portada\",\"item\":\"https:\\\/\\\/fmpatagoniamadryn.com.ar\\\/\"},{\"@type\":\"ListItem\",\"position\":2,\"name\":\"EMOTIVO Y MULTITUDINARIO ACTO POR EL D\u00cdA DE LA BANDERA EN PUERTO MADRYN\"}]},{\"@type\":\"WebSite\",\"@id\":\"https:\\\/\\\/fmpatagoniamadryn.com.ar\\\/#website\",\"url\":\"https:\\\/\\\/fmpatagoniamadryn.com.ar\\\/\",\"name\":\"FM Patagonia Madryn\",\"description\":\"Radio Patagonia 105.5\",\"publisher\":{\"@id\":\"https:\\\/\\\/fmpatagoniamadryn.com.ar\\\/#organization\"},\"potentialAction\":[{\"@type\":\"SearchAction\",\"target\":{\"@type\":\"EntryPoint\",\"urlTemplate\":\"https:\\\/\\\/fmpatagoniamadryn.com.ar\\\/?s={search_term_string}\"},\"query-input\":{\"@type\":\"PropertyValueSpecification\",\"valueRequired\":true,\"valueName\":\"search_term_string\"}}],\"inLanguage\":\"es\"},{\"@type\":\"Organization\",\"@id\":\"https:\\\/\\\/fmpatagoniamadryn.com.ar\\\/#organization\",\"name\":\"FM Patagonia Madryn\",\"url\":\"https:\\\/\\\/fmpatagoniamadryn.com.ar\\\/\",\"logo\":{\"@type\":\"ImageObject\",\"inLanguage\":\"es\",\"@id\":\"https:\\\/\\\/fmpatagoniamadryn.com.ar\\\/#\\\/schema\\\/logo\\\/image\\\/\",\"url\":\"https:\\\/\\\/fmpatagoniamadryn.com.ar\\\/wp-content\\\/uploads\\\/2023\\\/01\\\/cropped-Diseno-sin-titulo.png\",\"contentUrl\":\"https:\\\/\\\/fmpatagoniamadryn.com.ar\\\/wp-content\\\/uploads\\\/2023\\\/01\\\/cropped-Diseno-sin-titulo.png\",\"width\":6911,\"height\":2657,\"caption\":\"FM Patagonia Madryn\"},\"image\":{\"@id\":\"https:\\\/\\\/fmpatagoniamadryn.com.ar\\\/#\\\/schema\\\/logo\\\/image\\\/\"}},{\"@type\":\"Person\",\"@id\":\"https:\\\/\\\/fmpatagoniamadryn.com.ar\\\/#\\\/schema\\\/person\\\/1d968ec613613768e14b4e6420a2b125\",\"name\":\"FM Patagonia\",\"url\":\"https:\\\/\\\/fmpatagoniamadryn.com.ar\\\/?author=3\"}]}<\/script>\n<!-- \/ Yoast SEO plugin. -->","yoast_head_json":{"title":"EMOTIVO Y MULTITUDINARIO ACTO POR EL D\u00cdA DE LA BANDERA EN PUERTO MADRYN - FM Patagonia Madryn","robots":{"index":"index","follow":"follow","max-snippet":"max-snippet:-1","max-image-preview":"max-image-preview:large","max-video-preview":"max-video-preview:-1"},"canonical":"https:\/\/fmpatagoniamadryn.com.ar\/?p=3709","og_locale":"es_ES","og_type":"article","og_title":"EMOTIVO Y MULTITUDINARIO ACTO POR EL D\u00cdA DE LA BANDERA EN PUERTO MADRYN - FM Patagonia Madryn","og_description":"El vicegobernador Ricardo Sastre y el intendente Gustavo Sastre encabezaron el evento que se realiz\u00f3 en el d\u00eda de hoy, donde alumnos de cuarto grado expresaron lealtad a la ense\u00f1a&hellip;","og_url":"https:\/\/fmpatagoniamadryn.com.ar\/?p=3709","og_site_name":"FM Patagonia Madryn","article_published_time":"2023-06-21T14:13:35+00:00","article_modified_time":"2023-06-21T14:13:45+00:00","og_image":[{"width":720,"height":480,"url":"https:\/\/fmpatagoniamadryn.com.ar\/wp-content\/uploads\/2023\/06\/FB_IMG_1687356795196.jpg","type":"image\/jpeg"}],"author":"FM Patagonia","twitter_card":"summary_large_image","twitter_misc":{"Escrito por":"FM Patagonia","Tiempo de lectura":"3 minutos"},"schema":{"@context":"https:\/\/schema.org","@graph":[{"@type":"Article","@id":"https:\/\/fmpatagoniamadryn.com.ar\/?p=3709#article","isPartOf":{"@id":"https:\/\/fmpatagoniamadryn.com.ar\/?p=3709"},"author":{"name":"FM Patagonia","@id":"https:\/\/fmpatagoniamadryn.com.ar\/#\/schema\/person\/1d968ec613613768e14b4e6420a2b125"},"headline":"EMOTIVO Y MULTITUDINARIO ACTO POR EL D\u00cdA DE LA BANDERA EN PUERTO MADRYN","datePublished":"2023-06-21T14:13:35+00:00","dateModified":"2023-06-21T14:13:45+00:00","mainEntityOfPage":{"@id":"https:\/\/fmpatagoniamadryn.com.ar\/?p=3709"},"wordCount":617,"publisher":{"@id":"https:\/\/fmpatagoniamadryn.com.ar\/#organization"},"image":{"@id":"https:\/\/fmpatagoniamadryn.com.ar\/?p=3709#primaryimage"},"thumbnailUrl":"https:\/\/fmpatagoniamadryn.com.ar\/wp-content\/uploads\/2023\/06\/FB_IMG_1687356795196.jpg","articleSection":["Locales"],"inLanguage":"es"},{"@type":"WebPage","@id":"https:\/\/fmpatagoniamadryn.com.ar\/?p=3709","url":"https:\/\/fmpatagoniamadryn.com.ar\/?p=3709","name":"EMOTIVO Y MULTITUDINARIO ACTO POR EL D\u00cdA DE LA BANDERA EN PUERTO MADRYN - FM Patagonia Madryn","isPartOf":{"@id":"https:\/\/fmpatagoniamadryn.com.ar\/#website"},"primaryImageOfPage":{"@id":"https:\/\/fmpatagoniamadryn.com.ar\/?p=3709#primaryimage"},"image":{"@id":"https:\/\/fmpatagoniamadryn.com.ar\/?p=3709#primaryimage"},"thumbnailUrl":"https:\/\/fmpatagoniamadryn.com.ar\/wp-content\/uploads\/2023\/06\/FB_IMG_1687356795196.jpg","datePublished":"2023-06-21T14:13:35+00:00","dateModified":"2023-06-21T14:13:45+00:00","breadcrumb":{"@id":"https:\/\/fmpatagoniamadryn.com.ar\/?p=3709#breadcrumb"},"inLanguage":"es","potentialAction":[{"@type":"ReadAction","target":["https:\/\/fmpatagoniamadryn.com.ar\/?p=3709"]}]},{"@type":"ImageObject","inLanguage":"es","@id":"https:\/\/fmpatagoniamadryn.com.ar\/?p=3709#primaryimage","url":"https:\/\/fmpatagoniamadryn.com.ar\/wp-content\/uploads\/2023\/06\/FB_IMG_1687356795196.jpg","contentUrl":"https:\/\/fmpatagoniamadryn.com.ar\/wp-content\/uploads\/2023\/06\/FB_IMG_1687356795196.jpg","width":720,"height":480},{"@type":"BreadcrumbList","@id":"https:\/\/fmpatagoniamadryn.com.ar\/?p=3709#breadcrumb","itemListElement":[{"@type":"ListItem","position":1,"name":"Portada","item":"https:\/\/fmpatagoniamadryn.com.ar\/"},{"@type":"ListItem","position":2,"name":"EMOTIVO Y MULTITUDINARIO ACTO POR EL D\u00cdA DE LA BANDERA EN PUERTO MADRYN"}]},{"@type":"WebSite","@id":"https:\/\/fmpatagoniamadryn.com.ar\/#website","url":"https:\/\/fmpatagoniamadryn.com.ar\/","name":"FM Patagonia Madryn","description":"Radio Patagonia 105.5","publisher":{"@id":"https:\/\/fmpatagoniamadryn.com.ar\/#organization"},"potentialAction":[{"@type":"SearchAction","target":{"@type":"EntryPoint","urlTemplate":"https:\/\/fmpatagoniamadryn.com.ar\/?s={search_term_string}"},"query-input":{"@type":"PropertyValueSpecification","valueRequired":true,"valueName":"search_term_string"}}],"inLanguage":"es"},{"@type":"Organization","@id":"https:\/\/fmpatagoniamadryn.com.ar\/#organization","name":"FM Patagonia Madryn","url":"https:\/\/fmpatagoniamadryn.com.ar\/","logo":{"@type":"ImageObject","inLanguage":"es","@id":"https:\/\/fmpatagoniamadryn.com.ar\/#\/schema\/logo\/image\/","url":"https:\/\/fmpatagoniamadryn.com.ar\/wp-content\/uploads\/2023\/01\/cropped-Diseno-sin-titulo.png","contentUrl":"https:\/\/fmpatagoniamadryn.com.ar\/wp-content\/uploads\/2023\/01\/cropped-Diseno-sin-titulo.png","width":6911,"height":2657,"caption":"FM Patagonia Madryn"},"image":{"@id":"https:\/\/fmpatagoniamadryn.com.ar\/#\/schema\/logo\/image\/"}},{"@type":"Person","@id":"https:\/\/fmpatagoniamadryn.com.ar\/#\/schema\/person\/1d968ec613613768e14b4e6420a2b125","name":"FM Patagonia","url":"https:\/\/fmpatagoniamadryn.com.ar\/?author=3"}]}},"jetpack_featured_media_url":"https:\/\/fmpatagoniamadryn.com.ar\/wp-content\/uploads\/2023\/06\/FB_IMG_1687356795196.jpg","_links":{"self":[{"href":"https:\/\/fmpatagoniamadryn.com.ar\/index.php?rest_route=\/wp\/v2\/posts\/3709","targetHints":{"allow":["GET"]}}],"collection":[{"href":"https:\/\/fmpatagoniamadryn.com.ar\/index.php?rest_route=\/wp\/v2\/posts"}],"about":[{"href":"https:\/\/fmpatagoniamadryn.com.ar\/index.php?rest_route=\/wp\/v2\/types\/post"}],"author":[{"embeddable":true,"href":"https:\/\/fmpatagoniamadryn.com.ar\/index.php?rest_route=\/wp\/v2\/users\/3"}],"replies":[{"embeddable":true,"href":"https:\/\/fmpatagoniamadryn.com.ar\/index.php?rest_route=%2Fwp%2Fv2%2Fcomments&post=3709"}],"version-history":[{"count":1,"href":"https:\/\/fmpatagoniamadryn.com.ar\/index.php?rest_route=\/wp\/v2\/posts\/3709\/revisions"}],"predecessor-version":[{"id":3710,"href":"https:\/\/fmpatagoniamadryn.com.ar\/index.php?rest_route=\/wp\/v2\/posts\/3709\/revisions\/3710"}],"wp:featuredmedia":[{"embeddable":true,"href":"https:\/\/fmpatagoniamadryn.com.ar\/index.php?rest_route=\/wp\/v2\/media\/3708"}],"wp:attachment":[{"href":"https:\/\/fmpatagoniamadryn.com.ar\/index.php?rest_route=%2Fwp%2Fv2%2Fmedia&parent=3709"}],"wp:term":[{"taxonomy":"category","embeddable":true,"href":"https:\/\/fmpatagoniamadryn.com.ar\/index.php?rest_route=%2Fwp%2Fv2%2Fcategories&post=3709"},{"taxonomy":"post_tag","embeddable":true,"href":"https:\/\/fmpatagoniamadryn.com.ar\/index.php?rest_route=%2Fwp%2Fv2%2Ftags&post=3709"}],"curies":[{"name":"wp","href":"https:\/\/api.w.org\/{rel}","templated":true}]}}