{"id":3715,"date":"2023-06-21T13:42:59","date_gmt":"2023-06-21T16:42:59","guid":{"rendered":"https:\/\/fmpatagoniamadryn.com.ar\/?p=3715"},"modified":"2023-06-21T13:43:10","modified_gmt":"2023-06-21T16:43:10","slug":"reunion-clave-para-evitar-el-paro-nacional-de-colectivos-de-48-horas","status":"publish","type":"post","link":"https:\/\/fmpatagoniamadryn.com.ar\/?p=3715","title":{"rendered":"Reuni\u00f3n clave para evitar el paro nacional de colectivos de 48 horas"},"content":{"rendered":"\n<p>De no alcanzar un acuerdo esta tarde el paro de colectivos afectar\u00e1 a los servicios urbanos e interurbanos en todo el pa\u00eds.<br><br>Empresarios del Transporte P\u00fablico de Pasajeros y representantes de la Uni\u00f3n Tranviarios Automotor (UTA) volver\u00e1n a reunirse este mi\u00e9rcoles a partir de las 17 en la Ciudad Aut\u00f3noma de Buenos Aires para tratar de llegar a un acuerdo en el marco de la discusi\u00f3n paritaria que permita evitar el paro de colectivos de alcance nacional y por 48 horas convocado para ma\u00f1ana.<br><br>La discusi\u00f3n est\u00e1 centrada entre las c\u00e1maras empresarias y el Gobierno nacional, ya que lo que se plantea es de d\u00f3nde saldr\u00e1n los recursos econ\u00f3micos para que se puedan cumplir las subas salariales que intenten sostener el impacto de la inflaci\u00f3n en el bolsillo de los trabajadores del volante.<br><br>En la audiencia tambi\u00e9n estar\u00e1 el Comit\u00e9 Federal de Transporte (CoFeTra), que representa a las provincias del interior. Naci\u00f3n solicit\u00f3 a los distritos que se comprometan con la situaci\u00f3n y aumenten su participaci\u00f3n subsidiaria a las empresas.<br> <br>El secretario gremial de UTA en Chubut, Samuel Alarc\u00f3n, dijo que si no hay acuerdo, \u00abdesde este jueves habr\u00e1 un paro nacional por 48 horas\u00bb que afectar\u00e1 a 19 millones de personas en todo el pa\u00eds.<br><br>Fuente: el chubut<\/p>\n","protected":false},"excerpt":{"rendered":"<p>De no alcanzar un acuerdo esta tarde el paro de colectivos afectar\u00e1 a los servicios urbanos e interurbanos en todo el pa\u00eds. Empresarios del Transporte P\u00fablico de Pasajeros y representantes&hellip; <\/p>\n","protected":false},"author":3,"featured_media":3714,"comment_status":"closed","ping_status":"closed","sticky":false,"template":"","format":"standard","meta":{"footnotes":""},"categories":[14],"tags":[],"class_list":["post-3715","post","type-post","status-publish","format-standard","has-post-thumbnail","hentry","category-provinciales"],"yoast_head":"<!-- This site is optimized with the Yoast SEO plugin v27.5 - https:\/\/yoast.com\/product\/yoast-seo-wordpress\/ -->\n<title>Reuni\u00f3n clave para evitar el paro nacional de colectivos de 48 horas - FM Patagonia Madryn<\/title>\n<meta name=\"robots\" content=\"index, follow, max-snippet:-1, max-image-preview:large, max-video-preview:-1\" \/>\n<link rel=\"canonical\" href=\"https:\/\/fmpatagoniamadryn.com.ar\/?p=3715\" \/>\n<meta property=\"og:locale\" content=\"es_ES\" \/>\n<meta property=\"og:type\" content=\"article\" \/>\n<meta property=\"og:title\" content=\"Reuni\u00f3n clave para evitar el paro nacional de colectivos de 48 horas - FM Patagonia Madryn\" \/>\n<meta property=\"og:description\" content=\"De no alcanzar un acuerdo esta tarde el paro de colectivos afectar\u00e1 a los servicios urbanos e interurbanos en todo el pa\u00eds. Empresarios del Transporte P\u00fablico de Pasajeros y representantes&hellip;\" \/>\n<meta property=\"og:url\" content=\"https:\/\/fmpatagoniamadryn.com.ar\/?p=3715\" \/>\n<meta property=\"og:site_name\" content=\"FM Patagonia Madryn\" \/>\n<meta property=\"article:published_time\" content=\"2023-06-21T16:42:59+00:00\" \/>\n<meta property=\"article:modified_time\" content=\"2023-06-21T16:43:10+00:00\" \/>\n<meta property=\"og:image\" content=\"https:\/\/fmpatagoniamadryn.com.ar\/wp-content\/uploads\/2023\/06\/FB_IMG_1687365764821.jpg\" \/>\n\t<meta property=\"og:image:width\" content=\"800\" \/>\n\t<meta property=\"og:image:height\" content=\"483\" \/>\n\t<meta property=\"og:image:type\" content=\"image\/jpeg\" \/>\n<meta name=\"author\" content=\"FM Patagonia\" \/>\n<meta name=\"twitter:card\" content=\"summary_large_image\" \/>\n<meta name=\"twitter:label1\" content=\"Escrito por\" \/>\n\t<meta name=\"twitter:data1\" content=\"FM Patagonia\" \/>\n\t<meta name=\"twitter:label2\" content=\"Tiempo de lectura\" \/>\n\t<meta name=\"twitter:data2\" content=\"1 minuto\" \/>\n<script type=\"application\/ld+json\" class=\"yoast-schema-graph\">{\"@context\":\"https:\\\/\\\/schema.org\",\"@graph\":[{\"@type\":\"Article\",\"@id\":\"https:\\\/\\\/fmpatagoniamadryn.com.ar\\\/?p=3715#article\",\"isPartOf\":{\"@id\":\"https:\\\/\\\/fmpatagoniamadryn.com.ar\\\/?p=3715\"},\"author\":{\"name\":\"FM Patagonia\",\"@id\":\"https:\\\/\\\/fmpatagoniamadryn.com.ar\\\/#\\\/schema\\\/person\\\/1d968ec613613768e14b4e6420a2b125\"},\"headline\":\"Reuni\u00f3n clave para evitar el paro nacional de colectivos de 48 horas\",\"datePublished\":\"2023-06-21T16:42:59+00:00\",\"dateModified\":\"2023-06-21T16:43:10+00:00\",\"mainEntityOfPage\":{\"@id\":\"https:\\\/\\\/fmpatagoniamadryn.com.ar\\\/?p=3715\"},\"wordCount\":237,\"publisher\":{\"@id\":\"https:\\\/\\\/fmpatagoniamadryn.com.ar\\\/#organization\"},\"image\":{\"@id\":\"https:\\\/\\\/fmpatagoniamadryn.com.ar\\\/?p=3715#primaryimage\"},\"thumbnailUrl\":\"https:\\\/\\\/fmpatagoniamadryn.com.ar\\\/wp-content\\\/uploads\\\/2023\\\/06\\\/FB_IMG_1687365764821.jpg\",\"articleSection\":[\"Provinciales\"],\"inLanguage\":\"es\"},{\"@type\":\"WebPage\",\"@id\":\"https:\\\/\\\/fmpatagoniamadryn.com.ar\\\/?p=3715\",\"url\":\"https:\\\/\\\/fmpatagoniamadryn.com.ar\\\/?p=3715\",\"name\":\"Reuni\u00f3n clave para evitar el paro nacional de colectivos de 48 horas - FM Patagonia Madryn\",\"isPartOf\":{\"@id\":\"https:\\\/\\\/fmpatagoniamadryn.com.ar\\\/#website\"},\"primaryImageOfPage\":{\"@id\":\"https:\\\/\\\/fmpatagoniamadryn.com.ar\\\/?p=3715#primaryimage\"},\"image\":{\"@id\":\"https:\\\/\\\/fmpatagoniamadryn.com.ar\\\/?p=3715#primaryimage\"},\"thumbnailUrl\":\"https:\\\/\\\/fmpatagoniamadryn.com.ar\\\/wp-content\\\/uploads\\\/2023\\\/06\\\/FB_IMG_1687365764821.jpg\",\"datePublished\":\"2023-06-21T16:42:59+00:00\",\"dateModified\":\"2023-06-21T16:43:10+00:00\",\"breadcrumb\":{\"@id\":\"https:\\\/\\\/fmpatagoniamadryn.com.ar\\\/?p=3715#breadcrumb\"},\"inLanguage\":\"es\",\"potentialAction\":[{\"@type\":\"ReadAction\",\"target\":[\"https:\\\/\\\/fmpatagoniamadryn.com.ar\\\/?p=3715\"]}]},{\"@type\":\"ImageObject\",\"inLanguage\":\"es\",\"@id\":\"https:\\\/\\\/fmpatagoniamadryn.com.ar\\\/?p=3715#primaryimage\",\"url\":\"https:\\\/\\\/fmpatagoniamadryn.com.ar\\\/wp-content\\\/uploads\\\/2023\\\/06\\\/FB_IMG_1687365764821.jpg\",\"contentUrl\":\"https:\\\/\\\/fmpatagoniamadryn.com.ar\\\/wp-content\\\/uploads\\\/2023\\\/06\\\/FB_IMG_1687365764821.jpg\",\"width\":800,\"height\":483},{\"@type\":\"BreadcrumbList\",\"@id\":\"https:\\\/\\\/fmpatagoniamadryn.com.ar\\\/?p=3715#breadcrumb\",\"itemListElement\":[{\"@type\":\"ListItem\",\"position\":1,\"name\":\"Portada\",\"item\":\"https:\\\/\\\/fmpatagoniamadryn.com.ar\\\/\"},{\"@type\":\"ListItem\",\"position\":2,\"name\":\"Reuni\u00f3n clave para evitar el paro nacional de colectivos de 48 horas\"}]},{\"@type\":\"WebSite\",\"@id\":\"https:\\\/\\\/fmpatagoniamadryn.com.ar\\\/#website\",\"url\":\"https:\\\/\\\/fmpatagoniamadryn.com.ar\\\/\",\"name\":\"FM Patagonia Madryn\",\"description\":\"Radio Patagonia 105.5\",\"publisher\":{\"@id\":\"https:\\\/\\\/fmpatagoniamadryn.com.ar\\\/#organization\"},\"potentialAction\":[{\"@type\":\"SearchAction\",\"target\":{\"@type\":\"EntryPoint\",\"urlTemplate\":\"https:\\\/\\\/fmpatagoniamadryn.com.ar\\\/?s={search_term_string}\"},\"query-input\":{\"@type\":\"PropertyValueSpecification\",\"valueRequired\":true,\"valueName\":\"search_term_string\"}}],\"inLanguage\":\"es\"},{\"@type\":\"Organization\",\"@id\":\"https:\\\/\\\/fmpatagoniamadryn.com.ar\\\/#organization\",\"name\":\"FM Patagonia Madryn\",\"url\":\"https:\\\/\\\/fmpatagoniamadryn.com.ar\\\/\",\"logo\":{\"@type\":\"ImageObject\",\"inLanguage\":\"es\",\"@id\":\"https:\\\/\\\/fmpatagoniamadryn.com.ar\\\/#\\\/schema\\\/logo\\\/image\\\/\",\"url\":\"https:\\\/\\\/fmpatagoniamadryn.com.ar\\\/wp-content\\\/uploads\\\/2023\\\/01\\\/cropped-Diseno-sin-titulo.png\",\"contentUrl\":\"https:\\\/\\\/fmpatagoniamadryn.com.ar\\\/wp-content\\\/uploads\\\/2023\\\/01\\\/cropped-Diseno-sin-titulo.png\",\"width\":6911,\"height\":2657,\"caption\":\"FM Patagonia Madryn\"},\"image\":{\"@id\":\"https:\\\/\\\/fmpatagoniamadryn.com.ar\\\/#\\\/schema\\\/logo\\\/image\\\/\"}},{\"@type\":\"Person\",\"@id\":\"https:\\\/\\\/fmpatagoniamadryn.com.ar\\\/#\\\/schema\\\/person\\\/1d968ec613613768e14b4e6420a2b125\",\"name\":\"FM Patagonia\",\"url\":\"https:\\\/\\\/fmpatagoniamadryn.com.ar\\\/?author=3\"}]}<\/script>\n<!-- \/ Yoast SEO plugin. -->","yoast_head_json":{"title":"Reuni\u00f3n clave para evitar el paro nacional de colectivos de 48 horas - FM Patagonia Madryn","robots":{"index":"index","follow":"follow","max-snippet":"max-snippet:-1","max-image-preview":"max-image-preview:large","max-video-preview":"max-video-preview:-1"},"canonical":"https:\/\/fmpatagoniamadryn.com.ar\/?p=3715","og_locale":"es_ES","og_type":"article","og_title":"Reuni\u00f3n clave para evitar el paro nacional de colectivos de 48 horas - FM Patagonia Madryn","og_description":"De no alcanzar un acuerdo esta tarde el paro de colectivos afectar\u00e1 a los servicios urbanos e interurbanos en todo el pa\u00eds. Empresarios del Transporte P\u00fablico de Pasajeros y representantes&hellip;","og_url":"https:\/\/fmpatagoniamadryn.com.ar\/?p=3715","og_site_name":"FM Patagonia Madryn","article_published_time":"2023-06-21T16:42:59+00:00","article_modified_time":"2023-06-21T16:43:10+00:00","og_image":[{"width":800,"height":483,"url":"https:\/\/fmpatagoniamadryn.com.ar\/wp-content\/uploads\/2023\/06\/FB_IMG_1687365764821.jpg","type":"image\/jpeg"}],"author":"FM Patagonia","twitter_card":"summary_large_image","twitter_misc":{"Escrito por":"FM Patagonia","Tiempo de lectura":"1 minuto"},"schema":{"@context":"https:\/\/schema.org","@graph":[{"@type":"Article","@id":"https:\/\/fmpatagoniamadryn.com.ar\/?p=3715#article","isPartOf":{"@id":"https:\/\/fmpatagoniamadryn.com.ar\/?p=3715"},"author":{"name":"FM Patagonia","@id":"https:\/\/fmpatagoniamadryn.com.ar\/#\/schema\/person\/1d968ec613613768e14b4e6420a2b125"},"headline":"Reuni\u00f3n clave para evitar el paro nacional de colectivos de 48 horas","datePublished":"2023-06-21T16:42:59+00:00","dateModified":"2023-06-21T16:43:10+00:00","mainEntityOfPage":{"@id":"https:\/\/fmpatagoniamadryn.com.ar\/?p=3715"},"wordCount":237,"publisher":{"@id":"https:\/\/fmpatagoniamadryn.com.ar\/#organization"},"image":{"@id":"https:\/\/fmpatagoniamadryn.com.ar\/?p=3715#primaryimage"},"thumbnailUrl":"https:\/\/fmpatagoniamadryn.com.ar\/wp-content\/uploads\/2023\/06\/FB_IMG_1687365764821.jpg","articleSection":["Provinciales"],"inLanguage":"es"},{"@type":"WebPage","@id":"https:\/\/fmpatagoniamadryn.com.ar\/?p=3715","url":"https:\/\/fmpatagoniamadryn.com.ar\/?p=3715","name":"Reuni\u00f3n clave para evitar el paro nacional de colectivos de 48 horas - FM Patagonia Madryn","isPartOf":{"@id":"https:\/\/fmpatagoniamadryn.com.ar\/#website"},"primaryImageOfPage":{"@id":"https:\/\/fmpatagoniamadryn.com.ar\/?p=3715#primaryimage"},"image":{"@id":"https:\/\/fmpatagoniamadryn.com.ar\/?p=3715#primaryimage"},"thumbnailUrl":"https:\/\/fmpatagoniamadryn.com.ar\/wp-content\/uploads\/2023\/06\/FB_IMG_1687365764821.jpg","datePublished":"2023-06-21T16:42:59+00:00","dateModified":"2023-06-21T16:43:10+00:00","breadcrumb":{"@id":"https:\/\/fmpatagoniamadryn.com.ar\/?p=3715#breadcrumb"},"inLanguage":"es","potentialAction":[{"@type":"ReadAction","target":["https:\/\/fmpatagoniamadryn.com.ar\/?p=3715"]}]},{"@type":"ImageObject","inLanguage":"es","@id":"https:\/\/fmpatagoniamadryn.com.ar\/?p=3715#primaryimage","url":"https:\/\/fmpatagoniamadryn.com.ar\/wp-content\/uploads\/2023\/06\/FB_IMG_1687365764821.jpg","contentUrl":"https:\/\/fmpatagoniamadryn.com.ar\/wp-content\/uploads\/2023\/06\/FB_IMG_1687365764821.jpg","width":800,"height":483},{"@type":"BreadcrumbList","@id":"https:\/\/fmpatagoniamadryn.com.ar\/?p=3715#breadcrumb","itemListElement":[{"@type":"ListItem","position":1,"name":"Portada","item":"https:\/\/fmpatagoniamadryn.com.ar\/"},{"@type":"ListItem","position":2,"name":"Reuni\u00f3n clave para evitar el paro nacional de colectivos de 48 horas"}]},{"@type":"WebSite","@id":"https:\/\/fmpatagoniamadryn.com.ar\/#website","url":"https:\/\/fmpatagoniamadryn.com.ar\/","name":"FM Patagonia Madryn","description":"Radio Patagonia 105.5","publisher":{"@id":"https:\/\/fmpatagoniamadryn.com.ar\/#organization"},"potentialAction":[{"@type":"SearchAction","target":{"@type":"EntryPoint","urlTemplate":"https:\/\/fmpatagoniamadryn.com.ar\/?s={search_term_string}"},"query-input":{"@type":"PropertyValueSpecification","valueRequired":true,"valueName":"search_term_string"}}],"inLanguage":"es"},{"@type":"Organization","@id":"https:\/\/fmpatagoniamadryn.com.ar\/#organization","name":"FM Patagonia Madryn","url":"https:\/\/fmpatagoniamadryn.com.ar\/","logo":{"@type":"ImageObject","inLanguage":"es","@id":"https:\/\/fmpatagoniamadryn.com.ar\/#\/schema\/logo\/image\/","url":"https:\/\/fmpatagoniamadryn.com.ar\/wp-content\/uploads\/2023\/01\/cropped-Diseno-sin-titulo.png","contentUrl":"https:\/\/fmpatagoniamadryn.com.ar\/wp-content\/uploads\/2023\/01\/cropped-Diseno-sin-titulo.png","width":6911,"height":2657,"caption":"FM Patagonia Madryn"},"image":{"@id":"https:\/\/fmpatagoniamadryn.com.ar\/#\/schema\/logo\/image\/"}},{"@type":"Person","@id":"https:\/\/fmpatagoniamadryn.com.ar\/#\/schema\/person\/1d968ec613613768e14b4e6420a2b125","name":"FM Patagonia","url":"https:\/\/fmpatagoniamadryn.com.ar\/?author=3"}]}},"jetpack_featured_media_url":"https:\/\/fmpatagoniamadryn.com.ar\/wp-content\/uploads\/2023\/06\/FB_IMG_1687365764821.jpg","_links":{"self":[{"href":"https:\/\/fmpatagoniamadryn.com.ar\/index.php?rest_route=\/wp\/v2\/posts\/3715","targetHints":{"allow":["GET"]}}],"collection":[{"href":"https:\/\/fmpatagoniamadryn.com.ar\/index.php?rest_route=\/wp\/v2\/posts"}],"about":[{"href":"https:\/\/fmpatagoniamadryn.com.ar\/index.php?rest_route=\/wp\/v2\/types\/post"}],"author":[{"embeddable":true,"href":"https:\/\/fmpatagoniamadryn.com.ar\/index.php?rest_route=\/wp\/v2\/users\/3"}],"replies":[{"embeddable":true,"href":"https:\/\/fmpatagoniamadryn.com.ar\/index.php?rest_route=%2Fwp%2Fv2%2Fcomments&post=3715"}],"version-history":[{"count":1,"href":"https:\/\/fmpatagoniamadryn.com.ar\/index.php?rest_route=\/wp\/v2\/posts\/3715\/revisions"}],"predecessor-version":[{"id":3716,"href":"https:\/\/fmpatagoniamadryn.com.ar\/index.php?rest_route=\/wp\/v2\/posts\/3715\/revisions\/3716"}],"wp:featuredmedia":[{"embeddable":true,"href":"https:\/\/fmpatagoniamadryn.com.ar\/index.php?rest_route=\/wp\/v2\/media\/3714"}],"wp:attachment":[{"href":"https:\/\/fmpatagoniamadryn.com.ar\/index.php?rest_route=%2Fwp%2Fv2%2Fmedia&parent=3715"}],"wp:term":[{"taxonomy":"category","embeddable":true,"href":"https:\/\/fmpatagoniamadryn.com.ar\/index.php?rest_route=%2Fwp%2Fv2%2Fcategories&post=3715"},{"taxonomy":"post_tag","embeddable":true,"href":"https:\/\/fmpatagoniamadryn.com.ar\/index.php?rest_route=%2Fwp%2Fv2%2Ftags&post=3715"}],"curies":[{"name":"wp","href":"https:\/\/api.w.org\/{rel}","templated":true}]}}