{"id":3736,"date":"2023-06-21T18:21:56","date_gmt":"2023-06-21T21:21:56","guid":{"rendered":"https:\/\/fmpatagoniamadryn.com.ar\/?p=3736"},"modified":"2023-06-21T18:54:35","modified_gmt":"2023-06-21T21:54:35","slug":"brindaran-un-taller-de-fotografia-estenopeica","status":"publish","type":"post","link":"https:\/\/fmpatagoniamadryn.com.ar\/?p=3736","title":{"rendered":"BRINDAR\u00c1N UN TALLER DE FOTOGRAF\u00cdA ESTENOPEICA"},"content":{"rendered":"\n<p><br><br>Ser\u00e1 el viernes 23 y s\u00e1bado 24 de junio en la Fundaci\u00f3n Patagonia Natural y en el MuMa. La actividad ser\u00e1 libre y gratuita y los cupos son limitados<br><br><br>El Museo Municipal de Arte, dependiente de la Subsecretar\u00eda de Cultura de la Municipalidad de Puerto Madryn y la Fundaci\u00f3n Patagonia Natural (FPN) realizar\u00e1n en conjunto un Taller de Fotograf\u00eda Estenopeica denominado \u201cVer todo al rev\u00e9s\u201d. El mismo se llevar\u00e1 a cabo el viernes 23 y el s\u00e1bado 24 de junio y ser\u00e1 dictado por  la coordinadora de ensayos fotogr\u00e1ficos y tutora de proyectos de artistas visuales, Ver\u00f3nica Mastrosimone.<br><br>Durante la actividad se podr\u00e1 aprender sobre la fotograf\u00eda estenopeica, que es una t\u00e9cnica mediante la cual se utiliza una c\u00e1mara fotogr\u00e1fica que se caracteriza por no usar una \u00f3ptica o lente, sino que se compone de un cuerpo estanco a la luz y un peque\u00f1o orificio que deja pasar la luz.<br><br>Esta propuesta se llevar\u00e1 a cabo bajo el marco de los programas de educaci\u00f3n de la fundaci\u00f3n y la reapertura de las puertas del museo ofreciendo a los visitantes una selecci\u00f3n de obras de su colecci\u00f3n.<br><br>VIERNES Y S\u00c1BADO DE TALLER<br><br>El taller tendr\u00e1 una primera instancia te\u00f3rica pr\u00e1ctica el 23 de junio a las 16 horas en la sede de la Fundaci\u00f3n, ubicada en Marcos A. Zar 760. Para esta actividad es necesario asistir con tijera o cutter y esponja o pincel. Mientras que la segunda parte ser\u00e1 dictada el s\u00e1bado 24 de junio a las 15 horas en las instalaciones del museo (Avenida Roca 444). En esta oportunidad se realizar\u00e1 una instalaci\u00f3n de c\u00e1maras en las ventanas de la instituci\u00f3n que luego podr\u00e1n ser utilizadas por el p\u00fablico.<br><br>Las personas interesadas en participar deber\u00e1n enviar un mail al correo andreafitalone@patagonianatural.org.ar hasta el 22 de junio a las 13 horas.<br><br>Cabe destacar que la propuesta es abierta y gratuita y tiene un cupo limitado de 15 inscriptos.<\/p>\n","protected":false},"excerpt":{"rendered":"<p>Ser\u00e1 el viernes 23 y s\u00e1bado 24 de junio en la Fundaci\u00f3n Patagonia Natural y en el MuMa. La actividad ser\u00e1 libre y gratuita y los cupos son limitados El&hellip; <\/p>\n","protected":false},"author":2,"featured_media":3735,"comment_status":"closed","ping_status":"closed","sticky":false,"template":"","format":"standard","meta":{"footnotes":""},"categories":[15],"tags":[],"class_list":["post-3736","post","type-post","status-publish","format-standard","has-post-thumbnail","hentry","category-locales"],"yoast_head":"<!-- This site is optimized with the Yoast SEO plugin v27.5 - https:\/\/yoast.com\/product\/yoast-seo-wordpress\/ -->\n<title>BRINDAR\u00c1N UN TALLER DE FOTOGRAF\u00cdA ESTENOPEICA - FM Patagonia Madryn<\/title>\n<meta name=\"robots\" content=\"index, follow, max-snippet:-1, max-image-preview:large, max-video-preview:-1\" \/>\n<link rel=\"canonical\" href=\"https:\/\/fmpatagoniamadryn.com.ar\/?p=3736\" \/>\n<meta property=\"og:locale\" content=\"es_ES\" \/>\n<meta property=\"og:type\" content=\"article\" \/>\n<meta property=\"og:title\" content=\"BRINDAR\u00c1N UN TALLER DE FOTOGRAF\u00cdA ESTENOPEICA - FM Patagonia Madryn\" \/>\n<meta property=\"og:description\" content=\"Ser\u00e1 el viernes 23 y s\u00e1bado 24 de junio en la Fundaci\u00f3n Patagonia Natural y en el MuMa. La actividad ser\u00e1 libre y gratuita y los cupos son limitados El&hellip;\" \/>\n<meta property=\"og:url\" content=\"https:\/\/fmpatagoniamadryn.com.ar\/?p=3736\" \/>\n<meta property=\"og:site_name\" content=\"FM Patagonia Madryn\" \/>\n<meta property=\"article:published_time\" content=\"2023-06-21T21:21:56+00:00\" \/>\n<meta property=\"article:modified_time\" content=\"2023-06-21T21:54:35+00:00\" \/>\n<meta property=\"og:image\" content=\"https:\/\/fmpatagoniamadryn.com.ar\/wp-content\/uploads\/2023\/06\/camara-estenopeica-655x368-1.jpg\" \/>\n\t<meta property=\"og:image:width\" content=\"655\" \/>\n\t<meta property=\"og:image:height\" content=\"368\" \/>\n\t<meta property=\"og:image:type\" content=\"image\/jpeg\" \/>\n<meta name=\"author\" content=\"FM Patagonia\" \/>\n<meta name=\"twitter:card\" content=\"summary_large_image\" \/>\n<meta name=\"twitter:label1\" content=\"Escrito por\" \/>\n\t<meta name=\"twitter:data1\" content=\"FM Patagonia\" \/>\n\t<meta name=\"twitter:label2\" content=\"Tiempo de lectura\" \/>\n\t<meta name=\"twitter:data2\" content=\"2 minutos\" \/>\n<script type=\"application\/ld+json\" class=\"yoast-schema-graph\">{\"@context\":\"https:\\\/\\\/schema.org\",\"@graph\":[{\"@type\":\"Article\",\"@id\":\"https:\\\/\\\/fmpatagoniamadryn.com.ar\\\/?p=3736#article\",\"isPartOf\":{\"@id\":\"https:\\\/\\\/fmpatagoniamadryn.com.ar\\\/?p=3736\"},\"author\":{\"name\":\"FM Patagonia\",\"@id\":\"https:\\\/\\\/fmpatagoniamadryn.com.ar\\\/#\\\/schema\\\/person\\\/8a3de4ad7efceacab06c1641c50303b7\"},\"headline\":\"BRINDAR\u00c1N UN TALLER DE FOTOGRAF\u00cdA ESTENOPEICA\",\"datePublished\":\"2023-06-21T21:21:56+00:00\",\"dateModified\":\"2023-06-21T21:54:35+00:00\",\"mainEntityOfPage\":{\"@id\":\"https:\\\/\\\/fmpatagoniamadryn.com.ar\\\/?p=3736\"},\"wordCount\":346,\"publisher\":{\"@id\":\"https:\\\/\\\/fmpatagoniamadryn.com.ar\\\/#organization\"},\"image\":{\"@id\":\"https:\\\/\\\/fmpatagoniamadryn.com.ar\\\/?p=3736#primaryimage\"},\"thumbnailUrl\":\"https:\\\/\\\/fmpatagoniamadryn.com.ar\\\/wp-content\\\/uploads\\\/2023\\\/06\\\/camara-estenopeica-655x368-1.jpg\",\"articleSection\":[\"Locales\"],\"inLanguage\":\"es\"},{\"@type\":\"WebPage\",\"@id\":\"https:\\\/\\\/fmpatagoniamadryn.com.ar\\\/?p=3736\",\"url\":\"https:\\\/\\\/fmpatagoniamadryn.com.ar\\\/?p=3736\",\"name\":\"BRINDAR\u00c1N UN TALLER DE FOTOGRAF\u00cdA ESTENOPEICA - FM Patagonia Madryn\",\"isPartOf\":{\"@id\":\"https:\\\/\\\/fmpatagoniamadryn.com.ar\\\/#website\"},\"primaryImageOfPage\":{\"@id\":\"https:\\\/\\\/fmpatagoniamadryn.com.ar\\\/?p=3736#primaryimage\"},\"image\":{\"@id\":\"https:\\\/\\\/fmpatagoniamadryn.com.ar\\\/?p=3736#primaryimage\"},\"thumbnailUrl\":\"https:\\\/\\\/fmpatagoniamadryn.com.ar\\\/wp-content\\\/uploads\\\/2023\\\/06\\\/camara-estenopeica-655x368-1.jpg\",\"datePublished\":\"2023-06-21T21:21:56+00:00\",\"dateModified\":\"2023-06-21T21:54:35+00:00\",\"breadcrumb\":{\"@id\":\"https:\\\/\\\/fmpatagoniamadryn.com.ar\\\/?p=3736#breadcrumb\"},\"inLanguage\":\"es\",\"potentialAction\":[{\"@type\":\"ReadAction\",\"target\":[\"https:\\\/\\\/fmpatagoniamadryn.com.ar\\\/?p=3736\"]}]},{\"@type\":\"ImageObject\",\"inLanguage\":\"es\",\"@id\":\"https:\\\/\\\/fmpatagoniamadryn.com.ar\\\/?p=3736#primaryimage\",\"url\":\"https:\\\/\\\/fmpatagoniamadryn.com.ar\\\/wp-content\\\/uploads\\\/2023\\\/06\\\/camara-estenopeica-655x368-1.jpg\",\"contentUrl\":\"https:\\\/\\\/fmpatagoniamadryn.com.ar\\\/wp-content\\\/uploads\\\/2023\\\/06\\\/camara-estenopeica-655x368-1.jpg\",\"width\":655,\"height\":368},{\"@type\":\"BreadcrumbList\",\"@id\":\"https:\\\/\\\/fmpatagoniamadryn.com.ar\\\/?p=3736#breadcrumb\",\"itemListElement\":[{\"@type\":\"ListItem\",\"position\":1,\"name\":\"Portada\",\"item\":\"https:\\\/\\\/fmpatagoniamadryn.com.ar\\\/\"},{\"@type\":\"ListItem\",\"position\":2,\"name\":\"BRINDAR\u00c1N UN TALLER DE FOTOGRAF\u00cdA ESTENOPEICA\"}]},{\"@type\":\"WebSite\",\"@id\":\"https:\\\/\\\/fmpatagoniamadryn.com.ar\\\/#website\",\"url\":\"https:\\\/\\\/fmpatagoniamadryn.com.ar\\\/\",\"name\":\"FM Patagonia Madryn\",\"description\":\"Radio Patagonia 105.5\",\"publisher\":{\"@id\":\"https:\\\/\\\/fmpatagoniamadryn.com.ar\\\/#organization\"},\"potentialAction\":[{\"@type\":\"SearchAction\",\"target\":{\"@type\":\"EntryPoint\",\"urlTemplate\":\"https:\\\/\\\/fmpatagoniamadryn.com.ar\\\/?s={search_term_string}\"},\"query-input\":{\"@type\":\"PropertyValueSpecification\",\"valueRequired\":true,\"valueName\":\"search_term_string\"}}],\"inLanguage\":\"es\"},{\"@type\":\"Organization\",\"@id\":\"https:\\\/\\\/fmpatagoniamadryn.com.ar\\\/#organization\",\"name\":\"FM Patagonia Madryn\",\"url\":\"https:\\\/\\\/fmpatagoniamadryn.com.ar\\\/\",\"logo\":{\"@type\":\"ImageObject\",\"inLanguage\":\"es\",\"@id\":\"https:\\\/\\\/fmpatagoniamadryn.com.ar\\\/#\\\/schema\\\/logo\\\/image\\\/\",\"url\":\"https:\\\/\\\/fmpatagoniamadryn.com.ar\\\/wp-content\\\/uploads\\\/2023\\\/01\\\/cropped-Diseno-sin-titulo.png\",\"contentUrl\":\"https:\\\/\\\/fmpatagoniamadryn.com.ar\\\/wp-content\\\/uploads\\\/2023\\\/01\\\/cropped-Diseno-sin-titulo.png\",\"width\":6911,\"height\":2657,\"caption\":\"FM Patagonia Madryn\"},\"image\":{\"@id\":\"https:\\\/\\\/fmpatagoniamadryn.com.ar\\\/#\\\/schema\\\/logo\\\/image\\\/\"}},{\"@type\":\"Person\",\"@id\":\"https:\\\/\\\/fmpatagoniamadryn.com.ar\\\/#\\\/schema\\\/person\\\/8a3de4ad7efceacab06c1641c50303b7\",\"name\":\"FM Patagonia\",\"url\":\"https:\\\/\\\/fmpatagoniamadryn.com.ar\\\/?author=2\"}]}<\/script>\n<!-- \/ Yoast SEO plugin. -->","yoast_head_json":{"title":"BRINDAR\u00c1N UN TALLER DE FOTOGRAF\u00cdA ESTENOPEICA - FM Patagonia Madryn","robots":{"index":"index","follow":"follow","max-snippet":"max-snippet:-1","max-image-preview":"max-image-preview:large","max-video-preview":"max-video-preview:-1"},"canonical":"https:\/\/fmpatagoniamadryn.com.ar\/?p=3736","og_locale":"es_ES","og_type":"article","og_title":"BRINDAR\u00c1N UN TALLER DE FOTOGRAF\u00cdA ESTENOPEICA - FM Patagonia Madryn","og_description":"Ser\u00e1 el viernes 23 y s\u00e1bado 24 de junio en la Fundaci\u00f3n Patagonia Natural y en el MuMa. La actividad ser\u00e1 libre y gratuita y los cupos son limitados El&hellip;","og_url":"https:\/\/fmpatagoniamadryn.com.ar\/?p=3736","og_site_name":"FM Patagonia Madryn","article_published_time":"2023-06-21T21:21:56+00:00","article_modified_time":"2023-06-21T21:54:35+00:00","og_image":[{"width":655,"height":368,"url":"https:\/\/fmpatagoniamadryn.com.ar\/wp-content\/uploads\/2023\/06\/camara-estenopeica-655x368-1.jpg","type":"image\/jpeg"}],"author":"FM Patagonia","twitter_card":"summary_large_image","twitter_misc":{"Escrito por":"FM Patagonia","Tiempo de lectura":"2 minutos"},"schema":{"@context":"https:\/\/schema.org","@graph":[{"@type":"Article","@id":"https:\/\/fmpatagoniamadryn.com.ar\/?p=3736#article","isPartOf":{"@id":"https:\/\/fmpatagoniamadryn.com.ar\/?p=3736"},"author":{"name":"FM Patagonia","@id":"https:\/\/fmpatagoniamadryn.com.ar\/#\/schema\/person\/8a3de4ad7efceacab06c1641c50303b7"},"headline":"BRINDAR\u00c1N UN TALLER DE FOTOGRAF\u00cdA ESTENOPEICA","datePublished":"2023-06-21T21:21:56+00:00","dateModified":"2023-06-21T21:54:35+00:00","mainEntityOfPage":{"@id":"https:\/\/fmpatagoniamadryn.com.ar\/?p=3736"},"wordCount":346,"publisher":{"@id":"https:\/\/fmpatagoniamadryn.com.ar\/#organization"},"image":{"@id":"https:\/\/fmpatagoniamadryn.com.ar\/?p=3736#primaryimage"},"thumbnailUrl":"https:\/\/fmpatagoniamadryn.com.ar\/wp-content\/uploads\/2023\/06\/camara-estenopeica-655x368-1.jpg","articleSection":["Locales"],"inLanguage":"es"},{"@type":"WebPage","@id":"https:\/\/fmpatagoniamadryn.com.ar\/?p=3736","url":"https:\/\/fmpatagoniamadryn.com.ar\/?p=3736","name":"BRINDAR\u00c1N UN TALLER DE FOTOGRAF\u00cdA ESTENOPEICA - FM Patagonia Madryn","isPartOf":{"@id":"https:\/\/fmpatagoniamadryn.com.ar\/#website"},"primaryImageOfPage":{"@id":"https:\/\/fmpatagoniamadryn.com.ar\/?p=3736#primaryimage"},"image":{"@id":"https:\/\/fmpatagoniamadryn.com.ar\/?p=3736#primaryimage"},"thumbnailUrl":"https:\/\/fmpatagoniamadryn.com.ar\/wp-content\/uploads\/2023\/06\/camara-estenopeica-655x368-1.jpg","datePublished":"2023-06-21T21:21:56+00:00","dateModified":"2023-06-21T21:54:35+00:00","breadcrumb":{"@id":"https:\/\/fmpatagoniamadryn.com.ar\/?p=3736#breadcrumb"},"inLanguage":"es","potentialAction":[{"@type":"ReadAction","target":["https:\/\/fmpatagoniamadryn.com.ar\/?p=3736"]}]},{"@type":"ImageObject","inLanguage":"es","@id":"https:\/\/fmpatagoniamadryn.com.ar\/?p=3736#primaryimage","url":"https:\/\/fmpatagoniamadryn.com.ar\/wp-content\/uploads\/2023\/06\/camara-estenopeica-655x368-1.jpg","contentUrl":"https:\/\/fmpatagoniamadryn.com.ar\/wp-content\/uploads\/2023\/06\/camara-estenopeica-655x368-1.jpg","width":655,"height":368},{"@type":"BreadcrumbList","@id":"https:\/\/fmpatagoniamadryn.com.ar\/?p=3736#breadcrumb","itemListElement":[{"@type":"ListItem","position":1,"name":"Portada","item":"https:\/\/fmpatagoniamadryn.com.ar\/"},{"@type":"ListItem","position":2,"name":"BRINDAR\u00c1N UN TALLER DE FOTOGRAF\u00cdA ESTENOPEICA"}]},{"@type":"WebSite","@id":"https:\/\/fmpatagoniamadryn.com.ar\/#website","url":"https:\/\/fmpatagoniamadryn.com.ar\/","name":"FM Patagonia Madryn","description":"Radio Patagonia 105.5","publisher":{"@id":"https:\/\/fmpatagoniamadryn.com.ar\/#organization"},"potentialAction":[{"@type":"SearchAction","target":{"@type":"EntryPoint","urlTemplate":"https:\/\/fmpatagoniamadryn.com.ar\/?s={search_term_string}"},"query-input":{"@type":"PropertyValueSpecification","valueRequired":true,"valueName":"search_term_string"}}],"inLanguage":"es"},{"@type":"Organization","@id":"https:\/\/fmpatagoniamadryn.com.ar\/#organization","name":"FM Patagonia Madryn","url":"https:\/\/fmpatagoniamadryn.com.ar\/","logo":{"@type":"ImageObject","inLanguage":"es","@id":"https:\/\/fmpatagoniamadryn.com.ar\/#\/schema\/logo\/image\/","url":"https:\/\/fmpatagoniamadryn.com.ar\/wp-content\/uploads\/2023\/01\/cropped-Diseno-sin-titulo.png","contentUrl":"https:\/\/fmpatagoniamadryn.com.ar\/wp-content\/uploads\/2023\/01\/cropped-Diseno-sin-titulo.png","width":6911,"height":2657,"caption":"FM Patagonia Madryn"},"image":{"@id":"https:\/\/fmpatagoniamadryn.com.ar\/#\/schema\/logo\/image\/"}},{"@type":"Person","@id":"https:\/\/fmpatagoniamadryn.com.ar\/#\/schema\/person\/8a3de4ad7efceacab06c1641c50303b7","name":"FM Patagonia","url":"https:\/\/fmpatagoniamadryn.com.ar\/?author=2"}]}},"jetpack_featured_media_url":"https:\/\/fmpatagoniamadryn.com.ar\/wp-content\/uploads\/2023\/06\/camara-estenopeica-655x368-1.jpg","_links":{"self":[{"href":"https:\/\/fmpatagoniamadryn.com.ar\/index.php?rest_route=\/wp\/v2\/posts\/3736","targetHints":{"allow":["GET"]}}],"collection":[{"href":"https:\/\/fmpatagoniamadryn.com.ar\/index.php?rest_route=\/wp\/v2\/posts"}],"about":[{"href":"https:\/\/fmpatagoniamadryn.com.ar\/index.php?rest_route=\/wp\/v2\/types\/post"}],"author":[{"embeddable":true,"href":"https:\/\/fmpatagoniamadryn.com.ar\/index.php?rest_route=\/wp\/v2\/users\/2"}],"replies":[{"embeddable":true,"href":"https:\/\/fmpatagoniamadryn.com.ar\/index.php?rest_route=%2Fwp%2Fv2%2Fcomments&post=3736"}],"version-history":[{"count":1,"href":"https:\/\/fmpatagoniamadryn.com.ar\/index.php?rest_route=\/wp\/v2\/posts\/3736\/revisions"}],"predecessor-version":[{"id":3737,"href":"https:\/\/fmpatagoniamadryn.com.ar\/index.php?rest_route=\/wp\/v2\/posts\/3736\/revisions\/3737"}],"wp:featuredmedia":[{"embeddable":true,"href":"https:\/\/fmpatagoniamadryn.com.ar\/index.php?rest_route=\/wp\/v2\/media\/3735"}],"wp:attachment":[{"href":"https:\/\/fmpatagoniamadryn.com.ar\/index.php?rest_route=%2Fwp%2Fv2%2Fmedia&parent=3736"}],"wp:term":[{"taxonomy":"category","embeddable":true,"href":"https:\/\/fmpatagoniamadryn.com.ar\/index.php?rest_route=%2Fwp%2Fv2%2Fcategories&post=3736"},{"taxonomy":"post_tag","embeddable":true,"href":"https:\/\/fmpatagoniamadryn.com.ar\/index.php?rest_route=%2Fwp%2Fv2%2Ftags&post=3736"}],"curies":[{"name":"wp","href":"https:\/\/api.w.org\/{rel}","templated":true}]}}