{"id":3756,"date":"2023-06-21T19:03:28","date_gmt":"2023-06-21T22:03:28","guid":{"rendered":"https:\/\/fmpatagoniamadryn.com.ar\/?p=3756"},"modified":"2023-06-21T19:03:55","modified_gmt":"2023-06-21T22:03:55","slug":"presentaran-el-libro-talisman-de-graciela-kovacic","status":"publish","type":"post","link":"https:\/\/fmpatagoniamadryn.com.ar\/?p=3756","title":{"rendered":"PRESENTAR\u00c1N EL LIBRO \u201cTALISM\u00c1N\u201d DE GRACIELA KOVACIC"},"content":{"rendered":"\n<p><br><br>Con entrada libre y gratuita, ser\u00e1 este viernes 23 de junio a las 20 en la Casa de la Cultura<br><br><br><br>La Subsecretar\u00eda de Cultura de la Municipalidad de Puerto Madryn invita a la presentaci\u00f3n de \u201cTalism\u00e1n\u201d de Graciela Kovacic, que ser\u00e1 el viernes 23 de junio a las 20 horas en Casa de la Cultura, situada en Roque S\u00e1enz Pe\u00f1a 86.<br><br>\u201cTalism\u00e1n\u201d es la tercera entrega de la trilog\u00eda \u201cEl linaje de Lan\u00eds\u201d, que tiene como hilo conductor el amor incondicional como base y sost\u00e9n del crecimiento y la evoluci\u00f3n. Luego de \u201cLan\u00eds, la hechicera Peque\u00f1a Roca\u201d y \u201cEnedina, la hechicera Alma Vida\u201d, la autora trae el cierre de la saga fant\u00e1stica con un mundo al borde de la devastaci\u00f3n, cuya \u00fanica esperanza es la fuerza de la luz.<br><br>LA ESCRITORA<br><br>Graciela Kovacic naci\u00f3 en 1957 en Buenos Aires, Argentina. Desarroll\u00f3 su carrera profesional en el \u00e1mbito de las Ciencias Exactas. A su retiro, comenz\u00f3 a participar en talleres literarios y en cl\u00ednicas de correcci\u00f3n de textos narrativos. Public\u00f3 los libros Entre almas (Editorial Autores de Argentina, 2020); Siempre (Editorial Autores de Argentina, 2021), Lan\u00eds, la hechicera Peque\u00f1a Roca (Editorial Autores de Argentina, 2021); Enedina, la hechicera Alma Vida (Editorial Autores de Argentina, 2022); Meraki (Editorial Autores de Argentina, 2022) y Lo Singular en lo Plural (Editorial Remitente Patagonia, 2023).<\/p>\n","protected":false},"excerpt":{"rendered":"<p>Con entrada libre y gratuita, ser\u00e1 este viernes 23 de junio a las 20 en la Casa de la Cultura La Subsecretar\u00eda de Cultura de la Municipalidad de Puerto Madryn&hellip; <\/p>\n","protected":false},"author":2,"featured_media":3755,"comment_status":"closed","ping_status":"closed","sticky":false,"template":"","format":"standard","meta":{"footnotes":""},"categories":[15],"tags":[],"class_list":["post-3756","post","type-post","status-publish","format-standard","has-post-thumbnail","hentry","category-locales"],"yoast_head":"<!-- This site is optimized with the Yoast SEO plugin v27.5 - https:\/\/yoast.com\/product\/yoast-seo-wordpress\/ -->\n<title>PRESENTAR\u00c1N EL LIBRO \u201cTALISM\u00c1N\u201d DE GRACIELA KOVACIC - FM Patagonia Madryn<\/title>\n<meta name=\"robots\" content=\"index, follow, max-snippet:-1, max-image-preview:large, max-video-preview:-1\" \/>\n<link rel=\"canonical\" href=\"https:\/\/fmpatagoniamadryn.com.ar\/?p=3756\" \/>\n<meta property=\"og:locale\" content=\"es_ES\" \/>\n<meta property=\"og:type\" content=\"article\" \/>\n<meta property=\"og:title\" content=\"PRESENTAR\u00c1N EL LIBRO \u201cTALISM\u00c1N\u201d DE GRACIELA KOVACIC - FM Patagonia Madryn\" \/>\n<meta property=\"og:description\" content=\"Con entrada libre y gratuita, ser\u00e1 este viernes 23 de junio a las 20 en la Casa de la Cultura La Subsecretar\u00eda de Cultura de la Municipalidad de Puerto Madryn&hellip;\" \/>\n<meta property=\"og:url\" content=\"https:\/\/fmpatagoniamadryn.com.ar\/?p=3756\" \/>\n<meta property=\"og:site_name\" content=\"FM Patagonia Madryn\" \/>\n<meta property=\"article:published_time\" content=\"2023-06-21T22:03:28+00:00\" \/>\n<meta property=\"article:modified_time\" content=\"2023-06-21T22:03:55+00:00\" \/>\n<meta property=\"og:image\" content=\"https:\/\/fmpatagoniamadryn.com.ar\/wp-content\/uploads\/2023\/06\/WhatsApp-Image-2023-06-21-at-18.40.04.jpeg\" \/>\n\t<meta property=\"og:image:width\" content=\"1080\" \/>\n\t<meta property=\"og:image:height\" content=\"722\" \/>\n\t<meta property=\"og:image:type\" content=\"image\/jpeg\" \/>\n<meta name=\"author\" content=\"FM Patagonia\" \/>\n<meta name=\"twitter:card\" content=\"summary_large_image\" \/>\n<meta name=\"twitter:label1\" content=\"Escrito por\" \/>\n\t<meta name=\"twitter:data1\" content=\"FM Patagonia\" \/>\n\t<meta name=\"twitter:label2\" content=\"Tiempo de lectura\" \/>\n\t<meta name=\"twitter:data2\" content=\"1 minuto\" \/>\n<script type=\"application\/ld+json\" class=\"yoast-schema-graph\">{\"@context\":\"https:\\\/\\\/schema.org\",\"@graph\":[{\"@type\":\"Article\",\"@id\":\"https:\\\/\\\/fmpatagoniamadryn.com.ar\\\/?p=3756#article\",\"isPartOf\":{\"@id\":\"https:\\\/\\\/fmpatagoniamadryn.com.ar\\\/?p=3756\"},\"author\":{\"name\":\"FM Patagonia\",\"@id\":\"https:\\\/\\\/fmpatagoniamadryn.com.ar\\\/#\\\/schema\\\/person\\\/8a3de4ad7efceacab06c1641c50303b7\"},\"headline\":\"PRESENTAR\u00c1N EL LIBRO \u201cTALISM\u00c1N\u201d DE GRACIELA KOVACIC\",\"datePublished\":\"2023-06-21T22:03:28+00:00\",\"dateModified\":\"2023-06-21T22:03:55+00:00\",\"mainEntityOfPage\":{\"@id\":\"https:\\\/\\\/fmpatagoniamadryn.com.ar\\\/?p=3756\"},\"wordCount\":235,\"publisher\":{\"@id\":\"https:\\\/\\\/fmpatagoniamadryn.com.ar\\\/#organization\"},\"image\":{\"@id\":\"https:\\\/\\\/fmpatagoniamadryn.com.ar\\\/?p=3756#primaryimage\"},\"thumbnailUrl\":\"https:\\\/\\\/fmpatagoniamadryn.com.ar\\\/wp-content\\\/uploads\\\/2023\\\/06\\\/WhatsApp-Image-2023-06-21-at-18.40.04.jpeg\",\"articleSection\":[\"Locales\"],\"inLanguage\":\"es\"},{\"@type\":\"WebPage\",\"@id\":\"https:\\\/\\\/fmpatagoniamadryn.com.ar\\\/?p=3756\",\"url\":\"https:\\\/\\\/fmpatagoniamadryn.com.ar\\\/?p=3756\",\"name\":\"PRESENTAR\u00c1N EL LIBRO \u201cTALISM\u00c1N\u201d DE GRACIELA KOVACIC - FM Patagonia Madryn\",\"isPartOf\":{\"@id\":\"https:\\\/\\\/fmpatagoniamadryn.com.ar\\\/#website\"},\"primaryImageOfPage\":{\"@id\":\"https:\\\/\\\/fmpatagoniamadryn.com.ar\\\/?p=3756#primaryimage\"},\"image\":{\"@id\":\"https:\\\/\\\/fmpatagoniamadryn.com.ar\\\/?p=3756#primaryimage\"},\"thumbnailUrl\":\"https:\\\/\\\/fmpatagoniamadryn.com.ar\\\/wp-content\\\/uploads\\\/2023\\\/06\\\/WhatsApp-Image-2023-06-21-at-18.40.04.jpeg\",\"datePublished\":\"2023-06-21T22:03:28+00:00\",\"dateModified\":\"2023-06-21T22:03:55+00:00\",\"breadcrumb\":{\"@id\":\"https:\\\/\\\/fmpatagoniamadryn.com.ar\\\/?p=3756#breadcrumb\"},\"inLanguage\":\"es\",\"potentialAction\":[{\"@type\":\"ReadAction\",\"target\":[\"https:\\\/\\\/fmpatagoniamadryn.com.ar\\\/?p=3756\"]}]},{\"@type\":\"ImageObject\",\"inLanguage\":\"es\",\"@id\":\"https:\\\/\\\/fmpatagoniamadryn.com.ar\\\/?p=3756#primaryimage\",\"url\":\"https:\\\/\\\/fmpatagoniamadryn.com.ar\\\/wp-content\\\/uploads\\\/2023\\\/06\\\/WhatsApp-Image-2023-06-21-at-18.40.04.jpeg\",\"contentUrl\":\"https:\\\/\\\/fmpatagoniamadryn.com.ar\\\/wp-content\\\/uploads\\\/2023\\\/06\\\/WhatsApp-Image-2023-06-21-at-18.40.04.jpeg\",\"width\":1080,\"height\":722},{\"@type\":\"BreadcrumbList\",\"@id\":\"https:\\\/\\\/fmpatagoniamadryn.com.ar\\\/?p=3756#breadcrumb\",\"itemListElement\":[{\"@type\":\"ListItem\",\"position\":1,\"name\":\"Portada\",\"item\":\"https:\\\/\\\/fmpatagoniamadryn.com.ar\\\/\"},{\"@type\":\"ListItem\",\"position\":2,\"name\":\"PRESENTAR\u00c1N EL LIBRO \u201cTALISM\u00c1N\u201d DE GRACIELA KOVACIC\"}]},{\"@type\":\"WebSite\",\"@id\":\"https:\\\/\\\/fmpatagoniamadryn.com.ar\\\/#website\",\"url\":\"https:\\\/\\\/fmpatagoniamadryn.com.ar\\\/\",\"name\":\"FM Patagonia Madryn\",\"description\":\"Radio Patagonia 105.5\",\"publisher\":{\"@id\":\"https:\\\/\\\/fmpatagoniamadryn.com.ar\\\/#organization\"},\"potentialAction\":[{\"@type\":\"SearchAction\",\"target\":{\"@type\":\"EntryPoint\",\"urlTemplate\":\"https:\\\/\\\/fmpatagoniamadryn.com.ar\\\/?s={search_term_string}\"},\"query-input\":{\"@type\":\"PropertyValueSpecification\",\"valueRequired\":true,\"valueName\":\"search_term_string\"}}],\"inLanguage\":\"es\"},{\"@type\":\"Organization\",\"@id\":\"https:\\\/\\\/fmpatagoniamadryn.com.ar\\\/#organization\",\"name\":\"FM Patagonia Madryn\",\"url\":\"https:\\\/\\\/fmpatagoniamadryn.com.ar\\\/\",\"logo\":{\"@type\":\"ImageObject\",\"inLanguage\":\"es\",\"@id\":\"https:\\\/\\\/fmpatagoniamadryn.com.ar\\\/#\\\/schema\\\/logo\\\/image\\\/\",\"url\":\"https:\\\/\\\/fmpatagoniamadryn.com.ar\\\/wp-content\\\/uploads\\\/2023\\\/01\\\/cropped-Diseno-sin-titulo.png\",\"contentUrl\":\"https:\\\/\\\/fmpatagoniamadryn.com.ar\\\/wp-content\\\/uploads\\\/2023\\\/01\\\/cropped-Diseno-sin-titulo.png\",\"width\":6911,\"height\":2657,\"caption\":\"FM Patagonia Madryn\"},\"image\":{\"@id\":\"https:\\\/\\\/fmpatagoniamadryn.com.ar\\\/#\\\/schema\\\/logo\\\/image\\\/\"}},{\"@type\":\"Person\",\"@id\":\"https:\\\/\\\/fmpatagoniamadryn.com.ar\\\/#\\\/schema\\\/person\\\/8a3de4ad7efceacab06c1641c50303b7\",\"name\":\"FM Patagonia\",\"url\":\"https:\\\/\\\/fmpatagoniamadryn.com.ar\\\/?author=2\"}]}<\/script>\n<!-- \/ Yoast SEO plugin. -->","yoast_head_json":{"title":"PRESENTAR\u00c1N EL LIBRO \u201cTALISM\u00c1N\u201d DE GRACIELA KOVACIC - FM Patagonia Madryn","robots":{"index":"index","follow":"follow","max-snippet":"max-snippet:-1","max-image-preview":"max-image-preview:large","max-video-preview":"max-video-preview:-1"},"canonical":"https:\/\/fmpatagoniamadryn.com.ar\/?p=3756","og_locale":"es_ES","og_type":"article","og_title":"PRESENTAR\u00c1N EL LIBRO \u201cTALISM\u00c1N\u201d DE GRACIELA KOVACIC - FM Patagonia Madryn","og_description":"Con entrada libre y gratuita, ser\u00e1 este viernes 23 de junio a las 20 en la Casa de la Cultura La Subsecretar\u00eda de Cultura de la Municipalidad de Puerto Madryn&hellip;","og_url":"https:\/\/fmpatagoniamadryn.com.ar\/?p=3756","og_site_name":"FM Patagonia Madryn","article_published_time":"2023-06-21T22:03:28+00:00","article_modified_time":"2023-06-21T22:03:55+00:00","og_image":[{"width":1080,"height":722,"url":"https:\/\/fmpatagoniamadryn.com.ar\/wp-content\/uploads\/2023\/06\/WhatsApp-Image-2023-06-21-at-18.40.04.jpeg","type":"image\/jpeg"}],"author":"FM Patagonia","twitter_card":"summary_large_image","twitter_misc":{"Escrito por":"FM Patagonia","Tiempo de lectura":"1 minuto"},"schema":{"@context":"https:\/\/schema.org","@graph":[{"@type":"Article","@id":"https:\/\/fmpatagoniamadryn.com.ar\/?p=3756#article","isPartOf":{"@id":"https:\/\/fmpatagoniamadryn.com.ar\/?p=3756"},"author":{"name":"FM Patagonia","@id":"https:\/\/fmpatagoniamadryn.com.ar\/#\/schema\/person\/8a3de4ad7efceacab06c1641c50303b7"},"headline":"PRESENTAR\u00c1N EL LIBRO \u201cTALISM\u00c1N\u201d DE GRACIELA KOVACIC","datePublished":"2023-06-21T22:03:28+00:00","dateModified":"2023-06-21T22:03:55+00:00","mainEntityOfPage":{"@id":"https:\/\/fmpatagoniamadryn.com.ar\/?p=3756"},"wordCount":235,"publisher":{"@id":"https:\/\/fmpatagoniamadryn.com.ar\/#organization"},"image":{"@id":"https:\/\/fmpatagoniamadryn.com.ar\/?p=3756#primaryimage"},"thumbnailUrl":"https:\/\/fmpatagoniamadryn.com.ar\/wp-content\/uploads\/2023\/06\/WhatsApp-Image-2023-06-21-at-18.40.04.jpeg","articleSection":["Locales"],"inLanguage":"es"},{"@type":"WebPage","@id":"https:\/\/fmpatagoniamadryn.com.ar\/?p=3756","url":"https:\/\/fmpatagoniamadryn.com.ar\/?p=3756","name":"PRESENTAR\u00c1N EL LIBRO \u201cTALISM\u00c1N\u201d DE GRACIELA KOVACIC - FM Patagonia Madryn","isPartOf":{"@id":"https:\/\/fmpatagoniamadryn.com.ar\/#website"},"primaryImageOfPage":{"@id":"https:\/\/fmpatagoniamadryn.com.ar\/?p=3756#primaryimage"},"image":{"@id":"https:\/\/fmpatagoniamadryn.com.ar\/?p=3756#primaryimage"},"thumbnailUrl":"https:\/\/fmpatagoniamadryn.com.ar\/wp-content\/uploads\/2023\/06\/WhatsApp-Image-2023-06-21-at-18.40.04.jpeg","datePublished":"2023-06-21T22:03:28+00:00","dateModified":"2023-06-21T22:03:55+00:00","breadcrumb":{"@id":"https:\/\/fmpatagoniamadryn.com.ar\/?p=3756#breadcrumb"},"inLanguage":"es","potentialAction":[{"@type":"ReadAction","target":["https:\/\/fmpatagoniamadryn.com.ar\/?p=3756"]}]},{"@type":"ImageObject","inLanguage":"es","@id":"https:\/\/fmpatagoniamadryn.com.ar\/?p=3756#primaryimage","url":"https:\/\/fmpatagoniamadryn.com.ar\/wp-content\/uploads\/2023\/06\/WhatsApp-Image-2023-06-21-at-18.40.04.jpeg","contentUrl":"https:\/\/fmpatagoniamadryn.com.ar\/wp-content\/uploads\/2023\/06\/WhatsApp-Image-2023-06-21-at-18.40.04.jpeg","width":1080,"height":722},{"@type":"BreadcrumbList","@id":"https:\/\/fmpatagoniamadryn.com.ar\/?p=3756#breadcrumb","itemListElement":[{"@type":"ListItem","position":1,"name":"Portada","item":"https:\/\/fmpatagoniamadryn.com.ar\/"},{"@type":"ListItem","position":2,"name":"PRESENTAR\u00c1N EL LIBRO \u201cTALISM\u00c1N\u201d DE GRACIELA KOVACIC"}]},{"@type":"WebSite","@id":"https:\/\/fmpatagoniamadryn.com.ar\/#website","url":"https:\/\/fmpatagoniamadryn.com.ar\/","name":"FM Patagonia Madryn","description":"Radio Patagonia 105.5","publisher":{"@id":"https:\/\/fmpatagoniamadryn.com.ar\/#organization"},"potentialAction":[{"@type":"SearchAction","target":{"@type":"EntryPoint","urlTemplate":"https:\/\/fmpatagoniamadryn.com.ar\/?s={search_term_string}"},"query-input":{"@type":"PropertyValueSpecification","valueRequired":true,"valueName":"search_term_string"}}],"inLanguage":"es"},{"@type":"Organization","@id":"https:\/\/fmpatagoniamadryn.com.ar\/#organization","name":"FM Patagonia Madryn","url":"https:\/\/fmpatagoniamadryn.com.ar\/","logo":{"@type":"ImageObject","inLanguage":"es","@id":"https:\/\/fmpatagoniamadryn.com.ar\/#\/schema\/logo\/image\/","url":"https:\/\/fmpatagoniamadryn.com.ar\/wp-content\/uploads\/2023\/01\/cropped-Diseno-sin-titulo.png","contentUrl":"https:\/\/fmpatagoniamadryn.com.ar\/wp-content\/uploads\/2023\/01\/cropped-Diseno-sin-titulo.png","width":6911,"height":2657,"caption":"FM Patagonia Madryn"},"image":{"@id":"https:\/\/fmpatagoniamadryn.com.ar\/#\/schema\/logo\/image\/"}},{"@type":"Person","@id":"https:\/\/fmpatagoniamadryn.com.ar\/#\/schema\/person\/8a3de4ad7efceacab06c1641c50303b7","name":"FM Patagonia","url":"https:\/\/fmpatagoniamadryn.com.ar\/?author=2"}]}},"jetpack_featured_media_url":"https:\/\/fmpatagoniamadryn.com.ar\/wp-content\/uploads\/2023\/06\/WhatsApp-Image-2023-06-21-at-18.40.04.jpeg","_links":{"self":[{"href":"https:\/\/fmpatagoniamadryn.com.ar\/index.php?rest_route=\/wp\/v2\/posts\/3756","targetHints":{"allow":["GET"]}}],"collection":[{"href":"https:\/\/fmpatagoniamadryn.com.ar\/index.php?rest_route=\/wp\/v2\/posts"}],"about":[{"href":"https:\/\/fmpatagoniamadryn.com.ar\/index.php?rest_route=\/wp\/v2\/types\/post"}],"author":[{"embeddable":true,"href":"https:\/\/fmpatagoniamadryn.com.ar\/index.php?rest_route=\/wp\/v2\/users\/2"}],"replies":[{"embeddable":true,"href":"https:\/\/fmpatagoniamadryn.com.ar\/index.php?rest_route=%2Fwp%2Fv2%2Fcomments&post=3756"}],"version-history":[{"count":1,"href":"https:\/\/fmpatagoniamadryn.com.ar\/index.php?rest_route=\/wp\/v2\/posts\/3756\/revisions"}],"predecessor-version":[{"id":3757,"href":"https:\/\/fmpatagoniamadryn.com.ar\/index.php?rest_route=\/wp\/v2\/posts\/3756\/revisions\/3757"}],"wp:featuredmedia":[{"embeddable":true,"href":"https:\/\/fmpatagoniamadryn.com.ar\/index.php?rest_route=\/wp\/v2\/media\/3755"}],"wp:attachment":[{"href":"https:\/\/fmpatagoniamadryn.com.ar\/index.php?rest_route=%2Fwp%2Fv2%2Fmedia&parent=3756"}],"wp:term":[{"taxonomy":"category","embeddable":true,"href":"https:\/\/fmpatagoniamadryn.com.ar\/index.php?rest_route=%2Fwp%2Fv2%2Fcategories&post=3756"},{"taxonomy":"post_tag","embeddable":true,"href":"https:\/\/fmpatagoniamadryn.com.ar\/index.php?rest_route=%2Fwp%2Fv2%2Ftags&post=3756"}],"curies":[{"name":"wp","href":"https:\/\/api.w.org\/{rel}","templated":true}]}}