{"id":3798,"date":"2023-06-22T13:13:18","date_gmt":"2023-06-22T16:13:18","guid":{"rendered":"https:\/\/fmpatagoniamadryn.com.ar\/?p=3798"},"modified":"2023-06-22T13:19:21","modified_gmt":"2023-06-22T16:19:21","slug":"convocan-a-emprendedores-chubutenses-a-participar-de-importante-concurso-nacional","status":"publish","type":"post","link":"https:\/\/fmpatagoniamadryn.com.ar\/?p=3798","title":{"rendered":"Convocan a emprendedores chubutenses a participar de importante concurso nacional"},"content":{"rendered":"\n<p>El proyecto seleccionado representar\u00e1 a la Provincia en el concurso \u201cEmprendimiento Argentino 2023\u201d. Las postulaciones se recibir\u00e1n hasta el 6 de julio.<br><br>El Gobierno del Chubut inform\u00f3 que se encuentra abierta la convocatoria para participar del concurso \u201cEmprendimiento Argentino 2023\u201d, certamen que reconoce la capacidad de las iniciativas en los emprendimientos que agreguen valor e impacto positivo en las comunidades de todo el pa\u00eds.<br><br>Esta iniciativa se da en el marco del evento anual \u201cD\u00eda del Emprendimiento\u201d, y es impulsada por la Subsecretar\u00eda de Desarrollo Emprendedor -dependiente de la Secretar\u00eda de Industria y Desarrollo Productivo del Ministerio de Econom\u00eda de la Naci\u00f3n- con el objetivo apoyar iniciativas locales incentivando la visibilizaci\u00f3n de dichos emprendimientos.<br><br>Categor\u00edas<br><br>Reconociendo la importancia del concurso,  el Ministerio de Agricultura, Ganader\u00eda, Industria y Comercio del Chubut  invita a que se presenten aquellos emprendimientos que califiquen en las siguientes categor\u00edas dispuestas por la organizaci\u00f3n: Industrias Tradicionales con modelos de negocios innovadores, emprendimientos productivos que presenten innovaci\u00f3n en t\u00e9rminos de producto, canales de distribuci\u00f3n, modelos de ingresos, m\u00e9todos de producci\u00f3n u otros aspectos del modelo de negocios; Transformaci\u00f3n Digital, proyectos enfocados en desarrollar y presentar soluciones innovadoras de transformaci\u00f3n digital utilizando tecnolog\u00edas 4.0; y Emprendimientos que Impulsan la Identidad y el Desarrollo Local, que rescatan y promueven la identidad cultural, hist\u00f3rica y productiva de la provincia.<br><br>El plazo estipulado para la postulaci\u00f3n de los emprendimientos ser\u00e1 hasta el 6 de julio del 2023.<br><br>Proceso de selecci\u00f3n<br><br>Cabe resaltar que se seleccionar\u00e1n hasta un m\u00e1ximo de 5 (cinco) proyectos provinciales, que ser\u00e1n elevados a la Subsecretar\u00eda de Desarrollo Emprendedor de la Naci\u00f3n en donde se realizar\u00e1 una evaluaci\u00f3n interna de acuerdo a sus ejes estrat\u00e9gicos y seleccionar\u00e1 un emprendimiento por cada provincia que participar\u00e1 en el mes de agosto de la instancia semifinal que se llevar\u00e1 a cabo en la Ciudad Aut\u00f3noma de Buenos Aires.<br><br>Posteriormente, un jurado de expertos en tem\u00e1ticas de desarrollo de negocios seleccionar\u00e1 los 6 proyectos que pasan a la final nacional, la cual se desarrollar\u00e1 el d\u00eda 2 de agosto en el marco del evento D\u00eda del Emprendimiento Argentino. A su vez, se prev\u00e9 que durante el evento el p\u00fablico que asista pueda elegir al s\u00e9ptimo finalista mediante una din\u00e1mica que se presentar\u00e1 cuando d\u00e9 comienzo la actividad.<br><br>Premios y reconocimientos<br><br>Todos los emprendimientos participantes de la final nacional recibir\u00e1n un reconocimiento por participar en el Concurso \u201cEmprendimiento Argentino 2023\u201d como ganadores de sus provincias, adem\u00e1s de la visibilizaci\u00f3n de sus emprendimientos en los medios de alcance nacional.<br><br>Los ganadores de cada categor\u00eda acceder\u00e1n al desarrollo y difusi\u00f3n de un video sobre el emprendimiento y su historia; y tambi\u00e9n a una mentor\u00eda personalizada con un referente de la categor\u00eda ganadora.<br><br>Habr\u00e1 un emprendimiento ganador del Concurso \u00abEmprendimiento Argentino 2023\u00bb, que obtendr\u00e1 una agenda de reuniones en la ciudad de destino con distintas instituciones relacionadas al sector al que pertenezca el emprendimiento ganador.<br><br>Quienes deseen mayor informaci\u00f3n o detalles sobre las bases y condiciones deber\u00e1n requerirlas a trav\u00e9s del email herramientasfinancieraschubut@gmail.com, o telef\u00f3nicamente al 0280 \u2013 4482604, interno 326. <\/p>\n","protected":false},"excerpt":{"rendered":"<p>El proyecto seleccionado representar\u00e1 a la Provincia en el concurso \u201cEmprendimiento Argentino 2023\u201d. Las postulaciones se recibir\u00e1n hasta el 6 de julio. El Gobierno del Chubut inform\u00f3 que se encuentra&hellip; <\/p>\n","protected":false},"author":3,"featured_media":3797,"comment_status":"closed","ping_status":"closed","sticky":false,"template":"","format":"standard","meta":{"footnotes":""},"categories":[14],"tags":[],"class_list":["post-3798","post","type-post","status-publish","format-standard","has-post-thumbnail","hentry","category-provinciales"],"yoast_head":"<!-- This site is optimized with the Yoast SEO plugin v27.4 - https:\/\/yoast.com\/product\/yoast-seo-wordpress\/ -->\n<title>Convocan a emprendedores chubutenses a participar de importante concurso nacional - FM Patagonia Madryn<\/title>\n<meta name=\"robots\" content=\"index, follow, max-snippet:-1, max-image-preview:large, max-video-preview:-1\" \/>\n<link rel=\"canonical\" href=\"https:\/\/fmpatagoniamadryn.com.ar\/?p=3798\" \/>\n<meta property=\"og:locale\" content=\"es_ES\" \/>\n<meta property=\"og:type\" content=\"article\" \/>\n<meta property=\"og:title\" content=\"Convocan a emprendedores chubutenses a participar de importante concurso nacional - FM Patagonia Madryn\" \/>\n<meta property=\"og:description\" content=\"El proyecto seleccionado representar\u00e1 a la Provincia en el concurso \u201cEmprendimiento Argentino 2023\u201d. Las postulaciones se recibir\u00e1n hasta el 6 de julio. El Gobierno del Chubut inform\u00f3 que se encuentra&hellip;\" \/>\n<meta property=\"og:url\" content=\"https:\/\/fmpatagoniamadryn.com.ar\/?p=3798\" \/>\n<meta property=\"og:site_name\" content=\"FM Patagonia Madryn\" \/>\n<meta property=\"article:published_time\" content=\"2023-06-22T16:13:18+00:00\" \/>\n<meta property=\"article:modified_time\" content=\"2023-06-22T16:19:21+00:00\" \/>\n<meta property=\"og:image\" content=\"https:\/\/fmpatagoniamadryn.com.ar\/wp-content\/uploads\/2023\/06\/Convocatoria-emprendedores-scaled.jpg\" \/>\n\t<meta property=\"og:image:width\" content=\"2560\" \/>\n\t<meta property=\"og:image:height\" content=\"2560\" \/>\n\t<meta property=\"og:image:type\" content=\"image\/jpeg\" \/>\n<meta name=\"author\" content=\"FM Patagonia\" \/>\n<meta name=\"twitter:card\" content=\"summary_large_image\" \/>\n<meta name=\"twitter:label1\" content=\"Escrito por\" \/>\n\t<meta name=\"twitter:data1\" content=\"FM Patagonia\" \/>\n\t<meta name=\"twitter:label2\" content=\"Tiempo de lectura\" \/>\n\t<meta name=\"twitter:data2\" content=\"3 minutos\" \/>\n<script type=\"application\/ld+json\" class=\"yoast-schema-graph\">{\"@context\":\"https:\\\/\\\/schema.org\",\"@graph\":[{\"@type\":\"Article\",\"@id\":\"https:\\\/\\\/fmpatagoniamadryn.com.ar\\\/?p=3798#article\",\"isPartOf\":{\"@id\":\"https:\\\/\\\/fmpatagoniamadryn.com.ar\\\/?p=3798\"},\"author\":{\"name\":\"FM Patagonia\",\"@id\":\"https:\\\/\\\/fmpatagoniamadryn.com.ar\\\/#\\\/schema\\\/person\\\/1d968ec613613768e14b4e6420a2b125\"},\"headline\":\"Convocan a emprendedores chubutenses a participar de importante concurso nacional\",\"datePublished\":\"2023-06-22T16:13:18+00:00\",\"dateModified\":\"2023-06-22T16:19:21+00:00\",\"mainEntityOfPage\":{\"@id\":\"https:\\\/\\\/fmpatagoniamadryn.com.ar\\\/?p=3798\"},\"wordCount\":551,\"publisher\":{\"@id\":\"https:\\\/\\\/fmpatagoniamadryn.com.ar\\\/#organization\"},\"image\":{\"@id\":\"https:\\\/\\\/fmpatagoniamadryn.com.ar\\\/?p=3798#primaryimage\"},\"thumbnailUrl\":\"https:\\\/\\\/fmpatagoniamadryn.com.ar\\\/wp-content\\\/uploads\\\/2023\\\/06\\\/Convocatoria-emprendedores-scaled.jpg\",\"articleSection\":[\"Provinciales\"],\"inLanguage\":\"es\"},{\"@type\":\"WebPage\",\"@id\":\"https:\\\/\\\/fmpatagoniamadryn.com.ar\\\/?p=3798\",\"url\":\"https:\\\/\\\/fmpatagoniamadryn.com.ar\\\/?p=3798\",\"name\":\"Convocan a emprendedores chubutenses a participar de importante concurso nacional - FM Patagonia Madryn\",\"isPartOf\":{\"@id\":\"https:\\\/\\\/fmpatagoniamadryn.com.ar\\\/#website\"},\"primaryImageOfPage\":{\"@id\":\"https:\\\/\\\/fmpatagoniamadryn.com.ar\\\/?p=3798#primaryimage\"},\"image\":{\"@id\":\"https:\\\/\\\/fmpatagoniamadryn.com.ar\\\/?p=3798#primaryimage\"},\"thumbnailUrl\":\"https:\\\/\\\/fmpatagoniamadryn.com.ar\\\/wp-content\\\/uploads\\\/2023\\\/06\\\/Convocatoria-emprendedores-scaled.jpg\",\"datePublished\":\"2023-06-22T16:13:18+00:00\",\"dateModified\":\"2023-06-22T16:19:21+00:00\",\"breadcrumb\":{\"@id\":\"https:\\\/\\\/fmpatagoniamadryn.com.ar\\\/?p=3798#breadcrumb\"},\"inLanguage\":\"es\",\"potentialAction\":[{\"@type\":\"ReadAction\",\"target\":[\"https:\\\/\\\/fmpatagoniamadryn.com.ar\\\/?p=3798\"]}]},{\"@type\":\"ImageObject\",\"inLanguage\":\"es\",\"@id\":\"https:\\\/\\\/fmpatagoniamadryn.com.ar\\\/?p=3798#primaryimage\",\"url\":\"https:\\\/\\\/fmpatagoniamadryn.com.ar\\\/wp-content\\\/uploads\\\/2023\\\/06\\\/Convocatoria-emprendedores-scaled.jpg\",\"contentUrl\":\"https:\\\/\\\/fmpatagoniamadryn.com.ar\\\/wp-content\\\/uploads\\\/2023\\\/06\\\/Convocatoria-emprendedores-scaled.jpg\",\"width\":2560,\"height\":2560},{\"@type\":\"BreadcrumbList\",\"@id\":\"https:\\\/\\\/fmpatagoniamadryn.com.ar\\\/?p=3798#breadcrumb\",\"itemListElement\":[{\"@type\":\"ListItem\",\"position\":1,\"name\":\"Portada\",\"item\":\"https:\\\/\\\/fmpatagoniamadryn.com.ar\\\/\"},{\"@type\":\"ListItem\",\"position\":2,\"name\":\"Convocan a emprendedores chubutenses a participar de importante concurso nacional\"}]},{\"@type\":\"WebSite\",\"@id\":\"https:\\\/\\\/fmpatagoniamadryn.com.ar\\\/#website\",\"url\":\"https:\\\/\\\/fmpatagoniamadryn.com.ar\\\/\",\"name\":\"FM Patagonia Madryn\",\"description\":\"Radio Patagonia 105.5\",\"publisher\":{\"@id\":\"https:\\\/\\\/fmpatagoniamadryn.com.ar\\\/#organization\"},\"potentialAction\":[{\"@type\":\"SearchAction\",\"target\":{\"@type\":\"EntryPoint\",\"urlTemplate\":\"https:\\\/\\\/fmpatagoniamadryn.com.ar\\\/?s={search_term_string}\"},\"query-input\":{\"@type\":\"PropertyValueSpecification\",\"valueRequired\":true,\"valueName\":\"search_term_string\"}}],\"inLanguage\":\"es\"},{\"@type\":\"Organization\",\"@id\":\"https:\\\/\\\/fmpatagoniamadryn.com.ar\\\/#organization\",\"name\":\"FM Patagonia Madryn\",\"url\":\"https:\\\/\\\/fmpatagoniamadryn.com.ar\\\/\",\"logo\":{\"@type\":\"ImageObject\",\"inLanguage\":\"es\",\"@id\":\"https:\\\/\\\/fmpatagoniamadryn.com.ar\\\/#\\\/schema\\\/logo\\\/image\\\/\",\"url\":\"https:\\\/\\\/fmpatagoniamadryn.com.ar\\\/wp-content\\\/uploads\\\/2023\\\/01\\\/cropped-Diseno-sin-titulo.png\",\"contentUrl\":\"https:\\\/\\\/fmpatagoniamadryn.com.ar\\\/wp-content\\\/uploads\\\/2023\\\/01\\\/cropped-Diseno-sin-titulo.png\",\"width\":6911,\"height\":2657,\"caption\":\"FM Patagonia Madryn\"},\"image\":{\"@id\":\"https:\\\/\\\/fmpatagoniamadryn.com.ar\\\/#\\\/schema\\\/logo\\\/image\\\/\"}},{\"@type\":\"Person\",\"@id\":\"https:\\\/\\\/fmpatagoniamadryn.com.ar\\\/#\\\/schema\\\/person\\\/1d968ec613613768e14b4e6420a2b125\",\"name\":\"FM Patagonia\",\"url\":\"https:\\\/\\\/fmpatagoniamadryn.com.ar\\\/?author=3\"}]}<\/script>\n<!-- \/ Yoast SEO plugin. -->","yoast_head_json":{"title":"Convocan a emprendedores chubutenses a participar de importante concurso nacional - FM Patagonia Madryn","robots":{"index":"index","follow":"follow","max-snippet":"max-snippet:-1","max-image-preview":"max-image-preview:large","max-video-preview":"max-video-preview:-1"},"canonical":"https:\/\/fmpatagoniamadryn.com.ar\/?p=3798","og_locale":"es_ES","og_type":"article","og_title":"Convocan a emprendedores chubutenses a participar de importante concurso nacional - FM Patagonia Madryn","og_description":"El proyecto seleccionado representar\u00e1 a la Provincia en el concurso \u201cEmprendimiento Argentino 2023\u201d. Las postulaciones se recibir\u00e1n hasta el 6 de julio. El Gobierno del Chubut inform\u00f3 que se encuentra&hellip;","og_url":"https:\/\/fmpatagoniamadryn.com.ar\/?p=3798","og_site_name":"FM Patagonia Madryn","article_published_time":"2023-06-22T16:13:18+00:00","article_modified_time":"2023-06-22T16:19:21+00:00","og_image":[{"width":2560,"height":2560,"url":"https:\/\/fmpatagoniamadryn.com.ar\/wp-content\/uploads\/2023\/06\/Convocatoria-emprendedores-scaled.jpg","type":"image\/jpeg"}],"author":"FM Patagonia","twitter_card":"summary_large_image","twitter_misc":{"Escrito por":"FM Patagonia","Tiempo de lectura":"3 minutos"},"schema":{"@context":"https:\/\/schema.org","@graph":[{"@type":"Article","@id":"https:\/\/fmpatagoniamadryn.com.ar\/?p=3798#article","isPartOf":{"@id":"https:\/\/fmpatagoniamadryn.com.ar\/?p=3798"},"author":{"name":"FM Patagonia","@id":"https:\/\/fmpatagoniamadryn.com.ar\/#\/schema\/person\/1d968ec613613768e14b4e6420a2b125"},"headline":"Convocan a emprendedores chubutenses a participar de importante concurso nacional","datePublished":"2023-06-22T16:13:18+00:00","dateModified":"2023-06-22T16:19:21+00:00","mainEntityOfPage":{"@id":"https:\/\/fmpatagoniamadryn.com.ar\/?p=3798"},"wordCount":551,"publisher":{"@id":"https:\/\/fmpatagoniamadryn.com.ar\/#organization"},"image":{"@id":"https:\/\/fmpatagoniamadryn.com.ar\/?p=3798#primaryimage"},"thumbnailUrl":"https:\/\/fmpatagoniamadryn.com.ar\/wp-content\/uploads\/2023\/06\/Convocatoria-emprendedores-scaled.jpg","articleSection":["Provinciales"],"inLanguage":"es"},{"@type":"WebPage","@id":"https:\/\/fmpatagoniamadryn.com.ar\/?p=3798","url":"https:\/\/fmpatagoniamadryn.com.ar\/?p=3798","name":"Convocan a emprendedores chubutenses a participar de importante concurso nacional - FM Patagonia Madryn","isPartOf":{"@id":"https:\/\/fmpatagoniamadryn.com.ar\/#website"},"primaryImageOfPage":{"@id":"https:\/\/fmpatagoniamadryn.com.ar\/?p=3798#primaryimage"},"image":{"@id":"https:\/\/fmpatagoniamadryn.com.ar\/?p=3798#primaryimage"},"thumbnailUrl":"https:\/\/fmpatagoniamadryn.com.ar\/wp-content\/uploads\/2023\/06\/Convocatoria-emprendedores-scaled.jpg","datePublished":"2023-06-22T16:13:18+00:00","dateModified":"2023-06-22T16:19:21+00:00","breadcrumb":{"@id":"https:\/\/fmpatagoniamadryn.com.ar\/?p=3798#breadcrumb"},"inLanguage":"es","potentialAction":[{"@type":"ReadAction","target":["https:\/\/fmpatagoniamadryn.com.ar\/?p=3798"]}]},{"@type":"ImageObject","inLanguage":"es","@id":"https:\/\/fmpatagoniamadryn.com.ar\/?p=3798#primaryimage","url":"https:\/\/fmpatagoniamadryn.com.ar\/wp-content\/uploads\/2023\/06\/Convocatoria-emprendedores-scaled.jpg","contentUrl":"https:\/\/fmpatagoniamadryn.com.ar\/wp-content\/uploads\/2023\/06\/Convocatoria-emprendedores-scaled.jpg","width":2560,"height":2560},{"@type":"BreadcrumbList","@id":"https:\/\/fmpatagoniamadryn.com.ar\/?p=3798#breadcrumb","itemListElement":[{"@type":"ListItem","position":1,"name":"Portada","item":"https:\/\/fmpatagoniamadryn.com.ar\/"},{"@type":"ListItem","position":2,"name":"Convocan a emprendedores chubutenses a participar de importante concurso nacional"}]},{"@type":"WebSite","@id":"https:\/\/fmpatagoniamadryn.com.ar\/#website","url":"https:\/\/fmpatagoniamadryn.com.ar\/","name":"FM Patagonia Madryn","description":"Radio Patagonia 105.5","publisher":{"@id":"https:\/\/fmpatagoniamadryn.com.ar\/#organization"},"potentialAction":[{"@type":"SearchAction","target":{"@type":"EntryPoint","urlTemplate":"https:\/\/fmpatagoniamadryn.com.ar\/?s={search_term_string}"},"query-input":{"@type":"PropertyValueSpecification","valueRequired":true,"valueName":"search_term_string"}}],"inLanguage":"es"},{"@type":"Organization","@id":"https:\/\/fmpatagoniamadryn.com.ar\/#organization","name":"FM Patagonia Madryn","url":"https:\/\/fmpatagoniamadryn.com.ar\/","logo":{"@type":"ImageObject","inLanguage":"es","@id":"https:\/\/fmpatagoniamadryn.com.ar\/#\/schema\/logo\/image\/","url":"https:\/\/fmpatagoniamadryn.com.ar\/wp-content\/uploads\/2023\/01\/cropped-Diseno-sin-titulo.png","contentUrl":"https:\/\/fmpatagoniamadryn.com.ar\/wp-content\/uploads\/2023\/01\/cropped-Diseno-sin-titulo.png","width":6911,"height":2657,"caption":"FM Patagonia Madryn"},"image":{"@id":"https:\/\/fmpatagoniamadryn.com.ar\/#\/schema\/logo\/image\/"}},{"@type":"Person","@id":"https:\/\/fmpatagoniamadryn.com.ar\/#\/schema\/person\/1d968ec613613768e14b4e6420a2b125","name":"FM Patagonia","url":"https:\/\/fmpatagoniamadryn.com.ar\/?author=3"}]}},"jetpack_featured_media_url":"https:\/\/fmpatagoniamadryn.com.ar\/wp-content\/uploads\/2023\/06\/Convocatoria-emprendedores-scaled.jpg","_links":{"self":[{"href":"https:\/\/fmpatagoniamadryn.com.ar\/index.php?rest_route=\/wp\/v2\/posts\/3798","targetHints":{"allow":["GET"]}}],"collection":[{"href":"https:\/\/fmpatagoniamadryn.com.ar\/index.php?rest_route=\/wp\/v2\/posts"}],"about":[{"href":"https:\/\/fmpatagoniamadryn.com.ar\/index.php?rest_route=\/wp\/v2\/types\/post"}],"author":[{"embeddable":true,"href":"https:\/\/fmpatagoniamadryn.com.ar\/index.php?rest_route=\/wp\/v2\/users\/3"}],"replies":[{"embeddable":true,"href":"https:\/\/fmpatagoniamadryn.com.ar\/index.php?rest_route=%2Fwp%2Fv2%2Fcomments&post=3798"}],"version-history":[{"count":1,"href":"https:\/\/fmpatagoniamadryn.com.ar\/index.php?rest_route=\/wp\/v2\/posts\/3798\/revisions"}],"predecessor-version":[{"id":3799,"href":"https:\/\/fmpatagoniamadryn.com.ar\/index.php?rest_route=\/wp\/v2\/posts\/3798\/revisions\/3799"}],"wp:featuredmedia":[{"embeddable":true,"href":"https:\/\/fmpatagoniamadryn.com.ar\/index.php?rest_route=\/wp\/v2\/media\/3797"}],"wp:attachment":[{"href":"https:\/\/fmpatagoniamadryn.com.ar\/index.php?rest_route=%2Fwp%2Fv2%2Fmedia&parent=3798"}],"wp:term":[{"taxonomy":"category","embeddable":true,"href":"https:\/\/fmpatagoniamadryn.com.ar\/index.php?rest_route=%2Fwp%2Fv2%2Fcategories&post=3798"},{"taxonomy":"post_tag","embeddable":true,"href":"https:\/\/fmpatagoniamadryn.com.ar\/index.php?rest_route=%2Fwp%2Fv2%2Ftags&post=3798"}],"curies":[{"name":"wp","href":"https:\/\/api.w.org\/{rel}","templated":true}]}}