{"id":3850,"date":"2023-06-23T12:56:58","date_gmt":"2023-06-23T15:56:58","guid":{"rendered":"https:\/\/fmpatagoniamadryn.com.ar\/?p=3850"},"modified":"2023-06-23T12:57:09","modified_gmt":"2023-06-23T15:57:09","slug":"invitan-al-primer-seminario-patagonico-intensivo-de-ceremonial-y-comunicacion-institucional-escolar-y-simbolos-patrios","status":"publish","type":"post","link":"https:\/\/fmpatagoniamadryn.com.ar\/?p=3850","title":{"rendered":"INVITAN AL PRIMER SEMINARIO PATAG\u00d3NICO INTENSIVO DE CEREMONIAL Y COMUNICACI\u00d3N INSTITUCIONAL, ESCOLAR Y S\u00cdMBOLOS PATRIOS"},"content":{"rendered":"\n<p>Est\u00e1 destinado a ceremonialistas y empleados que se desempe\u00f1an en \u00e1reas relacionadas<br><br> <br><br> <br><br>La Municipalidad de Puerto Madryn y el Centro Interdisciplinario de Estudios Culturales (CIDEC) invitan a una capacitaci\u00f3n sobre ceremonial y comunicaci\u00f3n institucional, escolar y s\u00edmbolos patrios, brindada por el profesor An\u00edbal Gotelli. La propuesta ser\u00e1 el mi\u00e9rcoles 12 de julio de 9 a 18 horas en el Hotel Rayentray, ubicado en Boulevard Brown 2889.<br><br> <br><br>El seminario intensivo, que es acompa\u00f1ado por la Legislatura Provincial, el Ente Mixto de Promoci\u00f3n Tur\u00edstica y el Concejo Deliberante de Puerto Madryn, est\u00e1 destinado a ceremonialistas y empleados que se desempe\u00f1an en \u00e1reas relacionadas, responsables de las direcciones y\/o departamentos de Ceremonial y de Protocolo de Municipios del Chubut y provincias vecinas, integrantes de las fuerzas armadas y de seguridad con asiento en la zona.<br><br> <br><br>El evento tambi\u00e9n est\u00e1 orientado hacia empleados p\u00fablicos municipales, provinciales y nacionales del Poder Ejecutivo, Legislativo y Judicial, directivos escolares y docentes en general, personal de universidades y facultades regionales y p\u00fablico en general.<br><br> <br><br>Las personas interesadas pueden inscribirse hasta el 3 de julio al mail ceremonialmunimadryn@gmail.com o al tel\u00e9fono 2804613111 de la Direcci\u00f3n de Ceremonial de la Municipalidad de Puerto Madryn. Los cupos son limitados.<br><br> <br><br> <br><br>SOBRE EL PROFESOR AN\u00cdBAL GOTELLI<br><br> <br><br>An\u00edbal Gotelli es el m\u00e1ximo referente de la log\u00edstica y el liderazgo organizativo y protocolar de nuestro pa\u00eds y uno de los m\u00e1s reconocidos internacionalmente en Am\u00e9rica Latina.<br><br> <br><br>Es consultor nacional e internacional en log\u00edstica organizativa protocolar y eventual y consultor en estrategias de imagen personal y profesional para empresas e instituciones de nuestro pa\u00eds y del extranjero.<br><br> <br><br>Especialista en motivaci\u00f3n y mentor en liderazgo y autoliderazgo. Est\u00e1 reconocido como uno de los mayores expertos en negociaci\u00f3n intercultural de Latinoam\u00e9rica.<br><br> <br><br>Adem\u00e1s, es formador de acad\u00e9micos nacionales e internacionales, formador de formadores y de l\u00edderes pol\u00edticos, profesionales, estatales, institucionales y empresarios.<\/p>\n","protected":false},"excerpt":{"rendered":"<p>Est\u00e1 destinado a ceremonialistas y empleados que se desempe\u00f1an en \u00e1reas relacionadas La Municipalidad de Puerto Madryn y el Centro Interdisciplinario de Estudios Culturales (CIDEC) invitan a una capacitaci\u00f3n sobre&hellip; <\/p>\n","protected":false},"author":3,"featured_media":3849,"comment_status":"closed","ping_status":"closed","sticky":false,"template":"","format":"standard","meta":{"footnotes":""},"categories":[15],"tags":[],"class_list":["post-3850","post","type-post","status-publish","format-standard","has-post-thumbnail","hentry","category-locales"],"yoast_head":"<!-- This site is optimized with the Yoast SEO plugin v27.4 - https:\/\/yoast.com\/product\/yoast-seo-wordpress\/ -->\n<title>INVITAN AL PRIMER SEMINARIO PATAG\u00d3NICO INTENSIVO DE CEREMONIAL Y COMUNICACI\u00d3N INSTITUCIONAL, ESCOLAR Y S\u00cdMBOLOS PATRIOS - FM Patagonia Madryn<\/title>\n<meta name=\"robots\" content=\"index, follow, max-snippet:-1, max-image-preview:large, max-video-preview:-1\" \/>\n<link rel=\"canonical\" href=\"https:\/\/fmpatagoniamadryn.com.ar\/?p=3850\" \/>\n<meta property=\"og:locale\" content=\"es_ES\" \/>\n<meta property=\"og:type\" content=\"article\" \/>\n<meta property=\"og:title\" content=\"INVITAN AL PRIMER SEMINARIO PATAG\u00d3NICO INTENSIVO DE CEREMONIAL Y COMUNICACI\u00d3N INSTITUCIONAL, ESCOLAR Y S\u00cdMBOLOS PATRIOS - FM Patagonia Madryn\" \/>\n<meta property=\"og:description\" content=\"Est\u00e1 destinado a ceremonialistas y empleados que se desempe\u00f1an en \u00e1reas relacionadas La Municipalidad de Puerto Madryn y el Centro Interdisciplinario de Estudios Culturales (CIDEC) invitan a una capacitaci\u00f3n sobre&hellip;\" \/>\n<meta property=\"og:url\" content=\"https:\/\/fmpatagoniamadryn.com.ar\/?p=3850\" \/>\n<meta property=\"og:site_name\" content=\"FM Patagonia Madryn\" \/>\n<meta property=\"article:published_time\" content=\"2023-06-23T15:56:58+00:00\" \/>\n<meta property=\"article:modified_time\" content=\"2023-06-23T15:57:09+00:00\" \/>\n<meta property=\"og:image\" content=\"https:\/\/fmpatagoniamadryn.com.ar\/wp-content\/uploads\/2023\/06\/Gotelli.jpg\" \/>\n\t<meta property=\"og:image:width\" content=\"1114\" \/>\n\t<meta property=\"og:image:height\" content=\"1113\" \/>\n\t<meta property=\"og:image:type\" content=\"image\/jpeg\" \/>\n<meta name=\"author\" content=\"FM Patagonia\" \/>\n<meta name=\"twitter:card\" content=\"summary_large_image\" \/>\n<meta name=\"twitter:label1\" content=\"Escrito por\" \/>\n\t<meta name=\"twitter:data1\" content=\"FM Patagonia\" \/>\n\t<meta name=\"twitter:label2\" content=\"Tiempo de lectura\" \/>\n\t<meta name=\"twitter:data2\" content=\"2 minutos\" \/>\n<script type=\"application\/ld+json\" class=\"yoast-schema-graph\">{\"@context\":\"https:\\\/\\\/schema.org\",\"@graph\":[{\"@type\":\"Article\",\"@id\":\"https:\\\/\\\/fmpatagoniamadryn.com.ar\\\/?p=3850#article\",\"isPartOf\":{\"@id\":\"https:\\\/\\\/fmpatagoniamadryn.com.ar\\\/?p=3850\"},\"author\":{\"name\":\"FM Patagonia\",\"@id\":\"https:\\\/\\\/fmpatagoniamadryn.com.ar\\\/#\\\/schema\\\/person\\\/1d968ec613613768e14b4e6420a2b125\"},\"headline\":\"INVITAN AL PRIMER SEMINARIO PATAG\u00d3NICO INTENSIVO DE CEREMONIAL Y COMUNICACI\u00d3N INSTITUCIONAL, ESCOLAR Y S\u00cdMBOLOS PATRIOS\",\"datePublished\":\"2023-06-23T15:56:58+00:00\",\"dateModified\":\"2023-06-23T15:57:09+00:00\",\"mainEntityOfPage\":{\"@id\":\"https:\\\/\\\/fmpatagoniamadryn.com.ar\\\/?p=3850\"},\"wordCount\":349,\"publisher\":{\"@id\":\"https:\\\/\\\/fmpatagoniamadryn.com.ar\\\/#organization\"},\"image\":{\"@id\":\"https:\\\/\\\/fmpatagoniamadryn.com.ar\\\/?p=3850#primaryimage\"},\"thumbnailUrl\":\"https:\\\/\\\/fmpatagoniamadryn.com.ar\\\/wp-content\\\/uploads\\\/2023\\\/06\\\/Gotelli.jpg\",\"articleSection\":[\"Locales\"],\"inLanguage\":\"es\"},{\"@type\":\"WebPage\",\"@id\":\"https:\\\/\\\/fmpatagoniamadryn.com.ar\\\/?p=3850\",\"url\":\"https:\\\/\\\/fmpatagoniamadryn.com.ar\\\/?p=3850\",\"name\":\"INVITAN AL PRIMER SEMINARIO PATAG\u00d3NICO INTENSIVO DE CEREMONIAL Y COMUNICACI\u00d3N INSTITUCIONAL, ESCOLAR Y S\u00cdMBOLOS PATRIOS - FM Patagonia Madryn\",\"isPartOf\":{\"@id\":\"https:\\\/\\\/fmpatagoniamadryn.com.ar\\\/#website\"},\"primaryImageOfPage\":{\"@id\":\"https:\\\/\\\/fmpatagoniamadryn.com.ar\\\/?p=3850#primaryimage\"},\"image\":{\"@id\":\"https:\\\/\\\/fmpatagoniamadryn.com.ar\\\/?p=3850#primaryimage\"},\"thumbnailUrl\":\"https:\\\/\\\/fmpatagoniamadryn.com.ar\\\/wp-content\\\/uploads\\\/2023\\\/06\\\/Gotelli.jpg\",\"datePublished\":\"2023-06-23T15:56:58+00:00\",\"dateModified\":\"2023-06-23T15:57:09+00:00\",\"breadcrumb\":{\"@id\":\"https:\\\/\\\/fmpatagoniamadryn.com.ar\\\/?p=3850#breadcrumb\"},\"inLanguage\":\"es\",\"potentialAction\":[{\"@type\":\"ReadAction\",\"target\":[\"https:\\\/\\\/fmpatagoniamadryn.com.ar\\\/?p=3850\"]}]},{\"@type\":\"ImageObject\",\"inLanguage\":\"es\",\"@id\":\"https:\\\/\\\/fmpatagoniamadryn.com.ar\\\/?p=3850#primaryimage\",\"url\":\"https:\\\/\\\/fmpatagoniamadryn.com.ar\\\/wp-content\\\/uploads\\\/2023\\\/06\\\/Gotelli.jpg\",\"contentUrl\":\"https:\\\/\\\/fmpatagoniamadryn.com.ar\\\/wp-content\\\/uploads\\\/2023\\\/06\\\/Gotelli.jpg\",\"width\":1114,\"height\":1113},{\"@type\":\"BreadcrumbList\",\"@id\":\"https:\\\/\\\/fmpatagoniamadryn.com.ar\\\/?p=3850#breadcrumb\",\"itemListElement\":[{\"@type\":\"ListItem\",\"position\":1,\"name\":\"Portada\",\"item\":\"https:\\\/\\\/fmpatagoniamadryn.com.ar\\\/\"},{\"@type\":\"ListItem\",\"position\":2,\"name\":\"INVITAN AL PRIMER SEMINARIO PATAG\u00d3NICO INTENSIVO DE CEREMONIAL Y COMUNICACI\u00d3N INSTITUCIONAL, ESCOLAR Y S\u00cdMBOLOS PATRIOS\"}]},{\"@type\":\"WebSite\",\"@id\":\"https:\\\/\\\/fmpatagoniamadryn.com.ar\\\/#website\",\"url\":\"https:\\\/\\\/fmpatagoniamadryn.com.ar\\\/\",\"name\":\"FM Patagonia Madryn\",\"description\":\"Radio Patagonia 105.5\",\"publisher\":{\"@id\":\"https:\\\/\\\/fmpatagoniamadryn.com.ar\\\/#organization\"},\"potentialAction\":[{\"@type\":\"SearchAction\",\"target\":{\"@type\":\"EntryPoint\",\"urlTemplate\":\"https:\\\/\\\/fmpatagoniamadryn.com.ar\\\/?s={search_term_string}\"},\"query-input\":{\"@type\":\"PropertyValueSpecification\",\"valueRequired\":true,\"valueName\":\"search_term_string\"}}],\"inLanguage\":\"es\"},{\"@type\":\"Organization\",\"@id\":\"https:\\\/\\\/fmpatagoniamadryn.com.ar\\\/#organization\",\"name\":\"FM Patagonia Madryn\",\"url\":\"https:\\\/\\\/fmpatagoniamadryn.com.ar\\\/\",\"logo\":{\"@type\":\"ImageObject\",\"inLanguage\":\"es\",\"@id\":\"https:\\\/\\\/fmpatagoniamadryn.com.ar\\\/#\\\/schema\\\/logo\\\/image\\\/\",\"url\":\"https:\\\/\\\/fmpatagoniamadryn.com.ar\\\/wp-content\\\/uploads\\\/2023\\\/01\\\/cropped-Diseno-sin-titulo.png\",\"contentUrl\":\"https:\\\/\\\/fmpatagoniamadryn.com.ar\\\/wp-content\\\/uploads\\\/2023\\\/01\\\/cropped-Diseno-sin-titulo.png\",\"width\":6911,\"height\":2657,\"caption\":\"FM Patagonia Madryn\"},\"image\":{\"@id\":\"https:\\\/\\\/fmpatagoniamadryn.com.ar\\\/#\\\/schema\\\/logo\\\/image\\\/\"}},{\"@type\":\"Person\",\"@id\":\"https:\\\/\\\/fmpatagoniamadryn.com.ar\\\/#\\\/schema\\\/person\\\/1d968ec613613768e14b4e6420a2b125\",\"name\":\"FM Patagonia\",\"url\":\"https:\\\/\\\/fmpatagoniamadryn.com.ar\\\/?author=3\"}]}<\/script>\n<!-- \/ Yoast SEO plugin. -->","yoast_head_json":{"title":"INVITAN AL PRIMER SEMINARIO PATAG\u00d3NICO INTENSIVO DE CEREMONIAL Y COMUNICACI\u00d3N INSTITUCIONAL, ESCOLAR Y S\u00cdMBOLOS PATRIOS - FM Patagonia Madryn","robots":{"index":"index","follow":"follow","max-snippet":"max-snippet:-1","max-image-preview":"max-image-preview:large","max-video-preview":"max-video-preview:-1"},"canonical":"https:\/\/fmpatagoniamadryn.com.ar\/?p=3850","og_locale":"es_ES","og_type":"article","og_title":"INVITAN AL PRIMER SEMINARIO PATAG\u00d3NICO INTENSIVO DE CEREMONIAL Y COMUNICACI\u00d3N INSTITUCIONAL, ESCOLAR Y S\u00cdMBOLOS PATRIOS - FM Patagonia Madryn","og_description":"Est\u00e1 destinado a ceremonialistas y empleados que se desempe\u00f1an en \u00e1reas relacionadas La Municipalidad de Puerto Madryn y el Centro Interdisciplinario de Estudios Culturales (CIDEC) invitan a una capacitaci\u00f3n sobre&hellip;","og_url":"https:\/\/fmpatagoniamadryn.com.ar\/?p=3850","og_site_name":"FM Patagonia Madryn","article_published_time":"2023-06-23T15:56:58+00:00","article_modified_time":"2023-06-23T15:57:09+00:00","og_image":[{"width":1114,"height":1113,"url":"https:\/\/fmpatagoniamadryn.com.ar\/wp-content\/uploads\/2023\/06\/Gotelli.jpg","type":"image\/jpeg"}],"author":"FM Patagonia","twitter_card":"summary_large_image","twitter_misc":{"Escrito por":"FM Patagonia","Tiempo de lectura":"2 minutos"},"schema":{"@context":"https:\/\/schema.org","@graph":[{"@type":"Article","@id":"https:\/\/fmpatagoniamadryn.com.ar\/?p=3850#article","isPartOf":{"@id":"https:\/\/fmpatagoniamadryn.com.ar\/?p=3850"},"author":{"name":"FM Patagonia","@id":"https:\/\/fmpatagoniamadryn.com.ar\/#\/schema\/person\/1d968ec613613768e14b4e6420a2b125"},"headline":"INVITAN AL PRIMER SEMINARIO PATAG\u00d3NICO INTENSIVO DE CEREMONIAL Y COMUNICACI\u00d3N INSTITUCIONAL, ESCOLAR Y S\u00cdMBOLOS PATRIOS","datePublished":"2023-06-23T15:56:58+00:00","dateModified":"2023-06-23T15:57:09+00:00","mainEntityOfPage":{"@id":"https:\/\/fmpatagoniamadryn.com.ar\/?p=3850"},"wordCount":349,"publisher":{"@id":"https:\/\/fmpatagoniamadryn.com.ar\/#organization"},"image":{"@id":"https:\/\/fmpatagoniamadryn.com.ar\/?p=3850#primaryimage"},"thumbnailUrl":"https:\/\/fmpatagoniamadryn.com.ar\/wp-content\/uploads\/2023\/06\/Gotelli.jpg","articleSection":["Locales"],"inLanguage":"es"},{"@type":"WebPage","@id":"https:\/\/fmpatagoniamadryn.com.ar\/?p=3850","url":"https:\/\/fmpatagoniamadryn.com.ar\/?p=3850","name":"INVITAN AL PRIMER SEMINARIO PATAG\u00d3NICO INTENSIVO DE CEREMONIAL Y COMUNICACI\u00d3N INSTITUCIONAL, ESCOLAR Y S\u00cdMBOLOS PATRIOS - FM Patagonia Madryn","isPartOf":{"@id":"https:\/\/fmpatagoniamadryn.com.ar\/#website"},"primaryImageOfPage":{"@id":"https:\/\/fmpatagoniamadryn.com.ar\/?p=3850#primaryimage"},"image":{"@id":"https:\/\/fmpatagoniamadryn.com.ar\/?p=3850#primaryimage"},"thumbnailUrl":"https:\/\/fmpatagoniamadryn.com.ar\/wp-content\/uploads\/2023\/06\/Gotelli.jpg","datePublished":"2023-06-23T15:56:58+00:00","dateModified":"2023-06-23T15:57:09+00:00","breadcrumb":{"@id":"https:\/\/fmpatagoniamadryn.com.ar\/?p=3850#breadcrumb"},"inLanguage":"es","potentialAction":[{"@type":"ReadAction","target":["https:\/\/fmpatagoniamadryn.com.ar\/?p=3850"]}]},{"@type":"ImageObject","inLanguage":"es","@id":"https:\/\/fmpatagoniamadryn.com.ar\/?p=3850#primaryimage","url":"https:\/\/fmpatagoniamadryn.com.ar\/wp-content\/uploads\/2023\/06\/Gotelli.jpg","contentUrl":"https:\/\/fmpatagoniamadryn.com.ar\/wp-content\/uploads\/2023\/06\/Gotelli.jpg","width":1114,"height":1113},{"@type":"BreadcrumbList","@id":"https:\/\/fmpatagoniamadryn.com.ar\/?p=3850#breadcrumb","itemListElement":[{"@type":"ListItem","position":1,"name":"Portada","item":"https:\/\/fmpatagoniamadryn.com.ar\/"},{"@type":"ListItem","position":2,"name":"INVITAN AL PRIMER SEMINARIO PATAG\u00d3NICO INTENSIVO DE CEREMONIAL Y COMUNICACI\u00d3N INSTITUCIONAL, ESCOLAR Y S\u00cdMBOLOS PATRIOS"}]},{"@type":"WebSite","@id":"https:\/\/fmpatagoniamadryn.com.ar\/#website","url":"https:\/\/fmpatagoniamadryn.com.ar\/","name":"FM Patagonia Madryn","description":"Radio Patagonia 105.5","publisher":{"@id":"https:\/\/fmpatagoniamadryn.com.ar\/#organization"},"potentialAction":[{"@type":"SearchAction","target":{"@type":"EntryPoint","urlTemplate":"https:\/\/fmpatagoniamadryn.com.ar\/?s={search_term_string}"},"query-input":{"@type":"PropertyValueSpecification","valueRequired":true,"valueName":"search_term_string"}}],"inLanguage":"es"},{"@type":"Organization","@id":"https:\/\/fmpatagoniamadryn.com.ar\/#organization","name":"FM Patagonia Madryn","url":"https:\/\/fmpatagoniamadryn.com.ar\/","logo":{"@type":"ImageObject","inLanguage":"es","@id":"https:\/\/fmpatagoniamadryn.com.ar\/#\/schema\/logo\/image\/","url":"https:\/\/fmpatagoniamadryn.com.ar\/wp-content\/uploads\/2023\/01\/cropped-Diseno-sin-titulo.png","contentUrl":"https:\/\/fmpatagoniamadryn.com.ar\/wp-content\/uploads\/2023\/01\/cropped-Diseno-sin-titulo.png","width":6911,"height":2657,"caption":"FM Patagonia Madryn"},"image":{"@id":"https:\/\/fmpatagoniamadryn.com.ar\/#\/schema\/logo\/image\/"}},{"@type":"Person","@id":"https:\/\/fmpatagoniamadryn.com.ar\/#\/schema\/person\/1d968ec613613768e14b4e6420a2b125","name":"FM Patagonia","url":"https:\/\/fmpatagoniamadryn.com.ar\/?author=3"}]}},"jetpack_featured_media_url":"https:\/\/fmpatagoniamadryn.com.ar\/wp-content\/uploads\/2023\/06\/Gotelli.jpg","_links":{"self":[{"href":"https:\/\/fmpatagoniamadryn.com.ar\/index.php?rest_route=\/wp\/v2\/posts\/3850","targetHints":{"allow":["GET"]}}],"collection":[{"href":"https:\/\/fmpatagoniamadryn.com.ar\/index.php?rest_route=\/wp\/v2\/posts"}],"about":[{"href":"https:\/\/fmpatagoniamadryn.com.ar\/index.php?rest_route=\/wp\/v2\/types\/post"}],"author":[{"embeddable":true,"href":"https:\/\/fmpatagoniamadryn.com.ar\/index.php?rest_route=\/wp\/v2\/users\/3"}],"replies":[{"embeddable":true,"href":"https:\/\/fmpatagoniamadryn.com.ar\/index.php?rest_route=%2Fwp%2Fv2%2Fcomments&post=3850"}],"version-history":[{"count":1,"href":"https:\/\/fmpatagoniamadryn.com.ar\/index.php?rest_route=\/wp\/v2\/posts\/3850\/revisions"}],"predecessor-version":[{"id":3851,"href":"https:\/\/fmpatagoniamadryn.com.ar\/index.php?rest_route=\/wp\/v2\/posts\/3850\/revisions\/3851"}],"wp:featuredmedia":[{"embeddable":true,"href":"https:\/\/fmpatagoniamadryn.com.ar\/index.php?rest_route=\/wp\/v2\/media\/3849"}],"wp:attachment":[{"href":"https:\/\/fmpatagoniamadryn.com.ar\/index.php?rest_route=%2Fwp%2Fv2%2Fmedia&parent=3850"}],"wp:term":[{"taxonomy":"category","embeddable":true,"href":"https:\/\/fmpatagoniamadryn.com.ar\/index.php?rest_route=%2Fwp%2Fv2%2Fcategories&post=3850"},{"taxonomy":"post_tag","embeddable":true,"href":"https:\/\/fmpatagoniamadryn.com.ar\/index.php?rest_route=%2Fwp%2Fv2%2Ftags&post=3850"}],"curies":[{"name":"wp","href":"https:\/\/api.w.org\/{rel}","templated":true}]}}