{"id":3856,"date":"2023-06-23T12:58:37","date_gmt":"2023-06-23T15:58:37","guid":{"rendered":"https:\/\/fmpatagoniamadryn.com.ar\/?p=3856"},"modified":"2023-06-23T12:58:46","modified_gmt":"2023-06-23T15:58:46","slug":"provincia-dicto-un-taller-virtual-para-organizaciones-de-la-sociedad-civil-cordillerana","status":"publish","type":"post","link":"https:\/\/fmpatagoniamadryn.com.ar\/?p=3856","title":{"rendered":"Provincia dict\u00f3 un taller virtual para Organizaciones de la Sociedad Civil cordillerana"},"content":{"rendered":"\n<p>A lo largo de dos jornadas se abordaron aspectos contables y estatutarios, confecci\u00f3n de proyectos y comunicaci\u00f3n institucional.<br><br>El Gobierno del Chubut, a trav\u00e9s de la Subsecretar\u00eda de Relaciones Institucionales, dict\u00f3 d\u00edas atr\u00e1s un taller virtual destinado a Organizaciones de la Sociedad Civil (OSC) de la regi\u00f3n cordillerana sobre aspectos de vital importancia para el fortalecimiento, funcionamiento y sostenimiento de las entidades.<br><br>Los encuentros fueron impulsados por la Direcci\u00f3n General de Vinculaci\u00f3n Nacional e Internacional y la Direcci\u00f3n de Asesoramiento, Fortalecimiento y Difusi\u00f3n de las Organizaciones Sociales.<br><br>Amplio temario<br><br>Durante dos jornadas a cargo del contador Carlos Rodrigo Dom\u00ednguez y el director de Fortalecimiento de las Organizaciones Civiles, Omar Auteri, se trabaj\u00f3 sobre conceptos b\u00e1sicos y m\u00e9todos de recaudaci\u00f3n de fondos, elaboraci\u00f3n de proyectos, participaci\u00f3n ciudadana, Responsabilidad Social Empresarial, tr\u00e1mites a distancia con organismos nacionales como CENOC y AFIP, funciones de las autoridades de las Organizaciones, cultura organizacional, exenciones impositivas y recordatorio de tr\u00e1mites ante distintos organismos.<br><br>Participaron representantes de las Asociaciones Cooperadoras de la Escuela N\u00b0 713 y 701 de Esquel; Club Social, Cultural y Deportivo General Manuel Belgrano de Cholila; Asociaci\u00f3n Civil de Cannabicultores de la cordillera chubutense; Asociaci\u00f3n Civil Cultural Cordillerana de Deportes de Acci\u00f3n; Cooperativa Cuarto Menguante; Junta Promotora Isla Sur; Municipalidad de Cholila; Asociaci\u00f3n Civil La Juntadera; Club Deportivo y Cultural Lago Puelo; La Asociaci\u00f3n Padres y Amigos del Discapacitado del Noroeste de Chubut; Asociaci\u00f3n Argentina Terapistas Ocupacionales de Esquel y la Fundaci\u00f3n CONIN.<br><br>Desde el Estado provincial se sigue propiciando la multiplicaci\u00f3n de espacios de encuentro y di\u00e1logo, aprovechando las facilidades de la tecnolog\u00eda para llegar a cada punto de la provincia en la b\u00fasqueda de brindar contenci\u00f3n, asesoramiento y las herramientas necesarias para el desarrollo y sostenimiento de las organizaciones sociales.<br><br>&#8212;<\/p>\n","protected":false},"excerpt":{"rendered":"<p>A lo largo de dos jornadas se abordaron aspectos contables y estatutarios, confecci\u00f3n de proyectos y comunicaci\u00f3n institucional. El Gobierno del Chubut, a trav\u00e9s de la Subsecretar\u00eda de Relaciones Institucionales,&hellip; <\/p>\n","protected":false},"author":3,"featured_media":3855,"comment_status":"closed","ping_status":"closed","sticky":false,"template":"","format":"standard","meta":{"footnotes":""},"categories":[14],"tags":[],"class_list":["post-3856","post","type-post","status-publish","format-standard","has-post-thumbnail","hentry","category-provinciales"],"yoast_head":"<!-- This site is optimized with the Yoast SEO plugin v27.4 - https:\/\/yoast.com\/product\/yoast-seo-wordpress\/ -->\n<title>Provincia dict\u00f3 un taller virtual para Organizaciones de la Sociedad Civil cordillerana - FM Patagonia Madryn<\/title>\n<meta name=\"robots\" content=\"index, follow, max-snippet:-1, max-image-preview:large, max-video-preview:-1\" \/>\n<link rel=\"canonical\" href=\"https:\/\/fmpatagoniamadryn.com.ar\/?p=3856\" \/>\n<meta property=\"og:locale\" content=\"es_ES\" \/>\n<meta property=\"og:type\" content=\"article\" \/>\n<meta property=\"og:title\" content=\"Provincia dict\u00f3 un taller virtual para Organizaciones de la Sociedad Civil cordillerana - FM Patagonia Madryn\" \/>\n<meta property=\"og:description\" content=\"A lo largo de dos jornadas se abordaron aspectos contables y estatutarios, confecci\u00f3n de proyectos y comunicaci\u00f3n institucional. El Gobierno del Chubut, a trav\u00e9s de la Subsecretar\u00eda de Relaciones Institucionales,&hellip;\" \/>\n<meta property=\"og:url\" content=\"https:\/\/fmpatagoniamadryn.com.ar\/?p=3856\" \/>\n<meta property=\"og:site_name\" content=\"FM Patagonia Madryn\" \/>\n<meta property=\"article:published_time\" content=\"2023-06-23T15:58:37+00:00\" \/>\n<meta property=\"article:modified_time\" content=\"2023-06-23T15:58:46+00:00\" \/>\n<meta property=\"og:image\" content=\"https:\/\/fmpatagoniamadryn.com.ar\/wp-content\/uploads\/2023\/06\/Taller-Virtual-OSC.jpg\" \/>\n\t<meta property=\"og:image:width\" content=\"1174\" \/>\n\t<meta property=\"og:image:height\" content=\"645\" \/>\n\t<meta property=\"og:image:type\" content=\"image\/jpeg\" \/>\n<meta name=\"author\" content=\"FM Patagonia\" \/>\n<meta name=\"twitter:card\" content=\"summary_large_image\" \/>\n<meta name=\"twitter:label1\" content=\"Escrito por\" \/>\n\t<meta name=\"twitter:data1\" content=\"FM Patagonia\" \/>\n\t<meta name=\"twitter:label2\" content=\"Tiempo de lectura\" \/>\n\t<meta name=\"twitter:data2\" content=\"2 minutos\" \/>\n<script type=\"application\/ld+json\" class=\"yoast-schema-graph\">{\"@context\":\"https:\\\/\\\/schema.org\",\"@graph\":[{\"@type\":\"Article\",\"@id\":\"https:\\\/\\\/fmpatagoniamadryn.com.ar\\\/?p=3856#article\",\"isPartOf\":{\"@id\":\"https:\\\/\\\/fmpatagoniamadryn.com.ar\\\/?p=3856\"},\"author\":{\"name\":\"FM Patagonia\",\"@id\":\"https:\\\/\\\/fmpatagoniamadryn.com.ar\\\/#\\\/schema\\\/person\\\/1d968ec613613768e14b4e6420a2b125\"},\"headline\":\"Provincia dict\u00f3 un taller virtual para Organizaciones de la Sociedad Civil cordillerana\",\"datePublished\":\"2023-06-23T15:58:37+00:00\",\"dateModified\":\"2023-06-23T15:58:46+00:00\",\"mainEntityOfPage\":{\"@id\":\"https:\\\/\\\/fmpatagoniamadryn.com.ar\\\/?p=3856\"},\"wordCount\":330,\"publisher\":{\"@id\":\"https:\\\/\\\/fmpatagoniamadryn.com.ar\\\/#organization\"},\"image\":{\"@id\":\"https:\\\/\\\/fmpatagoniamadryn.com.ar\\\/?p=3856#primaryimage\"},\"thumbnailUrl\":\"https:\\\/\\\/fmpatagoniamadryn.com.ar\\\/wp-content\\\/uploads\\\/2023\\\/06\\\/Taller-Virtual-OSC.jpg\",\"articleSection\":[\"Provinciales\"],\"inLanguage\":\"es\"},{\"@type\":\"WebPage\",\"@id\":\"https:\\\/\\\/fmpatagoniamadryn.com.ar\\\/?p=3856\",\"url\":\"https:\\\/\\\/fmpatagoniamadryn.com.ar\\\/?p=3856\",\"name\":\"Provincia dict\u00f3 un taller virtual para Organizaciones de la Sociedad Civil cordillerana - FM Patagonia Madryn\",\"isPartOf\":{\"@id\":\"https:\\\/\\\/fmpatagoniamadryn.com.ar\\\/#website\"},\"primaryImageOfPage\":{\"@id\":\"https:\\\/\\\/fmpatagoniamadryn.com.ar\\\/?p=3856#primaryimage\"},\"image\":{\"@id\":\"https:\\\/\\\/fmpatagoniamadryn.com.ar\\\/?p=3856#primaryimage\"},\"thumbnailUrl\":\"https:\\\/\\\/fmpatagoniamadryn.com.ar\\\/wp-content\\\/uploads\\\/2023\\\/06\\\/Taller-Virtual-OSC.jpg\",\"datePublished\":\"2023-06-23T15:58:37+00:00\",\"dateModified\":\"2023-06-23T15:58:46+00:00\",\"breadcrumb\":{\"@id\":\"https:\\\/\\\/fmpatagoniamadryn.com.ar\\\/?p=3856#breadcrumb\"},\"inLanguage\":\"es\",\"potentialAction\":[{\"@type\":\"ReadAction\",\"target\":[\"https:\\\/\\\/fmpatagoniamadryn.com.ar\\\/?p=3856\"]}]},{\"@type\":\"ImageObject\",\"inLanguage\":\"es\",\"@id\":\"https:\\\/\\\/fmpatagoniamadryn.com.ar\\\/?p=3856#primaryimage\",\"url\":\"https:\\\/\\\/fmpatagoniamadryn.com.ar\\\/wp-content\\\/uploads\\\/2023\\\/06\\\/Taller-Virtual-OSC.jpg\",\"contentUrl\":\"https:\\\/\\\/fmpatagoniamadryn.com.ar\\\/wp-content\\\/uploads\\\/2023\\\/06\\\/Taller-Virtual-OSC.jpg\",\"width\":1174,\"height\":645},{\"@type\":\"BreadcrumbList\",\"@id\":\"https:\\\/\\\/fmpatagoniamadryn.com.ar\\\/?p=3856#breadcrumb\",\"itemListElement\":[{\"@type\":\"ListItem\",\"position\":1,\"name\":\"Portada\",\"item\":\"https:\\\/\\\/fmpatagoniamadryn.com.ar\\\/\"},{\"@type\":\"ListItem\",\"position\":2,\"name\":\"Provincia dict\u00f3 un taller virtual para Organizaciones de la Sociedad Civil cordillerana\"}]},{\"@type\":\"WebSite\",\"@id\":\"https:\\\/\\\/fmpatagoniamadryn.com.ar\\\/#website\",\"url\":\"https:\\\/\\\/fmpatagoniamadryn.com.ar\\\/\",\"name\":\"FM Patagonia Madryn\",\"description\":\"Radio Patagonia 105.5\",\"publisher\":{\"@id\":\"https:\\\/\\\/fmpatagoniamadryn.com.ar\\\/#organization\"},\"potentialAction\":[{\"@type\":\"SearchAction\",\"target\":{\"@type\":\"EntryPoint\",\"urlTemplate\":\"https:\\\/\\\/fmpatagoniamadryn.com.ar\\\/?s={search_term_string}\"},\"query-input\":{\"@type\":\"PropertyValueSpecification\",\"valueRequired\":true,\"valueName\":\"search_term_string\"}}],\"inLanguage\":\"es\"},{\"@type\":\"Organization\",\"@id\":\"https:\\\/\\\/fmpatagoniamadryn.com.ar\\\/#organization\",\"name\":\"FM Patagonia Madryn\",\"url\":\"https:\\\/\\\/fmpatagoniamadryn.com.ar\\\/\",\"logo\":{\"@type\":\"ImageObject\",\"inLanguage\":\"es\",\"@id\":\"https:\\\/\\\/fmpatagoniamadryn.com.ar\\\/#\\\/schema\\\/logo\\\/image\\\/\",\"url\":\"https:\\\/\\\/fmpatagoniamadryn.com.ar\\\/wp-content\\\/uploads\\\/2023\\\/01\\\/cropped-Diseno-sin-titulo.png\",\"contentUrl\":\"https:\\\/\\\/fmpatagoniamadryn.com.ar\\\/wp-content\\\/uploads\\\/2023\\\/01\\\/cropped-Diseno-sin-titulo.png\",\"width\":6911,\"height\":2657,\"caption\":\"FM Patagonia Madryn\"},\"image\":{\"@id\":\"https:\\\/\\\/fmpatagoniamadryn.com.ar\\\/#\\\/schema\\\/logo\\\/image\\\/\"}},{\"@type\":\"Person\",\"@id\":\"https:\\\/\\\/fmpatagoniamadryn.com.ar\\\/#\\\/schema\\\/person\\\/1d968ec613613768e14b4e6420a2b125\",\"name\":\"FM Patagonia\",\"url\":\"https:\\\/\\\/fmpatagoniamadryn.com.ar\\\/?author=3\"}]}<\/script>\n<!-- \/ Yoast SEO plugin. -->","yoast_head_json":{"title":"Provincia dict\u00f3 un taller virtual para Organizaciones de la Sociedad Civil cordillerana - FM Patagonia Madryn","robots":{"index":"index","follow":"follow","max-snippet":"max-snippet:-1","max-image-preview":"max-image-preview:large","max-video-preview":"max-video-preview:-1"},"canonical":"https:\/\/fmpatagoniamadryn.com.ar\/?p=3856","og_locale":"es_ES","og_type":"article","og_title":"Provincia dict\u00f3 un taller virtual para Organizaciones de la Sociedad Civil cordillerana - FM Patagonia Madryn","og_description":"A lo largo de dos jornadas se abordaron aspectos contables y estatutarios, confecci\u00f3n de proyectos y comunicaci\u00f3n institucional. El Gobierno del Chubut, a trav\u00e9s de la Subsecretar\u00eda de Relaciones Institucionales,&hellip;","og_url":"https:\/\/fmpatagoniamadryn.com.ar\/?p=3856","og_site_name":"FM Patagonia Madryn","article_published_time":"2023-06-23T15:58:37+00:00","article_modified_time":"2023-06-23T15:58:46+00:00","og_image":[{"width":1174,"height":645,"url":"https:\/\/fmpatagoniamadryn.com.ar\/wp-content\/uploads\/2023\/06\/Taller-Virtual-OSC.jpg","type":"image\/jpeg"}],"author":"FM Patagonia","twitter_card":"summary_large_image","twitter_misc":{"Escrito por":"FM Patagonia","Tiempo de lectura":"2 minutos"},"schema":{"@context":"https:\/\/schema.org","@graph":[{"@type":"Article","@id":"https:\/\/fmpatagoniamadryn.com.ar\/?p=3856#article","isPartOf":{"@id":"https:\/\/fmpatagoniamadryn.com.ar\/?p=3856"},"author":{"name":"FM Patagonia","@id":"https:\/\/fmpatagoniamadryn.com.ar\/#\/schema\/person\/1d968ec613613768e14b4e6420a2b125"},"headline":"Provincia dict\u00f3 un taller virtual para Organizaciones de la Sociedad Civil cordillerana","datePublished":"2023-06-23T15:58:37+00:00","dateModified":"2023-06-23T15:58:46+00:00","mainEntityOfPage":{"@id":"https:\/\/fmpatagoniamadryn.com.ar\/?p=3856"},"wordCount":330,"publisher":{"@id":"https:\/\/fmpatagoniamadryn.com.ar\/#organization"},"image":{"@id":"https:\/\/fmpatagoniamadryn.com.ar\/?p=3856#primaryimage"},"thumbnailUrl":"https:\/\/fmpatagoniamadryn.com.ar\/wp-content\/uploads\/2023\/06\/Taller-Virtual-OSC.jpg","articleSection":["Provinciales"],"inLanguage":"es"},{"@type":"WebPage","@id":"https:\/\/fmpatagoniamadryn.com.ar\/?p=3856","url":"https:\/\/fmpatagoniamadryn.com.ar\/?p=3856","name":"Provincia dict\u00f3 un taller virtual para Organizaciones de la Sociedad Civil cordillerana - FM Patagonia Madryn","isPartOf":{"@id":"https:\/\/fmpatagoniamadryn.com.ar\/#website"},"primaryImageOfPage":{"@id":"https:\/\/fmpatagoniamadryn.com.ar\/?p=3856#primaryimage"},"image":{"@id":"https:\/\/fmpatagoniamadryn.com.ar\/?p=3856#primaryimage"},"thumbnailUrl":"https:\/\/fmpatagoniamadryn.com.ar\/wp-content\/uploads\/2023\/06\/Taller-Virtual-OSC.jpg","datePublished":"2023-06-23T15:58:37+00:00","dateModified":"2023-06-23T15:58:46+00:00","breadcrumb":{"@id":"https:\/\/fmpatagoniamadryn.com.ar\/?p=3856#breadcrumb"},"inLanguage":"es","potentialAction":[{"@type":"ReadAction","target":["https:\/\/fmpatagoniamadryn.com.ar\/?p=3856"]}]},{"@type":"ImageObject","inLanguage":"es","@id":"https:\/\/fmpatagoniamadryn.com.ar\/?p=3856#primaryimage","url":"https:\/\/fmpatagoniamadryn.com.ar\/wp-content\/uploads\/2023\/06\/Taller-Virtual-OSC.jpg","contentUrl":"https:\/\/fmpatagoniamadryn.com.ar\/wp-content\/uploads\/2023\/06\/Taller-Virtual-OSC.jpg","width":1174,"height":645},{"@type":"BreadcrumbList","@id":"https:\/\/fmpatagoniamadryn.com.ar\/?p=3856#breadcrumb","itemListElement":[{"@type":"ListItem","position":1,"name":"Portada","item":"https:\/\/fmpatagoniamadryn.com.ar\/"},{"@type":"ListItem","position":2,"name":"Provincia dict\u00f3 un taller virtual para Organizaciones de la Sociedad Civil cordillerana"}]},{"@type":"WebSite","@id":"https:\/\/fmpatagoniamadryn.com.ar\/#website","url":"https:\/\/fmpatagoniamadryn.com.ar\/","name":"FM Patagonia Madryn","description":"Radio Patagonia 105.5","publisher":{"@id":"https:\/\/fmpatagoniamadryn.com.ar\/#organization"},"potentialAction":[{"@type":"SearchAction","target":{"@type":"EntryPoint","urlTemplate":"https:\/\/fmpatagoniamadryn.com.ar\/?s={search_term_string}"},"query-input":{"@type":"PropertyValueSpecification","valueRequired":true,"valueName":"search_term_string"}}],"inLanguage":"es"},{"@type":"Organization","@id":"https:\/\/fmpatagoniamadryn.com.ar\/#organization","name":"FM Patagonia Madryn","url":"https:\/\/fmpatagoniamadryn.com.ar\/","logo":{"@type":"ImageObject","inLanguage":"es","@id":"https:\/\/fmpatagoniamadryn.com.ar\/#\/schema\/logo\/image\/","url":"https:\/\/fmpatagoniamadryn.com.ar\/wp-content\/uploads\/2023\/01\/cropped-Diseno-sin-titulo.png","contentUrl":"https:\/\/fmpatagoniamadryn.com.ar\/wp-content\/uploads\/2023\/01\/cropped-Diseno-sin-titulo.png","width":6911,"height":2657,"caption":"FM Patagonia Madryn"},"image":{"@id":"https:\/\/fmpatagoniamadryn.com.ar\/#\/schema\/logo\/image\/"}},{"@type":"Person","@id":"https:\/\/fmpatagoniamadryn.com.ar\/#\/schema\/person\/1d968ec613613768e14b4e6420a2b125","name":"FM Patagonia","url":"https:\/\/fmpatagoniamadryn.com.ar\/?author=3"}]}},"jetpack_featured_media_url":"https:\/\/fmpatagoniamadryn.com.ar\/wp-content\/uploads\/2023\/06\/Taller-Virtual-OSC.jpg","_links":{"self":[{"href":"https:\/\/fmpatagoniamadryn.com.ar\/index.php?rest_route=\/wp\/v2\/posts\/3856","targetHints":{"allow":["GET"]}}],"collection":[{"href":"https:\/\/fmpatagoniamadryn.com.ar\/index.php?rest_route=\/wp\/v2\/posts"}],"about":[{"href":"https:\/\/fmpatagoniamadryn.com.ar\/index.php?rest_route=\/wp\/v2\/types\/post"}],"author":[{"embeddable":true,"href":"https:\/\/fmpatagoniamadryn.com.ar\/index.php?rest_route=\/wp\/v2\/users\/3"}],"replies":[{"embeddable":true,"href":"https:\/\/fmpatagoniamadryn.com.ar\/index.php?rest_route=%2Fwp%2Fv2%2Fcomments&post=3856"}],"version-history":[{"count":1,"href":"https:\/\/fmpatagoniamadryn.com.ar\/index.php?rest_route=\/wp\/v2\/posts\/3856\/revisions"}],"predecessor-version":[{"id":3857,"href":"https:\/\/fmpatagoniamadryn.com.ar\/index.php?rest_route=\/wp\/v2\/posts\/3856\/revisions\/3857"}],"wp:featuredmedia":[{"embeddable":true,"href":"https:\/\/fmpatagoniamadryn.com.ar\/index.php?rest_route=\/wp\/v2\/media\/3855"}],"wp:attachment":[{"href":"https:\/\/fmpatagoniamadryn.com.ar\/index.php?rest_route=%2Fwp%2Fv2%2Fmedia&parent=3856"}],"wp:term":[{"taxonomy":"category","embeddable":true,"href":"https:\/\/fmpatagoniamadryn.com.ar\/index.php?rest_route=%2Fwp%2Fv2%2Fcategories&post=3856"},{"taxonomy":"post_tag","embeddable":true,"href":"https:\/\/fmpatagoniamadryn.com.ar\/index.php?rest_route=%2Fwp%2Fv2%2Ftags&post=3856"}],"curies":[{"name":"wp","href":"https:\/\/api.w.org\/{rel}","templated":true}]}}