{"id":3867,"date":"2023-06-23T21:08:52","date_gmt":"2023-06-24T00:08:52","guid":{"rendered":"https:\/\/fmpatagoniamadryn.com.ar\/?p=3867"},"modified":"2023-06-23T21:09:20","modified_gmt":"2023-06-24T00:09:20","slug":"sergio-massa-sera-el-candidato-a-presidente-de-union-por-la-patria-que-tendra-lista-de-unidad","status":"publish","type":"post","link":"https:\/\/fmpatagoniamadryn.com.ar\/?p=3867","title":{"rendered":"Sergio Massa ser\u00e1 el candidato a presidente de Uni\u00f3n por la Patria, que tendr\u00e1 lista de unidad"},"content":{"rendered":"\n<p>Tras arduas negociaciones contrarreloj y luego de que Eduardo \u00abWado\u00bb de Pedro y Daniel Scioli confirmaran ayer sus candidaturas, termin\u00f3 primando el pedido de Massa y los gobernadores por decantarse por una lista de unidad.<br \/><\/p>\n\n\n\n<p>Uni\u00f3n por la Patria tendr\u00e1 una lista de unidad. Esta noche, a menos de 24 horas del cierre de listas, se confirm\u00f3 que la f\u00f3rmula del espacio oficialista estar\u00e1 encabezada por el actual ministro de Econom\u00eda,&nbsp;<strong>Sergio Massa.<\/strong>&nbsp;Estar\u00e1 acompa\u00f1ado del jefe de Gabinete,&nbsp;<strong>Agust\u00edn Rossi.<\/strong><\/p>\n\n\n\n<p>Finalmente, tras arduas negociaciones contrarreloj y luego de que Eduardo \u00abWado\u00bb de Pedro y Daniel Scioli confirmaran ayer sus candidaturas, termin\u00f3 primando el pedido de Massa y los gobernadores por decantarse por una lista de unidad. El presidente Alberto Fern\u00e1ndez sum\u00f3 la adici\u00f3n del santafesino a la f\u00f3rmula.<\/p>\n\n\n\n<p>Uni\u00f3n por la Patria tiene lista de UNIDAD. Por responsabilidad institucional, pol\u00edtica y social, nuestro espacio ha decido conformar una lista de unidad que nos representar\u00e1 en las pr\u00f3ximas elecciones\u00bb, public\u00f3 Unidad por la Patria en su cuenta de Twitter.<\/p>\n\n\n\n<p>Nuestro candidato a presidente ser\u00e1 @SergioMassa y lo acompa\u00f1ar\u00e1 como candidato a vicepresidente @RossiAgustinOk. Reconocemos a los compa\u00f1eros @wadodecorrido y @danielscioli, que apostaron a la unidad del peronismo anteponiendo lo colectivo por sobre lo individual\u00bb, cerraron el mensaje.<br><br>El rumor de una candidatura de una lista de unidad en torno a Sergio Massa comenz\u00f3 este jueves, luego de la reuni\u00f3n de los gobernadores con Alberto Fern\u00e1ndez. En Casa Rosada, Gerardo Zamora (Santiago del Estero) y Ra\u00fal Jalil (Catamarca) le hab\u00edan expresado la voluntad de los mandatarios peronistas de una lista de unidad encabezada por el ministro de Econom\u00eda. El presidente habr\u00eda aceptado colaborar en interceder en que Daniel Scioli baje su candidatura con la condici\u00f3n de poder formar parte de la decisi\u00f3n del vicepresidente.<\/p>\n","protected":false},"excerpt":{"rendered":"<p>Tras arduas negociaciones contrarreloj y luego de que Eduardo \u00abWado\u00bb de Pedro y Daniel Scioli confirmaran ayer sus candidaturas, termin\u00f3 primando el pedido de Massa y los gobernadores por decantarse&hellip; <\/p>\n","protected":false},"author":3,"featured_media":3869,"comment_status":"closed","ping_status":"closed","sticky":false,"template":"","format":"standard","meta":{"footnotes":""},"categories":[2],"tags":[],"class_list":["post-3867","post","type-post","status-publish","format-standard","has-post-thumbnail","hentry","category-politica"],"yoast_head":"<!-- This site is optimized with the Yoast SEO plugin v27.4 - https:\/\/yoast.com\/product\/yoast-seo-wordpress\/ -->\n<title>Sergio Massa ser\u00e1 el candidato a presidente de Uni\u00f3n por la Patria, que tendr\u00e1 lista de unidad - FM Patagonia Madryn<\/title>\n<meta name=\"robots\" content=\"index, follow, max-snippet:-1, max-image-preview:large, max-video-preview:-1\" \/>\n<link rel=\"canonical\" href=\"https:\/\/fmpatagoniamadryn.com.ar\/?p=3867\" \/>\n<meta property=\"og:locale\" content=\"es_ES\" \/>\n<meta property=\"og:type\" content=\"article\" \/>\n<meta property=\"og:title\" content=\"Sergio Massa ser\u00e1 el candidato a presidente de Uni\u00f3n por la Patria, que tendr\u00e1 lista de unidad - FM Patagonia Madryn\" \/>\n<meta property=\"og:description\" content=\"Tras arduas negociaciones contrarreloj y luego de que Eduardo \u00abWado\u00bb de Pedro y Daniel Scioli confirmaran ayer sus candidaturas, termin\u00f3 primando el pedido de Massa y los gobernadores por decantarse&hellip;\" \/>\n<meta property=\"og:url\" content=\"https:\/\/fmpatagoniamadryn.com.ar\/?p=3867\" \/>\n<meta property=\"og:site_name\" content=\"FM Patagonia Madryn\" \/>\n<meta property=\"article:published_time\" content=\"2023-06-24T00:08:52+00:00\" \/>\n<meta property=\"article:modified_time\" content=\"2023-06-24T00:09:20+00:00\" \/>\n<meta property=\"og:image\" content=\"https:\/\/fmpatagoniamadryn.com.ar\/wp-content\/uploads\/2023\/06\/massajpg.jpg\" \/>\n\t<meta property=\"og:image:width\" content=\"375\" \/>\n\t<meta property=\"og:image:height\" content=\"211\" \/>\n\t<meta property=\"og:image:type\" content=\"image\/jpeg\" \/>\n<meta name=\"author\" content=\"FM Patagonia\" \/>\n<meta name=\"twitter:card\" content=\"summary_large_image\" \/>\n<meta name=\"twitter:label1\" content=\"Escrito por\" \/>\n\t<meta name=\"twitter:data1\" content=\"FM Patagonia\" \/>\n\t<meta name=\"twitter:label2\" content=\"Tiempo de lectura\" \/>\n\t<meta name=\"twitter:data2\" content=\"2 minutos\" \/>\n<script type=\"application\/ld+json\" class=\"yoast-schema-graph\">{\"@context\":\"https:\\\/\\\/schema.org\",\"@graph\":[{\"@type\":\"Article\",\"@id\":\"https:\\\/\\\/fmpatagoniamadryn.com.ar\\\/?p=3867#article\",\"isPartOf\":{\"@id\":\"https:\\\/\\\/fmpatagoniamadryn.com.ar\\\/?p=3867\"},\"author\":{\"name\":\"FM Patagonia\",\"@id\":\"https:\\\/\\\/fmpatagoniamadryn.com.ar\\\/#\\\/schema\\\/person\\\/1d968ec613613768e14b4e6420a2b125\"},\"headline\":\"Sergio Massa ser\u00e1 el candidato a presidente de Uni\u00f3n por la Patria, que tendr\u00e1 lista de unidad\",\"datePublished\":\"2023-06-24T00:08:52+00:00\",\"dateModified\":\"2023-06-24T00:09:20+00:00\",\"mainEntityOfPage\":{\"@id\":\"https:\\\/\\\/fmpatagoniamadryn.com.ar\\\/?p=3867\"},\"wordCount\":334,\"publisher\":{\"@id\":\"https:\\\/\\\/fmpatagoniamadryn.com.ar\\\/#organization\"},\"image\":{\"@id\":\"https:\\\/\\\/fmpatagoniamadryn.com.ar\\\/?p=3867#primaryimage\"},\"thumbnailUrl\":\"https:\\\/\\\/fmpatagoniamadryn.com.ar\\\/wp-content\\\/uploads\\\/2023\\\/06\\\/massajpg.jpg\",\"articleSection\":[\"Pol\u00edtica\"],\"inLanguage\":\"es\"},{\"@type\":\"WebPage\",\"@id\":\"https:\\\/\\\/fmpatagoniamadryn.com.ar\\\/?p=3867\",\"url\":\"https:\\\/\\\/fmpatagoniamadryn.com.ar\\\/?p=3867\",\"name\":\"Sergio Massa ser\u00e1 el candidato a presidente de Uni\u00f3n por la Patria, que tendr\u00e1 lista de unidad - FM Patagonia Madryn\",\"isPartOf\":{\"@id\":\"https:\\\/\\\/fmpatagoniamadryn.com.ar\\\/#website\"},\"primaryImageOfPage\":{\"@id\":\"https:\\\/\\\/fmpatagoniamadryn.com.ar\\\/?p=3867#primaryimage\"},\"image\":{\"@id\":\"https:\\\/\\\/fmpatagoniamadryn.com.ar\\\/?p=3867#primaryimage\"},\"thumbnailUrl\":\"https:\\\/\\\/fmpatagoniamadryn.com.ar\\\/wp-content\\\/uploads\\\/2023\\\/06\\\/massajpg.jpg\",\"datePublished\":\"2023-06-24T00:08:52+00:00\",\"dateModified\":\"2023-06-24T00:09:20+00:00\",\"breadcrumb\":{\"@id\":\"https:\\\/\\\/fmpatagoniamadryn.com.ar\\\/?p=3867#breadcrumb\"},\"inLanguage\":\"es\",\"potentialAction\":[{\"@type\":\"ReadAction\",\"target\":[\"https:\\\/\\\/fmpatagoniamadryn.com.ar\\\/?p=3867\"]}]},{\"@type\":\"ImageObject\",\"inLanguage\":\"es\",\"@id\":\"https:\\\/\\\/fmpatagoniamadryn.com.ar\\\/?p=3867#primaryimage\",\"url\":\"https:\\\/\\\/fmpatagoniamadryn.com.ar\\\/wp-content\\\/uploads\\\/2023\\\/06\\\/massajpg.jpg\",\"contentUrl\":\"https:\\\/\\\/fmpatagoniamadryn.com.ar\\\/wp-content\\\/uploads\\\/2023\\\/06\\\/massajpg.jpg\",\"width\":375,\"height\":211},{\"@type\":\"BreadcrumbList\",\"@id\":\"https:\\\/\\\/fmpatagoniamadryn.com.ar\\\/?p=3867#breadcrumb\",\"itemListElement\":[{\"@type\":\"ListItem\",\"position\":1,\"name\":\"Portada\",\"item\":\"https:\\\/\\\/fmpatagoniamadryn.com.ar\\\/\"},{\"@type\":\"ListItem\",\"position\":2,\"name\":\"Sergio Massa ser\u00e1 el candidato a presidente de Uni\u00f3n por la Patria, que tendr\u00e1 lista de unidad\"}]},{\"@type\":\"WebSite\",\"@id\":\"https:\\\/\\\/fmpatagoniamadryn.com.ar\\\/#website\",\"url\":\"https:\\\/\\\/fmpatagoniamadryn.com.ar\\\/\",\"name\":\"FM Patagonia Madryn\",\"description\":\"Radio Patagonia 105.5\",\"publisher\":{\"@id\":\"https:\\\/\\\/fmpatagoniamadryn.com.ar\\\/#organization\"},\"potentialAction\":[{\"@type\":\"SearchAction\",\"target\":{\"@type\":\"EntryPoint\",\"urlTemplate\":\"https:\\\/\\\/fmpatagoniamadryn.com.ar\\\/?s={search_term_string}\"},\"query-input\":{\"@type\":\"PropertyValueSpecification\",\"valueRequired\":true,\"valueName\":\"search_term_string\"}}],\"inLanguage\":\"es\"},{\"@type\":\"Organization\",\"@id\":\"https:\\\/\\\/fmpatagoniamadryn.com.ar\\\/#organization\",\"name\":\"FM Patagonia Madryn\",\"url\":\"https:\\\/\\\/fmpatagoniamadryn.com.ar\\\/\",\"logo\":{\"@type\":\"ImageObject\",\"inLanguage\":\"es\",\"@id\":\"https:\\\/\\\/fmpatagoniamadryn.com.ar\\\/#\\\/schema\\\/logo\\\/image\\\/\",\"url\":\"https:\\\/\\\/fmpatagoniamadryn.com.ar\\\/wp-content\\\/uploads\\\/2023\\\/01\\\/cropped-Diseno-sin-titulo.png\",\"contentUrl\":\"https:\\\/\\\/fmpatagoniamadryn.com.ar\\\/wp-content\\\/uploads\\\/2023\\\/01\\\/cropped-Diseno-sin-titulo.png\",\"width\":6911,\"height\":2657,\"caption\":\"FM Patagonia Madryn\"},\"image\":{\"@id\":\"https:\\\/\\\/fmpatagoniamadryn.com.ar\\\/#\\\/schema\\\/logo\\\/image\\\/\"}},{\"@type\":\"Person\",\"@id\":\"https:\\\/\\\/fmpatagoniamadryn.com.ar\\\/#\\\/schema\\\/person\\\/1d968ec613613768e14b4e6420a2b125\",\"name\":\"FM Patagonia\",\"url\":\"https:\\\/\\\/fmpatagoniamadryn.com.ar\\\/?author=3\"}]}<\/script>\n<!-- \/ Yoast SEO plugin. -->","yoast_head_json":{"title":"Sergio Massa ser\u00e1 el candidato a presidente de Uni\u00f3n por la Patria, que tendr\u00e1 lista de unidad - FM Patagonia Madryn","robots":{"index":"index","follow":"follow","max-snippet":"max-snippet:-1","max-image-preview":"max-image-preview:large","max-video-preview":"max-video-preview:-1"},"canonical":"https:\/\/fmpatagoniamadryn.com.ar\/?p=3867","og_locale":"es_ES","og_type":"article","og_title":"Sergio Massa ser\u00e1 el candidato a presidente de Uni\u00f3n por la Patria, que tendr\u00e1 lista de unidad - FM Patagonia Madryn","og_description":"Tras arduas negociaciones contrarreloj y luego de que Eduardo \u00abWado\u00bb de Pedro y Daniel Scioli confirmaran ayer sus candidaturas, termin\u00f3 primando el pedido de Massa y los gobernadores por decantarse&hellip;","og_url":"https:\/\/fmpatagoniamadryn.com.ar\/?p=3867","og_site_name":"FM Patagonia Madryn","article_published_time":"2023-06-24T00:08:52+00:00","article_modified_time":"2023-06-24T00:09:20+00:00","og_image":[{"width":375,"height":211,"url":"https:\/\/fmpatagoniamadryn.com.ar\/wp-content\/uploads\/2023\/06\/massajpg.jpg","type":"image\/jpeg"}],"author":"FM Patagonia","twitter_card":"summary_large_image","twitter_misc":{"Escrito por":"FM Patagonia","Tiempo de lectura":"2 minutos"},"schema":{"@context":"https:\/\/schema.org","@graph":[{"@type":"Article","@id":"https:\/\/fmpatagoniamadryn.com.ar\/?p=3867#article","isPartOf":{"@id":"https:\/\/fmpatagoniamadryn.com.ar\/?p=3867"},"author":{"name":"FM Patagonia","@id":"https:\/\/fmpatagoniamadryn.com.ar\/#\/schema\/person\/1d968ec613613768e14b4e6420a2b125"},"headline":"Sergio Massa ser\u00e1 el candidato a presidente de Uni\u00f3n por la Patria, que tendr\u00e1 lista de unidad","datePublished":"2023-06-24T00:08:52+00:00","dateModified":"2023-06-24T00:09:20+00:00","mainEntityOfPage":{"@id":"https:\/\/fmpatagoniamadryn.com.ar\/?p=3867"},"wordCount":334,"publisher":{"@id":"https:\/\/fmpatagoniamadryn.com.ar\/#organization"},"image":{"@id":"https:\/\/fmpatagoniamadryn.com.ar\/?p=3867#primaryimage"},"thumbnailUrl":"https:\/\/fmpatagoniamadryn.com.ar\/wp-content\/uploads\/2023\/06\/massajpg.jpg","articleSection":["Pol\u00edtica"],"inLanguage":"es"},{"@type":"WebPage","@id":"https:\/\/fmpatagoniamadryn.com.ar\/?p=3867","url":"https:\/\/fmpatagoniamadryn.com.ar\/?p=3867","name":"Sergio Massa ser\u00e1 el candidato a presidente de Uni\u00f3n por la Patria, que tendr\u00e1 lista de unidad - FM Patagonia Madryn","isPartOf":{"@id":"https:\/\/fmpatagoniamadryn.com.ar\/#website"},"primaryImageOfPage":{"@id":"https:\/\/fmpatagoniamadryn.com.ar\/?p=3867#primaryimage"},"image":{"@id":"https:\/\/fmpatagoniamadryn.com.ar\/?p=3867#primaryimage"},"thumbnailUrl":"https:\/\/fmpatagoniamadryn.com.ar\/wp-content\/uploads\/2023\/06\/massajpg.jpg","datePublished":"2023-06-24T00:08:52+00:00","dateModified":"2023-06-24T00:09:20+00:00","breadcrumb":{"@id":"https:\/\/fmpatagoniamadryn.com.ar\/?p=3867#breadcrumb"},"inLanguage":"es","potentialAction":[{"@type":"ReadAction","target":["https:\/\/fmpatagoniamadryn.com.ar\/?p=3867"]}]},{"@type":"ImageObject","inLanguage":"es","@id":"https:\/\/fmpatagoniamadryn.com.ar\/?p=3867#primaryimage","url":"https:\/\/fmpatagoniamadryn.com.ar\/wp-content\/uploads\/2023\/06\/massajpg.jpg","contentUrl":"https:\/\/fmpatagoniamadryn.com.ar\/wp-content\/uploads\/2023\/06\/massajpg.jpg","width":375,"height":211},{"@type":"BreadcrumbList","@id":"https:\/\/fmpatagoniamadryn.com.ar\/?p=3867#breadcrumb","itemListElement":[{"@type":"ListItem","position":1,"name":"Portada","item":"https:\/\/fmpatagoniamadryn.com.ar\/"},{"@type":"ListItem","position":2,"name":"Sergio Massa ser\u00e1 el candidato a presidente de Uni\u00f3n por la Patria, que tendr\u00e1 lista de unidad"}]},{"@type":"WebSite","@id":"https:\/\/fmpatagoniamadryn.com.ar\/#website","url":"https:\/\/fmpatagoniamadryn.com.ar\/","name":"FM Patagonia Madryn","description":"Radio Patagonia 105.5","publisher":{"@id":"https:\/\/fmpatagoniamadryn.com.ar\/#organization"},"potentialAction":[{"@type":"SearchAction","target":{"@type":"EntryPoint","urlTemplate":"https:\/\/fmpatagoniamadryn.com.ar\/?s={search_term_string}"},"query-input":{"@type":"PropertyValueSpecification","valueRequired":true,"valueName":"search_term_string"}}],"inLanguage":"es"},{"@type":"Organization","@id":"https:\/\/fmpatagoniamadryn.com.ar\/#organization","name":"FM Patagonia Madryn","url":"https:\/\/fmpatagoniamadryn.com.ar\/","logo":{"@type":"ImageObject","inLanguage":"es","@id":"https:\/\/fmpatagoniamadryn.com.ar\/#\/schema\/logo\/image\/","url":"https:\/\/fmpatagoniamadryn.com.ar\/wp-content\/uploads\/2023\/01\/cropped-Diseno-sin-titulo.png","contentUrl":"https:\/\/fmpatagoniamadryn.com.ar\/wp-content\/uploads\/2023\/01\/cropped-Diseno-sin-titulo.png","width":6911,"height":2657,"caption":"FM Patagonia Madryn"},"image":{"@id":"https:\/\/fmpatagoniamadryn.com.ar\/#\/schema\/logo\/image\/"}},{"@type":"Person","@id":"https:\/\/fmpatagoniamadryn.com.ar\/#\/schema\/person\/1d968ec613613768e14b4e6420a2b125","name":"FM Patagonia","url":"https:\/\/fmpatagoniamadryn.com.ar\/?author=3"}]}},"jetpack_featured_media_url":"https:\/\/fmpatagoniamadryn.com.ar\/wp-content\/uploads\/2023\/06\/massajpg.jpg","_links":{"self":[{"href":"https:\/\/fmpatagoniamadryn.com.ar\/index.php?rest_route=\/wp\/v2\/posts\/3867","targetHints":{"allow":["GET"]}}],"collection":[{"href":"https:\/\/fmpatagoniamadryn.com.ar\/index.php?rest_route=\/wp\/v2\/posts"}],"about":[{"href":"https:\/\/fmpatagoniamadryn.com.ar\/index.php?rest_route=\/wp\/v2\/types\/post"}],"author":[{"embeddable":true,"href":"https:\/\/fmpatagoniamadryn.com.ar\/index.php?rest_route=\/wp\/v2\/users\/3"}],"replies":[{"embeddable":true,"href":"https:\/\/fmpatagoniamadryn.com.ar\/index.php?rest_route=%2Fwp%2Fv2%2Fcomments&post=3867"}],"version-history":[{"count":2,"href":"https:\/\/fmpatagoniamadryn.com.ar\/index.php?rest_route=\/wp\/v2\/posts\/3867\/revisions"}],"predecessor-version":[{"id":3870,"href":"https:\/\/fmpatagoniamadryn.com.ar\/index.php?rest_route=\/wp\/v2\/posts\/3867\/revisions\/3870"}],"wp:featuredmedia":[{"embeddable":true,"href":"https:\/\/fmpatagoniamadryn.com.ar\/index.php?rest_route=\/wp\/v2\/media\/3869"}],"wp:attachment":[{"href":"https:\/\/fmpatagoniamadryn.com.ar\/index.php?rest_route=%2Fwp%2Fv2%2Fmedia&parent=3867"}],"wp:term":[{"taxonomy":"category","embeddable":true,"href":"https:\/\/fmpatagoniamadryn.com.ar\/index.php?rest_route=%2Fwp%2Fv2%2Fcategories&post=3867"},{"taxonomy":"post_tag","embeddable":true,"href":"https:\/\/fmpatagoniamadryn.com.ar\/index.php?rest_route=%2Fwp%2Fv2%2Ftags&post=3867"}],"curies":[{"name":"wp","href":"https:\/\/api.w.org\/{rel}","templated":true}]}}