{"id":3881,"date":"2023-06-24T12:46:48","date_gmt":"2023-06-24T15:46:48","guid":{"rendered":"https:\/\/fmpatagoniamadryn.com.ar\/?p=3881"},"modified":"2023-06-24T12:47:05","modified_gmt":"2023-06-24T15:47:05","slug":"comodoro-rivadavia-arcioni-participo-de-la-reinauguracion-e-imposicion-del-nombre-de-la-sala-de-situacion-de-la-unidad-regional","status":"publish","type":"post","link":"https:\/\/fmpatagoniamadryn.com.ar\/?p=3881","title":{"rendered":"Comodoro Rivadavia: Arcioni particip\u00f3 de la reinauguraci\u00f3n e imposici\u00f3n del nombre de la Sala de Situaci\u00f3n de la Unidad Regional"},"content":{"rendered":"\n<p>El emotivo acto se realiz\u00f3 este viernes por la tarde en la ciudad petrolera.<br><br>El gobernador de la Provincia, Mariano Arcioni, presidi\u00f3 este viernes la reinauguraci\u00f3n e imposici\u00f3n del nombre de la Sala de Situaci\u00f3n ubicada en la Unidad Regional de Comodoro Rivadavia, la cual llevar\u00e1 el nombre de Guillermo Jones.<br><br>El acto se desarroll\u00f3 en horas de la tarde y del mismo participaron los ministros de Seguridad, Miguel Castro; de Salud, Miry\u00e1m Monasterolo y de Agricultura, Ganader\u00eda, Industria y Comercio, Leandro Cavaco; el jefe de Polic\u00eda de Chubut, C\u00e9sar Brandt; el jefe de la Unidad Regional Comodoro Rivadavia, Cristian Ansaldo; Plana Mayor; el expolic\u00eda, Guillermo Jones; familia, entre otros.  <br><br>\u201cUn justo reconocimiento\u201d<br><br>Arcioni reconoci\u00f3 \u201cel cari\u00f1o que tiene por el personal de las fuerzas policiales\u201d y destac\u00f3 \u201cel justo reconocimiento para Guillermo Jones a sus treinta a\u00f1os de servicio\u201d.<br><br>Al respecto, el Gobernador precis\u00f3 que \u201ces un gran reconocimiento imponer su nombre a la Sala de Situaci\u00f3n, no solo para su familia sino para la sociedad, por todo lo que hace para la comunidad\u201d.<br><br>\u201cQuer\u00eda estar presente por el gran afecto, cari\u00f1o y respeto que tengo con los hermanos Jones\u201d dijo Arcioni, agregando que \u201csu presencia ha sido impecable en la Fuerzas y es un justo reconocimiento\u201d.<br><br>En primer lugar, se dio lectura al expediente N\u00b0 29\/2023 por el cual el jefe de la Polic\u00eda del Chubut, C\u00e9sar Brandt, impuso a partir de la fecha el nombre de \u201cComisario General (RSE) Guillermo Jones a la Sala de Situaci\u00f3n de la Unidad Regional de Comodoro Rivadavia\u201d.<br><br>Cabe mencionar que el Comisario General se desempe\u00f1\u00f3 como Jefe del \u00c1rea Unidad Regional Comodoro Rivadavia en los a\u00f1os 1977 y 1981. Y su conducta de trabajo ha sido genuina y de total crecimiento institucional.<br><br>Jones de 86 a\u00f1os, naci\u00f3 el 21 de enero de 1937. Sus destinos lo hicieron recorrer Puerto Madryn y Esquel, hasta arribar a la jefatura de Polic\u00eda. Fue jefe de Unidad Regional Comodoro Rivadavia y lo reemplaz\u00f3 su hermano Allum, cuando se fue a Rawson para hacerse cargo de la subjefatura de Polic\u00eda.<br><br>Es de familia de Polic\u00edas, el padre de Allum y Guillermo se llamaba Isaac Jones, quien fue Sargento Primero de Polic\u00eda. Actualmente integra la Comisi\u00f3n de la Cooperadora Policial, instituci\u00f3n que trabaja codo a codo con la Polic\u00eda del Chubut.<br><br>\u201cHonor y orgullo institucional\u201d<br><br>El jefe de Polic\u00eda, C\u00e9sar Brandt, se dirigi\u00f3 a los presentes durante el acto y destac\u00f3 \u201cla tarea de las personas que colaboraron con la remodelaci\u00f3n de la Sala de Situaci\u00f3n de la Unidad Regional de Comodoro Rivadavia y la organizaci\u00f3n para realizar el acto\u201d.<br><br>\u201cSomos agradecidos de personas como Don Jones que nos han marcado un camino a seguir\u201d dijo Brandt remarcando \u201cel honor y orgullo institucional de participar de un acto tan importante para las Fuerzas Policiales\u201d.<br><br>Reconocimiento<br><br>Por su parte, el Comisario General (RSE) Guillermo Jones agradeci\u00f3 la presencia del gobernador Mariano Arcioni y de las autoridades provinciales y agradeci\u00f3 el \u201creconocimiento\u201d que le hicieron con la imposici\u00f3n de su nombre a la Sala de Situaci\u00f3n.<br><br>\u201cEspero estar a la altura de semejante reconocimiento, le dediqu\u00e9 un tiempo importante a la profesi\u00f3n, hice grandes amigos y trabaj\u00e9 para la comunidad\u201d dijo Jones.<br><br>\u201cEs muy grande lo que siento, ocupa todo el pecho y estoy enormemente agradecido\u201d manifest\u00f3 Jones, quien se mostr\u00f3 profundamente emocionado con el reconocimiento.<br><br>&#8212;<\/p>\n","protected":false},"excerpt":{"rendered":"<p>El emotivo acto se realiz\u00f3 este viernes por la tarde en la ciudad petrolera. El gobernador de la Provincia, Mariano Arcioni, presidi\u00f3 este viernes la reinauguraci\u00f3n e imposici\u00f3n del nombre&hellip; <\/p>\n","protected":false},"author":3,"featured_media":3880,"comment_status":"closed","ping_status":"closed","sticky":false,"template":"","format":"standard","meta":{"footnotes":""},"categories":[14],"tags":[],"class_list":["post-3881","post","type-post","status-publish","format-standard","has-post-thumbnail","hentry","category-provinciales"],"yoast_head":"<!-- This site is optimized with the Yoast SEO plugin v27.4 - https:\/\/yoast.com\/product\/yoast-seo-wordpress\/ -->\n<title>Comodoro Rivadavia: Arcioni particip\u00f3 de la reinauguraci\u00f3n e imposici\u00f3n del nombre de la Sala de Situaci\u00f3n de la Unidad Regional - FM Patagonia Madryn<\/title>\n<meta name=\"robots\" content=\"index, follow, max-snippet:-1, max-image-preview:large, max-video-preview:-1\" \/>\n<link rel=\"canonical\" href=\"https:\/\/fmpatagoniamadryn.com.ar\/?p=3881\" \/>\n<meta property=\"og:locale\" content=\"es_ES\" \/>\n<meta property=\"og:type\" content=\"article\" \/>\n<meta property=\"og:title\" content=\"Comodoro Rivadavia: Arcioni particip\u00f3 de la reinauguraci\u00f3n e imposici\u00f3n del nombre de la Sala de Situaci\u00f3n de la Unidad Regional - FM Patagonia Madryn\" \/>\n<meta property=\"og:description\" content=\"El emotivo acto se realiz\u00f3 este viernes por la tarde en la ciudad petrolera. El gobernador de la Provincia, Mariano Arcioni, presidi\u00f3 este viernes la reinauguraci\u00f3n e imposici\u00f3n del nombre&hellip;\" \/>\n<meta property=\"og:url\" content=\"https:\/\/fmpatagoniamadryn.com.ar\/?p=3881\" \/>\n<meta property=\"og:site_name\" content=\"FM Patagonia Madryn\" \/>\n<meta property=\"article:published_time\" content=\"2023-06-24T15:46:48+00:00\" \/>\n<meta property=\"article:modified_time\" content=\"2023-06-24T15:47:05+00:00\" \/>\n<meta property=\"og:image\" content=\"https:\/\/fmpatagoniamadryn.com.ar\/wp-content\/uploads\/2023\/06\/Arcioni-scaled.jpg\" \/>\n\t<meta property=\"og:image:width\" content=\"2560\" \/>\n\t<meta property=\"og:image:height\" content=\"1709\" \/>\n\t<meta property=\"og:image:type\" content=\"image\/jpeg\" \/>\n<meta name=\"author\" content=\"FM Patagonia\" \/>\n<meta name=\"twitter:card\" content=\"summary_large_image\" \/>\n<meta name=\"twitter:label1\" content=\"Escrito por\" \/>\n\t<meta name=\"twitter:data1\" content=\"FM Patagonia\" \/>\n\t<meta name=\"twitter:label2\" content=\"Tiempo de lectura\" \/>\n\t<meta name=\"twitter:data2\" content=\"3 minutos\" \/>\n<script type=\"application\/ld+json\" class=\"yoast-schema-graph\">{\"@context\":\"https:\\\/\\\/schema.org\",\"@graph\":[{\"@type\":\"Article\",\"@id\":\"https:\\\/\\\/fmpatagoniamadryn.com.ar\\\/?p=3881#article\",\"isPartOf\":{\"@id\":\"https:\\\/\\\/fmpatagoniamadryn.com.ar\\\/?p=3881\"},\"author\":{\"name\":\"FM Patagonia\",\"@id\":\"https:\\\/\\\/fmpatagoniamadryn.com.ar\\\/#\\\/schema\\\/person\\\/1d968ec613613768e14b4e6420a2b125\"},\"headline\":\"Comodoro Rivadavia: Arcioni particip\u00f3 de la reinauguraci\u00f3n e imposici\u00f3n del nombre de la Sala de Situaci\u00f3n de la Unidad Regional\",\"datePublished\":\"2023-06-24T15:46:48+00:00\",\"dateModified\":\"2023-06-24T15:47:05+00:00\",\"mainEntityOfPage\":{\"@id\":\"https:\\\/\\\/fmpatagoniamadryn.com.ar\\\/?p=3881\"},\"wordCount\":608,\"publisher\":{\"@id\":\"https:\\\/\\\/fmpatagoniamadryn.com.ar\\\/#organization\"},\"image\":{\"@id\":\"https:\\\/\\\/fmpatagoniamadryn.com.ar\\\/?p=3881#primaryimage\"},\"thumbnailUrl\":\"https:\\\/\\\/fmpatagoniamadryn.com.ar\\\/wp-content\\\/uploads\\\/2023\\\/06\\\/Arcioni-scaled.jpg\",\"articleSection\":[\"Provinciales\"],\"inLanguage\":\"es\"},{\"@type\":\"WebPage\",\"@id\":\"https:\\\/\\\/fmpatagoniamadryn.com.ar\\\/?p=3881\",\"url\":\"https:\\\/\\\/fmpatagoniamadryn.com.ar\\\/?p=3881\",\"name\":\"Comodoro Rivadavia: Arcioni particip\u00f3 de la reinauguraci\u00f3n e imposici\u00f3n del nombre de la Sala de Situaci\u00f3n de la Unidad Regional - FM Patagonia Madryn\",\"isPartOf\":{\"@id\":\"https:\\\/\\\/fmpatagoniamadryn.com.ar\\\/#website\"},\"primaryImageOfPage\":{\"@id\":\"https:\\\/\\\/fmpatagoniamadryn.com.ar\\\/?p=3881#primaryimage\"},\"image\":{\"@id\":\"https:\\\/\\\/fmpatagoniamadryn.com.ar\\\/?p=3881#primaryimage\"},\"thumbnailUrl\":\"https:\\\/\\\/fmpatagoniamadryn.com.ar\\\/wp-content\\\/uploads\\\/2023\\\/06\\\/Arcioni-scaled.jpg\",\"datePublished\":\"2023-06-24T15:46:48+00:00\",\"dateModified\":\"2023-06-24T15:47:05+00:00\",\"breadcrumb\":{\"@id\":\"https:\\\/\\\/fmpatagoniamadryn.com.ar\\\/?p=3881#breadcrumb\"},\"inLanguage\":\"es\",\"potentialAction\":[{\"@type\":\"ReadAction\",\"target\":[\"https:\\\/\\\/fmpatagoniamadryn.com.ar\\\/?p=3881\"]}]},{\"@type\":\"ImageObject\",\"inLanguage\":\"es\",\"@id\":\"https:\\\/\\\/fmpatagoniamadryn.com.ar\\\/?p=3881#primaryimage\",\"url\":\"https:\\\/\\\/fmpatagoniamadryn.com.ar\\\/wp-content\\\/uploads\\\/2023\\\/06\\\/Arcioni-scaled.jpg\",\"contentUrl\":\"https:\\\/\\\/fmpatagoniamadryn.com.ar\\\/wp-content\\\/uploads\\\/2023\\\/06\\\/Arcioni-scaled.jpg\",\"width\":2560,\"height\":1709},{\"@type\":\"BreadcrumbList\",\"@id\":\"https:\\\/\\\/fmpatagoniamadryn.com.ar\\\/?p=3881#breadcrumb\",\"itemListElement\":[{\"@type\":\"ListItem\",\"position\":1,\"name\":\"Portada\",\"item\":\"https:\\\/\\\/fmpatagoniamadryn.com.ar\\\/\"},{\"@type\":\"ListItem\",\"position\":2,\"name\":\"Comodoro Rivadavia: Arcioni particip\u00f3 de la reinauguraci\u00f3n e imposici\u00f3n del nombre de la Sala de Situaci\u00f3n de la Unidad Regional\"}]},{\"@type\":\"WebSite\",\"@id\":\"https:\\\/\\\/fmpatagoniamadryn.com.ar\\\/#website\",\"url\":\"https:\\\/\\\/fmpatagoniamadryn.com.ar\\\/\",\"name\":\"FM Patagonia Madryn\",\"description\":\"Radio Patagonia 105.5\",\"publisher\":{\"@id\":\"https:\\\/\\\/fmpatagoniamadryn.com.ar\\\/#organization\"},\"potentialAction\":[{\"@type\":\"SearchAction\",\"target\":{\"@type\":\"EntryPoint\",\"urlTemplate\":\"https:\\\/\\\/fmpatagoniamadryn.com.ar\\\/?s={search_term_string}\"},\"query-input\":{\"@type\":\"PropertyValueSpecification\",\"valueRequired\":true,\"valueName\":\"search_term_string\"}}],\"inLanguage\":\"es\"},{\"@type\":\"Organization\",\"@id\":\"https:\\\/\\\/fmpatagoniamadryn.com.ar\\\/#organization\",\"name\":\"FM Patagonia Madryn\",\"url\":\"https:\\\/\\\/fmpatagoniamadryn.com.ar\\\/\",\"logo\":{\"@type\":\"ImageObject\",\"inLanguage\":\"es\",\"@id\":\"https:\\\/\\\/fmpatagoniamadryn.com.ar\\\/#\\\/schema\\\/logo\\\/image\\\/\",\"url\":\"https:\\\/\\\/fmpatagoniamadryn.com.ar\\\/wp-content\\\/uploads\\\/2023\\\/01\\\/cropped-Diseno-sin-titulo.png\",\"contentUrl\":\"https:\\\/\\\/fmpatagoniamadryn.com.ar\\\/wp-content\\\/uploads\\\/2023\\\/01\\\/cropped-Diseno-sin-titulo.png\",\"width\":6911,\"height\":2657,\"caption\":\"FM Patagonia Madryn\"},\"image\":{\"@id\":\"https:\\\/\\\/fmpatagoniamadryn.com.ar\\\/#\\\/schema\\\/logo\\\/image\\\/\"}},{\"@type\":\"Person\",\"@id\":\"https:\\\/\\\/fmpatagoniamadryn.com.ar\\\/#\\\/schema\\\/person\\\/1d968ec613613768e14b4e6420a2b125\",\"name\":\"FM Patagonia\",\"url\":\"https:\\\/\\\/fmpatagoniamadryn.com.ar\\\/?author=3\"}]}<\/script>\n<!-- \/ Yoast SEO plugin. -->","yoast_head_json":{"title":"Comodoro Rivadavia: Arcioni particip\u00f3 de la reinauguraci\u00f3n e imposici\u00f3n del nombre de la Sala de Situaci\u00f3n de la Unidad Regional - FM Patagonia Madryn","robots":{"index":"index","follow":"follow","max-snippet":"max-snippet:-1","max-image-preview":"max-image-preview:large","max-video-preview":"max-video-preview:-1"},"canonical":"https:\/\/fmpatagoniamadryn.com.ar\/?p=3881","og_locale":"es_ES","og_type":"article","og_title":"Comodoro Rivadavia: Arcioni particip\u00f3 de la reinauguraci\u00f3n e imposici\u00f3n del nombre de la Sala de Situaci\u00f3n de la Unidad Regional - FM Patagonia Madryn","og_description":"El emotivo acto se realiz\u00f3 este viernes por la tarde en la ciudad petrolera. El gobernador de la Provincia, Mariano Arcioni, presidi\u00f3 este viernes la reinauguraci\u00f3n e imposici\u00f3n del nombre&hellip;","og_url":"https:\/\/fmpatagoniamadryn.com.ar\/?p=3881","og_site_name":"FM Patagonia Madryn","article_published_time":"2023-06-24T15:46:48+00:00","article_modified_time":"2023-06-24T15:47:05+00:00","og_image":[{"width":2560,"height":1709,"url":"https:\/\/fmpatagoniamadryn.com.ar\/wp-content\/uploads\/2023\/06\/Arcioni-scaled.jpg","type":"image\/jpeg"}],"author":"FM Patagonia","twitter_card":"summary_large_image","twitter_misc":{"Escrito por":"FM Patagonia","Tiempo de lectura":"3 minutos"},"schema":{"@context":"https:\/\/schema.org","@graph":[{"@type":"Article","@id":"https:\/\/fmpatagoniamadryn.com.ar\/?p=3881#article","isPartOf":{"@id":"https:\/\/fmpatagoniamadryn.com.ar\/?p=3881"},"author":{"name":"FM Patagonia","@id":"https:\/\/fmpatagoniamadryn.com.ar\/#\/schema\/person\/1d968ec613613768e14b4e6420a2b125"},"headline":"Comodoro Rivadavia: Arcioni particip\u00f3 de la reinauguraci\u00f3n e imposici\u00f3n del nombre de la Sala de Situaci\u00f3n de la Unidad Regional","datePublished":"2023-06-24T15:46:48+00:00","dateModified":"2023-06-24T15:47:05+00:00","mainEntityOfPage":{"@id":"https:\/\/fmpatagoniamadryn.com.ar\/?p=3881"},"wordCount":608,"publisher":{"@id":"https:\/\/fmpatagoniamadryn.com.ar\/#organization"},"image":{"@id":"https:\/\/fmpatagoniamadryn.com.ar\/?p=3881#primaryimage"},"thumbnailUrl":"https:\/\/fmpatagoniamadryn.com.ar\/wp-content\/uploads\/2023\/06\/Arcioni-scaled.jpg","articleSection":["Provinciales"],"inLanguage":"es"},{"@type":"WebPage","@id":"https:\/\/fmpatagoniamadryn.com.ar\/?p=3881","url":"https:\/\/fmpatagoniamadryn.com.ar\/?p=3881","name":"Comodoro Rivadavia: Arcioni particip\u00f3 de la reinauguraci\u00f3n e imposici\u00f3n del nombre de la Sala de Situaci\u00f3n de la Unidad Regional - FM Patagonia Madryn","isPartOf":{"@id":"https:\/\/fmpatagoniamadryn.com.ar\/#website"},"primaryImageOfPage":{"@id":"https:\/\/fmpatagoniamadryn.com.ar\/?p=3881#primaryimage"},"image":{"@id":"https:\/\/fmpatagoniamadryn.com.ar\/?p=3881#primaryimage"},"thumbnailUrl":"https:\/\/fmpatagoniamadryn.com.ar\/wp-content\/uploads\/2023\/06\/Arcioni-scaled.jpg","datePublished":"2023-06-24T15:46:48+00:00","dateModified":"2023-06-24T15:47:05+00:00","breadcrumb":{"@id":"https:\/\/fmpatagoniamadryn.com.ar\/?p=3881#breadcrumb"},"inLanguage":"es","potentialAction":[{"@type":"ReadAction","target":["https:\/\/fmpatagoniamadryn.com.ar\/?p=3881"]}]},{"@type":"ImageObject","inLanguage":"es","@id":"https:\/\/fmpatagoniamadryn.com.ar\/?p=3881#primaryimage","url":"https:\/\/fmpatagoniamadryn.com.ar\/wp-content\/uploads\/2023\/06\/Arcioni-scaled.jpg","contentUrl":"https:\/\/fmpatagoniamadryn.com.ar\/wp-content\/uploads\/2023\/06\/Arcioni-scaled.jpg","width":2560,"height":1709},{"@type":"BreadcrumbList","@id":"https:\/\/fmpatagoniamadryn.com.ar\/?p=3881#breadcrumb","itemListElement":[{"@type":"ListItem","position":1,"name":"Portada","item":"https:\/\/fmpatagoniamadryn.com.ar\/"},{"@type":"ListItem","position":2,"name":"Comodoro Rivadavia: Arcioni particip\u00f3 de la reinauguraci\u00f3n e imposici\u00f3n del nombre de la Sala de Situaci\u00f3n de la Unidad Regional"}]},{"@type":"WebSite","@id":"https:\/\/fmpatagoniamadryn.com.ar\/#website","url":"https:\/\/fmpatagoniamadryn.com.ar\/","name":"FM Patagonia Madryn","description":"Radio Patagonia 105.5","publisher":{"@id":"https:\/\/fmpatagoniamadryn.com.ar\/#organization"},"potentialAction":[{"@type":"SearchAction","target":{"@type":"EntryPoint","urlTemplate":"https:\/\/fmpatagoniamadryn.com.ar\/?s={search_term_string}"},"query-input":{"@type":"PropertyValueSpecification","valueRequired":true,"valueName":"search_term_string"}}],"inLanguage":"es"},{"@type":"Organization","@id":"https:\/\/fmpatagoniamadryn.com.ar\/#organization","name":"FM Patagonia Madryn","url":"https:\/\/fmpatagoniamadryn.com.ar\/","logo":{"@type":"ImageObject","inLanguage":"es","@id":"https:\/\/fmpatagoniamadryn.com.ar\/#\/schema\/logo\/image\/","url":"https:\/\/fmpatagoniamadryn.com.ar\/wp-content\/uploads\/2023\/01\/cropped-Diseno-sin-titulo.png","contentUrl":"https:\/\/fmpatagoniamadryn.com.ar\/wp-content\/uploads\/2023\/01\/cropped-Diseno-sin-titulo.png","width":6911,"height":2657,"caption":"FM Patagonia Madryn"},"image":{"@id":"https:\/\/fmpatagoniamadryn.com.ar\/#\/schema\/logo\/image\/"}},{"@type":"Person","@id":"https:\/\/fmpatagoniamadryn.com.ar\/#\/schema\/person\/1d968ec613613768e14b4e6420a2b125","name":"FM Patagonia","url":"https:\/\/fmpatagoniamadryn.com.ar\/?author=3"}]}},"jetpack_featured_media_url":"https:\/\/fmpatagoniamadryn.com.ar\/wp-content\/uploads\/2023\/06\/Arcioni-scaled.jpg","_links":{"self":[{"href":"https:\/\/fmpatagoniamadryn.com.ar\/index.php?rest_route=\/wp\/v2\/posts\/3881","targetHints":{"allow":["GET"]}}],"collection":[{"href":"https:\/\/fmpatagoniamadryn.com.ar\/index.php?rest_route=\/wp\/v2\/posts"}],"about":[{"href":"https:\/\/fmpatagoniamadryn.com.ar\/index.php?rest_route=\/wp\/v2\/types\/post"}],"author":[{"embeddable":true,"href":"https:\/\/fmpatagoniamadryn.com.ar\/index.php?rest_route=\/wp\/v2\/users\/3"}],"replies":[{"embeddable":true,"href":"https:\/\/fmpatagoniamadryn.com.ar\/index.php?rest_route=%2Fwp%2Fv2%2Fcomments&post=3881"}],"version-history":[{"count":1,"href":"https:\/\/fmpatagoniamadryn.com.ar\/index.php?rest_route=\/wp\/v2\/posts\/3881\/revisions"}],"predecessor-version":[{"id":3882,"href":"https:\/\/fmpatagoniamadryn.com.ar\/index.php?rest_route=\/wp\/v2\/posts\/3881\/revisions\/3882"}],"wp:featuredmedia":[{"embeddable":true,"href":"https:\/\/fmpatagoniamadryn.com.ar\/index.php?rest_route=\/wp\/v2\/media\/3880"}],"wp:attachment":[{"href":"https:\/\/fmpatagoniamadryn.com.ar\/index.php?rest_route=%2Fwp%2Fv2%2Fmedia&parent=3881"}],"wp:term":[{"taxonomy":"category","embeddable":true,"href":"https:\/\/fmpatagoniamadryn.com.ar\/index.php?rest_route=%2Fwp%2Fv2%2Fcategories&post=3881"},{"taxonomy":"post_tag","embeddable":true,"href":"https:\/\/fmpatagoniamadryn.com.ar\/index.php?rest_route=%2Fwp%2Fv2%2Ftags&post=3881"}],"curies":[{"name":"wp","href":"https:\/\/api.w.org\/{rel}","templated":true}]}}