{"id":3884,"date":"2023-06-24T12:47:42","date_gmt":"2023-06-24T15:47:42","guid":{"rendered":"https:\/\/fmpatagoniamadryn.com.ar\/?p=3884"},"modified":"2023-06-24T12:47:55","modified_gmt":"2023-06-24T15:47:55","slug":"provincia-convoca-a-emprendedores-a-participar-de-capacitaciones-en-comercio-exterior","status":"publish","type":"post","link":"https:\/\/fmpatagoniamadryn.com.ar\/?p=3884","title":{"rendered":"Provincia convoca a emprendedores a participar de capacitaciones en Comercio Exterior"},"content":{"rendered":"\n<p>Las actividades ser\u00e1n de car\u00e1cter gratuito y se realizar\u00e1n el mi\u00e9rcoles 28 de junio en la Administraci\u00f3n Portuaria de Puerto Madryn.<br><br>El Gobierno del Chubut invita a profesionales, empresarios y emprendedores a participar de dos importantes capacitaciones presenciales sobre Comercio Exterior. Las mismas se desarrollar\u00e1n en forma gratuita el pr\u00f3ximo mi\u00e9rcoles 28 de junio en la Administraci\u00f3n Portuaria de Puerto Madryn.<br><br>Las capacitaciones ser\u00e1n sobre \u201cExportaci\u00f3n de servicios\u201d y \u201cC\u00f3mo empezar a exportar\u201d. Podr\u00e1n participar emprendedores y PyMES con potencial exportador o que exporten de manera eventual, para desarrollar o potenciar su oferta exportable.<br><br>Las actividades est\u00e1n organizadas por la Agencia Argentina de Inversiones y Comercio Internacional y por la Agencia de Promoci\u00f3n de las Exportaciones, Desarrollo e Inversiones \u201cChubut al Mundo\u201d.<br><br>Temario<br><br>El inicio de actividades ser\u00e1 a partir de las 10 horas, con la disertaci\u00f3n a cargo de la Licenciada Romina Gaya, que expondr\u00e1 sobre la \u201cExportaci\u00f3n de servicios\u201d.<br><br>Este curso explica todos los pasos que deben realizarse para exportar servicios al exterior; las modalidades y criterios aplicables; la exportaci\u00f3n de intangibles; c\u00f3mo se comercializan los servicios; normativas; y convenios que evitan la doble imposici\u00f3n.<br><br>Posteriormente, a las 15 horas, la misma disertante presentar\u00e1 la capacitaci\u00f3n sobre \u201cC\u00f3mo empezar a exportar\u201d. En est\u00e1 ocasi\u00f3n brindar\u00e1 un primer acercamiento a las herramientas disponibles, abordando las siguientes tem\u00e1ticas: primeros pasos en la exportaci\u00f3n; internacionalizaci\u00f3n de productos; posici\u00f3n arancelaria; confecci\u00f3n de una oferta; y el circuito de una exportaci\u00f3n.<br><br>Para cerrar la jornada la Lic. Mayte Galaburri expondr\u00e1 sobre el programa Desaf\u00edo Exportador.<br><br>Cabe se\u00f1alar que las capacitaciones se realizar\u00e1n en el SUM de la Administraci\u00f3n Portuaria Muelle Almirante Storni de Puerto Madryn, en donde, adem\u00e1s, para el jueves 29 se tiene previsto llevar a cabo una mesa de trabajo de los profesionales de la Agencia Argentina de Inversiones y Comercio Internacional junto a funcionarios municipales y provinciales, autoridades del puerto, C\u00e1maras y entidades de Comercio.<br><br>Inscripciones<br><br>Quienes deseen participar deber\u00e1n inscribirse en los siguientes links:<br><br>Exportaci\u00f3n de servicios: https:\/\/bit.ly\/ExpoServ<br><br>C\u00f3mo empezar a exportar https:\/\/bit.ly\/Empezaraexportar.<br><br>Para mayor informaci\u00f3n se podr\u00e1 ingresar a www.chubutalmundo.com.ar, o requerir al mail comercioexterior@chubutalmundo.com.ar o al whatsapp 280 485-8320.<\/p>\n","protected":false},"excerpt":{"rendered":"<p>Las actividades ser\u00e1n de car\u00e1cter gratuito y se realizar\u00e1n el mi\u00e9rcoles 28 de junio en la Administraci\u00f3n Portuaria de Puerto Madryn. El Gobierno del Chubut invita a profesionales, empresarios y&hellip; <\/p>\n","protected":false},"author":3,"featured_media":3883,"comment_status":"closed","ping_status":"closed","sticky":false,"template":"","format":"standard","meta":{"footnotes":""},"categories":[14],"tags":[],"class_list":["post-3884","post","type-post","status-publish","format-standard","has-post-thumbnail","hentry","category-provinciales"],"yoast_head":"<!-- This site is optimized with the Yoast SEO plugin v27.4 - https:\/\/yoast.com\/product\/yoast-seo-wordpress\/ -->\n<title>Provincia convoca a emprendedores a participar de capacitaciones en Comercio Exterior - FM Patagonia Madryn<\/title>\n<meta name=\"robots\" content=\"index, follow, max-snippet:-1, max-image-preview:large, max-video-preview:-1\" \/>\n<link rel=\"canonical\" href=\"https:\/\/fmpatagoniamadryn.com.ar\/?p=3884\" \/>\n<meta property=\"og:locale\" content=\"es_ES\" \/>\n<meta property=\"og:type\" content=\"article\" \/>\n<meta property=\"og:title\" content=\"Provincia convoca a emprendedores a participar de capacitaciones en Comercio Exterior - FM Patagonia Madryn\" \/>\n<meta property=\"og:description\" content=\"Las actividades ser\u00e1n de car\u00e1cter gratuito y se realizar\u00e1n el mi\u00e9rcoles 28 de junio en la Administraci\u00f3n Portuaria de Puerto Madryn. El Gobierno del Chubut invita a profesionales, empresarios y&hellip;\" \/>\n<meta property=\"og:url\" content=\"https:\/\/fmpatagoniamadryn.com.ar\/?p=3884\" \/>\n<meta property=\"og:site_name\" content=\"FM Patagonia Madryn\" \/>\n<meta property=\"article:published_time\" content=\"2023-06-24T15:47:42+00:00\" \/>\n<meta property=\"article:modified_time\" content=\"2023-06-24T15:47:55+00:00\" \/>\n<meta property=\"og:image\" content=\"https:\/\/fmpatagoniamadryn.com.ar\/wp-content\/uploads\/2023\/06\/Capacitaciones-comercio-exterior-SABADO-1.jpg\" \/>\n\t<meta property=\"og:image:width\" content=\"1949\" \/>\n\t<meta property=\"og:image:height\" content=\"1949\" \/>\n\t<meta property=\"og:image:type\" content=\"image\/jpeg\" \/>\n<meta name=\"author\" content=\"FM Patagonia\" \/>\n<meta name=\"twitter:card\" content=\"summary_large_image\" \/>\n<meta name=\"twitter:label1\" content=\"Escrito por\" \/>\n\t<meta name=\"twitter:data1\" content=\"FM Patagonia\" \/>\n\t<meta name=\"twitter:label2\" content=\"Tiempo de lectura\" \/>\n\t<meta name=\"twitter:data2\" content=\"2 minutos\" \/>\n<script type=\"application\/ld+json\" class=\"yoast-schema-graph\">{\"@context\":\"https:\\\/\\\/schema.org\",\"@graph\":[{\"@type\":\"Article\",\"@id\":\"https:\\\/\\\/fmpatagoniamadryn.com.ar\\\/?p=3884#article\",\"isPartOf\":{\"@id\":\"https:\\\/\\\/fmpatagoniamadryn.com.ar\\\/?p=3884\"},\"author\":{\"name\":\"FM Patagonia\",\"@id\":\"https:\\\/\\\/fmpatagoniamadryn.com.ar\\\/#\\\/schema\\\/person\\\/1d968ec613613768e14b4e6420a2b125\"},\"headline\":\"Provincia convoca a emprendedores a participar de capacitaciones en Comercio Exterior\",\"datePublished\":\"2023-06-24T15:47:42+00:00\",\"dateModified\":\"2023-06-24T15:47:55+00:00\",\"mainEntityOfPage\":{\"@id\":\"https:\\\/\\\/fmpatagoniamadryn.com.ar\\\/?p=3884\"},\"wordCount\":408,\"publisher\":{\"@id\":\"https:\\\/\\\/fmpatagoniamadryn.com.ar\\\/#organization\"},\"image\":{\"@id\":\"https:\\\/\\\/fmpatagoniamadryn.com.ar\\\/?p=3884#primaryimage\"},\"thumbnailUrl\":\"https:\\\/\\\/fmpatagoniamadryn.com.ar\\\/wp-content\\\/uploads\\\/2023\\\/06\\\/Capacitaciones-comercio-exterior-SABADO-1.jpg\",\"articleSection\":[\"Provinciales\"],\"inLanguage\":\"es\"},{\"@type\":\"WebPage\",\"@id\":\"https:\\\/\\\/fmpatagoniamadryn.com.ar\\\/?p=3884\",\"url\":\"https:\\\/\\\/fmpatagoniamadryn.com.ar\\\/?p=3884\",\"name\":\"Provincia convoca a emprendedores a participar de capacitaciones en Comercio Exterior - FM Patagonia Madryn\",\"isPartOf\":{\"@id\":\"https:\\\/\\\/fmpatagoniamadryn.com.ar\\\/#website\"},\"primaryImageOfPage\":{\"@id\":\"https:\\\/\\\/fmpatagoniamadryn.com.ar\\\/?p=3884#primaryimage\"},\"image\":{\"@id\":\"https:\\\/\\\/fmpatagoniamadryn.com.ar\\\/?p=3884#primaryimage\"},\"thumbnailUrl\":\"https:\\\/\\\/fmpatagoniamadryn.com.ar\\\/wp-content\\\/uploads\\\/2023\\\/06\\\/Capacitaciones-comercio-exterior-SABADO-1.jpg\",\"datePublished\":\"2023-06-24T15:47:42+00:00\",\"dateModified\":\"2023-06-24T15:47:55+00:00\",\"breadcrumb\":{\"@id\":\"https:\\\/\\\/fmpatagoniamadryn.com.ar\\\/?p=3884#breadcrumb\"},\"inLanguage\":\"es\",\"potentialAction\":[{\"@type\":\"ReadAction\",\"target\":[\"https:\\\/\\\/fmpatagoniamadryn.com.ar\\\/?p=3884\"]}]},{\"@type\":\"ImageObject\",\"inLanguage\":\"es\",\"@id\":\"https:\\\/\\\/fmpatagoniamadryn.com.ar\\\/?p=3884#primaryimage\",\"url\":\"https:\\\/\\\/fmpatagoniamadryn.com.ar\\\/wp-content\\\/uploads\\\/2023\\\/06\\\/Capacitaciones-comercio-exterior-SABADO-1.jpg\",\"contentUrl\":\"https:\\\/\\\/fmpatagoniamadryn.com.ar\\\/wp-content\\\/uploads\\\/2023\\\/06\\\/Capacitaciones-comercio-exterior-SABADO-1.jpg\",\"width\":1949,\"height\":1949},{\"@type\":\"BreadcrumbList\",\"@id\":\"https:\\\/\\\/fmpatagoniamadryn.com.ar\\\/?p=3884#breadcrumb\",\"itemListElement\":[{\"@type\":\"ListItem\",\"position\":1,\"name\":\"Portada\",\"item\":\"https:\\\/\\\/fmpatagoniamadryn.com.ar\\\/\"},{\"@type\":\"ListItem\",\"position\":2,\"name\":\"Provincia convoca a emprendedores a participar de capacitaciones en Comercio Exterior\"}]},{\"@type\":\"WebSite\",\"@id\":\"https:\\\/\\\/fmpatagoniamadryn.com.ar\\\/#website\",\"url\":\"https:\\\/\\\/fmpatagoniamadryn.com.ar\\\/\",\"name\":\"FM Patagonia Madryn\",\"description\":\"Radio Patagonia 105.5\",\"publisher\":{\"@id\":\"https:\\\/\\\/fmpatagoniamadryn.com.ar\\\/#organization\"},\"potentialAction\":[{\"@type\":\"SearchAction\",\"target\":{\"@type\":\"EntryPoint\",\"urlTemplate\":\"https:\\\/\\\/fmpatagoniamadryn.com.ar\\\/?s={search_term_string}\"},\"query-input\":{\"@type\":\"PropertyValueSpecification\",\"valueRequired\":true,\"valueName\":\"search_term_string\"}}],\"inLanguage\":\"es\"},{\"@type\":\"Organization\",\"@id\":\"https:\\\/\\\/fmpatagoniamadryn.com.ar\\\/#organization\",\"name\":\"FM Patagonia Madryn\",\"url\":\"https:\\\/\\\/fmpatagoniamadryn.com.ar\\\/\",\"logo\":{\"@type\":\"ImageObject\",\"inLanguage\":\"es\",\"@id\":\"https:\\\/\\\/fmpatagoniamadryn.com.ar\\\/#\\\/schema\\\/logo\\\/image\\\/\",\"url\":\"https:\\\/\\\/fmpatagoniamadryn.com.ar\\\/wp-content\\\/uploads\\\/2023\\\/01\\\/cropped-Diseno-sin-titulo.png\",\"contentUrl\":\"https:\\\/\\\/fmpatagoniamadryn.com.ar\\\/wp-content\\\/uploads\\\/2023\\\/01\\\/cropped-Diseno-sin-titulo.png\",\"width\":6911,\"height\":2657,\"caption\":\"FM Patagonia Madryn\"},\"image\":{\"@id\":\"https:\\\/\\\/fmpatagoniamadryn.com.ar\\\/#\\\/schema\\\/logo\\\/image\\\/\"}},{\"@type\":\"Person\",\"@id\":\"https:\\\/\\\/fmpatagoniamadryn.com.ar\\\/#\\\/schema\\\/person\\\/1d968ec613613768e14b4e6420a2b125\",\"name\":\"FM Patagonia\",\"url\":\"https:\\\/\\\/fmpatagoniamadryn.com.ar\\\/?author=3\"}]}<\/script>\n<!-- \/ Yoast SEO plugin. -->","yoast_head_json":{"title":"Provincia convoca a emprendedores a participar de capacitaciones en Comercio Exterior - FM Patagonia Madryn","robots":{"index":"index","follow":"follow","max-snippet":"max-snippet:-1","max-image-preview":"max-image-preview:large","max-video-preview":"max-video-preview:-1"},"canonical":"https:\/\/fmpatagoniamadryn.com.ar\/?p=3884","og_locale":"es_ES","og_type":"article","og_title":"Provincia convoca a emprendedores a participar de capacitaciones en Comercio Exterior - FM Patagonia Madryn","og_description":"Las actividades ser\u00e1n de car\u00e1cter gratuito y se realizar\u00e1n el mi\u00e9rcoles 28 de junio en la Administraci\u00f3n Portuaria de Puerto Madryn. El Gobierno del Chubut invita a profesionales, empresarios y&hellip;","og_url":"https:\/\/fmpatagoniamadryn.com.ar\/?p=3884","og_site_name":"FM Patagonia Madryn","article_published_time":"2023-06-24T15:47:42+00:00","article_modified_time":"2023-06-24T15:47:55+00:00","og_image":[{"width":1949,"height":1949,"url":"https:\/\/fmpatagoniamadryn.com.ar\/wp-content\/uploads\/2023\/06\/Capacitaciones-comercio-exterior-SABADO-1.jpg","type":"image\/jpeg"}],"author":"FM Patagonia","twitter_card":"summary_large_image","twitter_misc":{"Escrito por":"FM Patagonia","Tiempo de lectura":"2 minutos"},"schema":{"@context":"https:\/\/schema.org","@graph":[{"@type":"Article","@id":"https:\/\/fmpatagoniamadryn.com.ar\/?p=3884#article","isPartOf":{"@id":"https:\/\/fmpatagoniamadryn.com.ar\/?p=3884"},"author":{"name":"FM Patagonia","@id":"https:\/\/fmpatagoniamadryn.com.ar\/#\/schema\/person\/1d968ec613613768e14b4e6420a2b125"},"headline":"Provincia convoca a emprendedores a participar de capacitaciones en Comercio Exterior","datePublished":"2023-06-24T15:47:42+00:00","dateModified":"2023-06-24T15:47:55+00:00","mainEntityOfPage":{"@id":"https:\/\/fmpatagoniamadryn.com.ar\/?p=3884"},"wordCount":408,"publisher":{"@id":"https:\/\/fmpatagoniamadryn.com.ar\/#organization"},"image":{"@id":"https:\/\/fmpatagoniamadryn.com.ar\/?p=3884#primaryimage"},"thumbnailUrl":"https:\/\/fmpatagoniamadryn.com.ar\/wp-content\/uploads\/2023\/06\/Capacitaciones-comercio-exterior-SABADO-1.jpg","articleSection":["Provinciales"],"inLanguage":"es"},{"@type":"WebPage","@id":"https:\/\/fmpatagoniamadryn.com.ar\/?p=3884","url":"https:\/\/fmpatagoniamadryn.com.ar\/?p=3884","name":"Provincia convoca a emprendedores a participar de capacitaciones en Comercio Exterior - FM Patagonia Madryn","isPartOf":{"@id":"https:\/\/fmpatagoniamadryn.com.ar\/#website"},"primaryImageOfPage":{"@id":"https:\/\/fmpatagoniamadryn.com.ar\/?p=3884#primaryimage"},"image":{"@id":"https:\/\/fmpatagoniamadryn.com.ar\/?p=3884#primaryimage"},"thumbnailUrl":"https:\/\/fmpatagoniamadryn.com.ar\/wp-content\/uploads\/2023\/06\/Capacitaciones-comercio-exterior-SABADO-1.jpg","datePublished":"2023-06-24T15:47:42+00:00","dateModified":"2023-06-24T15:47:55+00:00","breadcrumb":{"@id":"https:\/\/fmpatagoniamadryn.com.ar\/?p=3884#breadcrumb"},"inLanguage":"es","potentialAction":[{"@type":"ReadAction","target":["https:\/\/fmpatagoniamadryn.com.ar\/?p=3884"]}]},{"@type":"ImageObject","inLanguage":"es","@id":"https:\/\/fmpatagoniamadryn.com.ar\/?p=3884#primaryimage","url":"https:\/\/fmpatagoniamadryn.com.ar\/wp-content\/uploads\/2023\/06\/Capacitaciones-comercio-exterior-SABADO-1.jpg","contentUrl":"https:\/\/fmpatagoniamadryn.com.ar\/wp-content\/uploads\/2023\/06\/Capacitaciones-comercio-exterior-SABADO-1.jpg","width":1949,"height":1949},{"@type":"BreadcrumbList","@id":"https:\/\/fmpatagoniamadryn.com.ar\/?p=3884#breadcrumb","itemListElement":[{"@type":"ListItem","position":1,"name":"Portada","item":"https:\/\/fmpatagoniamadryn.com.ar\/"},{"@type":"ListItem","position":2,"name":"Provincia convoca a emprendedores a participar de capacitaciones en Comercio Exterior"}]},{"@type":"WebSite","@id":"https:\/\/fmpatagoniamadryn.com.ar\/#website","url":"https:\/\/fmpatagoniamadryn.com.ar\/","name":"FM Patagonia Madryn","description":"Radio Patagonia 105.5","publisher":{"@id":"https:\/\/fmpatagoniamadryn.com.ar\/#organization"},"potentialAction":[{"@type":"SearchAction","target":{"@type":"EntryPoint","urlTemplate":"https:\/\/fmpatagoniamadryn.com.ar\/?s={search_term_string}"},"query-input":{"@type":"PropertyValueSpecification","valueRequired":true,"valueName":"search_term_string"}}],"inLanguage":"es"},{"@type":"Organization","@id":"https:\/\/fmpatagoniamadryn.com.ar\/#organization","name":"FM Patagonia Madryn","url":"https:\/\/fmpatagoniamadryn.com.ar\/","logo":{"@type":"ImageObject","inLanguage":"es","@id":"https:\/\/fmpatagoniamadryn.com.ar\/#\/schema\/logo\/image\/","url":"https:\/\/fmpatagoniamadryn.com.ar\/wp-content\/uploads\/2023\/01\/cropped-Diseno-sin-titulo.png","contentUrl":"https:\/\/fmpatagoniamadryn.com.ar\/wp-content\/uploads\/2023\/01\/cropped-Diseno-sin-titulo.png","width":6911,"height":2657,"caption":"FM Patagonia Madryn"},"image":{"@id":"https:\/\/fmpatagoniamadryn.com.ar\/#\/schema\/logo\/image\/"}},{"@type":"Person","@id":"https:\/\/fmpatagoniamadryn.com.ar\/#\/schema\/person\/1d968ec613613768e14b4e6420a2b125","name":"FM Patagonia","url":"https:\/\/fmpatagoniamadryn.com.ar\/?author=3"}]}},"jetpack_featured_media_url":"https:\/\/fmpatagoniamadryn.com.ar\/wp-content\/uploads\/2023\/06\/Capacitaciones-comercio-exterior-SABADO-1.jpg","_links":{"self":[{"href":"https:\/\/fmpatagoniamadryn.com.ar\/index.php?rest_route=\/wp\/v2\/posts\/3884","targetHints":{"allow":["GET"]}}],"collection":[{"href":"https:\/\/fmpatagoniamadryn.com.ar\/index.php?rest_route=\/wp\/v2\/posts"}],"about":[{"href":"https:\/\/fmpatagoniamadryn.com.ar\/index.php?rest_route=\/wp\/v2\/types\/post"}],"author":[{"embeddable":true,"href":"https:\/\/fmpatagoniamadryn.com.ar\/index.php?rest_route=\/wp\/v2\/users\/3"}],"replies":[{"embeddable":true,"href":"https:\/\/fmpatagoniamadryn.com.ar\/index.php?rest_route=%2Fwp%2Fv2%2Fcomments&post=3884"}],"version-history":[{"count":1,"href":"https:\/\/fmpatagoniamadryn.com.ar\/index.php?rest_route=\/wp\/v2\/posts\/3884\/revisions"}],"predecessor-version":[{"id":3885,"href":"https:\/\/fmpatagoniamadryn.com.ar\/index.php?rest_route=\/wp\/v2\/posts\/3884\/revisions\/3885"}],"wp:featuredmedia":[{"embeddable":true,"href":"https:\/\/fmpatagoniamadryn.com.ar\/index.php?rest_route=\/wp\/v2\/media\/3883"}],"wp:attachment":[{"href":"https:\/\/fmpatagoniamadryn.com.ar\/index.php?rest_route=%2Fwp%2Fv2%2Fmedia&parent=3884"}],"wp:term":[{"taxonomy":"category","embeddable":true,"href":"https:\/\/fmpatagoniamadryn.com.ar\/index.php?rest_route=%2Fwp%2Fv2%2Fcategories&post=3884"},{"taxonomy":"post_tag","embeddable":true,"href":"https:\/\/fmpatagoniamadryn.com.ar\/index.php?rest_route=%2Fwp%2Fv2%2Ftags&post=3884"}],"curies":[{"name":"wp","href":"https:\/\/api.w.org\/{rel}","templated":true}]}}