{"id":3893,"date":"2023-06-24T19:47:55","date_gmt":"2023-06-24T22:47:55","guid":{"rendered":"https:\/\/fmpatagoniamadryn.com.ar\/?p=3893"},"modified":"2023-06-24T19:48:03","modified_gmt":"2023-06-24T22:48:03","slug":"el-gobierno-provincial-organizo-las-vi-jornadas-corales-chubutenses","status":"publish","type":"post","link":"https:\/\/fmpatagoniamadryn.com.ar\/?p=3893","title":{"rendered":"El Gobierno Provincial organiz\u00f3 las VI Jornadas Corales Chubutenses"},"content":{"rendered":"\n<p>El encuentro que cont\u00f3 con m\u00e1s de 150 participantes se realiz\u00f3 en la ciudad de Puerto Madryn.<br><br>El Gobierno Provincial, a trav\u00e9s de la Secretar\u00eda de Ciencia, Tecnolog\u00eda, Innovaci\u00f3n Productiva y Cultura, organiz\u00f3 de manera conjunta con ADICORA filial Chubut, la Direcci\u00f3n de Cultura de Puerto Madryn, y la UTN de dicha ciudad, las VI Jornadas Corales Chubutenses.<br><br>Mas de 150 participantes de toda la provincia, se reunieron en diversos puntos de la ciudad de Puerto Madryn para llevar a cabo tres jornadas intensivas de capacitaci\u00f3n destinadas a directores, docentes, estudiantes de m\u00fasica y coreutas, en un taller de preparaci\u00f3n de obras a voces iguales y mixtas que tuvieron su cierre en las instalaciones de la Universidad Tecnol\u00f3gica Nacional sede Puerto Madryn. Las Jornadas Corales Chubutenses han sido hist\u00f3ricamente una oportunidad de encuentro entre los hacedores culturales del sector coral. <br><br>Al frente de las Jornadas estuvo el maestro, Santiago Ruiz, reconocido director de coro y orquesta a nivel nacional e internacional, docente universitario, ampliamente premiado, proveniente de la provincia de C\u00f3rdoba, quien planific\u00f3 un variado repertorio para aprovechamiento de todos los participantes.<br><br>Adem\u00e1s de una intensa actividad como director coral, ha trabajado frente a la Banda Sinf\u00f3nica de la Provincia de C\u00f3rdoba, la Orquesta Municipal de Cuerdas de C\u00f3rdoba, la Camerata C\u00f3rdoba Nueva, La Barroca del Suqu\u00eda, el Ensamble Orquestal de la Cosecha (Mendoza), Orquesta Sinf\u00f3nica de la Provincia de C\u00f3rdoba y Coro Polif\u00f3nico de la Provincia de C\u00f3rdoba. Realiza adem\u00e1s una intensa actividad docente, dictando clases, c\u00e1tedras en la UNC, numerosos cursos y talleres nacionales e internacionales y se desempe\u00f1a como consultor y capacitador del Ministerio de Educaci\u00f3n de la Naci\u00f3n en diversos lugares del pa\u00eds para el programa de Coros y Orquestas Juveniles del Bicentenario.<br><br>Es socio fundador de la Asociaci\u00f3n de Directores de Coro de la Rep\u00fablica Argentina (ADICORA).<br><br>Estas nuevas Jornadas que concluyeron con gran \u00e9xito, se suman a la gran trayectoria que tiene este evento en nuestra provincia.<br><br>En 2013 se realiz\u00f3 en Gaiman la I Jornadas Corales Chubutenses, con una participaci\u00f3n de 32 inscriptos de toda la provincia y brindada por los maestros Camilo Matta y Viviana Bognar<br><br>En 2014 la sede de la segunda edici\u00f3n en Trevelin con una participaci\u00f3n de 45 inscriptos de toda la provincia y brindad por la maestra Virginia Bono<br><br>Mientras que en 2015 fue Puerto Madryn la sede de las III Jornadas Corales Chubutenses con una participaci\u00f3n de 57 inscriptos de toda la provincia y brindada por el maestro Balzanelli M\u00fasica Acad\u00e9mica.<br><br>Posteriormente, en 2016 Comodoro Rivadavia recibi\u00f3 a 77 inscriptos de nuestra provincia, de Caleta Olivia y R\u00edo Negro. Taller del Coro en Escena, se trabaj\u00f3, integrando t\u00e9cnicas teatrales con la Practica Coral con los maestros N\u00e9stor Andrenacci y la reconocida actriz Maida Andrenacci.<br><br>En 2017 se realizaron en Lago Puelo con una participaci\u00f3n de 94 inscriptos de toda la provincia, brindada por los maestros Santiago Ruiz (Argentina) y Markus Detterbeck (Alemania), Taller de t\u00e9cnicas de ensayo\/ Taller de M\u00fasica Coral Africana.<br><br>&#8212;<\/p>\n","protected":false},"excerpt":{"rendered":"<p>El encuentro que cont\u00f3 con m\u00e1s de 150 participantes se realiz\u00f3 en la ciudad de Puerto Madryn. El Gobierno Provincial, a trav\u00e9s de la Secretar\u00eda de Ciencia, Tecnolog\u00eda, Innovaci\u00f3n Productiva&hellip; <\/p>\n","protected":false},"author":3,"featured_media":3892,"comment_status":"closed","ping_status":"closed","sticky":false,"template":"","format":"standard","meta":{"footnotes":""},"categories":[14],"tags":[],"class_list":["post-3893","post","type-post","status-publish","format-standard","has-post-thumbnail","hentry","category-provinciales"],"yoast_head":"<!-- This site is optimized with the Yoast SEO plugin v27.4 - https:\/\/yoast.com\/product\/yoast-seo-wordpress\/ -->\n<title>El Gobierno Provincial organiz\u00f3 las VI Jornadas Corales Chubutenses - FM Patagonia Madryn<\/title>\n<meta name=\"robots\" content=\"index, follow, max-snippet:-1, max-image-preview:large, max-video-preview:-1\" \/>\n<link rel=\"canonical\" href=\"https:\/\/fmpatagoniamadryn.com.ar\/?p=3893\" \/>\n<meta property=\"og:locale\" content=\"es_ES\" \/>\n<meta property=\"og:type\" content=\"article\" \/>\n<meta property=\"og:title\" content=\"El Gobierno Provincial organiz\u00f3 las VI Jornadas Corales Chubutenses - FM Patagonia Madryn\" \/>\n<meta property=\"og:description\" content=\"El encuentro que cont\u00f3 con m\u00e1s de 150 participantes se realiz\u00f3 en la ciudad de Puerto Madryn. El Gobierno Provincial, a trav\u00e9s de la Secretar\u00eda de Ciencia, Tecnolog\u00eda, Innovaci\u00f3n Productiva&hellip;\" \/>\n<meta property=\"og:url\" content=\"https:\/\/fmpatagoniamadryn.com.ar\/?p=3893\" \/>\n<meta property=\"og:site_name\" content=\"FM Patagonia Madryn\" \/>\n<meta property=\"article:published_time\" content=\"2023-06-24T22:47:55+00:00\" \/>\n<meta property=\"article:modified_time\" content=\"2023-06-24T22:48:03+00:00\" \/>\n<meta property=\"og:image\" content=\"https:\/\/fmpatagoniamadryn.com.ar\/wp-content\/uploads\/2023\/06\/Luego-de-seis-anos-se-realizaron-las-VI-Jornadas-Corales-Chubutenses-3.jpg\" \/>\n\t<meta property=\"og:image:width\" content=\"1599\" \/>\n\t<meta property=\"og:image:height\" content=\"1066\" \/>\n\t<meta property=\"og:image:type\" content=\"image\/jpeg\" \/>\n<meta name=\"author\" content=\"FM Patagonia\" \/>\n<meta name=\"twitter:card\" content=\"summary_large_image\" \/>\n<meta name=\"twitter:label1\" content=\"Escrito por\" \/>\n\t<meta name=\"twitter:data1\" content=\"FM Patagonia\" \/>\n\t<meta name=\"twitter:label2\" content=\"Tiempo de lectura\" \/>\n\t<meta name=\"twitter:data2\" content=\"3 minutos\" \/>\n<script type=\"application\/ld+json\" class=\"yoast-schema-graph\">{\"@context\":\"https:\\\/\\\/schema.org\",\"@graph\":[{\"@type\":\"Article\",\"@id\":\"https:\\\/\\\/fmpatagoniamadryn.com.ar\\\/?p=3893#article\",\"isPartOf\":{\"@id\":\"https:\\\/\\\/fmpatagoniamadryn.com.ar\\\/?p=3893\"},\"author\":{\"name\":\"FM Patagonia\",\"@id\":\"https:\\\/\\\/fmpatagoniamadryn.com.ar\\\/#\\\/schema\\\/person\\\/1d968ec613613768e14b4e6420a2b125\"},\"headline\":\"El Gobierno Provincial organiz\u00f3 las VI Jornadas Corales Chubutenses\",\"datePublished\":\"2023-06-24T22:47:55+00:00\",\"dateModified\":\"2023-06-24T22:48:03+00:00\",\"mainEntityOfPage\":{\"@id\":\"https:\\\/\\\/fmpatagoniamadryn.com.ar\\\/?p=3893\"},\"wordCount\":535,\"publisher\":{\"@id\":\"https:\\\/\\\/fmpatagoniamadryn.com.ar\\\/#organization\"},\"image\":{\"@id\":\"https:\\\/\\\/fmpatagoniamadryn.com.ar\\\/?p=3893#primaryimage\"},\"thumbnailUrl\":\"https:\\\/\\\/fmpatagoniamadryn.com.ar\\\/wp-content\\\/uploads\\\/2023\\\/06\\\/Luego-de-seis-anos-se-realizaron-las-VI-Jornadas-Corales-Chubutenses-3.jpg\",\"articleSection\":[\"Provinciales\"],\"inLanguage\":\"es\"},{\"@type\":\"WebPage\",\"@id\":\"https:\\\/\\\/fmpatagoniamadryn.com.ar\\\/?p=3893\",\"url\":\"https:\\\/\\\/fmpatagoniamadryn.com.ar\\\/?p=3893\",\"name\":\"El Gobierno Provincial organiz\u00f3 las VI Jornadas Corales Chubutenses - FM Patagonia Madryn\",\"isPartOf\":{\"@id\":\"https:\\\/\\\/fmpatagoniamadryn.com.ar\\\/#website\"},\"primaryImageOfPage\":{\"@id\":\"https:\\\/\\\/fmpatagoniamadryn.com.ar\\\/?p=3893#primaryimage\"},\"image\":{\"@id\":\"https:\\\/\\\/fmpatagoniamadryn.com.ar\\\/?p=3893#primaryimage\"},\"thumbnailUrl\":\"https:\\\/\\\/fmpatagoniamadryn.com.ar\\\/wp-content\\\/uploads\\\/2023\\\/06\\\/Luego-de-seis-anos-se-realizaron-las-VI-Jornadas-Corales-Chubutenses-3.jpg\",\"datePublished\":\"2023-06-24T22:47:55+00:00\",\"dateModified\":\"2023-06-24T22:48:03+00:00\",\"breadcrumb\":{\"@id\":\"https:\\\/\\\/fmpatagoniamadryn.com.ar\\\/?p=3893#breadcrumb\"},\"inLanguage\":\"es\",\"potentialAction\":[{\"@type\":\"ReadAction\",\"target\":[\"https:\\\/\\\/fmpatagoniamadryn.com.ar\\\/?p=3893\"]}]},{\"@type\":\"ImageObject\",\"inLanguage\":\"es\",\"@id\":\"https:\\\/\\\/fmpatagoniamadryn.com.ar\\\/?p=3893#primaryimage\",\"url\":\"https:\\\/\\\/fmpatagoniamadryn.com.ar\\\/wp-content\\\/uploads\\\/2023\\\/06\\\/Luego-de-seis-anos-se-realizaron-las-VI-Jornadas-Corales-Chubutenses-3.jpg\",\"contentUrl\":\"https:\\\/\\\/fmpatagoniamadryn.com.ar\\\/wp-content\\\/uploads\\\/2023\\\/06\\\/Luego-de-seis-anos-se-realizaron-las-VI-Jornadas-Corales-Chubutenses-3.jpg\",\"width\":1599,\"height\":1066},{\"@type\":\"BreadcrumbList\",\"@id\":\"https:\\\/\\\/fmpatagoniamadryn.com.ar\\\/?p=3893#breadcrumb\",\"itemListElement\":[{\"@type\":\"ListItem\",\"position\":1,\"name\":\"Portada\",\"item\":\"https:\\\/\\\/fmpatagoniamadryn.com.ar\\\/\"},{\"@type\":\"ListItem\",\"position\":2,\"name\":\"El Gobierno Provincial organiz\u00f3 las VI Jornadas Corales Chubutenses\"}]},{\"@type\":\"WebSite\",\"@id\":\"https:\\\/\\\/fmpatagoniamadryn.com.ar\\\/#website\",\"url\":\"https:\\\/\\\/fmpatagoniamadryn.com.ar\\\/\",\"name\":\"FM Patagonia Madryn\",\"description\":\"Radio Patagonia 105.5\",\"publisher\":{\"@id\":\"https:\\\/\\\/fmpatagoniamadryn.com.ar\\\/#organization\"},\"potentialAction\":[{\"@type\":\"SearchAction\",\"target\":{\"@type\":\"EntryPoint\",\"urlTemplate\":\"https:\\\/\\\/fmpatagoniamadryn.com.ar\\\/?s={search_term_string}\"},\"query-input\":{\"@type\":\"PropertyValueSpecification\",\"valueRequired\":true,\"valueName\":\"search_term_string\"}}],\"inLanguage\":\"es\"},{\"@type\":\"Organization\",\"@id\":\"https:\\\/\\\/fmpatagoniamadryn.com.ar\\\/#organization\",\"name\":\"FM Patagonia Madryn\",\"url\":\"https:\\\/\\\/fmpatagoniamadryn.com.ar\\\/\",\"logo\":{\"@type\":\"ImageObject\",\"inLanguage\":\"es\",\"@id\":\"https:\\\/\\\/fmpatagoniamadryn.com.ar\\\/#\\\/schema\\\/logo\\\/image\\\/\",\"url\":\"https:\\\/\\\/fmpatagoniamadryn.com.ar\\\/wp-content\\\/uploads\\\/2023\\\/01\\\/cropped-Diseno-sin-titulo.png\",\"contentUrl\":\"https:\\\/\\\/fmpatagoniamadryn.com.ar\\\/wp-content\\\/uploads\\\/2023\\\/01\\\/cropped-Diseno-sin-titulo.png\",\"width\":6911,\"height\":2657,\"caption\":\"FM Patagonia Madryn\"},\"image\":{\"@id\":\"https:\\\/\\\/fmpatagoniamadryn.com.ar\\\/#\\\/schema\\\/logo\\\/image\\\/\"}},{\"@type\":\"Person\",\"@id\":\"https:\\\/\\\/fmpatagoniamadryn.com.ar\\\/#\\\/schema\\\/person\\\/1d968ec613613768e14b4e6420a2b125\",\"name\":\"FM Patagonia\",\"url\":\"https:\\\/\\\/fmpatagoniamadryn.com.ar\\\/?author=3\"}]}<\/script>\n<!-- \/ Yoast SEO plugin. -->","yoast_head_json":{"title":"El Gobierno Provincial organiz\u00f3 las VI Jornadas Corales Chubutenses - FM Patagonia Madryn","robots":{"index":"index","follow":"follow","max-snippet":"max-snippet:-1","max-image-preview":"max-image-preview:large","max-video-preview":"max-video-preview:-1"},"canonical":"https:\/\/fmpatagoniamadryn.com.ar\/?p=3893","og_locale":"es_ES","og_type":"article","og_title":"El Gobierno Provincial organiz\u00f3 las VI Jornadas Corales Chubutenses - FM Patagonia Madryn","og_description":"El encuentro que cont\u00f3 con m\u00e1s de 150 participantes se realiz\u00f3 en la ciudad de Puerto Madryn. El Gobierno Provincial, a trav\u00e9s de la Secretar\u00eda de Ciencia, Tecnolog\u00eda, Innovaci\u00f3n Productiva&hellip;","og_url":"https:\/\/fmpatagoniamadryn.com.ar\/?p=3893","og_site_name":"FM Patagonia Madryn","article_published_time":"2023-06-24T22:47:55+00:00","article_modified_time":"2023-06-24T22:48:03+00:00","og_image":[{"width":1599,"height":1066,"url":"https:\/\/fmpatagoniamadryn.com.ar\/wp-content\/uploads\/2023\/06\/Luego-de-seis-anos-se-realizaron-las-VI-Jornadas-Corales-Chubutenses-3.jpg","type":"image\/jpeg"}],"author":"FM Patagonia","twitter_card":"summary_large_image","twitter_misc":{"Escrito por":"FM Patagonia","Tiempo de lectura":"3 minutos"},"schema":{"@context":"https:\/\/schema.org","@graph":[{"@type":"Article","@id":"https:\/\/fmpatagoniamadryn.com.ar\/?p=3893#article","isPartOf":{"@id":"https:\/\/fmpatagoniamadryn.com.ar\/?p=3893"},"author":{"name":"FM Patagonia","@id":"https:\/\/fmpatagoniamadryn.com.ar\/#\/schema\/person\/1d968ec613613768e14b4e6420a2b125"},"headline":"El Gobierno Provincial organiz\u00f3 las VI Jornadas Corales Chubutenses","datePublished":"2023-06-24T22:47:55+00:00","dateModified":"2023-06-24T22:48:03+00:00","mainEntityOfPage":{"@id":"https:\/\/fmpatagoniamadryn.com.ar\/?p=3893"},"wordCount":535,"publisher":{"@id":"https:\/\/fmpatagoniamadryn.com.ar\/#organization"},"image":{"@id":"https:\/\/fmpatagoniamadryn.com.ar\/?p=3893#primaryimage"},"thumbnailUrl":"https:\/\/fmpatagoniamadryn.com.ar\/wp-content\/uploads\/2023\/06\/Luego-de-seis-anos-se-realizaron-las-VI-Jornadas-Corales-Chubutenses-3.jpg","articleSection":["Provinciales"],"inLanguage":"es"},{"@type":"WebPage","@id":"https:\/\/fmpatagoniamadryn.com.ar\/?p=3893","url":"https:\/\/fmpatagoniamadryn.com.ar\/?p=3893","name":"El Gobierno Provincial organiz\u00f3 las VI Jornadas Corales Chubutenses - FM Patagonia Madryn","isPartOf":{"@id":"https:\/\/fmpatagoniamadryn.com.ar\/#website"},"primaryImageOfPage":{"@id":"https:\/\/fmpatagoniamadryn.com.ar\/?p=3893#primaryimage"},"image":{"@id":"https:\/\/fmpatagoniamadryn.com.ar\/?p=3893#primaryimage"},"thumbnailUrl":"https:\/\/fmpatagoniamadryn.com.ar\/wp-content\/uploads\/2023\/06\/Luego-de-seis-anos-se-realizaron-las-VI-Jornadas-Corales-Chubutenses-3.jpg","datePublished":"2023-06-24T22:47:55+00:00","dateModified":"2023-06-24T22:48:03+00:00","breadcrumb":{"@id":"https:\/\/fmpatagoniamadryn.com.ar\/?p=3893#breadcrumb"},"inLanguage":"es","potentialAction":[{"@type":"ReadAction","target":["https:\/\/fmpatagoniamadryn.com.ar\/?p=3893"]}]},{"@type":"ImageObject","inLanguage":"es","@id":"https:\/\/fmpatagoniamadryn.com.ar\/?p=3893#primaryimage","url":"https:\/\/fmpatagoniamadryn.com.ar\/wp-content\/uploads\/2023\/06\/Luego-de-seis-anos-se-realizaron-las-VI-Jornadas-Corales-Chubutenses-3.jpg","contentUrl":"https:\/\/fmpatagoniamadryn.com.ar\/wp-content\/uploads\/2023\/06\/Luego-de-seis-anos-se-realizaron-las-VI-Jornadas-Corales-Chubutenses-3.jpg","width":1599,"height":1066},{"@type":"BreadcrumbList","@id":"https:\/\/fmpatagoniamadryn.com.ar\/?p=3893#breadcrumb","itemListElement":[{"@type":"ListItem","position":1,"name":"Portada","item":"https:\/\/fmpatagoniamadryn.com.ar\/"},{"@type":"ListItem","position":2,"name":"El Gobierno Provincial organiz\u00f3 las VI Jornadas Corales Chubutenses"}]},{"@type":"WebSite","@id":"https:\/\/fmpatagoniamadryn.com.ar\/#website","url":"https:\/\/fmpatagoniamadryn.com.ar\/","name":"FM Patagonia Madryn","description":"Radio Patagonia 105.5","publisher":{"@id":"https:\/\/fmpatagoniamadryn.com.ar\/#organization"},"potentialAction":[{"@type":"SearchAction","target":{"@type":"EntryPoint","urlTemplate":"https:\/\/fmpatagoniamadryn.com.ar\/?s={search_term_string}"},"query-input":{"@type":"PropertyValueSpecification","valueRequired":true,"valueName":"search_term_string"}}],"inLanguage":"es"},{"@type":"Organization","@id":"https:\/\/fmpatagoniamadryn.com.ar\/#organization","name":"FM Patagonia Madryn","url":"https:\/\/fmpatagoniamadryn.com.ar\/","logo":{"@type":"ImageObject","inLanguage":"es","@id":"https:\/\/fmpatagoniamadryn.com.ar\/#\/schema\/logo\/image\/","url":"https:\/\/fmpatagoniamadryn.com.ar\/wp-content\/uploads\/2023\/01\/cropped-Diseno-sin-titulo.png","contentUrl":"https:\/\/fmpatagoniamadryn.com.ar\/wp-content\/uploads\/2023\/01\/cropped-Diseno-sin-titulo.png","width":6911,"height":2657,"caption":"FM Patagonia Madryn"},"image":{"@id":"https:\/\/fmpatagoniamadryn.com.ar\/#\/schema\/logo\/image\/"}},{"@type":"Person","@id":"https:\/\/fmpatagoniamadryn.com.ar\/#\/schema\/person\/1d968ec613613768e14b4e6420a2b125","name":"FM Patagonia","url":"https:\/\/fmpatagoniamadryn.com.ar\/?author=3"}]}},"jetpack_featured_media_url":"https:\/\/fmpatagoniamadryn.com.ar\/wp-content\/uploads\/2023\/06\/Luego-de-seis-anos-se-realizaron-las-VI-Jornadas-Corales-Chubutenses-3.jpg","_links":{"self":[{"href":"https:\/\/fmpatagoniamadryn.com.ar\/index.php?rest_route=\/wp\/v2\/posts\/3893","targetHints":{"allow":["GET"]}}],"collection":[{"href":"https:\/\/fmpatagoniamadryn.com.ar\/index.php?rest_route=\/wp\/v2\/posts"}],"about":[{"href":"https:\/\/fmpatagoniamadryn.com.ar\/index.php?rest_route=\/wp\/v2\/types\/post"}],"author":[{"embeddable":true,"href":"https:\/\/fmpatagoniamadryn.com.ar\/index.php?rest_route=\/wp\/v2\/users\/3"}],"replies":[{"embeddable":true,"href":"https:\/\/fmpatagoniamadryn.com.ar\/index.php?rest_route=%2Fwp%2Fv2%2Fcomments&post=3893"}],"version-history":[{"count":1,"href":"https:\/\/fmpatagoniamadryn.com.ar\/index.php?rest_route=\/wp\/v2\/posts\/3893\/revisions"}],"predecessor-version":[{"id":3894,"href":"https:\/\/fmpatagoniamadryn.com.ar\/index.php?rest_route=\/wp\/v2\/posts\/3893\/revisions\/3894"}],"wp:featuredmedia":[{"embeddable":true,"href":"https:\/\/fmpatagoniamadryn.com.ar\/index.php?rest_route=\/wp\/v2\/media\/3892"}],"wp:attachment":[{"href":"https:\/\/fmpatagoniamadryn.com.ar\/index.php?rest_route=%2Fwp%2Fv2%2Fmedia&parent=3893"}],"wp:term":[{"taxonomy":"category","embeddable":true,"href":"https:\/\/fmpatagoniamadryn.com.ar\/index.php?rest_route=%2Fwp%2Fv2%2Fcategories&post=3893"},{"taxonomy":"post_tag","embeddable":true,"href":"https:\/\/fmpatagoniamadryn.com.ar\/index.php?rest_route=%2Fwp%2Fv2%2Ftags&post=3893"}],"curies":[{"name":"wp","href":"https:\/\/api.w.org\/{rel}","templated":true}]}}