{"id":3899,"date":"2023-06-24T19:49:48","date_gmt":"2023-06-24T22:49:48","guid":{"rendered":"https:\/\/fmpatagoniamadryn.com.ar\/?p=3899"},"modified":"2023-06-24T19:49:58","modified_gmt":"2023-06-24T22:49:58","slug":"el-vicegobernador-y-el-intendente-participaron-de-la-inauguracion-de-un-nuevo-sum-deportivo-en-el-predio-del-sec","status":"publish","type":"post","link":"https:\/\/fmpatagoniamadryn.com.ar\/?p=3899","title":{"rendered":"EL VICEGOBERNADOR Y EL INTENDENTE PARTICIPARON DE LA INAUGURACI\u00d3N DE UN NUEVO SUM DEPORTIVO EN EL PREDIO DEL SEC"},"content":{"rendered":"\n<p>Ricardo y Gustavo Sastre acompa\u00f1aron a Alfredo B\u00e9liz, secretario general del Sindicato de Empleados de Comercio, en la apertura de un nuevo espacio dentro del sitio en el que se realizaron muchas presentaciones recientemente<br><br> <br><br> <br><br>El vicegobernador de Chubut, Ricardo Sastre, y el intendente de Puerto Madryn, Gustavo Sastre, participaron de la inauguraci\u00f3n del nuevo Sal\u00f3n de Espacios M\u00faltiples (SUM) en el predio del Sindicato de Empleados de Comercio (SEC), acompa\u00f1ando al secretario general de dicha asociaci\u00f3n sindical, Alfredo B\u00e9liz. <br><br> <br><br>Adem\u00e1s, se renov\u00f3 el convenio entre el gremio y la Municipalidad de Puerto Madryn, a trav\u00e9s del cual se articulan acciones conjuntas y se desarrollan actividades municipales en las instalaciones en la que hoy se inaugur\u00f3 el nuevo polideportivo. El objetivo espec\u00edfico de esto es que desde la Secretar\u00eda de Educaci\u00f3n, Cultura y Deportes se lleven a cabo talleres y actividades recreativas.<br><br> <br><br>Gran crecimiento<br><br> <br><br>Al respecto, el Intendente dijo: \u201cEste es un d\u00eda important\u00edsimo, no solo para el SEC, sino para Puerto Madryn, ya que esto es seguir dotando de infraestructura a los espacios deportivos, culturales y sociales, generando beneficios dentro de nuestra comunidad, buscando constantemente la sociedad que tanto queremos y nos merecemos todos los madrynenses\u201d. <br><br> <br><br>Adem\u00e1s, el Jefe Comunal remarc\u00f3: \u201cCelebramos el compromiso de la gesti\u00f3n de Alfredo B\u00e9liz y todo su equipo de trabajo, que sigue inaugurando obras y que contin\u00faa ampliando este espacio tan importante para nuestra ciudad\u201d.<br><br> <br><br>Los presentes<br><br> <br><br>En el acto de presentaci\u00f3n, adem\u00e1s del Vicegobernador, el Intendente y el Secretario General del SEC, tambi\u00e9n estuvieron presentes la viceintendenta Noelia Corval\u00e1n; la diputada nacional Eugenia Alianiello; las diputadas y los diputados provinciales Gabriela De Luc\u00eda, Mariela Williams y Carlos Eliceche; el secretario de Gobierno, Mart\u00edn Ebene; funcionarios del Gabinete Municipal, concejales y afiliados dicha asociaci\u00f3n sindical.<br><br> <\/p>\n","protected":false},"excerpt":{"rendered":"<p>Ricardo y Gustavo Sastre acompa\u00f1aron a Alfredo B\u00e9liz, secretario general del Sindicato de Empleados de Comercio, en la apertura de un nuevo espacio dentro del sitio en el que se&hellip; <\/p>\n","protected":false},"author":3,"featured_media":3898,"comment_status":"closed","ping_status":"closed","sticky":false,"template":"","format":"standard","meta":{"footnotes":""},"categories":[15],"tags":[],"class_list":["post-3899","post","type-post","status-publish","format-standard","has-post-thumbnail","hentry","category-locales"],"yoast_head":"<!-- This site is optimized with the Yoast SEO plugin v27.4 - https:\/\/yoast.com\/product\/yoast-seo-wordpress\/ -->\n<title>EL VICEGOBERNADOR Y EL INTENDENTE PARTICIPARON DE LA INAUGURACI\u00d3N DE UN NUEVO SUM DEPORTIVO EN EL PREDIO DEL SEC - FM Patagonia Madryn<\/title>\n<meta name=\"robots\" content=\"index, follow, max-snippet:-1, max-image-preview:large, max-video-preview:-1\" \/>\n<link rel=\"canonical\" href=\"https:\/\/fmpatagoniamadryn.com.ar\/?p=3899\" \/>\n<meta property=\"og:locale\" content=\"es_ES\" \/>\n<meta property=\"og:type\" content=\"article\" \/>\n<meta property=\"og:title\" content=\"EL VICEGOBERNADOR Y EL INTENDENTE PARTICIPARON DE LA INAUGURACI\u00d3N DE UN NUEVO SUM DEPORTIVO EN EL PREDIO DEL SEC - FM Patagonia Madryn\" \/>\n<meta property=\"og:description\" content=\"Ricardo y Gustavo Sastre acompa\u00f1aron a Alfredo B\u00e9liz, secretario general del Sindicato de Empleados de Comercio, en la apertura de un nuevo espacio dentro del sitio en el que se&hellip;\" \/>\n<meta property=\"og:url\" content=\"https:\/\/fmpatagoniamadryn.com.ar\/?p=3899\" \/>\n<meta property=\"og:site_name\" content=\"FM Patagonia Madryn\" \/>\n<meta property=\"article:published_time\" content=\"2023-06-24T22:49:48+00:00\" \/>\n<meta property=\"article:modified_time\" content=\"2023-06-24T22:49:58+00:00\" \/>\n<meta property=\"og:image\" content=\"https:\/\/fmpatagoniamadryn.com.ar\/wp-content\/uploads\/2023\/06\/e587414a-90cd-4db1-9786-59fd1786709a.jpg\" \/>\n\t<meta property=\"og:image:width\" content=\"1280\" \/>\n\t<meta property=\"og:image:height\" content=\"799\" \/>\n\t<meta property=\"og:image:type\" content=\"image\/jpeg\" \/>\n<meta name=\"author\" content=\"FM Patagonia\" \/>\n<meta name=\"twitter:card\" content=\"summary_large_image\" \/>\n<meta name=\"twitter:label1\" content=\"Escrito por\" \/>\n\t<meta name=\"twitter:data1\" content=\"FM Patagonia\" \/>\n\t<meta name=\"twitter:label2\" content=\"Tiempo de lectura\" \/>\n\t<meta name=\"twitter:data2\" content=\"2 minutos\" \/>\n<script type=\"application\/ld+json\" class=\"yoast-schema-graph\">{\"@context\":\"https:\\\/\\\/schema.org\",\"@graph\":[{\"@type\":\"Article\",\"@id\":\"https:\\\/\\\/fmpatagoniamadryn.com.ar\\\/?p=3899#article\",\"isPartOf\":{\"@id\":\"https:\\\/\\\/fmpatagoniamadryn.com.ar\\\/?p=3899\"},\"author\":{\"name\":\"FM Patagonia\",\"@id\":\"https:\\\/\\\/fmpatagoniamadryn.com.ar\\\/#\\\/schema\\\/person\\\/1d968ec613613768e14b4e6420a2b125\"},\"headline\":\"EL VICEGOBERNADOR Y EL INTENDENTE PARTICIPARON DE LA INAUGURACI\u00d3N DE UN NUEVO SUM DEPORTIVO EN EL PREDIO DEL SEC\",\"datePublished\":\"2023-06-24T22:49:48+00:00\",\"dateModified\":\"2023-06-24T22:49:58+00:00\",\"mainEntityOfPage\":{\"@id\":\"https:\\\/\\\/fmpatagoniamadryn.com.ar\\\/?p=3899\"},\"wordCount\":337,\"publisher\":{\"@id\":\"https:\\\/\\\/fmpatagoniamadryn.com.ar\\\/#organization\"},\"image\":{\"@id\":\"https:\\\/\\\/fmpatagoniamadryn.com.ar\\\/?p=3899#primaryimage\"},\"thumbnailUrl\":\"https:\\\/\\\/fmpatagoniamadryn.com.ar\\\/wp-content\\\/uploads\\\/2023\\\/06\\\/e587414a-90cd-4db1-9786-59fd1786709a.jpg\",\"articleSection\":[\"Locales\"],\"inLanguage\":\"es\"},{\"@type\":\"WebPage\",\"@id\":\"https:\\\/\\\/fmpatagoniamadryn.com.ar\\\/?p=3899\",\"url\":\"https:\\\/\\\/fmpatagoniamadryn.com.ar\\\/?p=3899\",\"name\":\"EL VICEGOBERNADOR Y EL INTENDENTE PARTICIPARON DE LA INAUGURACI\u00d3N DE UN NUEVO SUM DEPORTIVO EN EL PREDIO DEL SEC - FM Patagonia Madryn\",\"isPartOf\":{\"@id\":\"https:\\\/\\\/fmpatagoniamadryn.com.ar\\\/#website\"},\"primaryImageOfPage\":{\"@id\":\"https:\\\/\\\/fmpatagoniamadryn.com.ar\\\/?p=3899#primaryimage\"},\"image\":{\"@id\":\"https:\\\/\\\/fmpatagoniamadryn.com.ar\\\/?p=3899#primaryimage\"},\"thumbnailUrl\":\"https:\\\/\\\/fmpatagoniamadryn.com.ar\\\/wp-content\\\/uploads\\\/2023\\\/06\\\/e587414a-90cd-4db1-9786-59fd1786709a.jpg\",\"datePublished\":\"2023-06-24T22:49:48+00:00\",\"dateModified\":\"2023-06-24T22:49:58+00:00\",\"breadcrumb\":{\"@id\":\"https:\\\/\\\/fmpatagoniamadryn.com.ar\\\/?p=3899#breadcrumb\"},\"inLanguage\":\"es\",\"potentialAction\":[{\"@type\":\"ReadAction\",\"target\":[\"https:\\\/\\\/fmpatagoniamadryn.com.ar\\\/?p=3899\"]}]},{\"@type\":\"ImageObject\",\"inLanguage\":\"es\",\"@id\":\"https:\\\/\\\/fmpatagoniamadryn.com.ar\\\/?p=3899#primaryimage\",\"url\":\"https:\\\/\\\/fmpatagoniamadryn.com.ar\\\/wp-content\\\/uploads\\\/2023\\\/06\\\/e587414a-90cd-4db1-9786-59fd1786709a.jpg\",\"contentUrl\":\"https:\\\/\\\/fmpatagoniamadryn.com.ar\\\/wp-content\\\/uploads\\\/2023\\\/06\\\/e587414a-90cd-4db1-9786-59fd1786709a.jpg\",\"width\":1280,\"height\":799},{\"@type\":\"BreadcrumbList\",\"@id\":\"https:\\\/\\\/fmpatagoniamadryn.com.ar\\\/?p=3899#breadcrumb\",\"itemListElement\":[{\"@type\":\"ListItem\",\"position\":1,\"name\":\"Portada\",\"item\":\"https:\\\/\\\/fmpatagoniamadryn.com.ar\\\/\"},{\"@type\":\"ListItem\",\"position\":2,\"name\":\"EL VICEGOBERNADOR Y EL INTENDENTE PARTICIPARON DE LA INAUGURACI\u00d3N DE UN NUEVO SUM DEPORTIVO EN EL PREDIO DEL SEC\"}]},{\"@type\":\"WebSite\",\"@id\":\"https:\\\/\\\/fmpatagoniamadryn.com.ar\\\/#website\",\"url\":\"https:\\\/\\\/fmpatagoniamadryn.com.ar\\\/\",\"name\":\"FM Patagonia Madryn\",\"description\":\"Radio Patagonia 105.5\",\"publisher\":{\"@id\":\"https:\\\/\\\/fmpatagoniamadryn.com.ar\\\/#organization\"},\"potentialAction\":[{\"@type\":\"SearchAction\",\"target\":{\"@type\":\"EntryPoint\",\"urlTemplate\":\"https:\\\/\\\/fmpatagoniamadryn.com.ar\\\/?s={search_term_string}\"},\"query-input\":{\"@type\":\"PropertyValueSpecification\",\"valueRequired\":true,\"valueName\":\"search_term_string\"}}],\"inLanguage\":\"es\"},{\"@type\":\"Organization\",\"@id\":\"https:\\\/\\\/fmpatagoniamadryn.com.ar\\\/#organization\",\"name\":\"FM Patagonia Madryn\",\"url\":\"https:\\\/\\\/fmpatagoniamadryn.com.ar\\\/\",\"logo\":{\"@type\":\"ImageObject\",\"inLanguage\":\"es\",\"@id\":\"https:\\\/\\\/fmpatagoniamadryn.com.ar\\\/#\\\/schema\\\/logo\\\/image\\\/\",\"url\":\"https:\\\/\\\/fmpatagoniamadryn.com.ar\\\/wp-content\\\/uploads\\\/2023\\\/01\\\/cropped-Diseno-sin-titulo.png\",\"contentUrl\":\"https:\\\/\\\/fmpatagoniamadryn.com.ar\\\/wp-content\\\/uploads\\\/2023\\\/01\\\/cropped-Diseno-sin-titulo.png\",\"width\":6911,\"height\":2657,\"caption\":\"FM Patagonia Madryn\"},\"image\":{\"@id\":\"https:\\\/\\\/fmpatagoniamadryn.com.ar\\\/#\\\/schema\\\/logo\\\/image\\\/\"}},{\"@type\":\"Person\",\"@id\":\"https:\\\/\\\/fmpatagoniamadryn.com.ar\\\/#\\\/schema\\\/person\\\/1d968ec613613768e14b4e6420a2b125\",\"name\":\"FM Patagonia\",\"url\":\"https:\\\/\\\/fmpatagoniamadryn.com.ar\\\/?author=3\"}]}<\/script>\n<!-- \/ Yoast SEO plugin. -->","yoast_head_json":{"title":"EL VICEGOBERNADOR Y EL INTENDENTE PARTICIPARON DE LA INAUGURACI\u00d3N DE UN NUEVO SUM DEPORTIVO EN EL PREDIO DEL SEC - FM Patagonia Madryn","robots":{"index":"index","follow":"follow","max-snippet":"max-snippet:-1","max-image-preview":"max-image-preview:large","max-video-preview":"max-video-preview:-1"},"canonical":"https:\/\/fmpatagoniamadryn.com.ar\/?p=3899","og_locale":"es_ES","og_type":"article","og_title":"EL VICEGOBERNADOR Y EL INTENDENTE PARTICIPARON DE LA INAUGURACI\u00d3N DE UN NUEVO SUM DEPORTIVO EN EL PREDIO DEL SEC - FM Patagonia Madryn","og_description":"Ricardo y Gustavo Sastre acompa\u00f1aron a Alfredo B\u00e9liz, secretario general del Sindicato de Empleados de Comercio, en la apertura de un nuevo espacio dentro del sitio en el que se&hellip;","og_url":"https:\/\/fmpatagoniamadryn.com.ar\/?p=3899","og_site_name":"FM Patagonia Madryn","article_published_time":"2023-06-24T22:49:48+00:00","article_modified_time":"2023-06-24T22:49:58+00:00","og_image":[{"width":1280,"height":799,"url":"https:\/\/fmpatagoniamadryn.com.ar\/wp-content\/uploads\/2023\/06\/e587414a-90cd-4db1-9786-59fd1786709a.jpg","type":"image\/jpeg"}],"author":"FM Patagonia","twitter_card":"summary_large_image","twitter_misc":{"Escrito por":"FM Patagonia","Tiempo de lectura":"2 minutos"},"schema":{"@context":"https:\/\/schema.org","@graph":[{"@type":"Article","@id":"https:\/\/fmpatagoniamadryn.com.ar\/?p=3899#article","isPartOf":{"@id":"https:\/\/fmpatagoniamadryn.com.ar\/?p=3899"},"author":{"name":"FM Patagonia","@id":"https:\/\/fmpatagoniamadryn.com.ar\/#\/schema\/person\/1d968ec613613768e14b4e6420a2b125"},"headline":"EL VICEGOBERNADOR Y EL INTENDENTE PARTICIPARON DE LA INAUGURACI\u00d3N DE UN NUEVO SUM DEPORTIVO EN EL PREDIO DEL SEC","datePublished":"2023-06-24T22:49:48+00:00","dateModified":"2023-06-24T22:49:58+00:00","mainEntityOfPage":{"@id":"https:\/\/fmpatagoniamadryn.com.ar\/?p=3899"},"wordCount":337,"publisher":{"@id":"https:\/\/fmpatagoniamadryn.com.ar\/#organization"},"image":{"@id":"https:\/\/fmpatagoniamadryn.com.ar\/?p=3899#primaryimage"},"thumbnailUrl":"https:\/\/fmpatagoniamadryn.com.ar\/wp-content\/uploads\/2023\/06\/e587414a-90cd-4db1-9786-59fd1786709a.jpg","articleSection":["Locales"],"inLanguage":"es"},{"@type":"WebPage","@id":"https:\/\/fmpatagoniamadryn.com.ar\/?p=3899","url":"https:\/\/fmpatagoniamadryn.com.ar\/?p=3899","name":"EL VICEGOBERNADOR Y EL INTENDENTE PARTICIPARON DE LA INAUGURACI\u00d3N DE UN NUEVO SUM DEPORTIVO EN EL PREDIO DEL SEC - FM Patagonia Madryn","isPartOf":{"@id":"https:\/\/fmpatagoniamadryn.com.ar\/#website"},"primaryImageOfPage":{"@id":"https:\/\/fmpatagoniamadryn.com.ar\/?p=3899#primaryimage"},"image":{"@id":"https:\/\/fmpatagoniamadryn.com.ar\/?p=3899#primaryimage"},"thumbnailUrl":"https:\/\/fmpatagoniamadryn.com.ar\/wp-content\/uploads\/2023\/06\/e587414a-90cd-4db1-9786-59fd1786709a.jpg","datePublished":"2023-06-24T22:49:48+00:00","dateModified":"2023-06-24T22:49:58+00:00","breadcrumb":{"@id":"https:\/\/fmpatagoniamadryn.com.ar\/?p=3899#breadcrumb"},"inLanguage":"es","potentialAction":[{"@type":"ReadAction","target":["https:\/\/fmpatagoniamadryn.com.ar\/?p=3899"]}]},{"@type":"ImageObject","inLanguage":"es","@id":"https:\/\/fmpatagoniamadryn.com.ar\/?p=3899#primaryimage","url":"https:\/\/fmpatagoniamadryn.com.ar\/wp-content\/uploads\/2023\/06\/e587414a-90cd-4db1-9786-59fd1786709a.jpg","contentUrl":"https:\/\/fmpatagoniamadryn.com.ar\/wp-content\/uploads\/2023\/06\/e587414a-90cd-4db1-9786-59fd1786709a.jpg","width":1280,"height":799},{"@type":"BreadcrumbList","@id":"https:\/\/fmpatagoniamadryn.com.ar\/?p=3899#breadcrumb","itemListElement":[{"@type":"ListItem","position":1,"name":"Portada","item":"https:\/\/fmpatagoniamadryn.com.ar\/"},{"@type":"ListItem","position":2,"name":"EL VICEGOBERNADOR Y EL INTENDENTE PARTICIPARON DE LA INAUGURACI\u00d3N DE UN NUEVO SUM DEPORTIVO EN EL PREDIO DEL SEC"}]},{"@type":"WebSite","@id":"https:\/\/fmpatagoniamadryn.com.ar\/#website","url":"https:\/\/fmpatagoniamadryn.com.ar\/","name":"FM Patagonia Madryn","description":"Radio Patagonia 105.5","publisher":{"@id":"https:\/\/fmpatagoniamadryn.com.ar\/#organization"},"potentialAction":[{"@type":"SearchAction","target":{"@type":"EntryPoint","urlTemplate":"https:\/\/fmpatagoniamadryn.com.ar\/?s={search_term_string}"},"query-input":{"@type":"PropertyValueSpecification","valueRequired":true,"valueName":"search_term_string"}}],"inLanguage":"es"},{"@type":"Organization","@id":"https:\/\/fmpatagoniamadryn.com.ar\/#organization","name":"FM Patagonia Madryn","url":"https:\/\/fmpatagoniamadryn.com.ar\/","logo":{"@type":"ImageObject","inLanguage":"es","@id":"https:\/\/fmpatagoniamadryn.com.ar\/#\/schema\/logo\/image\/","url":"https:\/\/fmpatagoniamadryn.com.ar\/wp-content\/uploads\/2023\/01\/cropped-Diseno-sin-titulo.png","contentUrl":"https:\/\/fmpatagoniamadryn.com.ar\/wp-content\/uploads\/2023\/01\/cropped-Diseno-sin-titulo.png","width":6911,"height":2657,"caption":"FM Patagonia Madryn"},"image":{"@id":"https:\/\/fmpatagoniamadryn.com.ar\/#\/schema\/logo\/image\/"}},{"@type":"Person","@id":"https:\/\/fmpatagoniamadryn.com.ar\/#\/schema\/person\/1d968ec613613768e14b4e6420a2b125","name":"FM Patagonia","url":"https:\/\/fmpatagoniamadryn.com.ar\/?author=3"}]}},"jetpack_featured_media_url":"https:\/\/fmpatagoniamadryn.com.ar\/wp-content\/uploads\/2023\/06\/e587414a-90cd-4db1-9786-59fd1786709a.jpg","_links":{"self":[{"href":"https:\/\/fmpatagoniamadryn.com.ar\/index.php?rest_route=\/wp\/v2\/posts\/3899","targetHints":{"allow":["GET"]}}],"collection":[{"href":"https:\/\/fmpatagoniamadryn.com.ar\/index.php?rest_route=\/wp\/v2\/posts"}],"about":[{"href":"https:\/\/fmpatagoniamadryn.com.ar\/index.php?rest_route=\/wp\/v2\/types\/post"}],"author":[{"embeddable":true,"href":"https:\/\/fmpatagoniamadryn.com.ar\/index.php?rest_route=\/wp\/v2\/users\/3"}],"replies":[{"embeddable":true,"href":"https:\/\/fmpatagoniamadryn.com.ar\/index.php?rest_route=%2Fwp%2Fv2%2Fcomments&post=3899"}],"version-history":[{"count":1,"href":"https:\/\/fmpatagoniamadryn.com.ar\/index.php?rest_route=\/wp\/v2\/posts\/3899\/revisions"}],"predecessor-version":[{"id":3900,"href":"https:\/\/fmpatagoniamadryn.com.ar\/index.php?rest_route=\/wp\/v2\/posts\/3899\/revisions\/3900"}],"wp:featuredmedia":[{"embeddable":true,"href":"https:\/\/fmpatagoniamadryn.com.ar\/index.php?rest_route=\/wp\/v2\/media\/3898"}],"wp:attachment":[{"href":"https:\/\/fmpatagoniamadryn.com.ar\/index.php?rest_route=%2Fwp%2Fv2%2Fmedia&parent=3899"}],"wp:term":[{"taxonomy":"category","embeddable":true,"href":"https:\/\/fmpatagoniamadryn.com.ar\/index.php?rest_route=%2Fwp%2Fv2%2Fcategories&post=3899"},{"taxonomy":"post_tag","embeddable":true,"href":"https:\/\/fmpatagoniamadryn.com.ar\/index.php?rest_route=%2Fwp%2Fv2%2Ftags&post=3899"}],"curies":[{"name":"wp","href":"https:\/\/api.w.org\/{rel}","templated":true}]}}