{"id":4909,"date":"2023-07-23T02:23:48","date_gmt":"2023-07-23T05:23:48","guid":{"rendered":"https:\/\/fmpatagoniamadryn.com.ar\/?p=4909"},"modified":"2023-07-23T02:23:57","modified_gmt":"2023-07-23T05:23:57","slug":"la-policia-del-chubut-participo-en-actividades-de-concientizacion-y-sensibilizacion-sobre-tematicas-de-genero-en-carrenleufu","status":"publish","type":"post","link":"https:\/\/fmpatagoniamadryn.com.ar\/?p=4909","title":{"rendered":"La Polic\u00eda del Chubut particip\u00f3 en actividades de concientizaci\u00f3n y sensibilizaci\u00f3n sobre tem\u00e1ticas de g\u00e9nero en Carrenleuf\u00fa"},"content":{"rendered":"\n<p>Participaron m\u00e1s de 50 mujeres de las actividades recreativas y las reuniones formativas que se llevaron adelante.<br><br>La Polic\u00eda del Chubut, a trav\u00e9s de las agentes de Proximidad de Carrenleuf\u00fa, form\u00f3 parte de la secuencia de actividades que se llevaron adelante d\u00edas atr\u00e1s, en el marco de las tareas de concientizaci\u00f3n y sensibilizaci\u00f3n sobre tem\u00e1ticas de g\u00e9nero, en un evento que se denomin\u00f3 \u201cMujer Empoderada\u201d.<br><br>Las responsables de las propuestas fueron Giselle Quintuprai de la Polic\u00eda de Proximidad junto con Flavia Torres y Griselda Rosas que pertenecen al \u00c1rea G\u00e9nero de la municipalidad local.<br><br>En uno de los tramos, se realiz\u00f3 un \u2018taller de tejido\u2019 a trav\u00e9s del cual se entregaron ovillos de lana con distintos tonos de violeta, porque ese color representa la lucha contra la violencia de g\u00e9nero.<br><br>Adem\u00e1s, hubo instancias donde se abordaron distintas tem\u00e1ticas sobre la Ley Micaela, el programa \u2018Acercar Derecho\u2019 y otros marcos jur\u00eddicos vinculados con la problem\u00e1tica. Se cont\u00f3 con la participaci\u00f3n de 50 mujeres en las actividades recreativas y en las reuniones formativas.<br><br>El encuentro se realiz\u00f3 en el sal\u00f3n de la Oficina de Turismo donde se realizaron proyecciones, se imprimieron los trabajos, folletos y se elabor\u00f3 un Mural que se exhibi\u00f3 sobre una tela de fondo.<br><br>Cada uno de los grupos expuso sus producciones y manualidades, realiz\u00f3 las explicaciones acordes a los contenidos desarrollados en la jornada. Las asistentes coincidieron en destacar la importancia de la \u2018sororidad\u2019 concebida como la capacidad de fortalecer los lazos de unidad y apoyo entre las mujeres ante diversas situaciones resulta fundamental para enfrentar los desaf\u00edos que atraviesan en la vida social.<br><br>Finalmente,  se realiz\u00f3 un sorteo entre las participantes que disfrutaron de las actividades propuestas y acordaron mantenerse en contacto permanente para evaluar la evoluci\u00f3n de los temas analizados durante el evento.<\/p>\n","protected":false},"excerpt":{"rendered":"<p>Participaron m\u00e1s de 50 mujeres de las actividades recreativas y las reuniones formativas que se llevaron adelante. La Polic\u00eda del Chubut, a trav\u00e9s de las agentes de Proximidad de Carrenleuf\u00fa,&hellip; <\/p>\n","protected":false},"author":3,"featured_media":4908,"comment_status":"closed","ping_status":"closed","sticky":false,"template":"","format":"standard","meta":{"footnotes":""},"categories":[14],"tags":[],"class_list":["post-4909","post","type-post","status-publish","format-standard","has-post-thumbnail","hentry","category-provinciales"],"yoast_head":"<!-- This site is optimized with the Yoast SEO plugin v27.5 - https:\/\/yoast.com\/product\/yoast-seo-wordpress\/ -->\n<title>La Polic\u00eda del Chubut particip\u00f3 en actividades de concientizaci\u00f3n y sensibilizaci\u00f3n sobre tem\u00e1ticas de g\u00e9nero en Carrenleuf\u00fa - FM Patagonia Madryn<\/title>\n<meta name=\"robots\" content=\"index, follow, max-snippet:-1, max-image-preview:large, max-video-preview:-1\" \/>\n<link rel=\"canonical\" href=\"https:\/\/fmpatagoniamadryn.com.ar\/?p=4909\" \/>\n<meta property=\"og:locale\" content=\"es_ES\" \/>\n<meta property=\"og:type\" content=\"article\" \/>\n<meta property=\"og:title\" content=\"La Polic\u00eda del Chubut particip\u00f3 en actividades de concientizaci\u00f3n y sensibilizaci\u00f3n sobre tem\u00e1ticas de g\u00e9nero en Carrenleuf\u00fa - FM Patagonia Madryn\" \/>\n<meta property=\"og:description\" content=\"Participaron m\u00e1s de 50 mujeres de las actividades recreativas y las reuniones formativas que se llevaron adelante. La Polic\u00eda del Chubut, a trav\u00e9s de las agentes de Proximidad de Carrenleuf\u00fa,&hellip;\" \/>\n<meta property=\"og:url\" content=\"https:\/\/fmpatagoniamadryn.com.ar\/?p=4909\" \/>\n<meta property=\"og:site_name\" content=\"FM Patagonia Madryn\" \/>\n<meta property=\"article:published_time\" content=\"2023-07-23T05:23:48+00:00\" \/>\n<meta property=\"article:modified_time\" content=\"2023-07-23T05:23:57+00:00\" \/>\n<meta property=\"og:image\" content=\"https:\/\/fmpatagoniamadryn.com.ar\/wp-content\/uploads\/2023\/07\/La-Policia-del-Chubut-participo-en-actividades-de-genero-en-Carrenleufu-2.jpeg\" \/>\n\t<meta property=\"og:image:width\" content=\"1600\" \/>\n\t<meta property=\"og:image:height\" content=\"783\" \/>\n\t<meta property=\"og:image:type\" content=\"image\/jpeg\" \/>\n<meta name=\"author\" content=\"FM Patagonia\" \/>\n<meta name=\"twitter:card\" content=\"summary_large_image\" \/>\n<meta name=\"twitter:label1\" content=\"Escrito por\" \/>\n\t<meta name=\"twitter:data1\" content=\"FM Patagonia\" \/>\n\t<meta name=\"twitter:label2\" content=\"Tiempo de lectura\" \/>\n\t<meta name=\"twitter:data2\" content=\"2 minutos\" \/>\n<script type=\"application\/ld+json\" class=\"yoast-schema-graph\">{\"@context\":\"https:\\\/\\\/schema.org\",\"@graph\":[{\"@type\":\"Article\",\"@id\":\"https:\\\/\\\/fmpatagoniamadryn.com.ar\\\/?p=4909#article\",\"isPartOf\":{\"@id\":\"https:\\\/\\\/fmpatagoniamadryn.com.ar\\\/?p=4909\"},\"author\":{\"name\":\"FM Patagonia\",\"@id\":\"https:\\\/\\\/fmpatagoniamadryn.com.ar\\\/#\\\/schema\\\/person\\\/1d968ec613613768e14b4e6420a2b125\"},\"headline\":\"La Polic\u00eda del Chubut particip\u00f3 en actividades de concientizaci\u00f3n y sensibilizaci\u00f3n sobre tem\u00e1ticas de g\u00e9nero en Carrenleuf\u00fa\",\"datePublished\":\"2023-07-23T05:23:48+00:00\",\"dateModified\":\"2023-07-23T05:23:57+00:00\",\"mainEntityOfPage\":{\"@id\":\"https:\\\/\\\/fmpatagoniamadryn.com.ar\\\/?p=4909\"},\"wordCount\":338,\"publisher\":{\"@id\":\"https:\\\/\\\/fmpatagoniamadryn.com.ar\\\/#organization\"},\"image\":{\"@id\":\"https:\\\/\\\/fmpatagoniamadryn.com.ar\\\/?p=4909#primaryimage\"},\"thumbnailUrl\":\"https:\\\/\\\/fmpatagoniamadryn.com.ar\\\/wp-content\\\/uploads\\\/2023\\\/07\\\/La-Policia-del-Chubut-participo-en-actividades-de-genero-en-Carrenleufu-2.jpeg\",\"articleSection\":[\"Provinciales\"],\"inLanguage\":\"es\"},{\"@type\":\"WebPage\",\"@id\":\"https:\\\/\\\/fmpatagoniamadryn.com.ar\\\/?p=4909\",\"url\":\"https:\\\/\\\/fmpatagoniamadryn.com.ar\\\/?p=4909\",\"name\":\"La Polic\u00eda del Chubut particip\u00f3 en actividades de concientizaci\u00f3n y sensibilizaci\u00f3n sobre tem\u00e1ticas de g\u00e9nero en Carrenleuf\u00fa - FM Patagonia Madryn\",\"isPartOf\":{\"@id\":\"https:\\\/\\\/fmpatagoniamadryn.com.ar\\\/#website\"},\"primaryImageOfPage\":{\"@id\":\"https:\\\/\\\/fmpatagoniamadryn.com.ar\\\/?p=4909#primaryimage\"},\"image\":{\"@id\":\"https:\\\/\\\/fmpatagoniamadryn.com.ar\\\/?p=4909#primaryimage\"},\"thumbnailUrl\":\"https:\\\/\\\/fmpatagoniamadryn.com.ar\\\/wp-content\\\/uploads\\\/2023\\\/07\\\/La-Policia-del-Chubut-participo-en-actividades-de-genero-en-Carrenleufu-2.jpeg\",\"datePublished\":\"2023-07-23T05:23:48+00:00\",\"dateModified\":\"2023-07-23T05:23:57+00:00\",\"breadcrumb\":{\"@id\":\"https:\\\/\\\/fmpatagoniamadryn.com.ar\\\/?p=4909#breadcrumb\"},\"inLanguage\":\"es\",\"potentialAction\":[{\"@type\":\"ReadAction\",\"target\":[\"https:\\\/\\\/fmpatagoniamadryn.com.ar\\\/?p=4909\"]}]},{\"@type\":\"ImageObject\",\"inLanguage\":\"es\",\"@id\":\"https:\\\/\\\/fmpatagoniamadryn.com.ar\\\/?p=4909#primaryimage\",\"url\":\"https:\\\/\\\/fmpatagoniamadryn.com.ar\\\/wp-content\\\/uploads\\\/2023\\\/07\\\/La-Policia-del-Chubut-participo-en-actividades-de-genero-en-Carrenleufu-2.jpeg\",\"contentUrl\":\"https:\\\/\\\/fmpatagoniamadryn.com.ar\\\/wp-content\\\/uploads\\\/2023\\\/07\\\/La-Policia-del-Chubut-participo-en-actividades-de-genero-en-Carrenleufu-2.jpeg\",\"width\":1600,\"height\":783},{\"@type\":\"BreadcrumbList\",\"@id\":\"https:\\\/\\\/fmpatagoniamadryn.com.ar\\\/?p=4909#breadcrumb\",\"itemListElement\":[{\"@type\":\"ListItem\",\"position\":1,\"name\":\"Portada\",\"item\":\"https:\\\/\\\/fmpatagoniamadryn.com.ar\\\/\"},{\"@type\":\"ListItem\",\"position\":2,\"name\":\"La Polic\u00eda del Chubut particip\u00f3 en actividades de concientizaci\u00f3n y sensibilizaci\u00f3n sobre tem\u00e1ticas de g\u00e9nero en Carrenleuf\u00fa\"}]},{\"@type\":\"WebSite\",\"@id\":\"https:\\\/\\\/fmpatagoniamadryn.com.ar\\\/#website\",\"url\":\"https:\\\/\\\/fmpatagoniamadryn.com.ar\\\/\",\"name\":\"FM Patagonia Madryn\",\"description\":\"Radio Patagonia 105.5\",\"publisher\":{\"@id\":\"https:\\\/\\\/fmpatagoniamadryn.com.ar\\\/#organization\"},\"potentialAction\":[{\"@type\":\"SearchAction\",\"target\":{\"@type\":\"EntryPoint\",\"urlTemplate\":\"https:\\\/\\\/fmpatagoniamadryn.com.ar\\\/?s={search_term_string}\"},\"query-input\":{\"@type\":\"PropertyValueSpecification\",\"valueRequired\":true,\"valueName\":\"search_term_string\"}}],\"inLanguage\":\"es\"},{\"@type\":\"Organization\",\"@id\":\"https:\\\/\\\/fmpatagoniamadryn.com.ar\\\/#organization\",\"name\":\"FM Patagonia Madryn\",\"url\":\"https:\\\/\\\/fmpatagoniamadryn.com.ar\\\/\",\"logo\":{\"@type\":\"ImageObject\",\"inLanguage\":\"es\",\"@id\":\"https:\\\/\\\/fmpatagoniamadryn.com.ar\\\/#\\\/schema\\\/logo\\\/image\\\/\",\"url\":\"https:\\\/\\\/fmpatagoniamadryn.com.ar\\\/wp-content\\\/uploads\\\/2023\\\/01\\\/cropped-Diseno-sin-titulo.png\",\"contentUrl\":\"https:\\\/\\\/fmpatagoniamadryn.com.ar\\\/wp-content\\\/uploads\\\/2023\\\/01\\\/cropped-Diseno-sin-titulo.png\",\"width\":6911,\"height\":2657,\"caption\":\"FM Patagonia Madryn\"},\"image\":{\"@id\":\"https:\\\/\\\/fmpatagoniamadryn.com.ar\\\/#\\\/schema\\\/logo\\\/image\\\/\"}},{\"@type\":\"Person\",\"@id\":\"https:\\\/\\\/fmpatagoniamadryn.com.ar\\\/#\\\/schema\\\/person\\\/1d968ec613613768e14b4e6420a2b125\",\"name\":\"FM Patagonia\",\"url\":\"https:\\\/\\\/fmpatagoniamadryn.com.ar\\\/?author=3\"}]}<\/script>\n<!-- \/ Yoast SEO plugin. -->","yoast_head_json":{"title":"La Polic\u00eda del Chubut particip\u00f3 en actividades de concientizaci\u00f3n y sensibilizaci\u00f3n sobre tem\u00e1ticas de g\u00e9nero en Carrenleuf\u00fa - FM Patagonia Madryn","robots":{"index":"index","follow":"follow","max-snippet":"max-snippet:-1","max-image-preview":"max-image-preview:large","max-video-preview":"max-video-preview:-1"},"canonical":"https:\/\/fmpatagoniamadryn.com.ar\/?p=4909","og_locale":"es_ES","og_type":"article","og_title":"La Polic\u00eda del Chubut particip\u00f3 en actividades de concientizaci\u00f3n y sensibilizaci\u00f3n sobre tem\u00e1ticas de g\u00e9nero en Carrenleuf\u00fa - FM Patagonia Madryn","og_description":"Participaron m\u00e1s de 50 mujeres de las actividades recreativas y las reuniones formativas que se llevaron adelante. La Polic\u00eda del Chubut, a trav\u00e9s de las agentes de Proximidad de Carrenleuf\u00fa,&hellip;","og_url":"https:\/\/fmpatagoniamadryn.com.ar\/?p=4909","og_site_name":"FM Patagonia Madryn","article_published_time":"2023-07-23T05:23:48+00:00","article_modified_time":"2023-07-23T05:23:57+00:00","og_image":[{"width":1600,"height":783,"url":"https:\/\/fmpatagoniamadryn.com.ar\/wp-content\/uploads\/2023\/07\/La-Policia-del-Chubut-participo-en-actividades-de-genero-en-Carrenleufu-2.jpeg","type":"image\/jpeg"}],"author":"FM Patagonia","twitter_card":"summary_large_image","twitter_misc":{"Escrito por":"FM Patagonia","Tiempo de lectura":"2 minutos"},"schema":{"@context":"https:\/\/schema.org","@graph":[{"@type":"Article","@id":"https:\/\/fmpatagoniamadryn.com.ar\/?p=4909#article","isPartOf":{"@id":"https:\/\/fmpatagoniamadryn.com.ar\/?p=4909"},"author":{"name":"FM Patagonia","@id":"https:\/\/fmpatagoniamadryn.com.ar\/#\/schema\/person\/1d968ec613613768e14b4e6420a2b125"},"headline":"La Polic\u00eda del Chubut particip\u00f3 en actividades de concientizaci\u00f3n y sensibilizaci\u00f3n sobre tem\u00e1ticas de g\u00e9nero en Carrenleuf\u00fa","datePublished":"2023-07-23T05:23:48+00:00","dateModified":"2023-07-23T05:23:57+00:00","mainEntityOfPage":{"@id":"https:\/\/fmpatagoniamadryn.com.ar\/?p=4909"},"wordCount":338,"publisher":{"@id":"https:\/\/fmpatagoniamadryn.com.ar\/#organization"},"image":{"@id":"https:\/\/fmpatagoniamadryn.com.ar\/?p=4909#primaryimage"},"thumbnailUrl":"https:\/\/fmpatagoniamadryn.com.ar\/wp-content\/uploads\/2023\/07\/La-Policia-del-Chubut-participo-en-actividades-de-genero-en-Carrenleufu-2.jpeg","articleSection":["Provinciales"],"inLanguage":"es"},{"@type":"WebPage","@id":"https:\/\/fmpatagoniamadryn.com.ar\/?p=4909","url":"https:\/\/fmpatagoniamadryn.com.ar\/?p=4909","name":"La Polic\u00eda del Chubut particip\u00f3 en actividades de concientizaci\u00f3n y sensibilizaci\u00f3n sobre tem\u00e1ticas de g\u00e9nero en Carrenleuf\u00fa - FM Patagonia Madryn","isPartOf":{"@id":"https:\/\/fmpatagoniamadryn.com.ar\/#website"},"primaryImageOfPage":{"@id":"https:\/\/fmpatagoniamadryn.com.ar\/?p=4909#primaryimage"},"image":{"@id":"https:\/\/fmpatagoniamadryn.com.ar\/?p=4909#primaryimage"},"thumbnailUrl":"https:\/\/fmpatagoniamadryn.com.ar\/wp-content\/uploads\/2023\/07\/La-Policia-del-Chubut-participo-en-actividades-de-genero-en-Carrenleufu-2.jpeg","datePublished":"2023-07-23T05:23:48+00:00","dateModified":"2023-07-23T05:23:57+00:00","breadcrumb":{"@id":"https:\/\/fmpatagoniamadryn.com.ar\/?p=4909#breadcrumb"},"inLanguage":"es","potentialAction":[{"@type":"ReadAction","target":["https:\/\/fmpatagoniamadryn.com.ar\/?p=4909"]}]},{"@type":"ImageObject","inLanguage":"es","@id":"https:\/\/fmpatagoniamadryn.com.ar\/?p=4909#primaryimage","url":"https:\/\/fmpatagoniamadryn.com.ar\/wp-content\/uploads\/2023\/07\/La-Policia-del-Chubut-participo-en-actividades-de-genero-en-Carrenleufu-2.jpeg","contentUrl":"https:\/\/fmpatagoniamadryn.com.ar\/wp-content\/uploads\/2023\/07\/La-Policia-del-Chubut-participo-en-actividades-de-genero-en-Carrenleufu-2.jpeg","width":1600,"height":783},{"@type":"BreadcrumbList","@id":"https:\/\/fmpatagoniamadryn.com.ar\/?p=4909#breadcrumb","itemListElement":[{"@type":"ListItem","position":1,"name":"Portada","item":"https:\/\/fmpatagoniamadryn.com.ar\/"},{"@type":"ListItem","position":2,"name":"La Polic\u00eda del Chubut particip\u00f3 en actividades de concientizaci\u00f3n y sensibilizaci\u00f3n sobre tem\u00e1ticas de g\u00e9nero en Carrenleuf\u00fa"}]},{"@type":"WebSite","@id":"https:\/\/fmpatagoniamadryn.com.ar\/#website","url":"https:\/\/fmpatagoniamadryn.com.ar\/","name":"FM Patagonia Madryn","description":"Radio Patagonia 105.5","publisher":{"@id":"https:\/\/fmpatagoniamadryn.com.ar\/#organization"},"potentialAction":[{"@type":"SearchAction","target":{"@type":"EntryPoint","urlTemplate":"https:\/\/fmpatagoniamadryn.com.ar\/?s={search_term_string}"},"query-input":{"@type":"PropertyValueSpecification","valueRequired":true,"valueName":"search_term_string"}}],"inLanguage":"es"},{"@type":"Organization","@id":"https:\/\/fmpatagoniamadryn.com.ar\/#organization","name":"FM Patagonia Madryn","url":"https:\/\/fmpatagoniamadryn.com.ar\/","logo":{"@type":"ImageObject","inLanguage":"es","@id":"https:\/\/fmpatagoniamadryn.com.ar\/#\/schema\/logo\/image\/","url":"https:\/\/fmpatagoniamadryn.com.ar\/wp-content\/uploads\/2023\/01\/cropped-Diseno-sin-titulo.png","contentUrl":"https:\/\/fmpatagoniamadryn.com.ar\/wp-content\/uploads\/2023\/01\/cropped-Diseno-sin-titulo.png","width":6911,"height":2657,"caption":"FM Patagonia Madryn"},"image":{"@id":"https:\/\/fmpatagoniamadryn.com.ar\/#\/schema\/logo\/image\/"}},{"@type":"Person","@id":"https:\/\/fmpatagoniamadryn.com.ar\/#\/schema\/person\/1d968ec613613768e14b4e6420a2b125","name":"FM Patagonia","url":"https:\/\/fmpatagoniamadryn.com.ar\/?author=3"}]}},"jetpack_featured_media_url":"https:\/\/fmpatagoniamadryn.com.ar\/wp-content\/uploads\/2023\/07\/La-Policia-del-Chubut-participo-en-actividades-de-genero-en-Carrenleufu-2.jpeg","_links":{"self":[{"href":"https:\/\/fmpatagoniamadryn.com.ar\/index.php?rest_route=\/wp\/v2\/posts\/4909","targetHints":{"allow":["GET"]}}],"collection":[{"href":"https:\/\/fmpatagoniamadryn.com.ar\/index.php?rest_route=\/wp\/v2\/posts"}],"about":[{"href":"https:\/\/fmpatagoniamadryn.com.ar\/index.php?rest_route=\/wp\/v2\/types\/post"}],"author":[{"embeddable":true,"href":"https:\/\/fmpatagoniamadryn.com.ar\/index.php?rest_route=\/wp\/v2\/users\/3"}],"replies":[{"embeddable":true,"href":"https:\/\/fmpatagoniamadryn.com.ar\/index.php?rest_route=%2Fwp%2Fv2%2Fcomments&post=4909"}],"version-history":[{"count":1,"href":"https:\/\/fmpatagoniamadryn.com.ar\/index.php?rest_route=\/wp\/v2\/posts\/4909\/revisions"}],"predecessor-version":[{"id":4910,"href":"https:\/\/fmpatagoniamadryn.com.ar\/index.php?rest_route=\/wp\/v2\/posts\/4909\/revisions\/4910"}],"wp:featuredmedia":[{"embeddable":true,"href":"https:\/\/fmpatagoniamadryn.com.ar\/index.php?rest_route=\/wp\/v2\/media\/4908"}],"wp:attachment":[{"href":"https:\/\/fmpatagoniamadryn.com.ar\/index.php?rest_route=%2Fwp%2Fv2%2Fmedia&parent=4909"}],"wp:term":[{"taxonomy":"category","embeddable":true,"href":"https:\/\/fmpatagoniamadryn.com.ar\/index.php?rest_route=%2Fwp%2Fv2%2Fcategories&post=4909"},{"taxonomy":"post_tag","embeddable":true,"href":"https:\/\/fmpatagoniamadryn.com.ar\/index.php?rest_route=%2Fwp%2Fv2%2Ftags&post=4909"}],"curies":[{"name":"wp","href":"https:\/\/api.w.org\/{rel}","templated":true}]}}