{"id":4915,"date":"2023-07-23T12:09:14","date_gmt":"2023-07-23T15:09:14","guid":{"rendered":"https:\/\/fmpatagoniamadryn.com.ar\/?p=4915"},"modified":"2023-07-23T12:09:23","modified_gmt":"2023-07-23T15:09:23","slug":"el-intendente-recorrio-las-instalaciones-de-la-feria-del-barrio-presidente-peron","status":"publish","type":"post","link":"https:\/\/fmpatagoniamadryn.com.ar\/?p=4915","title":{"rendered":"EL INTENDENTE RECORRI\u00d3 LAS INSTALACIONES DE LA FERIA DEL BARRIO PRESIDENTE PER\u00d3N"},"content":{"rendered":"\n<p>Gustavo Sastre dialog\u00f3 con las personas que trabajan en este espacio, que es uno de los pilares de la econom\u00eda social de Puerto Madryn<br><br> <br><br> <br><br>El intendente de Puerto Madryn, Gustavo Sastre, visit\u00f3 hoy las instalaciones de la feria del barrio Presidente Per\u00f3n, donde puso en valor el espacio que es sumamente concurrido y tambi\u00e9n aprovech\u00f3 para dialogar con cada una de las personas que trabaja en este sitio. <br><br> <br><br>Cabe destacar que la Feria del barrio Presidente Per\u00f3n es uno de los motores principales de la econom\u00eda social de Puerto Madryn y cuenta con cientos de feriantes.<br><br> <br><br>Econom\u00eda social<br><br> <br><br>Al respecto, el Intendente dijo: \u201cHoy estuvimos en el barrio Presidente Per\u00f3n, donde recorrimos la gran feria que tiene Puerto Madryn en este sector, dialogando con cada una de las personas que forma parte de este espacio\u201d.<br><br> <br><br>En este mismo sentido, el Jefe Comunal remarco: \u201cNos puso muy contentos haber realizado esta recorrida, ya que pudimos mantener excelentes charlas. Tambi\u00e9n queremos agradecer por la respuesta que obtuvimos y el gran trato de cada uno de los feriantes\u201d.<br><br> <br><br>Los presentes<br><br> <br><br>En la recorrida por la feria, Sastre estuvo junto a los feriantes; vecinos del barrio; el secretario de Producci\u00f3n, Innovaci\u00f3n y Empleo, Esteban Abel, y el secretario de Desarrollo Comunitario, Pablo Garc\u00eda.<br><br> <\/p>\n","protected":false},"excerpt":{"rendered":"<p>Gustavo Sastre dialog\u00f3 con las personas que trabajan en este espacio, que es uno de los pilares de la econom\u00eda social de Puerto Madryn El intendente de Puerto Madryn, Gustavo&hellip; <\/p>\n","protected":false},"author":3,"featured_media":4914,"comment_status":"closed","ping_status":"closed","sticky":false,"template":"","format":"standard","meta":{"footnotes":""},"categories":[15],"tags":[],"class_list":["post-4915","post","type-post","status-publish","format-standard","has-post-thumbnail","hentry","category-locales"],"yoast_head":"<!-- This site is optimized with the Yoast SEO plugin v27.5 - https:\/\/yoast.com\/product\/yoast-seo-wordpress\/ -->\n<title>EL INTENDENTE RECORRI\u00d3 LAS INSTALACIONES DE LA FERIA DEL BARRIO PRESIDENTE PER\u00d3N - FM Patagonia Madryn<\/title>\n<meta name=\"robots\" content=\"index, follow, max-snippet:-1, max-image-preview:large, max-video-preview:-1\" \/>\n<link rel=\"canonical\" href=\"https:\/\/fmpatagoniamadryn.com.ar\/?p=4915\" \/>\n<meta property=\"og:locale\" content=\"es_ES\" \/>\n<meta property=\"og:type\" content=\"article\" \/>\n<meta property=\"og:title\" content=\"EL INTENDENTE RECORRI\u00d3 LAS INSTALACIONES DE LA FERIA DEL BARRIO PRESIDENTE PER\u00d3N - FM Patagonia Madryn\" \/>\n<meta property=\"og:description\" content=\"Gustavo Sastre dialog\u00f3 con las personas que trabajan en este espacio, que es uno de los pilares de la econom\u00eda social de Puerto Madryn El intendente de Puerto Madryn, Gustavo&hellip;\" \/>\n<meta property=\"og:url\" content=\"https:\/\/fmpatagoniamadryn.com.ar\/?p=4915\" \/>\n<meta property=\"og:site_name\" content=\"FM Patagonia Madryn\" \/>\n<meta property=\"article:published_time\" content=\"2023-07-23T15:09:14+00:00\" \/>\n<meta property=\"article:modified_time\" content=\"2023-07-23T15:09:23+00:00\" \/>\n<meta property=\"og:image\" content=\"https:\/\/fmpatagoniamadryn.com.ar\/wp-content\/uploads\/2023\/07\/e3f2c5e7-9efa-418f-b7f4-fe4ec4e4843f.jpg\" \/>\n\t<meta property=\"og:image:width\" content=\"1600\" \/>\n\t<meta property=\"og:image:height\" content=\"1066\" \/>\n\t<meta property=\"og:image:type\" content=\"image\/jpeg\" \/>\n<meta name=\"author\" content=\"FM Patagonia\" \/>\n<meta name=\"twitter:card\" content=\"summary_large_image\" \/>\n<meta name=\"twitter:label1\" content=\"Escrito por\" \/>\n\t<meta name=\"twitter:data1\" content=\"FM Patagonia\" \/>\n\t<meta name=\"twitter:label2\" content=\"Tiempo de lectura\" \/>\n\t<meta name=\"twitter:data2\" content=\"1 minuto\" \/>\n<script type=\"application\/ld+json\" class=\"yoast-schema-graph\">{\"@context\":\"https:\\\/\\\/schema.org\",\"@graph\":[{\"@type\":\"Article\",\"@id\":\"https:\\\/\\\/fmpatagoniamadryn.com.ar\\\/?p=4915#article\",\"isPartOf\":{\"@id\":\"https:\\\/\\\/fmpatagoniamadryn.com.ar\\\/?p=4915\"},\"author\":{\"name\":\"FM Patagonia\",\"@id\":\"https:\\\/\\\/fmpatagoniamadryn.com.ar\\\/#\\\/schema\\\/person\\\/1d968ec613613768e14b4e6420a2b125\"},\"headline\":\"EL INTENDENTE RECORRI\u00d3 LAS INSTALACIONES DE LA FERIA DEL BARRIO PRESIDENTE PER\u00d3N\",\"datePublished\":\"2023-07-23T15:09:14+00:00\",\"dateModified\":\"2023-07-23T15:09:23+00:00\",\"mainEntityOfPage\":{\"@id\":\"https:\\\/\\\/fmpatagoniamadryn.com.ar\\\/?p=4915\"},\"wordCount\":233,\"publisher\":{\"@id\":\"https:\\\/\\\/fmpatagoniamadryn.com.ar\\\/#organization\"},\"image\":{\"@id\":\"https:\\\/\\\/fmpatagoniamadryn.com.ar\\\/?p=4915#primaryimage\"},\"thumbnailUrl\":\"https:\\\/\\\/fmpatagoniamadryn.com.ar\\\/wp-content\\\/uploads\\\/2023\\\/07\\\/e3f2c5e7-9efa-418f-b7f4-fe4ec4e4843f.jpg\",\"articleSection\":[\"Locales\"],\"inLanguage\":\"es\"},{\"@type\":\"WebPage\",\"@id\":\"https:\\\/\\\/fmpatagoniamadryn.com.ar\\\/?p=4915\",\"url\":\"https:\\\/\\\/fmpatagoniamadryn.com.ar\\\/?p=4915\",\"name\":\"EL INTENDENTE RECORRI\u00d3 LAS INSTALACIONES DE LA FERIA DEL BARRIO PRESIDENTE PER\u00d3N - FM Patagonia Madryn\",\"isPartOf\":{\"@id\":\"https:\\\/\\\/fmpatagoniamadryn.com.ar\\\/#website\"},\"primaryImageOfPage\":{\"@id\":\"https:\\\/\\\/fmpatagoniamadryn.com.ar\\\/?p=4915#primaryimage\"},\"image\":{\"@id\":\"https:\\\/\\\/fmpatagoniamadryn.com.ar\\\/?p=4915#primaryimage\"},\"thumbnailUrl\":\"https:\\\/\\\/fmpatagoniamadryn.com.ar\\\/wp-content\\\/uploads\\\/2023\\\/07\\\/e3f2c5e7-9efa-418f-b7f4-fe4ec4e4843f.jpg\",\"datePublished\":\"2023-07-23T15:09:14+00:00\",\"dateModified\":\"2023-07-23T15:09:23+00:00\",\"breadcrumb\":{\"@id\":\"https:\\\/\\\/fmpatagoniamadryn.com.ar\\\/?p=4915#breadcrumb\"},\"inLanguage\":\"es\",\"potentialAction\":[{\"@type\":\"ReadAction\",\"target\":[\"https:\\\/\\\/fmpatagoniamadryn.com.ar\\\/?p=4915\"]}]},{\"@type\":\"ImageObject\",\"inLanguage\":\"es\",\"@id\":\"https:\\\/\\\/fmpatagoniamadryn.com.ar\\\/?p=4915#primaryimage\",\"url\":\"https:\\\/\\\/fmpatagoniamadryn.com.ar\\\/wp-content\\\/uploads\\\/2023\\\/07\\\/e3f2c5e7-9efa-418f-b7f4-fe4ec4e4843f.jpg\",\"contentUrl\":\"https:\\\/\\\/fmpatagoniamadryn.com.ar\\\/wp-content\\\/uploads\\\/2023\\\/07\\\/e3f2c5e7-9efa-418f-b7f4-fe4ec4e4843f.jpg\",\"width\":1600,\"height\":1066},{\"@type\":\"BreadcrumbList\",\"@id\":\"https:\\\/\\\/fmpatagoniamadryn.com.ar\\\/?p=4915#breadcrumb\",\"itemListElement\":[{\"@type\":\"ListItem\",\"position\":1,\"name\":\"Portada\",\"item\":\"https:\\\/\\\/fmpatagoniamadryn.com.ar\\\/\"},{\"@type\":\"ListItem\",\"position\":2,\"name\":\"EL INTENDENTE RECORRI\u00d3 LAS INSTALACIONES DE LA FERIA DEL BARRIO PRESIDENTE PER\u00d3N\"}]},{\"@type\":\"WebSite\",\"@id\":\"https:\\\/\\\/fmpatagoniamadryn.com.ar\\\/#website\",\"url\":\"https:\\\/\\\/fmpatagoniamadryn.com.ar\\\/\",\"name\":\"FM Patagonia Madryn\",\"description\":\"Radio Patagonia 105.5\",\"publisher\":{\"@id\":\"https:\\\/\\\/fmpatagoniamadryn.com.ar\\\/#organization\"},\"potentialAction\":[{\"@type\":\"SearchAction\",\"target\":{\"@type\":\"EntryPoint\",\"urlTemplate\":\"https:\\\/\\\/fmpatagoniamadryn.com.ar\\\/?s={search_term_string}\"},\"query-input\":{\"@type\":\"PropertyValueSpecification\",\"valueRequired\":true,\"valueName\":\"search_term_string\"}}],\"inLanguage\":\"es\"},{\"@type\":\"Organization\",\"@id\":\"https:\\\/\\\/fmpatagoniamadryn.com.ar\\\/#organization\",\"name\":\"FM Patagonia Madryn\",\"url\":\"https:\\\/\\\/fmpatagoniamadryn.com.ar\\\/\",\"logo\":{\"@type\":\"ImageObject\",\"inLanguage\":\"es\",\"@id\":\"https:\\\/\\\/fmpatagoniamadryn.com.ar\\\/#\\\/schema\\\/logo\\\/image\\\/\",\"url\":\"https:\\\/\\\/fmpatagoniamadryn.com.ar\\\/wp-content\\\/uploads\\\/2023\\\/01\\\/cropped-Diseno-sin-titulo.png\",\"contentUrl\":\"https:\\\/\\\/fmpatagoniamadryn.com.ar\\\/wp-content\\\/uploads\\\/2023\\\/01\\\/cropped-Diseno-sin-titulo.png\",\"width\":6911,\"height\":2657,\"caption\":\"FM Patagonia Madryn\"},\"image\":{\"@id\":\"https:\\\/\\\/fmpatagoniamadryn.com.ar\\\/#\\\/schema\\\/logo\\\/image\\\/\"}},{\"@type\":\"Person\",\"@id\":\"https:\\\/\\\/fmpatagoniamadryn.com.ar\\\/#\\\/schema\\\/person\\\/1d968ec613613768e14b4e6420a2b125\",\"name\":\"FM Patagonia\",\"url\":\"https:\\\/\\\/fmpatagoniamadryn.com.ar\\\/?author=3\"}]}<\/script>\n<!-- \/ Yoast SEO plugin. -->","yoast_head_json":{"title":"EL INTENDENTE RECORRI\u00d3 LAS INSTALACIONES DE LA FERIA DEL BARRIO PRESIDENTE PER\u00d3N - FM Patagonia Madryn","robots":{"index":"index","follow":"follow","max-snippet":"max-snippet:-1","max-image-preview":"max-image-preview:large","max-video-preview":"max-video-preview:-1"},"canonical":"https:\/\/fmpatagoniamadryn.com.ar\/?p=4915","og_locale":"es_ES","og_type":"article","og_title":"EL INTENDENTE RECORRI\u00d3 LAS INSTALACIONES DE LA FERIA DEL BARRIO PRESIDENTE PER\u00d3N - FM Patagonia Madryn","og_description":"Gustavo Sastre dialog\u00f3 con las personas que trabajan en este espacio, que es uno de los pilares de la econom\u00eda social de Puerto Madryn El intendente de Puerto Madryn, Gustavo&hellip;","og_url":"https:\/\/fmpatagoniamadryn.com.ar\/?p=4915","og_site_name":"FM Patagonia Madryn","article_published_time":"2023-07-23T15:09:14+00:00","article_modified_time":"2023-07-23T15:09:23+00:00","og_image":[{"width":1600,"height":1066,"url":"https:\/\/fmpatagoniamadryn.com.ar\/wp-content\/uploads\/2023\/07\/e3f2c5e7-9efa-418f-b7f4-fe4ec4e4843f.jpg","type":"image\/jpeg"}],"author":"FM Patagonia","twitter_card":"summary_large_image","twitter_misc":{"Escrito por":"FM Patagonia","Tiempo de lectura":"1 minuto"},"schema":{"@context":"https:\/\/schema.org","@graph":[{"@type":"Article","@id":"https:\/\/fmpatagoniamadryn.com.ar\/?p=4915#article","isPartOf":{"@id":"https:\/\/fmpatagoniamadryn.com.ar\/?p=4915"},"author":{"name":"FM Patagonia","@id":"https:\/\/fmpatagoniamadryn.com.ar\/#\/schema\/person\/1d968ec613613768e14b4e6420a2b125"},"headline":"EL INTENDENTE RECORRI\u00d3 LAS INSTALACIONES DE LA FERIA DEL BARRIO PRESIDENTE PER\u00d3N","datePublished":"2023-07-23T15:09:14+00:00","dateModified":"2023-07-23T15:09:23+00:00","mainEntityOfPage":{"@id":"https:\/\/fmpatagoniamadryn.com.ar\/?p=4915"},"wordCount":233,"publisher":{"@id":"https:\/\/fmpatagoniamadryn.com.ar\/#organization"},"image":{"@id":"https:\/\/fmpatagoniamadryn.com.ar\/?p=4915#primaryimage"},"thumbnailUrl":"https:\/\/fmpatagoniamadryn.com.ar\/wp-content\/uploads\/2023\/07\/e3f2c5e7-9efa-418f-b7f4-fe4ec4e4843f.jpg","articleSection":["Locales"],"inLanguage":"es"},{"@type":"WebPage","@id":"https:\/\/fmpatagoniamadryn.com.ar\/?p=4915","url":"https:\/\/fmpatagoniamadryn.com.ar\/?p=4915","name":"EL INTENDENTE RECORRI\u00d3 LAS INSTALACIONES DE LA FERIA DEL BARRIO PRESIDENTE PER\u00d3N - FM Patagonia Madryn","isPartOf":{"@id":"https:\/\/fmpatagoniamadryn.com.ar\/#website"},"primaryImageOfPage":{"@id":"https:\/\/fmpatagoniamadryn.com.ar\/?p=4915#primaryimage"},"image":{"@id":"https:\/\/fmpatagoniamadryn.com.ar\/?p=4915#primaryimage"},"thumbnailUrl":"https:\/\/fmpatagoniamadryn.com.ar\/wp-content\/uploads\/2023\/07\/e3f2c5e7-9efa-418f-b7f4-fe4ec4e4843f.jpg","datePublished":"2023-07-23T15:09:14+00:00","dateModified":"2023-07-23T15:09:23+00:00","breadcrumb":{"@id":"https:\/\/fmpatagoniamadryn.com.ar\/?p=4915#breadcrumb"},"inLanguage":"es","potentialAction":[{"@type":"ReadAction","target":["https:\/\/fmpatagoniamadryn.com.ar\/?p=4915"]}]},{"@type":"ImageObject","inLanguage":"es","@id":"https:\/\/fmpatagoniamadryn.com.ar\/?p=4915#primaryimage","url":"https:\/\/fmpatagoniamadryn.com.ar\/wp-content\/uploads\/2023\/07\/e3f2c5e7-9efa-418f-b7f4-fe4ec4e4843f.jpg","contentUrl":"https:\/\/fmpatagoniamadryn.com.ar\/wp-content\/uploads\/2023\/07\/e3f2c5e7-9efa-418f-b7f4-fe4ec4e4843f.jpg","width":1600,"height":1066},{"@type":"BreadcrumbList","@id":"https:\/\/fmpatagoniamadryn.com.ar\/?p=4915#breadcrumb","itemListElement":[{"@type":"ListItem","position":1,"name":"Portada","item":"https:\/\/fmpatagoniamadryn.com.ar\/"},{"@type":"ListItem","position":2,"name":"EL INTENDENTE RECORRI\u00d3 LAS INSTALACIONES DE LA FERIA DEL BARRIO PRESIDENTE PER\u00d3N"}]},{"@type":"WebSite","@id":"https:\/\/fmpatagoniamadryn.com.ar\/#website","url":"https:\/\/fmpatagoniamadryn.com.ar\/","name":"FM Patagonia Madryn","description":"Radio Patagonia 105.5","publisher":{"@id":"https:\/\/fmpatagoniamadryn.com.ar\/#organization"},"potentialAction":[{"@type":"SearchAction","target":{"@type":"EntryPoint","urlTemplate":"https:\/\/fmpatagoniamadryn.com.ar\/?s={search_term_string}"},"query-input":{"@type":"PropertyValueSpecification","valueRequired":true,"valueName":"search_term_string"}}],"inLanguage":"es"},{"@type":"Organization","@id":"https:\/\/fmpatagoniamadryn.com.ar\/#organization","name":"FM Patagonia Madryn","url":"https:\/\/fmpatagoniamadryn.com.ar\/","logo":{"@type":"ImageObject","inLanguage":"es","@id":"https:\/\/fmpatagoniamadryn.com.ar\/#\/schema\/logo\/image\/","url":"https:\/\/fmpatagoniamadryn.com.ar\/wp-content\/uploads\/2023\/01\/cropped-Diseno-sin-titulo.png","contentUrl":"https:\/\/fmpatagoniamadryn.com.ar\/wp-content\/uploads\/2023\/01\/cropped-Diseno-sin-titulo.png","width":6911,"height":2657,"caption":"FM Patagonia Madryn"},"image":{"@id":"https:\/\/fmpatagoniamadryn.com.ar\/#\/schema\/logo\/image\/"}},{"@type":"Person","@id":"https:\/\/fmpatagoniamadryn.com.ar\/#\/schema\/person\/1d968ec613613768e14b4e6420a2b125","name":"FM Patagonia","url":"https:\/\/fmpatagoniamadryn.com.ar\/?author=3"}]}},"jetpack_featured_media_url":"https:\/\/fmpatagoniamadryn.com.ar\/wp-content\/uploads\/2023\/07\/e3f2c5e7-9efa-418f-b7f4-fe4ec4e4843f.jpg","_links":{"self":[{"href":"https:\/\/fmpatagoniamadryn.com.ar\/index.php?rest_route=\/wp\/v2\/posts\/4915","targetHints":{"allow":["GET"]}}],"collection":[{"href":"https:\/\/fmpatagoniamadryn.com.ar\/index.php?rest_route=\/wp\/v2\/posts"}],"about":[{"href":"https:\/\/fmpatagoniamadryn.com.ar\/index.php?rest_route=\/wp\/v2\/types\/post"}],"author":[{"embeddable":true,"href":"https:\/\/fmpatagoniamadryn.com.ar\/index.php?rest_route=\/wp\/v2\/users\/3"}],"replies":[{"embeddable":true,"href":"https:\/\/fmpatagoniamadryn.com.ar\/index.php?rest_route=%2Fwp%2Fv2%2Fcomments&post=4915"}],"version-history":[{"count":1,"href":"https:\/\/fmpatagoniamadryn.com.ar\/index.php?rest_route=\/wp\/v2\/posts\/4915\/revisions"}],"predecessor-version":[{"id":4916,"href":"https:\/\/fmpatagoniamadryn.com.ar\/index.php?rest_route=\/wp\/v2\/posts\/4915\/revisions\/4916"}],"wp:featuredmedia":[{"embeddable":true,"href":"https:\/\/fmpatagoniamadryn.com.ar\/index.php?rest_route=\/wp\/v2\/media\/4914"}],"wp:attachment":[{"href":"https:\/\/fmpatagoniamadryn.com.ar\/index.php?rest_route=%2Fwp%2Fv2%2Fmedia&parent=4915"}],"wp:term":[{"taxonomy":"category","embeddable":true,"href":"https:\/\/fmpatagoniamadryn.com.ar\/index.php?rest_route=%2Fwp%2Fv2%2Fcategories&post=4915"},{"taxonomy":"post_tag","embeddable":true,"href":"https:\/\/fmpatagoniamadryn.com.ar\/index.php?rest_route=%2Fwp%2Fv2%2Ftags&post=4915"}],"curies":[{"name":"wp","href":"https:\/\/api.w.org\/{rel}","templated":true}]}}