{"id":5152,"date":"2023-07-31T20:57:11","date_gmt":"2023-07-31T23:57:11","guid":{"rendered":"https:\/\/fmpatagoniamadryn.com.ar\/?p=5152"},"modified":"2023-07-31T20:57:26","modified_gmt":"2023-07-31T23:57:26","slug":"chubut-compartio-su-experiencia-en-el-uso-del-cannabis-medicinal-en-el-cofesa-celebrado-en-salta","status":"publish","type":"post","link":"https:\/\/fmpatagoniamadryn.com.ar\/?p=5152","title":{"rendered":"Chubut comparti\u00f3 su experiencia en el uso del Cannabis Medicinal en el COFESA celebrado en Salta"},"content":{"rendered":"\n<p>A su vez, la agenda de trabajo del encuentro tuvo como eje los desaf\u00edos y las estrategias para la prevenci\u00f3n de enfermedades no transmisibles e inmunoprevenibles, y los avances en la implementaci\u00f3n de pol\u00edticas para la integraci\u00f3n del sistema de salud.<br><br>El Gobierno del Chubut, a trav\u00e9s del Ministerio de Salud, particip\u00f3 en la ciudad de Salta de una nueva edici\u00f3n del Consejo Federal de Salud (COFESA), en el marco de la cual las m\u00e1ximas autoridades sanitarias del pa\u00eds analizaron los desaf\u00edos y las estrategias para la prevenci\u00f3n de enfermedades no transmisibles e inmunoprevenibles, y siguieron avanzando en la implementaci\u00f3n de pol\u00edticas para la integraci\u00f3n del sistema de salud.<br><br>La jornada se desarroll\u00f3 el pasado viernes y fue encabezada por la ministra de Salud de la Naci\u00f3n, Carla Vizzotti. A su vez, en representaci\u00f3n del Gobierno Provincial, asisti\u00f3 la titular de la cartera sanitaria chubutense, Miry\u00e1m Monasterolo.<br><br>Agenda del encuentro<br><br>En el primer bloque del encuentro se trabaj\u00f3 en torno a la implementaci\u00f3n de la Ley N\u00b0 27.159 de Prevenci\u00f3n Integral de la Muerte S\u00fabita y al proyecto de reglamentaci\u00f3n de la Ley N\u00b0 27.491 de Control de Enfermedades Prevenibles por Vacunaci\u00f3n.<br><br>Adem\u00e1s, se abord\u00f3 la implementaci\u00f3n del recientemente creado Sistema de Integraci\u00f3n y Calidad para Establecimientos P\u00fablicos de Salud (SICEPS) \u2013que modifica el anterior sistema de Hospitales P\u00fablicos de Gesti\u00f3n Descentralizada y consolida una nueva herramienta que fortalece la pol\u00edtica p\u00fablica de integraci\u00f3n\u2013 y su vinculaci\u00f3n con el programa de Fortalecimiento de los Equipos de Salud en Calidad y Seguridad (FESCAS).<br><br>En el marco del encuentro, tambi\u00e9n se hizo entrega de un reconocimiento a los hospitales San Bernardo y Materno Infantil de la provincia de Salta por su compromiso con la calidad.<br><br>Como parte del segundo bloque de trabajo, se compartieron las experiencias de Chubut, Jujuy, La Rioja, Salta y San Juan en el uso de cannabis medicinal, y se realiz\u00f3 una presentaci\u00f3n sobre el estado nutricional del yodo y su impacto en la funci\u00f3n tiroidea en embarazadas en la provincia de Salta.<br><br>Por \u00faltimo, en el marco del \u201cD\u00eda Mundial contra la Hepatitis\u201d, se abord\u00f3 el acceso al diagn\u00f3stico y tratamiento y se presentaron los avances en la materia durante los \u00faltimos 4 a\u00f1os de gesti\u00f3n.<br><br>&#8212;<\/p>\n","protected":false},"excerpt":{"rendered":"<p>A su vez, la agenda de trabajo del encuentro tuvo como eje los desaf\u00edos y las estrategias para la prevenci\u00f3n de enfermedades no transmisibles e inmunoprevenibles, y los avances en&hellip; <\/p>\n","protected":false},"author":3,"featured_media":5151,"comment_status":"closed","ping_status":"closed","sticky":false,"template":"","format":"standard","meta":{"footnotes":""},"categories":[14],"tags":[],"class_list":["post-5152","post","type-post","status-publish","format-standard","has-post-thumbnail","hentry","category-provinciales"],"yoast_head":"<!-- This site is optimized with the Yoast SEO plugin v27.5 - https:\/\/yoast.com\/product\/yoast-seo-wordpress\/ -->\n<title>Chubut comparti\u00f3 su experiencia en el uso del Cannabis Medicinal en el COFESA celebrado en Salta - FM Patagonia Madryn<\/title>\n<meta name=\"robots\" content=\"index, follow, max-snippet:-1, max-image-preview:large, max-video-preview:-1\" \/>\n<link rel=\"canonical\" href=\"https:\/\/fmpatagoniamadryn.com.ar\/?p=5152\" \/>\n<meta property=\"og:locale\" content=\"es_ES\" \/>\n<meta property=\"og:type\" content=\"article\" \/>\n<meta property=\"og:title\" content=\"Chubut comparti\u00f3 su experiencia en el uso del Cannabis Medicinal en el COFESA celebrado en Salta - FM Patagonia Madryn\" \/>\n<meta property=\"og:description\" content=\"A su vez, la agenda de trabajo del encuentro tuvo como eje los desaf\u00edos y las estrategias para la prevenci\u00f3n de enfermedades no transmisibles e inmunoprevenibles, y los avances en&hellip;\" \/>\n<meta property=\"og:url\" content=\"https:\/\/fmpatagoniamadryn.com.ar\/?p=5152\" \/>\n<meta property=\"og:site_name\" content=\"FM Patagonia Madryn\" \/>\n<meta property=\"article:published_time\" content=\"2023-07-31T23:57:11+00:00\" \/>\n<meta property=\"article:modified_time\" content=\"2023-07-31T23:57:26+00:00\" \/>\n<meta property=\"og:image\" content=\"https:\/\/fmpatagoniamadryn.com.ar\/wp-content\/uploads\/2023\/07\/Chubut-compartio-su-experiencia-en-el-uso-del-Cannabis-Medicinal-en-el-COFESA-celebrado-en-Salta-3.jpg\" \/>\n\t<meta property=\"og:image:width\" content=\"1920\" \/>\n\t<meta property=\"og:image:height\" content=\"1280\" \/>\n\t<meta property=\"og:image:type\" content=\"image\/jpeg\" \/>\n<meta name=\"author\" content=\"FM Patagonia\" \/>\n<meta name=\"twitter:card\" content=\"summary_large_image\" \/>\n<meta name=\"twitter:label1\" content=\"Escrito por\" \/>\n\t<meta name=\"twitter:data1\" content=\"FM Patagonia\" \/>\n\t<meta name=\"twitter:label2\" content=\"Tiempo de lectura\" \/>\n\t<meta name=\"twitter:data2\" content=\"2 minutos\" \/>\n<script type=\"application\/ld+json\" class=\"yoast-schema-graph\">{\"@context\":\"https:\\\/\\\/schema.org\",\"@graph\":[{\"@type\":\"Article\",\"@id\":\"https:\\\/\\\/fmpatagoniamadryn.com.ar\\\/?p=5152#article\",\"isPartOf\":{\"@id\":\"https:\\\/\\\/fmpatagoniamadryn.com.ar\\\/?p=5152\"},\"author\":{\"name\":\"FM Patagonia\",\"@id\":\"https:\\\/\\\/fmpatagoniamadryn.com.ar\\\/#\\\/schema\\\/person\\\/1d968ec613613768e14b4e6420a2b125\"},\"headline\":\"Chubut comparti\u00f3 su experiencia en el uso del Cannabis Medicinal en el COFESA celebrado en Salta\",\"datePublished\":\"2023-07-31T23:57:11+00:00\",\"dateModified\":\"2023-07-31T23:57:26+00:00\",\"mainEntityOfPage\":{\"@id\":\"https:\\\/\\\/fmpatagoniamadryn.com.ar\\\/?p=5152\"},\"wordCount\":421,\"publisher\":{\"@id\":\"https:\\\/\\\/fmpatagoniamadryn.com.ar\\\/#organization\"},\"image\":{\"@id\":\"https:\\\/\\\/fmpatagoniamadryn.com.ar\\\/?p=5152#primaryimage\"},\"thumbnailUrl\":\"https:\\\/\\\/fmpatagoniamadryn.com.ar\\\/wp-content\\\/uploads\\\/2023\\\/07\\\/Chubut-compartio-su-experiencia-en-el-uso-del-Cannabis-Medicinal-en-el-COFESA-celebrado-en-Salta-3.jpg\",\"articleSection\":[\"Provinciales\"],\"inLanguage\":\"es\"},{\"@type\":\"WebPage\",\"@id\":\"https:\\\/\\\/fmpatagoniamadryn.com.ar\\\/?p=5152\",\"url\":\"https:\\\/\\\/fmpatagoniamadryn.com.ar\\\/?p=5152\",\"name\":\"Chubut comparti\u00f3 su experiencia en el uso del Cannabis Medicinal en el COFESA celebrado en Salta - FM Patagonia Madryn\",\"isPartOf\":{\"@id\":\"https:\\\/\\\/fmpatagoniamadryn.com.ar\\\/#website\"},\"primaryImageOfPage\":{\"@id\":\"https:\\\/\\\/fmpatagoniamadryn.com.ar\\\/?p=5152#primaryimage\"},\"image\":{\"@id\":\"https:\\\/\\\/fmpatagoniamadryn.com.ar\\\/?p=5152#primaryimage\"},\"thumbnailUrl\":\"https:\\\/\\\/fmpatagoniamadryn.com.ar\\\/wp-content\\\/uploads\\\/2023\\\/07\\\/Chubut-compartio-su-experiencia-en-el-uso-del-Cannabis-Medicinal-en-el-COFESA-celebrado-en-Salta-3.jpg\",\"datePublished\":\"2023-07-31T23:57:11+00:00\",\"dateModified\":\"2023-07-31T23:57:26+00:00\",\"breadcrumb\":{\"@id\":\"https:\\\/\\\/fmpatagoniamadryn.com.ar\\\/?p=5152#breadcrumb\"},\"inLanguage\":\"es\",\"potentialAction\":[{\"@type\":\"ReadAction\",\"target\":[\"https:\\\/\\\/fmpatagoniamadryn.com.ar\\\/?p=5152\"]}]},{\"@type\":\"ImageObject\",\"inLanguage\":\"es\",\"@id\":\"https:\\\/\\\/fmpatagoniamadryn.com.ar\\\/?p=5152#primaryimage\",\"url\":\"https:\\\/\\\/fmpatagoniamadryn.com.ar\\\/wp-content\\\/uploads\\\/2023\\\/07\\\/Chubut-compartio-su-experiencia-en-el-uso-del-Cannabis-Medicinal-en-el-COFESA-celebrado-en-Salta-3.jpg\",\"contentUrl\":\"https:\\\/\\\/fmpatagoniamadryn.com.ar\\\/wp-content\\\/uploads\\\/2023\\\/07\\\/Chubut-compartio-su-experiencia-en-el-uso-del-Cannabis-Medicinal-en-el-COFESA-celebrado-en-Salta-3.jpg\",\"width\":1920,\"height\":1280},{\"@type\":\"BreadcrumbList\",\"@id\":\"https:\\\/\\\/fmpatagoniamadryn.com.ar\\\/?p=5152#breadcrumb\",\"itemListElement\":[{\"@type\":\"ListItem\",\"position\":1,\"name\":\"Portada\",\"item\":\"https:\\\/\\\/fmpatagoniamadryn.com.ar\\\/\"},{\"@type\":\"ListItem\",\"position\":2,\"name\":\"Chubut comparti\u00f3 su experiencia en el uso del Cannabis Medicinal en el COFESA celebrado en Salta\"}]},{\"@type\":\"WebSite\",\"@id\":\"https:\\\/\\\/fmpatagoniamadryn.com.ar\\\/#website\",\"url\":\"https:\\\/\\\/fmpatagoniamadryn.com.ar\\\/\",\"name\":\"FM Patagonia Madryn\",\"description\":\"Radio Patagonia 105.5\",\"publisher\":{\"@id\":\"https:\\\/\\\/fmpatagoniamadryn.com.ar\\\/#organization\"},\"potentialAction\":[{\"@type\":\"SearchAction\",\"target\":{\"@type\":\"EntryPoint\",\"urlTemplate\":\"https:\\\/\\\/fmpatagoniamadryn.com.ar\\\/?s={search_term_string}\"},\"query-input\":{\"@type\":\"PropertyValueSpecification\",\"valueRequired\":true,\"valueName\":\"search_term_string\"}}],\"inLanguage\":\"es\"},{\"@type\":\"Organization\",\"@id\":\"https:\\\/\\\/fmpatagoniamadryn.com.ar\\\/#organization\",\"name\":\"FM Patagonia Madryn\",\"url\":\"https:\\\/\\\/fmpatagoniamadryn.com.ar\\\/\",\"logo\":{\"@type\":\"ImageObject\",\"inLanguage\":\"es\",\"@id\":\"https:\\\/\\\/fmpatagoniamadryn.com.ar\\\/#\\\/schema\\\/logo\\\/image\\\/\",\"url\":\"https:\\\/\\\/fmpatagoniamadryn.com.ar\\\/wp-content\\\/uploads\\\/2023\\\/01\\\/cropped-Diseno-sin-titulo.png\",\"contentUrl\":\"https:\\\/\\\/fmpatagoniamadryn.com.ar\\\/wp-content\\\/uploads\\\/2023\\\/01\\\/cropped-Diseno-sin-titulo.png\",\"width\":6911,\"height\":2657,\"caption\":\"FM Patagonia Madryn\"},\"image\":{\"@id\":\"https:\\\/\\\/fmpatagoniamadryn.com.ar\\\/#\\\/schema\\\/logo\\\/image\\\/\"}},{\"@type\":\"Person\",\"@id\":\"https:\\\/\\\/fmpatagoniamadryn.com.ar\\\/#\\\/schema\\\/person\\\/1d968ec613613768e14b4e6420a2b125\",\"name\":\"FM Patagonia\",\"url\":\"https:\\\/\\\/fmpatagoniamadryn.com.ar\\\/?author=3\"}]}<\/script>\n<!-- \/ Yoast SEO plugin. -->","yoast_head_json":{"title":"Chubut comparti\u00f3 su experiencia en el uso del Cannabis Medicinal en el COFESA celebrado en Salta - FM Patagonia Madryn","robots":{"index":"index","follow":"follow","max-snippet":"max-snippet:-1","max-image-preview":"max-image-preview:large","max-video-preview":"max-video-preview:-1"},"canonical":"https:\/\/fmpatagoniamadryn.com.ar\/?p=5152","og_locale":"es_ES","og_type":"article","og_title":"Chubut comparti\u00f3 su experiencia en el uso del Cannabis Medicinal en el COFESA celebrado en Salta - FM Patagonia Madryn","og_description":"A su vez, la agenda de trabajo del encuentro tuvo como eje los desaf\u00edos y las estrategias para la prevenci\u00f3n de enfermedades no transmisibles e inmunoprevenibles, y los avances en&hellip;","og_url":"https:\/\/fmpatagoniamadryn.com.ar\/?p=5152","og_site_name":"FM Patagonia Madryn","article_published_time":"2023-07-31T23:57:11+00:00","article_modified_time":"2023-07-31T23:57:26+00:00","og_image":[{"width":1920,"height":1280,"url":"https:\/\/fmpatagoniamadryn.com.ar\/wp-content\/uploads\/2023\/07\/Chubut-compartio-su-experiencia-en-el-uso-del-Cannabis-Medicinal-en-el-COFESA-celebrado-en-Salta-3.jpg","type":"image\/jpeg"}],"author":"FM Patagonia","twitter_card":"summary_large_image","twitter_misc":{"Escrito por":"FM Patagonia","Tiempo de lectura":"2 minutos"},"schema":{"@context":"https:\/\/schema.org","@graph":[{"@type":"Article","@id":"https:\/\/fmpatagoniamadryn.com.ar\/?p=5152#article","isPartOf":{"@id":"https:\/\/fmpatagoniamadryn.com.ar\/?p=5152"},"author":{"name":"FM Patagonia","@id":"https:\/\/fmpatagoniamadryn.com.ar\/#\/schema\/person\/1d968ec613613768e14b4e6420a2b125"},"headline":"Chubut comparti\u00f3 su experiencia en el uso del Cannabis Medicinal en el COFESA celebrado en Salta","datePublished":"2023-07-31T23:57:11+00:00","dateModified":"2023-07-31T23:57:26+00:00","mainEntityOfPage":{"@id":"https:\/\/fmpatagoniamadryn.com.ar\/?p=5152"},"wordCount":421,"publisher":{"@id":"https:\/\/fmpatagoniamadryn.com.ar\/#organization"},"image":{"@id":"https:\/\/fmpatagoniamadryn.com.ar\/?p=5152#primaryimage"},"thumbnailUrl":"https:\/\/fmpatagoniamadryn.com.ar\/wp-content\/uploads\/2023\/07\/Chubut-compartio-su-experiencia-en-el-uso-del-Cannabis-Medicinal-en-el-COFESA-celebrado-en-Salta-3.jpg","articleSection":["Provinciales"],"inLanguage":"es"},{"@type":"WebPage","@id":"https:\/\/fmpatagoniamadryn.com.ar\/?p=5152","url":"https:\/\/fmpatagoniamadryn.com.ar\/?p=5152","name":"Chubut comparti\u00f3 su experiencia en el uso del Cannabis Medicinal en el COFESA celebrado en Salta - FM Patagonia Madryn","isPartOf":{"@id":"https:\/\/fmpatagoniamadryn.com.ar\/#website"},"primaryImageOfPage":{"@id":"https:\/\/fmpatagoniamadryn.com.ar\/?p=5152#primaryimage"},"image":{"@id":"https:\/\/fmpatagoniamadryn.com.ar\/?p=5152#primaryimage"},"thumbnailUrl":"https:\/\/fmpatagoniamadryn.com.ar\/wp-content\/uploads\/2023\/07\/Chubut-compartio-su-experiencia-en-el-uso-del-Cannabis-Medicinal-en-el-COFESA-celebrado-en-Salta-3.jpg","datePublished":"2023-07-31T23:57:11+00:00","dateModified":"2023-07-31T23:57:26+00:00","breadcrumb":{"@id":"https:\/\/fmpatagoniamadryn.com.ar\/?p=5152#breadcrumb"},"inLanguage":"es","potentialAction":[{"@type":"ReadAction","target":["https:\/\/fmpatagoniamadryn.com.ar\/?p=5152"]}]},{"@type":"ImageObject","inLanguage":"es","@id":"https:\/\/fmpatagoniamadryn.com.ar\/?p=5152#primaryimage","url":"https:\/\/fmpatagoniamadryn.com.ar\/wp-content\/uploads\/2023\/07\/Chubut-compartio-su-experiencia-en-el-uso-del-Cannabis-Medicinal-en-el-COFESA-celebrado-en-Salta-3.jpg","contentUrl":"https:\/\/fmpatagoniamadryn.com.ar\/wp-content\/uploads\/2023\/07\/Chubut-compartio-su-experiencia-en-el-uso-del-Cannabis-Medicinal-en-el-COFESA-celebrado-en-Salta-3.jpg","width":1920,"height":1280},{"@type":"BreadcrumbList","@id":"https:\/\/fmpatagoniamadryn.com.ar\/?p=5152#breadcrumb","itemListElement":[{"@type":"ListItem","position":1,"name":"Portada","item":"https:\/\/fmpatagoniamadryn.com.ar\/"},{"@type":"ListItem","position":2,"name":"Chubut comparti\u00f3 su experiencia en el uso del Cannabis Medicinal en el COFESA celebrado en Salta"}]},{"@type":"WebSite","@id":"https:\/\/fmpatagoniamadryn.com.ar\/#website","url":"https:\/\/fmpatagoniamadryn.com.ar\/","name":"FM Patagonia Madryn","description":"Radio Patagonia 105.5","publisher":{"@id":"https:\/\/fmpatagoniamadryn.com.ar\/#organization"},"potentialAction":[{"@type":"SearchAction","target":{"@type":"EntryPoint","urlTemplate":"https:\/\/fmpatagoniamadryn.com.ar\/?s={search_term_string}"},"query-input":{"@type":"PropertyValueSpecification","valueRequired":true,"valueName":"search_term_string"}}],"inLanguage":"es"},{"@type":"Organization","@id":"https:\/\/fmpatagoniamadryn.com.ar\/#organization","name":"FM Patagonia Madryn","url":"https:\/\/fmpatagoniamadryn.com.ar\/","logo":{"@type":"ImageObject","inLanguage":"es","@id":"https:\/\/fmpatagoniamadryn.com.ar\/#\/schema\/logo\/image\/","url":"https:\/\/fmpatagoniamadryn.com.ar\/wp-content\/uploads\/2023\/01\/cropped-Diseno-sin-titulo.png","contentUrl":"https:\/\/fmpatagoniamadryn.com.ar\/wp-content\/uploads\/2023\/01\/cropped-Diseno-sin-titulo.png","width":6911,"height":2657,"caption":"FM Patagonia Madryn"},"image":{"@id":"https:\/\/fmpatagoniamadryn.com.ar\/#\/schema\/logo\/image\/"}},{"@type":"Person","@id":"https:\/\/fmpatagoniamadryn.com.ar\/#\/schema\/person\/1d968ec613613768e14b4e6420a2b125","name":"FM Patagonia","url":"https:\/\/fmpatagoniamadryn.com.ar\/?author=3"}]}},"jetpack_featured_media_url":"https:\/\/fmpatagoniamadryn.com.ar\/wp-content\/uploads\/2023\/07\/Chubut-compartio-su-experiencia-en-el-uso-del-Cannabis-Medicinal-en-el-COFESA-celebrado-en-Salta-3.jpg","_links":{"self":[{"href":"https:\/\/fmpatagoniamadryn.com.ar\/index.php?rest_route=\/wp\/v2\/posts\/5152","targetHints":{"allow":["GET"]}}],"collection":[{"href":"https:\/\/fmpatagoniamadryn.com.ar\/index.php?rest_route=\/wp\/v2\/posts"}],"about":[{"href":"https:\/\/fmpatagoniamadryn.com.ar\/index.php?rest_route=\/wp\/v2\/types\/post"}],"author":[{"embeddable":true,"href":"https:\/\/fmpatagoniamadryn.com.ar\/index.php?rest_route=\/wp\/v2\/users\/3"}],"replies":[{"embeddable":true,"href":"https:\/\/fmpatagoniamadryn.com.ar\/index.php?rest_route=%2Fwp%2Fv2%2Fcomments&post=5152"}],"version-history":[{"count":1,"href":"https:\/\/fmpatagoniamadryn.com.ar\/index.php?rest_route=\/wp\/v2\/posts\/5152\/revisions"}],"predecessor-version":[{"id":5153,"href":"https:\/\/fmpatagoniamadryn.com.ar\/index.php?rest_route=\/wp\/v2\/posts\/5152\/revisions\/5153"}],"wp:featuredmedia":[{"embeddable":true,"href":"https:\/\/fmpatagoniamadryn.com.ar\/index.php?rest_route=\/wp\/v2\/media\/5151"}],"wp:attachment":[{"href":"https:\/\/fmpatagoniamadryn.com.ar\/index.php?rest_route=%2Fwp%2Fv2%2Fmedia&parent=5152"}],"wp:term":[{"taxonomy":"category","embeddable":true,"href":"https:\/\/fmpatagoniamadryn.com.ar\/index.php?rest_route=%2Fwp%2Fv2%2Fcategories&post=5152"},{"taxonomy":"post_tag","embeddable":true,"href":"https:\/\/fmpatagoniamadryn.com.ar\/index.php?rest_route=%2Fwp%2Fv2%2Ftags&post=5152"}],"curies":[{"name":"wp","href":"https:\/\/api.w.org\/{rel}","templated":true}]}}