{"id":5155,"date":"2023-07-31T20:57:57","date_gmt":"2023-07-31T23:57:57","guid":{"rendered":"https:\/\/fmpatagoniamadryn.com.ar\/?p=5155"},"modified":"2023-07-31T20:58:06","modified_gmt":"2023-07-31T23:58:06","slug":"educacion-el-gobierno-provincial-llama-a-concurso-de-ascenso-jerarquico-de-nivel-secundario","status":"publish","type":"post","link":"https:\/\/fmpatagoniamadryn.com.ar\/?p=5155","title":{"rendered":"Educaci\u00f3n: El Gobierno Provincial llama a Concurso de Ascenso Jer\u00e1rquico de nivel Secundario"},"content":{"rendered":"\n<p>Por primera vez en la provincia el nivel secundario y sus modalidades realizar\u00e1n un concurso para definir a los equipos directivos. Habr\u00e1 540 cargos vacantes de Supervisores, Director, Regente, Vicedirector, Jefe de Ense\u00f1anza Pr\u00e1ctica y Secretario.<br><br>El Gobierno de Chubut, a trav\u00e9s del Ministerio de Educaci\u00f3n, formaliz\u00f3 el llamado a Concurso de Ascenso Jer\u00e1rquico de Antecedentes y Oposici\u00f3n del Personal Docente de Educaci\u00f3n Secundaria titular, interino y suplente. El mismo qued\u00f3 establecido mediante la firma de la resoluci\u00f3n ME 593\/23 del ministro de Educaci\u00f3n, Jos\u00e9 Mar\u00eda Grazzini.<br><br>El concurso se abrir\u00e1 para cubrir 540 cargos de Supervisor T\u00e9cnico General, Supervisor T\u00e9cnico, Director, Vicedirector, Regente, Jefe de Ense\u00f1anza Pr\u00e1ctica y Secretario por cada una de las modalidades y \u00e1mbitos del nivel.<br><br>\u201cLos concursos son el camino de la Educaci\u00f3n P\u00fablica\u201d<br><br>En este sentido el ministro Grazzini destac\u00f3 la importancia de este nuevo llamado a concurso al asegurar que \u201ctras la realizaci\u00f3n en los niveles Inicial y Primario, estamos convencidos que los concursos son el mejor camino para desarrollar la educaci\u00f3n p\u00fablica de nuestra provincia, como lo venimos haciendo con el gobernador Arcioni\u201d.<br><br>\u201cEl concurso otorga legitimidad y fortalece a los equipos directivos. Lo que repercute en la mejora de las trayectorias escolares de cada instituci\u00f3n y en el fortalecimiento de todo el sistema educativo\u201d, agreg\u00f3 Grazzini.<br><br>Requisitos y Resoluci\u00f3n<br><br>La Resoluci\u00f3n 593\/23 establece los procesos, los tiempos y los requisitos para todos los docentes interesados en participar. Los requisitos son poseer t\u00edtulo de Profesor de Nivel Secundaria; encontrarse en situaci\u00f3n activa, seg\u00fan lo establece el Estatuto \u00danico Unificado; acreditar los dos \u00faltimos conceptos no inferiores a \u00abMuy Bueno\u00bb de todos los establecimientos en que se haya desempe\u00f1ado y no haber registrado ninguna de las siguientes sanciones disciplinarias en los \u00faltimos 5 a\u00f1os: Suspensi\u00f3n mayor a 6 d\u00edas; Postergaci\u00f3n de ascenso; Retrogradaci\u00f3n de jerarqu\u00eda o de categor\u00eda; Cesant\u00eda; Exoneraci\u00f3n. <br><br>Para m\u00e1s informaci\u00f3n o descarga de la resoluci\u00f3n ingresar a www.chubut.edu.ar <\/p>\n","protected":false},"excerpt":{"rendered":"<p>Por primera vez en la provincia el nivel secundario y sus modalidades realizar\u00e1n un concurso para definir a los equipos directivos. Habr\u00e1 540 cargos vacantes de Supervisores, Director, Regente, Vicedirector,&hellip; <\/p>\n","protected":false},"author":3,"featured_media":5154,"comment_status":"closed","ping_status":"closed","sticky":false,"template":"","format":"standard","meta":{"footnotes":""},"categories":[14],"tags":[],"class_list":["post-5155","post","type-post","status-publish","format-standard","has-post-thumbnail","hentry","category-provinciales"],"yoast_head":"<!-- This site is optimized with the Yoast SEO plugin v27.5 - https:\/\/yoast.com\/product\/yoast-seo-wordpress\/ -->\n<title>Educaci\u00f3n: El Gobierno Provincial llama a Concurso de Ascenso Jer\u00e1rquico de nivel Secundario - FM Patagonia Madryn<\/title>\n<meta name=\"robots\" content=\"index, follow, max-snippet:-1, max-image-preview:large, max-video-preview:-1\" \/>\n<link rel=\"canonical\" href=\"https:\/\/fmpatagoniamadryn.com.ar\/?p=5155\" \/>\n<meta property=\"og:locale\" content=\"es_ES\" \/>\n<meta property=\"og:type\" content=\"article\" \/>\n<meta property=\"og:title\" content=\"Educaci\u00f3n: El Gobierno Provincial llama a Concurso de Ascenso Jer\u00e1rquico de nivel Secundario - FM Patagonia Madryn\" \/>\n<meta property=\"og:description\" content=\"Por primera vez en la provincia el nivel secundario y sus modalidades realizar\u00e1n un concurso para definir a los equipos directivos. Habr\u00e1 540 cargos vacantes de Supervisores, Director, Regente, Vicedirector,&hellip;\" \/>\n<meta property=\"og:url\" content=\"https:\/\/fmpatagoniamadryn.com.ar\/?p=5155\" \/>\n<meta property=\"og:site_name\" content=\"FM Patagonia Madryn\" \/>\n<meta property=\"article:published_time\" content=\"2023-07-31T23:57:57+00:00\" \/>\n<meta property=\"article:modified_time\" content=\"2023-07-31T23:58:06+00:00\" \/>\n<meta property=\"og:image\" content=\"https:\/\/fmpatagoniamadryn.com.ar\/wp-content\/uploads\/2023\/07\/Educacion-Concurso-Secundaria.jpeg\" \/>\n\t<meta property=\"og:image:width\" content=\"1599\" \/>\n\t<meta property=\"og:image:height\" content=\"1066\" \/>\n\t<meta property=\"og:image:type\" content=\"image\/jpeg\" \/>\n<meta name=\"author\" content=\"FM Patagonia\" \/>\n<meta name=\"twitter:card\" content=\"summary_large_image\" \/>\n<meta name=\"twitter:label1\" content=\"Escrito por\" \/>\n\t<meta name=\"twitter:data1\" content=\"FM Patagonia\" \/>\n\t<meta name=\"twitter:label2\" content=\"Tiempo de lectura\" \/>\n\t<meta name=\"twitter:data2\" content=\"2 minutos\" \/>\n<script type=\"application\/ld+json\" class=\"yoast-schema-graph\">{\"@context\":\"https:\\\/\\\/schema.org\",\"@graph\":[{\"@type\":\"Article\",\"@id\":\"https:\\\/\\\/fmpatagoniamadryn.com.ar\\\/?p=5155#article\",\"isPartOf\":{\"@id\":\"https:\\\/\\\/fmpatagoniamadryn.com.ar\\\/?p=5155\"},\"author\":{\"name\":\"FM Patagonia\",\"@id\":\"https:\\\/\\\/fmpatagoniamadryn.com.ar\\\/#\\\/schema\\\/person\\\/1d968ec613613768e14b4e6420a2b125\"},\"headline\":\"Educaci\u00f3n: El Gobierno Provincial llama a Concurso de Ascenso Jer\u00e1rquico de nivel Secundario\",\"datePublished\":\"2023-07-31T23:57:57+00:00\",\"dateModified\":\"2023-07-31T23:58:06+00:00\",\"mainEntityOfPage\":{\"@id\":\"https:\\\/\\\/fmpatagoniamadryn.com.ar\\\/?p=5155\"},\"wordCount\":369,\"publisher\":{\"@id\":\"https:\\\/\\\/fmpatagoniamadryn.com.ar\\\/#organization\"},\"image\":{\"@id\":\"https:\\\/\\\/fmpatagoniamadryn.com.ar\\\/?p=5155#primaryimage\"},\"thumbnailUrl\":\"https:\\\/\\\/fmpatagoniamadryn.com.ar\\\/wp-content\\\/uploads\\\/2023\\\/07\\\/Educacion-Concurso-Secundaria.jpeg\",\"articleSection\":[\"Provinciales\"],\"inLanguage\":\"es\"},{\"@type\":\"WebPage\",\"@id\":\"https:\\\/\\\/fmpatagoniamadryn.com.ar\\\/?p=5155\",\"url\":\"https:\\\/\\\/fmpatagoniamadryn.com.ar\\\/?p=5155\",\"name\":\"Educaci\u00f3n: El Gobierno Provincial llama a Concurso de Ascenso Jer\u00e1rquico de nivel Secundario - FM Patagonia Madryn\",\"isPartOf\":{\"@id\":\"https:\\\/\\\/fmpatagoniamadryn.com.ar\\\/#website\"},\"primaryImageOfPage\":{\"@id\":\"https:\\\/\\\/fmpatagoniamadryn.com.ar\\\/?p=5155#primaryimage\"},\"image\":{\"@id\":\"https:\\\/\\\/fmpatagoniamadryn.com.ar\\\/?p=5155#primaryimage\"},\"thumbnailUrl\":\"https:\\\/\\\/fmpatagoniamadryn.com.ar\\\/wp-content\\\/uploads\\\/2023\\\/07\\\/Educacion-Concurso-Secundaria.jpeg\",\"datePublished\":\"2023-07-31T23:57:57+00:00\",\"dateModified\":\"2023-07-31T23:58:06+00:00\",\"breadcrumb\":{\"@id\":\"https:\\\/\\\/fmpatagoniamadryn.com.ar\\\/?p=5155#breadcrumb\"},\"inLanguage\":\"es\",\"potentialAction\":[{\"@type\":\"ReadAction\",\"target\":[\"https:\\\/\\\/fmpatagoniamadryn.com.ar\\\/?p=5155\"]}]},{\"@type\":\"ImageObject\",\"inLanguage\":\"es\",\"@id\":\"https:\\\/\\\/fmpatagoniamadryn.com.ar\\\/?p=5155#primaryimage\",\"url\":\"https:\\\/\\\/fmpatagoniamadryn.com.ar\\\/wp-content\\\/uploads\\\/2023\\\/07\\\/Educacion-Concurso-Secundaria.jpeg\",\"contentUrl\":\"https:\\\/\\\/fmpatagoniamadryn.com.ar\\\/wp-content\\\/uploads\\\/2023\\\/07\\\/Educacion-Concurso-Secundaria.jpeg\",\"width\":1599,\"height\":1066},{\"@type\":\"BreadcrumbList\",\"@id\":\"https:\\\/\\\/fmpatagoniamadryn.com.ar\\\/?p=5155#breadcrumb\",\"itemListElement\":[{\"@type\":\"ListItem\",\"position\":1,\"name\":\"Portada\",\"item\":\"https:\\\/\\\/fmpatagoniamadryn.com.ar\\\/\"},{\"@type\":\"ListItem\",\"position\":2,\"name\":\"Educaci\u00f3n: El Gobierno Provincial llama a Concurso de Ascenso Jer\u00e1rquico de nivel Secundario\"}]},{\"@type\":\"WebSite\",\"@id\":\"https:\\\/\\\/fmpatagoniamadryn.com.ar\\\/#website\",\"url\":\"https:\\\/\\\/fmpatagoniamadryn.com.ar\\\/\",\"name\":\"FM Patagonia Madryn\",\"description\":\"Radio Patagonia 105.5\",\"publisher\":{\"@id\":\"https:\\\/\\\/fmpatagoniamadryn.com.ar\\\/#organization\"},\"potentialAction\":[{\"@type\":\"SearchAction\",\"target\":{\"@type\":\"EntryPoint\",\"urlTemplate\":\"https:\\\/\\\/fmpatagoniamadryn.com.ar\\\/?s={search_term_string}\"},\"query-input\":{\"@type\":\"PropertyValueSpecification\",\"valueRequired\":true,\"valueName\":\"search_term_string\"}}],\"inLanguage\":\"es\"},{\"@type\":\"Organization\",\"@id\":\"https:\\\/\\\/fmpatagoniamadryn.com.ar\\\/#organization\",\"name\":\"FM Patagonia Madryn\",\"url\":\"https:\\\/\\\/fmpatagoniamadryn.com.ar\\\/\",\"logo\":{\"@type\":\"ImageObject\",\"inLanguage\":\"es\",\"@id\":\"https:\\\/\\\/fmpatagoniamadryn.com.ar\\\/#\\\/schema\\\/logo\\\/image\\\/\",\"url\":\"https:\\\/\\\/fmpatagoniamadryn.com.ar\\\/wp-content\\\/uploads\\\/2023\\\/01\\\/cropped-Diseno-sin-titulo.png\",\"contentUrl\":\"https:\\\/\\\/fmpatagoniamadryn.com.ar\\\/wp-content\\\/uploads\\\/2023\\\/01\\\/cropped-Diseno-sin-titulo.png\",\"width\":6911,\"height\":2657,\"caption\":\"FM Patagonia Madryn\"},\"image\":{\"@id\":\"https:\\\/\\\/fmpatagoniamadryn.com.ar\\\/#\\\/schema\\\/logo\\\/image\\\/\"}},{\"@type\":\"Person\",\"@id\":\"https:\\\/\\\/fmpatagoniamadryn.com.ar\\\/#\\\/schema\\\/person\\\/1d968ec613613768e14b4e6420a2b125\",\"name\":\"FM Patagonia\",\"url\":\"https:\\\/\\\/fmpatagoniamadryn.com.ar\\\/?author=3\"}]}<\/script>\n<!-- \/ Yoast SEO plugin. -->","yoast_head_json":{"title":"Educaci\u00f3n: El Gobierno Provincial llama a Concurso de Ascenso Jer\u00e1rquico de nivel Secundario - FM Patagonia Madryn","robots":{"index":"index","follow":"follow","max-snippet":"max-snippet:-1","max-image-preview":"max-image-preview:large","max-video-preview":"max-video-preview:-1"},"canonical":"https:\/\/fmpatagoniamadryn.com.ar\/?p=5155","og_locale":"es_ES","og_type":"article","og_title":"Educaci\u00f3n: El Gobierno Provincial llama a Concurso de Ascenso Jer\u00e1rquico de nivel Secundario - FM Patagonia Madryn","og_description":"Por primera vez en la provincia el nivel secundario y sus modalidades realizar\u00e1n un concurso para definir a los equipos directivos. Habr\u00e1 540 cargos vacantes de Supervisores, Director, Regente, Vicedirector,&hellip;","og_url":"https:\/\/fmpatagoniamadryn.com.ar\/?p=5155","og_site_name":"FM Patagonia Madryn","article_published_time":"2023-07-31T23:57:57+00:00","article_modified_time":"2023-07-31T23:58:06+00:00","og_image":[{"width":1599,"height":1066,"url":"https:\/\/fmpatagoniamadryn.com.ar\/wp-content\/uploads\/2023\/07\/Educacion-Concurso-Secundaria.jpeg","type":"image\/jpeg"}],"author":"FM Patagonia","twitter_card":"summary_large_image","twitter_misc":{"Escrito por":"FM Patagonia","Tiempo de lectura":"2 minutos"},"schema":{"@context":"https:\/\/schema.org","@graph":[{"@type":"Article","@id":"https:\/\/fmpatagoniamadryn.com.ar\/?p=5155#article","isPartOf":{"@id":"https:\/\/fmpatagoniamadryn.com.ar\/?p=5155"},"author":{"name":"FM Patagonia","@id":"https:\/\/fmpatagoniamadryn.com.ar\/#\/schema\/person\/1d968ec613613768e14b4e6420a2b125"},"headline":"Educaci\u00f3n: El Gobierno Provincial llama a Concurso de Ascenso Jer\u00e1rquico de nivel Secundario","datePublished":"2023-07-31T23:57:57+00:00","dateModified":"2023-07-31T23:58:06+00:00","mainEntityOfPage":{"@id":"https:\/\/fmpatagoniamadryn.com.ar\/?p=5155"},"wordCount":369,"publisher":{"@id":"https:\/\/fmpatagoniamadryn.com.ar\/#organization"},"image":{"@id":"https:\/\/fmpatagoniamadryn.com.ar\/?p=5155#primaryimage"},"thumbnailUrl":"https:\/\/fmpatagoniamadryn.com.ar\/wp-content\/uploads\/2023\/07\/Educacion-Concurso-Secundaria.jpeg","articleSection":["Provinciales"],"inLanguage":"es"},{"@type":"WebPage","@id":"https:\/\/fmpatagoniamadryn.com.ar\/?p=5155","url":"https:\/\/fmpatagoniamadryn.com.ar\/?p=5155","name":"Educaci\u00f3n: El Gobierno Provincial llama a Concurso de Ascenso Jer\u00e1rquico de nivel Secundario - FM Patagonia Madryn","isPartOf":{"@id":"https:\/\/fmpatagoniamadryn.com.ar\/#website"},"primaryImageOfPage":{"@id":"https:\/\/fmpatagoniamadryn.com.ar\/?p=5155#primaryimage"},"image":{"@id":"https:\/\/fmpatagoniamadryn.com.ar\/?p=5155#primaryimage"},"thumbnailUrl":"https:\/\/fmpatagoniamadryn.com.ar\/wp-content\/uploads\/2023\/07\/Educacion-Concurso-Secundaria.jpeg","datePublished":"2023-07-31T23:57:57+00:00","dateModified":"2023-07-31T23:58:06+00:00","breadcrumb":{"@id":"https:\/\/fmpatagoniamadryn.com.ar\/?p=5155#breadcrumb"},"inLanguage":"es","potentialAction":[{"@type":"ReadAction","target":["https:\/\/fmpatagoniamadryn.com.ar\/?p=5155"]}]},{"@type":"ImageObject","inLanguage":"es","@id":"https:\/\/fmpatagoniamadryn.com.ar\/?p=5155#primaryimage","url":"https:\/\/fmpatagoniamadryn.com.ar\/wp-content\/uploads\/2023\/07\/Educacion-Concurso-Secundaria.jpeg","contentUrl":"https:\/\/fmpatagoniamadryn.com.ar\/wp-content\/uploads\/2023\/07\/Educacion-Concurso-Secundaria.jpeg","width":1599,"height":1066},{"@type":"BreadcrumbList","@id":"https:\/\/fmpatagoniamadryn.com.ar\/?p=5155#breadcrumb","itemListElement":[{"@type":"ListItem","position":1,"name":"Portada","item":"https:\/\/fmpatagoniamadryn.com.ar\/"},{"@type":"ListItem","position":2,"name":"Educaci\u00f3n: El Gobierno Provincial llama a Concurso de Ascenso Jer\u00e1rquico de nivel Secundario"}]},{"@type":"WebSite","@id":"https:\/\/fmpatagoniamadryn.com.ar\/#website","url":"https:\/\/fmpatagoniamadryn.com.ar\/","name":"FM Patagonia Madryn","description":"Radio Patagonia 105.5","publisher":{"@id":"https:\/\/fmpatagoniamadryn.com.ar\/#organization"},"potentialAction":[{"@type":"SearchAction","target":{"@type":"EntryPoint","urlTemplate":"https:\/\/fmpatagoniamadryn.com.ar\/?s={search_term_string}"},"query-input":{"@type":"PropertyValueSpecification","valueRequired":true,"valueName":"search_term_string"}}],"inLanguage":"es"},{"@type":"Organization","@id":"https:\/\/fmpatagoniamadryn.com.ar\/#organization","name":"FM Patagonia Madryn","url":"https:\/\/fmpatagoniamadryn.com.ar\/","logo":{"@type":"ImageObject","inLanguage":"es","@id":"https:\/\/fmpatagoniamadryn.com.ar\/#\/schema\/logo\/image\/","url":"https:\/\/fmpatagoniamadryn.com.ar\/wp-content\/uploads\/2023\/01\/cropped-Diseno-sin-titulo.png","contentUrl":"https:\/\/fmpatagoniamadryn.com.ar\/wp-content\/uploads\/2023\/01\/cropped-Diseno-sin-titulo.png","width":6911,"height":2657,"caption":"FM Patagonia Madryn"},"image":{"@id":"https:\/\/fmpatagoniamadryn.com.ar\/#\/schema\/logo\/image\/"}},{"@type":"Person","@id":"https:\/\/fmpatagoniamadryn.com.ar\/#\/schema\/person\/1d968ec613613768e14b4e6420a2b125","name":"FM Patagonia","url":"https:\/\/fmpatagoniamadryn.com.ar\/?author=3"}]}},"jetpack_featured_media_url":"https:\/\/fmpatagoniamadryn.com.ar\/wp-content\/uploads\/2023\/07\/Educacion-Concurso-Secundaria.jpeg","_links":{"self":[{"href":"https:\/\/fmpatagoniamadryn.com.ar\/index.php?rest_route=\/wp\/v2\/posts\/5155","targetHints":{"allow":["GET"]}}],"collection":[{"href":"https:\/\/fmpatagoniamadryn.com.ar\/index.php?rest_route=\/wp\/v2\/posts"}],"about":[{"href":"https:\/\/fmpatagoniamadryn.com.ar\/index.php?rest_route=\/wp\/v2\/types\/post"}],"author":[{"embeddable":true,"href":"https:\/\/fmpatagoniamadryn.com.ar\/index.php?rest_route=\/wp\/v2\/users\/3"}],"replies":[{"embeddable":true,"href":"https:\/\/fmpatagoniamadryn.com.ar\/index.php?rest_route=%2Fwp%2Fv2%2Fcomments&post=5155"}],"version-history":[{"count":1,"href":"https:\/\/fmpatagoniamadryn.com.ar\/index.php?rest_route=\/wp\/v2\/posts\/5155\/revisions"}],"predecessor-version":[{"id":5156,"href":"https:\/\/fmpatagoniamadryn.com.ar\/index.php?rest_route=\/wp\/v2\/posts\/5155\/revisions\/5156"}],"wp:featuredmedia":[{"embeddable":true,"href":"https:\/\/fmpatagoniamadryn.com.ar\/index.php?rest_route=\/wp\/v2\/media\/5154"}],"wp:attachment":[{"href":"https:\/\/fmpatagoniamadryn.com.ar\/index.php?rest_route=%2Fwp%2Fv2%2Fmedia&parent=5155"}],"wp:term":[{"taxonomy":"category","embeddable":true,"href":"https:\/\/fmpatagoniamadryn.com.ar\/index.php?rest_route=%2Fwp%2Fv2%2Fcategories&post=5155"},{"taxonomy":"post_tag","embeddable":true,"href":"https:\/\/fmpatagoniamadryn.com.ar\/index.php?rest_route=%2Fwp%2Fv2%2Ftags&post=5155"}],"curies":[{"name":"wp","href":"https:\/\/api.w.org\/{rel}","templated":true}]}}