{"id":5158,"date":"2023-07-31T20:58:43","date_gmt":"2023-07-31T23:58:43","guid":{"rendered":"https:\/\/fmpatagoniamadryn.com.ar\/?p=5158"},"modified":"2023-07-31T20:58:54","modified_gmt":"2023-07-31T23:58:54","slug":"puerto-madryn-estara-presente-en-el-mundial-de-maxibasquet-en-mar-del-plata","status":"publish","type":"post","link":"https:\/\/fmpatagoniamadryn.com.ar\/?p=5158","title":{"rendered":"PUERTO MADRYN ESTAR\u00c1 PRESENTE EN EL MUNDIAL DE MAXIB\u00c1SQUET EN MAR DEL PLATA"},"content":{"rendered":"\n<p>Integrantes de la Subsecretar\u00eda de Deportes presentar\u00e1n el torneo de B\u00e1squet Arena que se har\u00e1 en Puerto Madryn entre el 13 y 16 de octubre<br><br> <br><br> <br><br>Organizado por la Federaci\u00f3n Internacional de Maxib\u00e1squetbol (FIMBA) y la Federaci\u00f3n Femenina de Maxib\u00e1squet Argentina (FFEMAR), se desarrollar\u00e1 en Mar del Plata el 16\u00b0 Mundial de Maxib\u00e1squet, que contar\u00e1 con la presencia de m\u00e1s de 300 equipos.<br><br> <br><br>En ese evento, integrantes de la Subsecretar\u00eda de Deportes presentar\u00e1n el torneo de B\u00e1squet Arena que se har\u00e1 en Puerto Madryn entre el 13 y 16 de octubre y servir\u00e1 tambi\u00e9n para proyectar en la ciudad un torneo internacional de playa en 2024.<br><br> <br><br>El Mundial se jugar\u00e1 entre el 26 de agosto y el 3 de septiembre en el Polideportivo \u201cIslas Malvinas\u201d y en otros quince escenarios, incluido en Santa Clara y Miramar. Arribar\u00e1n 4500 jugadores y jugadoras pertenecientes a 30 pa\u00edses. Llegar\u00e1n de Australia, Jordania, Croacia, Serbia, Eslovenia, Estonia, Letonia, Finlandia, Suiza, Inglaterra, Italia, Alemania, Estados Unidos, El Salvador, Guadalupe, Honduras, Brasil, M\u00e9xico, Colombia, Chile, Ecuador, Bolivia, Panam\u00e1, Uruguay, Venezuela, Costa Rica, Per\u00fa, Puerto Rico y Espa\u00f1a.<br><br> <br><br>El evento contar\u00e1 con la presencia de algunas exestrellas del b\u00e1squet profesional. Los brasile\u00f1os Alessandra y Pipoca, varios argentinos, como Walter Herrmann, hoy radicado en M\u00e1laga, que vendr\u00e1 representando a Espa\u00f1a. Tambi\u00e9n Miguel Cortijo, H\u00e9ctor Haile, Gabriel Darr\u00e1s y Mariano Aguilar, entre otros, en la rama masculina, y Diana Tiz\u00f3n y Laura Cors (la primera mujer en entrenar un equipo de Liga Nacional), en la femenina. Habr\u00e1 partidos a toda hora y fiestas tem\u00e1ticas durante todas las noches.<br><br> <br><br>&#8212;<\/p>\n","protected":false},"excerpt":{"rendered":"<p>Integrantes de la Subsecretar\u00eda de Deportes presentar\u00e1n el torneo de B\u00e1squet Arena que se har\u00e1 en Puerto Madryn entre el 13 y 16 de octubre Organizado por la Federaci\u00f3n Internacional&hellip; <\/p>\n","protected":false},"author":3,"featured_media":5157,"comment_status":"closed","ping_status":"closed","sticky":false,"template":"","format":"standard","meta":{"footnotes":""},"categories":[15],"tags":[],"class_list":["post-5158","post","type-post","status-publish","format-standard","has-post-thumbnail","hentry","category-locales"],"yoast_head":"<!-- This site is optimized with the Yoast SEO plugin v27.5 - https:\/\/yoast.com\/product\/yoast-seo-wordpress\/ -->\n<title>PUERTO MADRYN ESTAR\u00c1 PRESENTE EN EL MUNDIAL DE MAXIB\u00c1SQUET EN MAR DEL PLATA - FM Patagonia Madryn<\/title>\n<meta name=\"robots\" content=\"index, follow, max-snippet:-1, max-image-preview:large, max-video-preview:-1\" \/>\n<link rel=\"canonical\" href=\"https:\/\/fmpatagoniamadryn.com.ar\/?p=5158\" \/>\n<meta property=\"og:locale\" content=\"es_ES\" \/>\n<meta property=\"og:type\" content=\"article\" \/>\n<meta property=\"og:title\" content=\"PUERTO MADRYN ESTAR\u00c1 PRESENTE EN EL MUNDIAL DE MAXIB\u00c1SQUET EN MAR DEL PLATA - FM Patagonia Madryn\" \/>\n<meta property=\"og:description\" content=\"Integrantes de la Subsecretar\u00eda de Deportes presentar\u00e1n el torneo de B\u00e1squet Arena que se har\u00e1 en Puerto Madryn entre el 13 y 16 de octubre Organizado por la Federaci\u00f3n Internacional&hellip;\" \/>\n<meta property=\"og:url\" content=\"https:\/\/fmpatagoniamadryn.com.ar\/?p=5158\" \/>\n<meta property=\"og:site_name\" content=\"FM Patagonia Madryn\" \/>\n<meta property=\"article:published_time\" content=\"2023-07-31T23:58:43+00:00\" \/>\n<meta property=\"article:modified_time\" content=\"2023-07-31T23:58:54+00:00\" \/>\n<meta property=\"og:image\" content=\"https:\/\/fmpatagoniamadryn.com.ar\/wp-content\/uploads\/2023\/07\/WhatsApp-Image-2023-05-04-at-15.01.37-1024x722-1.jpeg\" \/>\n\t<meta property=\"og:image:width\" content=\"1024\" \/>\n\t<meta property=\"og:image:height\" content=\"722\" \/>\n\t<meta property=\"og:image:type\" content=\"image\/jpeg\" \/>\n<meta name=\"author\" content=\"FM Patagonia\" \/>\n<meta name=\"twitter:card\" content=\"summary_large_image\" \/>\n<meta name=\"twitter:label1\" content=\"Escrito por\" \/>\n\t<meta name=\"twitter:data1\" content=\"FM Patagonia\" \/>\n\t<meta name=\"twitter:label2\" content=\"Tiempo de lectura\" \/>\n\t<meta name=\"twitter:data2\" content=\"1 minuto\" \/>\n<script type=\"application\/ld+json\" class=\"yoast-schema-graph\">{\"@context\":\"https:\\\/\\\/schema.org\",\"@graph\":[{\"@type\":\"Article\",\"@id\":\"https:\\\/\\\/fmpatagoniamadryn.com.ar\\\/?p=5158#article\",\"isPartOf\":{\"@id\":\"https:\\\/\\\/fmpatagoniamadryn.com.ar\\\/?p=5158\"},\"author\":{\"name\":\"FM Patagonia\",\"@id\":\"https:\\\/\\\/fmpatagoniamadryn.com.ar\\\/#\\\/schema\\\/person\\\/1d968ec613613768e14b4e6420a2b125\"},\"headline\":\"PUERTO MADRYN ESTAR\u00c1 PRESENTE EN EL MUNDIAL DE MAXIB\u00c1SQUET EN MAR DEL PLATA\",\"datePublished\":\"2023-07-31T23:58:43+00:00\",\"dateModified\":\"2023-07-31T23:58:54+00:00\",\"mainEntityOfPage\":{\"@id\":\"https:\\\/\\\/fmpatagoniamadryn.com.ar\\\/?p=5158\"},\"wordCount\":289,\"publisher\":{\"@id\":\"https:\\\/\\\/fmpatagoniamadryn.com.ar\\\/#organization\"},\"image\":{\"@id\":\"https:\\\/\\\/fmpatagoniamadryn.com.ar\\\/?p=5158#primaryimage\"},\"thumbnailUrl\":\"https:\\\/\\\/fmpatagoniamadryn.com.ar\\\/wp-content\\\/uploads\\\/2023\\\/07\\\/WhatsApp-Image-2023-05-04-at-15.01.37-1024x722-1.jpeg\",\"articleSection\":[\"Locales\"],\"inLanguage\":\"es\"},{\"@type\":\"WebPage\",\"@id\":\"https:\\\/\\\/fmpatagoniamadryn.com.ar\\\/?p=5158\",\"url\":\"https:\\\/\\\/fmpatagoniamadryn.com.ar\\\/?p=5158\",\"name\":\"PUERTO MADRYN ESTAR\u00c1 PRESENTE EN EL MUNDIAL DE MAXIB\u00c1SQUET EN MAR DEL PLATA - FM Patagonia Madryn\",\"isPartOf\":{\"@id\":\"https:\\\/\\\/fmpatagoniamadryn.com.ar\\\/#website\"},\"primaryImageOfPage\":{\"@id\":\"https:\\\/\\\/fmpatagoniamadryn.com.ar\\\/?p=5158#primaryimage\"},\"image\":{\"@id\":\"https:\\\/\\\/fmpatagoniamadryn.com.ar\\\/?p=5158#primaryimage\"},\"thumbnailUrl\":\"https:\\\/\\\/fmpatagoniamadryn.com.ar\\\/wp-content\\\/uploads\\\/2023\\\/07\\\/WhatsApp-Image-2023-05-04-at-15.01.37-1024x722-1.jpeg\",\"datePublished\":\"2023-07-31T23:58:43+00:00\",\"dateModified\":\"2023-07-31T23:58:54+00:00\",\"breadcrumb\":{\"@id\":\"https:\\\/\\\/fmpatagoniamadryn.com.ar\\\/?p=5158#breadcrumb\"},\"inLanguage\":\"es\",\"potentialAction\":[{\"@type\":\"ReadAction\",\"target\":[\"https:\\\/\\\/fmpatagoniamadryn.com.ar\\\/?p=5158\"]}]},{\"@type\":\"ImageObject\",\"inLanguage\":\"es\",\"@id\":\"https:\\\/\\\/fmpatagoniamadryn.com.ar\\\/?p=5158#primaryimage\",\"url\":\"https:\\\/\\\/fmpatagoniamadryn.com.ar\\\/wp-content\\\/uploads\\\/2023\\\/07\\\/WhatsApp-Image-2023-05-04-at-15.01.37-1024x722-1.jpeg\",\"contentUrl\":\"https:\\\/\\\/fmpatagoniamadryn.com.ar\\\/wp-content\\\/uploads\\\/2023\\\/07\\\/WhatsApp-Image-2023-05-04-at-15.01.37-1024x722-1.jpeg\",\"width\":1024,\"height\":722},{\"@type\":\"BreadcrumbList\",\"@id\":\"https:\\\/\\\/fmpatagoniamadryn.com.ar\\\/?p=5158#breadcrumb\",\"itemListElement\":[{\"@type\":\"ListItem\",\"position\":1,\"name\":\"Portada\",\"item\":\"https:\\\/\\\/fmpatagoniamadryn.com.ar\\\/\"},{\"@type\":\"ListItem\",\"position\":2,\"name\":\"PUERTO MADRYN ESTAR\u00c1 PRESENTE EN EL MUNDIAL DE MAXIB\u00c1SQUET EN MAR DEL PLATA\"}]},{\"@type\":\"WebSite\",\"@id\":\"https:\\\/\\\/fmpatagoniamadryn.com.ar\\\/#website\",\"url\":\"https:\\\/\\\/fmpatagoniamadryn.com.ar\\\/\",\"name\":\"FM Patagonia Madryn\",\"description\":\"Radio Patagonia 105.5\",\"publisher\":{\"@id\":\"https:\\\/\\\/fmpatagoniamadryn.com.ar\\\/#organization\"},\"potentialAction\":[{\"@type\":\"SearchAction\",\"target\":{\"@type\":\"EntryPoint\",\"urlTemplate\":\"https:\\\/\\\/fmpatagoniamadryn.com.ar\\\/?s={search_term_string}\"},\"query-input\":{\"@type\":\"PropertyValueSpecification\",\"valueRequired\":true,\"valueName\":\"search_term_string\"}}],\"inLanguage\":\"es\"},{\"@type\":\"Organization\",\"@id\":\"https:\\\/\\\/fmpatagoniamadryn.com.ar\\\/#organization\",\"name\":\"FM Patagonia Madryn\",\"url\":\"https:\\\/\\\/fmpatagoniamadryn.com.ar\\\/\",\"logo\":{\"@type\":\"ImageObject\",\"inLanguage\":\"es\",\"@id\":\"https:\\\/\\\/fmpatagoniamadryn.com.ar\\\/#\\\/schema\\\/logo\\\/image\\\/\",\"url\":\"https:\\\/\\\/fmpatagoniamadryn.com.ar\\\/wp-content\\\/uploads\\\/2023\\\/01\\\/cropped-Diseno-sin-titulo.png\",\"contentUrl\":\"https:\\\/\\\/fmpatagoniamadryn.com.ar\\\/wp-content\\\/uploads\\\/2023\\\/01\\\/cropped-Diseno-sin-titulo.png\",\"width\":6911,\"height\":2657,\"caption\":\"FM Patagonia Madryn\"},\"image\":{\"@id\":\"https:\\\/\\\/fmpatagoniamadryn.com.ar\\\/#\\\/schema\\\/logo\\\/image\\\/\"}},{\"@type\":\"Person\",\"@id\":\"https:\\\/\\\/fmpatagoniamadryn.com.ar\\\/#\\\/schema\\\/person\\\/1d968ec613613768e14b4e6420a2b125\",\"name\":\"FM Patagonia\",\"url\":\"https:\\\/\\\/fmpatagoniamadryn.com.ar\\\/?author=3\"}]}<\/script>\n<!-- \/ Yoast SEO plugin. -->","yoast_head_json":{"title":"PUERTO MADRYN ESTAR\u00c1 PRESENTE EN EL MUNDIAL DE MAXIB\u00c1SQUET EN MAR DEL PLATA - FM Patagonia Madryn","robots":{"index":"index","follow":"follow","max-snippet":"max-snippet:-1","max-image-preview":"max-image-preview:large","max-video-preview":"max-video-preview:-1"},"canonical":"https:\/\/fmpatagoniamadryn.com.ar\/?p=5158","og_locale":"es_ES","og_type":"article","og_title":"PUERTO MADRYN ESTAR\u00c1 PRESENTE EN EL MUNDIAL DE MAXIB\u00c1SQUET EN MAR DEL PLATA - FM Patagonia Madryn","og_description":"Integrantes de la Subsecretar\u00eda de Deportes presentar\u00e1n el torneo de B\u00e1squet Arena que se har\u00e1 en Puerto Madryn entre el 13 y 16 de octubre Organizado por la Federaci\u00f3n Internacional&hellip;","og_url":"https:\/\/fmpatagoniamadryn.com.ar\/?p=5158","og_site_name":"FM Patagonia Madryn","article_published_time":"2023-07-31T23:58:43+00:00","article_modified_time":"2023-07-31T23:58:54+00:00","og_image":[{"width":1024,"height":722,"url":"https:\/\/fmpatagoniamadryn.com.ar\/wp-content\/uploads\/2023\/07\/WhatsApp-Image-2023-05-04-at-15.01.37-1024x722-1.jpeg","type":"image\/jpeg"}],"author":"FM Patagonia","twitter_card":"summary_large_image","twitter_misc":{"Escrito por":"FM Patagonia","Tiempo de lectura":"1 minuto"},"schema":{"@context":"https:\/\/schema.org","@graph":[{"@type":"Article","@id":"https:\/\/fmpatagoniamadryn.com.ar\/?p=5158#article","isPartOf":{"@id":"https:\/\/fmpatagoniamadryn.com.ar\/?p=5158"},"author":{"name":"FM Patagonia","@id":"https:\/\/fmpatagoniamadryn.com.ar\/#\/schema\/person\/1d968ec613613768e14b4e6420a2b125"},"headline":"PUERTO MADRYN ESTAR\u00c1 PRESENTE EN EL MUNDIAL DE MAXIB\u00c1SQUET EN MAR DEL PLATA","datePublished":"2023-07-31T23:58:43+00:00","dateModified":"2023-07-31T23:58:54+00:00","mainEntityOfPage":{"@id":"https:\/\/fmpatagoniamadryn.com.ar\/?p=5158"},"wordCount":289,"publisher":{"@id":"https:\/\/fmpatagoniamadryn.com.ar\/#organization"},"image":{"@id":"https:\/\/fmpatagoniamadryn.com.ar\/?p=5158#primaryimage"},"thumbnailUrl":"https:\/\/fmpatagoniamadryn.com.ar\/wp-content\/uploads\/2023\/07\/WhatsApp-Image-2023-05-04-at-15.01.37-1024x722-1.jpeg","articleSection":["Locales"],"inLanguage":"es"},{"@type":"WebPage","@id":"https:\/\/fmpatagoniamadryn.com.ar\/?p=5158","url":"https:\/\/fmpatagoniamadryn.com.ar\/?p=5158","name":"PUERTO MADRYN ESTAR\u00c1 PRESENTE EN EL MUNDIAL DE MAXIB\u00c1SQUET EN MAR DEL PLATA - FM Patagonia Madryn","isPartOf":{"@id":"https:\/\/fmpatagoniamadryn.com.ar\/#website"},"primaryImageOfPage":{"@id":"https:\/\/fmpatagoniamadryn.com.ar\/?p=5158#primaryimage"},"image":{"@id":"https:\/\/fmpatagoniamadryn.com.ar\/?p=5158#primaryimage"},"thumbnailUrl":"https:\/\/fmpatagoniamadryn.com.ar\/wp-content\/uploads\/2023\/07\/WhatsApp-Image-2023-05-04-at-15.01.37-1024x722-1.jpeg","datePublished":"2023-07-31T23:58:43+00:00","dateModified":"2023-07-31T23:58:54+00:00","breadcrumb":{"@id":"https:\/\/fmpatagoniamadryn.com.ar\/?p=5158#breadcrumb"},"inLanguage":"es","potentialAction":[{"@type":"ReadAction","target":["https:\/\/fmpatagoniamadryn.com.ar\/?p=5158"]}]},{"@type":"ImageObject","inLanguage":"es","@id":"https:\/\/fmpatagoniamadryn.com.ar\/?p=5158#primaryimage","url":"https:\/\/fmpatagoniamadryn.com.ar\/wp-content\/uploads\/2023\/07\/WhatsApp-Image-2023-05-04-at-15.01.37-1024x722-1.jpeg","contentUrl":"https:\/\/fmpatagoniamadryn.com.ar\/wp-content\/uploads\/2023\/07\/WhatsApp-Image-2023-05-04-at-15.01.37-1024x722-1.jpeg","width":1024,"height":722},{"@type":"BreadcrumbList","@id":"https:\/\/fmpatagoniamadryn.com.ar\/?p=5158#breadcrumb","itemListElement":[{"@type":"ListItem","position":1,"name":"Portada","item":"https:\/\/fmpatagoniamadryn.com.ar\/"},{"@type":"ListItem","position":2,"name":"PUERTO MADRYN ESTAR\u00c1 PRESENTE EN EL MUNDIAL DE MAXIB\u00c1SQUET EN MAR DEL PLATA"}]},{"@type":"WebSite","@id":"https:\/\/fmpatagoniamadryn.com.ar\/#website","url":"https:\/\/fmpatagoniamadryn.com.ar\/","name":"FM Patagonia Madryn","description":"Radio Patagonia 105.5","publisher":{"@id":"https:\/\/fmpatagoniamadryn.com.ar\/#organization"},"potentialAction":[{"@type":"SearchAction","target":{"@type":"EntryPoint","urlTemplate":"https:\/\/fmpatagoniamadryn.com.ar\/?s={search_term_string}"},"query-input":{"@type":"PropertyValueSpecification","valueRequired":true,"valueName":"search_term_string"}}],"inLanguage":"es"},{"@type":"Organization","@id":"https:\/\/fmpatagoniamadryn.com.ar\/#organization","name":"FM Patagonia Madryn","url":"https:\/\/fmpatagoniamadryn.com.ar\/","logo":{"@type":"ImageObject","inLanguage":"es","@id":"https:\/\/fmpatagoniamadryn.com.ar\/#\/schema\/logo\/image\/","url":"https:\/\/fmpatagoniamadryn.com.ar\/wp-content\/uploads\/2023\/01\/cropped-Diseno-sin-titulo.png","contentUrl":"https:\/\/fmpatagoniamadryn.com.ar\/wp-content\/uploads\/2023\/01\/cropped-Diseno-sin-titulo.png","width":6911,"height":2657,"caption":"FM Patagonia Madryn"},"image":{"@id":"https:\/\/fmpatagoniamadryn.com.ar\/#\/schema\/logo\/image\/"}},{"@type":"Person","@id":"https:\/\/fmpatagoniamadryn.com.ar\/#\/schema\/person\/1d968ec613613768e14b4e6420a2b125","name":"FM Patagonia","url":"https:\/\/fmpatagoniamadryn.com.ar\/?author=3"}]}},"jetpack_featured_media_url":"https:\/\/fmpatagoniamadryn.com.ar\/wp-content\/uploads\/2023\/07\/WhatsApp-Image-2023-05-04-at-15.01.37-1024x722-1.jpeg","_links":{"self":[{"href":"https:\/\/fmpatagoniamadryn.com.ar\/index.php?rest_route=\/wp\/v2\/posts\/5158","targetHints":{"allow":["GET"]}}],"collection":[{"href":"https:\/\/fmpatagoniamadryn.com.ar\/index.php?rest_route=\/wp\/v2\/posts"}],"about":[{"href":"https:\/\/fmpatagoniamadryn.com.ar\/index.php?rest_route=\/wp\/v2\/types\/post"}],"author":[{"embeddable":true,"href":"https:\/\/fmpatagoniamadryn.com.ar\/index.php?rest_route=\/wp\/v2\/users\/3"}],"replies":[{"embeddable":true,"href":"https:\/\/fmpatagoniamadryn.com.ar\/index.php?rest_route=%2Fwp%2Fv2%2Fcomments&post=5158"}],"version-history":[{"count":1,"href":"https:\/\/fmpatagoniamadryn.com.ar\/index.php?rest_route=\/wp\/v2\/posts\/5158\/revisions"}],"predecessor-version":[{"id":5159,"href":"https:\/\/fmpatagoniamadryn.com.ar\/index.php?rest_route=\/wp\/v2\/posts\/5158\/revisions\/5159"}],"wp:featuredmedia":[{"embeddable":true,"href":"https:\/\/fmpatagoniamadryn.com.ar\/index.php?rest_route=\/wp\/v2\/media\/5157"}],"wp:attachment":[{"href":"https:\/\/fmpatagoniamadryn.com.ar\/index.php?rest_route=%2Fwp%2Fv2%2Fmedia&parent=5158"}],"wp:term":[{"taxonomy":"category","embeddable":true,"href":"https:\/\/fmpatagoniamadryn.com.ar\/index.php?rest_route=%2Fwp%2Fv2%2Fcategories&post=5158"},{"taxonomy":"post_tag","embeddable":true,"href":"https:\/\/fmpatagoniamadryn.com.ar\/index.php?rest_route=%2Fwp%2Fv2%2Ftags&post=5158"}],"curies":[{"name":"wp","href":"https:\/\/api.w.org\/{rel}","templated":true}]}}