{"id":5161,"date":"2023-07-31T21:00:36","date_gmt":"2023-08-01T00:00:36","guid":{"rendered":"https:\/\/fmpatagoniamadryn.com.ar\/?p=5161"},"modified":"2023-07-31T21:00:46","modified_gmt":"2023-08-01T00:00:46","slug":"la-orquesta-tipica-enriqueta-lucero-se-presentara-en-el-centro-cultural-san-miguel","status":"publish","type":"post","link":"https:\/\/fmpatagoniamadryn.com.ar\/?p=5161","title":{"rendered":"LA ORQUESTA T\u00cdPICA \u201cENRIQUETA LUCERO\u201d SE PRESENTAR\u00c1 EN EL CENTRO CULTURAL SAN MIGUEL"},"content":{"rendered":"\n<p>Ser\u00e1 el martes 8 de agosto a las 19:30 horas. Las entradas ya est\u00e1n a la venta en el CCSM o llamando al 4472007<br><br><br>Acompa\u00f1ado por la Subsecretar\u00eda de Cultura de la Municipalidad de Puerto Madryn, el martes 8 de agosto se presentar\u00e1 la Orquesta T\u00edpica \u201cEnriqueta Lucero\u201d en el Centro Cultural del barrio San Miguel (CCSM), ubicado en Garagarza 778.<br><br>El show comenzar\u00e1 a las 19:30 horas y ser\u00e1 un concierto a puro tango canci\u00f3n e instrumental, recorriendo desde Troilo a Coviello, pasando por Piazzolla, Mederos, Gallo y m\u00e1s.<br><br>Las entradas ya se encuentran a la venta por reserva en el Centro Cultural del barrio San Miguel o llamando al 4472007.<br><br>SOBRE LA ORQUESTA<br> <br>Se form\u00f3 en 2018 por iniciativa de Ren\u00e9 del Pueche y est\u00e1 integrada por m\u00fasicos de Madryn y Trelew.<br><br>La componen Juan Vi\u00f1as, Mario Wedekindt, Ivana Spenza en bandoneones, Susana Quilaqueo y Ana Mar\u00eda Pomar en violines, Juan Pecile en viola, Silvina Selzer y Santiago Novoa en violonchelos, Eugenia Plano en piano, Daniel Mu\u00f1iz en contrabajo y el cantor Orlando Costa.<br><br>La Enriqueta se ha presentado en la zona llevando el repertorio tanguero bailable, y el nuevo tango, de compositores actuales.<br><br>El nombre de la orquesta es en homenaje a la maestra y escritora de San Luis, quien encabez\u00f3 la primera huelga docente en gobierno de J.A. Roca en 1881 en San Juan.<br><br> <\/p>\n","protected":false},"excerpt":{"rendered":"<p>Ser\u00e1 el martes 8 de agosto a las 19:30 horas. Las entradas ya est\u00e1n a la venta en el CCSM o llamando al 4472007 Acompa\u00f1ado por la Subsecretar\u00eda de Cultura&hellip; <\/p>\n","protected":false},"author":3,"featured_media":5160,"comment_status":"closed","ping_status":"closed","sticky":false,"template":"","format":"standard","meta":{"footnotes":""},"categories":[15],"tags":[],"class_list":["post-5161","post","type-post","status-publish","format-standard","has-post-thumbnail","hentry","category-locales"],"yoast_head":"<!-- This site is optimized with the Yoast SEO plugin v27.5 - https:\/\/yoast.com\/product\/yoast-seo-wordpress\/ -->\n<title>LA ORQUESTA T\u00cdPICA \u201cENRIQUETA LUCERO\u201d SE PRESENTAR\u00c1 EN EL CENTRO CULTURAL SAN MIGUEL - FM Patagonia Madryn<\/title>\n<meta name=\"robots\" content=\"index, follow, max-snippet:-1, max-image-preview:large, max-video-preview:-1\" \/>\n<link rel=\"canonical\" href=\"https:\/\/fmpatagoniamadryn.com.ar\/?p=5161\" \/>\n<meta property=\"og:locale\" content=\"es_ES\" \/>\n<meta property=\"og:type\" content=\"article\" \/>\n<meta property=\"og:title\" content=\"LA ORQUESTA T\u00cdPICA \u201cENRIQUETA LUCERO\u201d SE PRESENTAR\u00c1 EN EL CENTRO CULTURAL SAN MIGUEL - FM Patagonia Madryn\" \/>\n<meta property=\"og:description\" content=\"Ser\u00e1 el martes 8 de agosto a las 19:30 horas. Las entradas ya est\u00e1n a la venta en el CCSM o llamando al 4472007 Acompa\u00f1ado por la Subsecretar\u00eda de Cultura&hellip;\" \/>\n<meta property=\"og:url\" content=\"https:\/\/fmpatagoniamadryn.com.ar\/?p=5161\" \/>\n<meta property=\"og:site_name\" content=\"FM Patagonia Madryn\" \/>\n<meta property=\"article:published_time\" content=\"2023-08-01T00:00:36+00:00\" \/>\n<meta property=\"article:modified_time\" content=\"2023-08-01T00:00:46+00:00\" \/>\n<meta property=\"og:image\" content=\"https:\/\/fmpatagoniamadryn.com.ar\/wp-content\/uploads\/2023\/07\/356398642_764206385706141_8587689619524853613_n.jpg\" \/>\n\t<meta property=\"og:image:width\" content=\"2048\" \/>\n\t<meta property=\"og:image:height\" content=\"1356\" \/>\n\t<meta property=\"og:image:type\" content=\"image\/jpeg\" \/>\n<meta name=\"author\" content=\"FM Patagonia\" \/>\n<meta name=\"twitter:card\" content=\"summary_large_image\" \/>\n<meta name=\"twitter:label1\" content=\"Escrito por\" \/>\n\t<meta name=\"twitter:data1\" content=\"FM Patagonia\" \/>\n\t<meta name=\"twitter:label2\" content=\"Tiempo de lectura\" \/>\n\t<meta name=\"twitter:data2\" content=\"1 minuto\" \/>\n<script type=\"application\/ld+json\" class=\"yoast-schema-graph\">{\"@context\":\"https:\\\/\\\/schema.org\",\"@graph\":[{\"@type\":\"Article\",\"@id\":\"https:\\\/\\\/fmpatagoniamadryn.com.ar\\\/?p=5161#article\",\"isPartOf\":{\"@id\":\"https:\\\/\\\/fmpatagoniamadryn.com.ar\\\/?p=5161\"},\"author\":{\"name\":\"FM Patagonia\",\"@id\":\"https:\\\/\\\/fmpatagoniamadryn.com.ar\\\/#\\\/schema\\\/person\\\/1d968ec613613768e14b4e6420a2b125\"},\"headline\":\"LA ORQUESTA T\u00cdPICA \u201cENRIQUETA LUCERO\u201d SE PRESENTAR\u00c1 EN EL CENTRO CULTURAL SAN MIGUEL\",\"datePublished\":\"2023-08-01T00:00:36+00:00\",\"dateModified\":\"2023-08-01T00:00:46+00:00\",\"mainEntityOfPage\":{\"@id\":\"https:\\\/\\\/fmpatagoniamadryn.com.ar\\\/?p=5161\"},\"wordCount\":244,\"publisher\":{\"@id\":\"https:\\\/\\\/fmpatagoniamadryn.com.ar\\\/#organization\"},\"image\":{\"@id\":\"https:\\\/\\\/fmpatagoniamadryn.com.ar\\\/?p=5161#primaryimage\"},\"thumbnailUrl\":\"https:\\\/\\\/fmpatagoniamadryn.com.ar\\\/wp-content\\\/uploads\\\/2023\\\/07\\\/356398642_764206385706141_8587689619524853613_n.jpg\",\"articleSection\":[\"Locales\"],\"inLanguage\":\"es\"},{\"@type\":\"WebPage\",\"@id\":\"https:\\\/\\\/fmpatagoniamadryn.com.ar\\\/?p=5161\",\"url\":\"https:\\\/\\\/fmpatagoniamadryn.com.ar\\\/?p=5161\",\"name\":\"LA ORQUESTA T\u00cdPICA \u201cENRIQUETA LUCERO\u201d SE PRESENTAR\u00c1 EN EL CENTRO CULTURAL SAN MIGUEL - FM Patagonia Madryn\",\"isPartOf\":{\"@id\":\"https:\\\/\\\/fmpatagoniamadryn.com.ar\\\/#website\"},\"primaryImageOfPage\":{\"@id\":\"https:\\\/\\\/fmpatagoniamadryn.com.ar\\\/?p=5161#primaryimage\"},\"image\":{\"@id\":\"https:\\\/\\\/fmpatagoniamadryn.com.ar\\\/?p=5161#primaryimage\"},\"thumbnailUrl\":\"https:\\\/\\\/fmpatagoniamadryn.com.ar\\\/wp-content\\\/uploads\\\/2023\\\/07\\\/356398642_764206385706141_8587689619524853613_n.jpg\",\"datePublished\":\"2023-08-01T00:00:36+00:00\",\"dateModified\":\"2023-08-01T00:00:46+00:00\",\"breadcrumb\":{\"@id\":\"https:\\\/\\\/fmpatagoniamadryn.com.ar\\\/?p=5161#breadcrumb\"},\"inLanguage\":\"es\",\"potentialAction\":[{\"@type\":\"ReadAction\",\"target\":[\"https:\\\/\\\/fmpatagoniamadryn.com.ar\\\/?p=5161\"]}]},{\"@type\":\"ImageObject\",\"inLanguage\":\"es\",\"@id\":\"https:\\\/\\\/fmpatagoniamadryn.com.ar\\\/?p=5161#primaryimage\",\"url\":\"https:\\\/\\\/fmpatagoniamadryn.com.ar\\\/wp-content\\\/uploads\\\/2023\\\/07\\\/356398642_764206385706141_8587689619524853613_n.jpg\",\"contentUrl\":\"https:\\\/\\\/fmpatagoniamadryn.com.ar\\\/wp-content\\\/uploads\\\/2023\\\/07\\\/356398642_764206385706141_8587689619524853613_n.jpg\",\"width\":2048,\"height\":1356},{\"@type\":\"BreadcrumbList\",\"@id\":\"https:\\\/\\\/fmpatagoniamadryn.com.ar\\\/?p=5161#breadcrumb\",\"itemListElement\":[{\"@type\":\"ListItem\",\"position\":1,\"name\":\"Portada\",\"item\":\"https:\\\/\\\/fmpatagoniamadryn.com.ar\\\/\"},{\"@type\":\"ListItem\",\"position\":2,\"name\":\"LA ORQUESTA T\u00cdPICA \u201cENRIQUETA LUCERO\u201d SE PRESENTAR\u00c1 EN EL CENTRO CULTURAL SAN MIGUEL\"}]},{\"@type\":\"WebSite\",\"@id\":\"https:\\\/\\\/fmpatagoniamadryn.com.ar\\\/#website\",\"url\":\"https:\\\/\\\/fmpatagoniamadryn.com.ar\\\/\",\"name\":\"FM Patagonia Madryn\",\"description\":\"Radio Patagonia 105.5\",\"publisher\":{\"@id\":\"https:\\\/\\\/fmpatagoniamadryn.com.ar\\\/#organization\"},\"potentialAction\":[{\"@type\":\"SearchAction\",\"target\":{\"@type\":\"EntryPoint\",\"urlTemplate\":\"https:\\\/\\\/fmpatagoniamadryn.com.ar\\\/?s={search_term_string}\"},\"query-input\":{\"@type\":\"PropertyValueSpecification\",\"valueRequired\":true,\"valueName\":\"search_term_string\"}}],\"inLanguage\":\"es\"},{\"@type\":\"Organization\",\"@id\":\"https:\\\/\\\/fmpatagoniamadryn.com.ar\\\/#organization\",\"name\":\"FM Patagonia Madryn\",\"url\":\"https:\\\/\\\/fmpatagoniamadryn.com.ar\\\/\",\"logo\":{\"@type\":\"ImageObject\",\"inLanguage\":\"es\",\"@id\":\"https:\\\/\\\/fmpatagoniamadryn.com.ar\\\/#\\\/schema\\\/logo\\\/image\\\/\",\"url\":\"https:\\\/\\\/fmpatagoniamadryn.com.ar\\\/wp-content\\\/uploads\\\/2023\\\/01\\\/cropped-Diseno-sin-titulo.png\",\"contentUrl\":\"https:\\\/\\\/fmpatagoniamadryn.com.ar\\\/wp-content\\\/uploads\\\/2023\\\/01\\\/cropped-Diseno-sin-titulo.png\",\"width\":6911,\"height\":2657,\"caption\":\"FM Patagonia Madryn\"},\"image\":{\"@id\":\"https:\\\/\\\/fmpatagoniamadryn.com.ar\\\/#\\\/schema\\\/logo\\\/image\\\/\"}},{\"@type\":\"Person\",\"@id\":\"https:\\\/\\\/fmpatagoniamadryn.com.ar\\\/#\\\/schema\\\/person\\\/1d968ec613613768e14b4e6420a2b125\",\"name\":\"FM Patagonia\",\"url\":\"https:\\\/\\\/fmpatagoniamadryn.com.ar\\\/?author=3\"}]}<\/script>\n<!-- \/ Yoast SEO plugin. -->","yoast_head_json":{"title":"LA ORQUESTA T\u00cdPICA \u201cENRIQUETA LUCERO\u201d SE PRESENTAR\u00c1 EN EL CENTRO CULTURAL SAN MIGUEL - FM Patagonia Madryn","robots":{"index":"index","follow":"follow","max-snippet":"max-snippet:-1","max-image-preview":"max-image-preview:large","max-video-preview":"max-video-preview:-1"},"canonical":"https:\/\/fmpatagoniamadryn.com.ar\/?p=5161","og_locale":"es_ES","og_type":"article","og_title":"LA ORQUESTA T\u00cdPICA \u201cENRIQUETA LUCERO\u201d SE PRESENTAR\u00c1 EN EL CENTRO CULTURAL SAN MIGUEL - FM Patagonia Madryn","og_description":"Ser\u00e1 el martes 8 de agosto a las 19:30 horas. Las entradas ya est\u00e1n a la venta en el CCSM o llamando al 4472007 Acompa\u00f1ado por la Subsecretar\u00eda de Cultura&hellip;","og_url":"https:\/\/fmpatagoniamadryn.com.ar\/?p=5161","og_site_name":"FM Patagonia Madryn","article_published_time":"2023-08-01T00:00:36+00:00","article_modified_time":"2023-08-01T00:00:46+00:00","og_image":[{"width":2048,"height":1356,"url":"https:\/\/fmpatagoniamadryn.com.ar\/wp-content\/uploads\/2023\/07\/356398642_764206385706141_8587689619524853613_n.jpg","type":"image\/jpeg"}],"author":"FM Patagonia","twitter_card":"summary_large_image","twitter_misc":{"Escrito por":"FM Patagonia","Tiempo de lectura":"1 minuto"},"schema":{"@context":"https:\/\/schema.org","@graph":[{"@type":"Article","@id":"https:\/\/fmpatagoniamadryn.com.ar\/?p=5161#article","isPartOf":{"@id":"https:\/\/fmpatagoniamadryn.com.ar\/?p=5161"},"author":{"name":"FM Patagonia","@id":"https:\/\/fmpatagoniamadryn.com.ar\/#\/schema\/person\/1d968ec613613768e14b4e6420a2b125"},"headline":"LA ORQUESTA T\u00cdPICA \u201cENRIQUETA LUCERO\u201d SE PRESENTAR\u00c1 EN EL CENTRO CULTURAL SAN MIGUEL","datePublished":"2023-08-01T00:00:36+00:00","dateModified":"2023-08-01T00:00:46+00:00","mainEntityOfPage":{"@id":"https:\/\/fmpatagoniamadryn.com.ar\/?p=5161"},"wordCount":244,"publisher":{"@id":"https:\/\/fmpatagoniamadryn.com.ar\/#organization"},"image":{"@id":"https:\/\/fmpatagoniamadryn.com.ar\/?p=5161#primaryimage"},"thumbnailUrl":"https:\/\/fmpatagoniamadryn.com.ar\/wp-content\/uploads\/2023\/07\/356398642_764206385706141_8587689619524853613_n.jpg","articleSection":["Locales"],"inLanguage":"es"},{"@type":"WebPage","@id":"https:\/\/fmpatagoniamadryn.com.ar\/?p=5161","url":"https:\/\/fmpatagoniamadryn.com.ar\/?p=5161","name":"LA ORQUESTA T\u00cdPICA \u201cENRIQUETA LUCERO\u201d SE PRESENTAR\u00c1 EN EL CENTRO CULTURAL SAN MIGUEL - FM Patagonia Madryn","isPartOf":{"@id":"https:\/\/fmpatagoniamadryn.com.ar\/#website"},"primaryImageOfPage":{"@id":"https:\/\/fmpatagoniamadryn.com.ar\/?p=5161#primaryimage"},"image":{"@id":"https:\/\/fmpatagoniamadryn.com.ar\/?p=5161#primaryimage"},"thumbnailUrl":"https:\/\/fmpatagoniamadryn.com.ar\/wp-content\/uploads\/2023\/07\/356398642_764206385706141_8587689619524853613_n.jpg","datePublished":"2023-08-01T00:00:36+00:00","dateModified":"2023-08-01T00:00:46+00:00","breadcrumb":{"@id":"https:\/\/fmpatagoniamadryn.com.ar\/?p=5161#breadcrumb"},"inLanguage":"es","potentialAction":[{"@type":"ReadAction","target":["https:\/\/fmpatagoniamadryn.com.ar\/?p=5161"]}]},{"@type":"ImageObject","inLanguage":"es","@id":"https:\/\/fmpatagoniamadryn.com.ar\/?p=5161#primaryimage","url":"https:\/\/fmpatagoniamadryn.com.ar\/wp-content\/uploads\/2023\/07\/356398642_764206385706141_8587689619524853613_n.jpg","contentUrl":"https:\/\/fmpatagoniamadryn.com.ar\/wp-content\/uploads\/2023\/07\/356398642_764206385706141_8587689619524853613_n.jpg","width":2048,"height":1356},{"@type":"BreadcrumbList","@id":"https:\/\/fmpatagoniamadryn.com.ar\/?p=5161#breadcrumb","itemListElement":[{"@type":"ListItem","position":1,"name":"Portada","item":"https:\/\/fmpatagoniamadryn.com.ar\/"},{"@type":"ListItem","position":2,"name":"LA ORQUESTA T\u00cdPICA \u201cENRIQUETA LUCERO\u201d SE PRESENTAR\u00c1 EN EL CENTRO CULTURAL SAN MIGUEL"}]},{"@type":"WebSite","@id":"https:\/\/fmpatagoniamadryn.com.ar\/#website","url":"https:\/\/fmpatagoniamadryn.com.ar\/","name":"FM Patagonia Madryn","description":"Radio Patagonia 105.5","publisher":{"@id":"https:\/\/fmpatagoniamadryn.com.ar\/#organization"},"potentialAction":[{"@type":"SearchAction","target":{"@type":"EntryPoint","urlTemplate":"https:\/\/fmpatagoniamadryn.com.ar\/?s={search_term_string}"},"query-input":{"@type":"PropertyValueSpecification","valueRequired":true,"valueName":"search_term_string"}}],"inLanguage":"es"},{"@type":"Organization","@id":"https:\/\/fmpatagoniamadryn.com.ar\/#organization","name":"FM Patagonia Madryn","url":"https:\/\/fmpatagoniamadryn.com.ar\/","logo":{"@type":"ImageObject","inLanguage":"es","@id":"https:\/\/fmpatagoniamadryn.com.ar\/#\/schema\/logo\/image\/","url":"https:\/\/fmpatagoniamadryn.com.ar\/wp-content\/uploads\/2023\/01\/cropped-Diseno-sin-titulo.png","contentUrl":"https:\/\/fmpatagoniamadryn.com.ar\/wp-content\/uploads\/2023\/01\/cropped-Diseno-sin-titulo.png","width":6911,"height":2657,"caption":"FM Patagonia Madryn"},"image":{"@id":"https:\/\/fmpatagoniamadryn.com.ar\/#\/schema\/logo\/image\/"}},{"@type":"Person","@id":"https:\/\/fmpatagoniamadryn.com.ar\/#\/schema\/person\/1d968ec613613768e14b4e6420a2b125","name":"FM Patagonia","url":"https:\/\/fmpatagoniamadryn.com.ar\/?author=3"}]}},"jetpack_featured_media_url":"https:\/\/fmpatagoniamadryn.com.ar\/wp-content\/uploads\/2023\/07\/356398642_764206385706141_8587689619524853613_n.jpg","_links":{"self":[{"href":"https:\/\/fmpatagoniamadryn.com.ar\/index.php?rest_route=\/wp\/v2\/posts\/5161","targetHints":{"allow":["GET"]}}],"collection":[{"href":"https:\/\/fmpatagoniamadryn.com.ar\/index.php?rest_route=\/wp\/v2\/posts"}],"about":[{"href":"https:\/\/fmpatagoniamadryn.com.ar\/index.php?rest_route=\/wp\/v2\/types\/post"}],"author":[{"embeddable":true,"href":"https:\/\/fmpatagoniamadryn.com.ar\/index.php?rest_route=\/wp\/v2\/users\/3"}],"replies":[{"embeddable":true,"href":"https:\/\/fmpatagoniamadryn.com.ar\/index.php?rest_route=%2Fwp%2Fv2%2Fcomments&post=5161"}],"version-history":[{"count":1,"href":"https:\/\/fmpatagoniamadryn.com.ar\/index.php?rest_route=\/wp\/v2\/posts\/5161\/revisions"}],"predecessor-version":[{"id":5162,"href":"https:\/\/fmpatagoniamadryn.com.ar\/index.php?rest_route=\/wp\/v2\/posts\/5161\/revisions\/5162"}],"wp:featuredmedia":[{"embeddable":true,"href":"https:\/\/fmpatagoniamadryn.com.ar\/index.php?rest_route=\/wp\/v2\/media\/5160"}],"wp:attachment":[{"href":"https:\/\/fmpatagoniamadryn.com.ar\/index.php?rest_route=%2Fwp%2Fv2%2Fmedia&parent=5161"}],"wp:term":[{"taxonomy":"category","embeddable":true,"href":"https:\/\/fmpatagoniamadryn.com.ar\/index.php?rest_route=%2Fwp%2Fv2%2Fcategories&post=5161"},{"taxonomy":"post_tag","embeddable":true,"href":"https:\/\/fmpatagoniamadryn.com.ar\/index.php?rest_route=%2Fwp%2Fv2%2Ftags&post=5161"}],"curies":[{"name":"wp","href":"https:\/\/api.w.org\/{rel}","templated":true}]}}