{"id":5170,"date":"2023-08-01T10:20:56","date_gmt":"2023-08-01T13:20:56","guid":{"rendered":"https:\/\/fmpatagoniamadryn.com.ar\/?p=5170"},"modified":"2023-08-01T10:21:16","modified_gmt":"2023-08-01T13:21:16","slug":"femicidio-de-tamara-silva-la-familia-pidio-ser-querellante","status":"publish","type":"post","link":"https:\/\/fmpatagoniamadryn.com.ar\/?p=5170","title":{"rendered":"FEMICIDIO DE TAMARA SILVA: LA FAMILIA PIDI\u00d3 SER QUERELLANTE"},"content":{"rendered":"\n<p><\/p>\n\n\n\n<p>La familia de Tamara Silva, la joven de 21 a\u00f1os asesinada el 9 de mayo, pidi\u00f3 constituirse como querellante en la causa judicial por la cual est\u00e1 detenido Hern\u00e1n Solvas, de 36 a\u00f1os.<\/p>\n\n\n\n<p>La audiencia se efectu\u00f3 en Tribunales y las abogadas Mar\u00eda Bel\u00e9n Luj\u00e1n y Gladys Olavarr\u00eda solicitaron ser querellantes. Ambas abogadas compartieron la calificaci\u00f3n legal que formul\u00f3 la Fiscal\u00eda contra Solvas, por el delito de femicidio.<\/p>\n\n\n\n<p>La jueza Marcela P\u00e9rez resolver\u00e1 sobre el pedido, el cual se difiri\u00f3 a la entrega de documentaci\u00f3n por parte de las letradas, quienes, en su solicitud, requirieron \u2013entre otras medidas- que se d\u00e9 intervenci\u00f3n a una perita de parte experta en perspectiva de g\u00e9nero para especificar la calificaci\u00f3n de Femicidio y determinar si hubo violencia de g\u00e9nero.<\/p>\n\n\n\n<p>La hip\u00f3tesis de los investigadores es que la madrugada del 9 de mayo Solvas habr\u00eda pasado a buscar a Tamara en un Ford Escort y luego la habr\u00eda llevado a su domicilio. \u201cTamara se sube al auto de Solvas, con quien ten\u00eda un v\u00ednculo de hace dos semanas. Van al domicilio cerca de las 2.50 horas. En un momento, Solvas la golpe\u00f3 con un objeto contundente que la dej\u00f3 sin vida\u201d, detallaron las abogadas durante la audiencia para describir el femicidio. Luego, Solvas se dirigi\u00f3 a zona sur, descart\u00f3 el cuerpo en la zona de Playa Paran\u00e1 y se fug\u00f3, hasta que fue detenido en Arroyo Verde, cuando intentaba salir de la provincia.<\/p>\n\n\n\n<p>Querellante<\/p>\n\n\n\n<p>El rol del querellante est\u00e1 previsto en el C\u00f3digo Procesal Penal de Chubut y es una opci\u00f3n que tiene la v\u00edctima o familiares de formar parte de la investigaci\u00f3n de manera aut\u00f3noma, autorizados junto al Ministerio P\u00fablico Fiscal de efectuar la persecuci\u00f3n penal en un proceso penal.<\/p>\n","protected":false},"excerpt":{"rendered":"<p>La familia de Tamara Silva, la joven de 21 a\u00f1os asesinada el 9 de mayo, pidi\u00f3 constituirse como querellante en la causa judicial por la cual est\u00e1 detenido Hern\u00e1n Solvas,&hellip; <\/p>\n","protected":false},"author":2,"featured_media":5169,"comment_status":"closed","ping_status":"closed","sticky":false,"template":"","format":"standard","meta":{"footnotes":""},"categories":[15],"tags":[],"class_list":["post-5170","post","type-post","status-publish","format-standard","has-post-thumbnail","hentry","category-locales"],"yoast_head":"<!-- This site is optimized with the Yoast SEO plugin v27.4 - https:\/\/yoast.com\/product\/yoast-seo-wordpress\/ -->\n<title>FEMICIDIO DE TAMARA SILVA: LA FAMILIA PIDI\u00d3 SER QUERELLANTE - FM Patagonia Madryn<\/title>\n<meta name=\"robots\" content=\"index, follow, max-snippet:-1, max-image-preview:large, max-video-preview:-1\" \/>\n<link rel=\"canonical\" href=\"https:\/\/fmpatagoniamadryn.com.ar\/?p=5170\" \/>\n<meta property=\"og:locale\" content=\"es_ES\" \/>\n<meta property=\"og:type\" content=\"article\" \/>\n<meta property=\"og:title\" content=\"FEMICIDIO DE TAMARA SILVA: LA FAMILIA PIDI\u00d3 SER QUERELLANTE - FM Patagonia Madryn\" \/>\n<meta property=\"og:description\" content=\"La familia de Tamara Silva, la joven de 21 a\u00f1os asesinada el 9 de mayo, pidi\u00f3 constituirse como querellante en la causa judicial por la cual est\u00e1 detenido Hern\u00e1n Solvas,&hellip;\" \/>\n<meta property=\"og:url\" content=\"https:\/\/fmpatagoniamadryn.com.ar\/?p=5170\" \/>\n<meta property=\"og:site_name\" content=\"FM Patagonia Madryn\" \/>\n<meta property=\"article:published_time\" content=\"2023-08-01T13:20:56+00:00\" \/>\n<meta property=\"article:modified_time\" content=\"2023-08-01T13:21:16+00:00\" \/>\n<meta property=\"og:image\" content=\"https:\/\/fmpatagoniamadryn.com.ar\/wp-content\/uploads\/2023\/08\/Screenshot_20230801_101923_Facebook.jpg\" \/>\n\t<meta property=\"og:image:width\" content=\"1080\" \/>\n\t<meta property=\"og:image:height\" content=\"1424\" \/>\n\t<meta property=\"og:image:type\" content=\"image\/jpeg\" \/>\n<meta name=\"author\" content=\"FM Patagonia\" \/>\n<meta name=\"twitter:card\" content=\"summary_large_image\" \/>\n<meta name=\"twitter:label1\" content=\"Escrito por\" \/>\n\t<meta name=\"twitter:data1\" content=\"FM Patagonia\" \/>\n\t<meta name=\"twitter:label2\" content=\"Tiempo de lectura\" \/>\n\t<meta name=\"twitter:data2\" content=\"2 minutos\" \/>\n<script type=\"application\/ld+json\" class=\"yoast-schema-graph\">{\"@context\":\"https:\\\/\\\/schema.org\",\"@graph\":[{\"@type\":\"Article\",\"@id\":\"https:\\\/\\\/fmpatagoniamadryn.com.ar\\\/?p=5170#article\",\"isPartOf\":{\"@id\":\"https:\\\/\\\/fmpatagoniamadryn.com.ar\\\/?p=5170\"},\"author\":{\"name\":\"FM Patagonia\",\"@id\":\"https:\\\/\\\/fmpatagoniamadryn.com.ar\\\/#\\\/schema\\\/person\\\/8a3de4ad7efceacab06c1641c50303b7\"},\"headline\":\"FEMICIDIO DE TAMARA SILVA: LA FAMILIA PIDI\u00d3 SER QUERELLANTE\",\"datePublished\":\"2023-08-01T13:20:56+00:00\",\"dateModified\":\"2023-08-01T13:21:16+00:00\",\"mainEntityOfPage\":{\"@id\":\"https:\\\/\\\/fmpatagoniamadryn.com.ar\\\/?p=5170\"},\"wordCount\":317,\"publisher\":{\"@id\":\"https:\\\/\\\/fmpatagoniamadryn.com.ar\\\/#organization\"},\"image\":{\"@id\":\"https:\\\/\\\/fmpatagoniamadryn.com.ar\\\/?p=5170#primaryimage\"},\"thumbnailUrl\":\"https:\\\/\\\/fmpatagoniamadryn.com.ar\\\/wp-content\\\/uploads\\\/2023\\\/08\\\/Screenshot_20230801_101923_Facebook.jpg\",\"articleSection\":[\"Locales\"],\"inLanguage\":\"es\"},{\"@type\":\"WebPage\",\"@id\":\"https:\\\/\\\/fmpatagoniamadryn.com.ar\\\/?p=5170\",\"url\":\"https:\\\/\\\/fmpatagoniamadryn.com.ar\\\/?p=5170\",\"name\":\"FEMICIDIO DE TAMARA SILVA: LA FAMILIA PIDI\u00d3 SER QUERELLANTE - FM Patagonia Madryn\",\"isPartOf\":{\"@id\":\"https:\\\/\\\/fmpatagoniamadryn.com.ar\\\/#website\"},\"primaryImageOfPage\":{\"@id\":\"https:\\\/\\\/fmpatagoniamadryn.com.ar\\\/?p=5170#primaryimage\"},\"image\":{\"@id\":\"https:\\\/\\\/fmpatagoniamadryn.com.ar\\\/?p=5170#primaryimage\"},\"thumbnailUrl\":\"https:\\\/\\\/fmpatagoniamadryn.com.ar\\\/wp-content\\\/uploads\\\/2023\\\/08\\\/Screenshot_20230801_101923_Facebook.jpg\",\"datePublished\":\"2023-08-01T13:20:56+00:00\",\"dateModified\":\"2023-08-01T13:21:16+00:00\",\"breadcrumb\":{\"@id\":\"https:\\\/\\\/fmpatagoniamadryn.com.ar\\\/?p=5170#breadcrumb\"},\"inLanguage\":\"es\",\"potentialAction\":[{\"@type\":\"ReadAction\",\"target\":[\"https:\\\/\\\/fmpatagoniamadryn.com.ar\\\/?p=5170\"]}]},{\"@type\":\"ImageObject\",\"inLanguage\":\"es\",\"@id\":\"https:\\\/\\\/fmpatagoniamadryn.com.ar\\\/?p=5170#primaryimage\",\"url\":\"https:\\\/\\\/fmpatagoniamadryn.com.ar\\\/wp-content\\\/uploads\\\/2023\\\/08\\\/Screenshot_20230801_101923_Facebook.jpg\",\"contentUrl\":\"https:\\\/\\\/fmpatagoniamadryn.com.ar\\\/wp-content\\\/uploads\\\/2023\\\/08\\\/Screenshot_20230801_101923_Facebook.jpg\",\"width\":1080,\"height\":1424},{\"@type\":\"BreadcrumbList\",\"@id\":\"https:\\\/\\\/fmpatagoniamadryn.com.ar\\\/?p=5170#breadcrumb\",\"itemListElement\":[{\"@type\":\"ListItem\",\"position\":1,\"name\":\"Portada\",\"item\":\"https:\\\/\\\/fmpatagoniamadryn.com.ar\\\/\"},{\"@type\":\"ListItem\",\"position\":2,\"name\":\"FEMICIDIO DE TAMARA SILVA: LA FAMILIA PIDI\u00d3 SER QUERELLANTE\"}]},{\"@type\":\"WebSite\",\"@id\":\"https:\\\/\\\/fmpatagoniamadryn.com.ar\\\/#website\",\"url\":\"https:\\\/\\\/fmpatagoniamadryn.com.ar\\\/\",\"name\":\"FM Patagonia Madryn\",\"description\":\"Radio Patagonia 105.5\",\"publisher\":{\"@id\":\"https:\\\/\\\/fmpatagoniamadryn.com.ar\\\/#organization\"},\"potentialAction\":[{\"@type\":\"SearchAction\",\"target\":{\"@type\":\"EntryPoint\",\"urlTemplate\":\"https:\\\/\\\/fmpatagoniamadryn.com.ar\\\/?s={search_term_string}\"},\"query-input\":{\"@type\":\"PropertyValueSpecification\",\"valueRequired\":true,\"valueName\":\"search_term_string\"}}],\"inLanguage\":\"es\"},{\"@type\":\"Organization\",\"@id\":\"https:\\\/\\\/fmpatagoniamadryn.com.ar\\\/#organization\",\"name\":\"FM Patagonia Madryn\",\"url\":\"https:\\\/\\\/fmpatagoniamadryn.com.ar\\\/\",\"logo\":{\"@type\":\"ImageObject\",\"inLanguage\":\"es\",\"@id\":\"https:\\\/\\\/fmpatagoniamadryn.com.ar\\\/#\\\/schema\\\/logo\\\/image\\\/\",\"url\":\"https:\\\/\\\/fmpatagoniamadryn.com.ar\\\/wp-content\\\/uploads\\\/2023\\\/01\\\/cropped-Diseno-sin-titulo.png\",\"contentUrl\":\"https:\\\/\\\/fmpatagoniamadryn.com.ar\\\/wp-content\\\/uploads\\\/2023\\\/01\\\/cropped-Diseno-sin-titulo.png\",\"width\":6911,\"height\":2657,\"caption\":\"FM Patagonia Madryn\"},\"image\":{\"@id\":\"https:\\\/\\\/fmpatagoniamadryn.com.ar\\\/#\\\/schema\\\/logo\\\/image\\\/\"}},{\"@type\":\"Person\",\"@id\":\"https:\\\/\\\/fmpatagoniamadryn.com.ar\\\/#\\\/schema\\\/person\\\/8a3de4ad7efceacab06c1641c50303b7\",\"name\":\"FM Patagonia\",\"url\":\"https:\\\/\\\/fmpatagoniamadryn.com.ar\\\/?author=2\"}]}<\/script>\n<!-- \/ Yoast SEO plugin. -->","yoast_head_json":{"title":"FEMICIDIO DE TAMARA SILVA: LA FAMILIA PIDI\u00d3 SER QUERELLANTE - FM Patagonia Madryn","robots":{"index":"index","follow":"follow","max-snippet":"max-snippet:-1","max-image-preview":"max-image-preview:large","max-video-preview":"max-video-preview:-1"},"canonical":"https:\/\/fmpatagoniamadryn.com.ar\/?p=5170","og_locale":"es_ES","og_type":"article","og_title":"FEMICIDIO DE TAMARA SILVA: LA FAMILIA PIDI\u00d3 SER QUERELLANTE - FM Patagonia Madryn","og_description":"La familia de Tamara Silva, la joven de 21 a\u00f1os asesinada el 9 de mayo, pidi\u00f3 constituirse como querellante en la causa judicial por la cual est\u00e1 detenido Hern\u00e1n Solvas,&hellip;","og_url":"https:\/\/fmpatagoniamadryn.com.ar\/?p=5170","og_site_name":"FM Patagonia Madryn","article_published_time":"2023-08-01T13:20:56+00:00","article_modified_time":"2023-08-01T13:21:16+00:00","og_image":[{"width":1080,"height":1424,"url":"https:\/\/fmpatagoniamadryn.com.ar\/wp-content\/uploads\/2023\/08\/Screenshot_20230801_101923_Facebook.jpg","type":"image\/jpeg"}],"author":"FM Patagonia","twitter_card":"summary_large_image","twitter_misc":{"Escrito por":"FM Patagonia","Tiempo de lectura":"2 minutos"},"schema":{"@context":"https:\/\/schema.org","@graph":[{"@type":"Article","@id":"https:\/\/fmpatagoniamadryn.com.ar\/?p=5170#article","isPartOf":{"@id":"https:\/\/fmpatagoniamadryn.com.ar\/?p=5170"},"author":{"name":"FM Patagonia","@id":"https:\/\/fmpatagoniamadryn.com.ar\/#\/schema\/person\/8a3de4ad7efceacab06c1641c50303b7"},"headline":"FEMICIDIO DE TAMARA SILVA: LA FAMILIA PIDI\u00d3 SER QUERELLANTE","datePublished":"2023-08-01T13:20:56+00:00","dateModified":"2023-08-01T13:21:16+00:00","mainEntityOfPage":{"@id":"https:\/\/fmpatagoniamadryn.com.ar\/?p=5170"},"wordCount":317,"publisher":{"@id":"https:\/\/fmpatagoniamadryn.com.ar\/#organization"},"image":{"@id":"https:\/\/fmpatagoniamadryn.com.ar\/?p=5170#primaryimage"},"thumbnailUrl":"https:\/\/fmpatagoniamadryn.com.ar\/wp-content\/uploads\/2023\/08\/Screenshot_20230801_101923_Facebook.jpg","articleSection":["Locales"],"inLanguage":"es"},{"@type":"WebPage","@id":"https:\/\/fmpatagoniamadryn.com.ar\/?p=5170","url":"https:\/\/fmpatagoniamadryn.com.ar\/?p=5170","name":"FEMICIDIO DE TAMARA SILVA: LA FAMILIA PIDI\u00d3 SER QUERELLANTE - FM Patagonia Madryn","isPartOf":{"@id":"https:\/\/fmpatagoniamadryn.com.ar\/#website"},"primaryImageOfPage":{"@id":"https:\/\/fmpatagoniamadryn.com.ar\/?p=5170#primaryimage"},"image":{"@id":"https:\/\/fmpatagoniamadryn.com.ar\/?p=5170#primaryimage"},"thumbnailUrl":"https:\/\/fmpatagoniamadryn.com.ar\/wp-content\/uploads\/2023\/08\/Screenshot_20230801_101923_Facebook.jpg","datePublished":"2023-08-01T13:20:56+00:00","dateModified":"2023-08-01T13:21:16+00:00","breadcrumb":{"@id":"https:\/\/fmpatagoniamadryn.com.ar\/?p=5170#breadcrumb"},"inLanguage":"es","potentialAction":[{"@type":"ReadAction","target":["https:\/\/fmpatagoniamadryn.com.ar\/?p=5170"]}]},{"@type":"ImageObject","inLanguage":"es","@id":"https:\/\/fmpatagoniamadryn.com.ar\/?p=5170#primaryimage","url":"https:\/\/fmpatagoniamadryn.com.ar\/wp-content\/uploads\/2023\/08\/Screenshot_20230801_101923_Facebook.jpg","contentUrl":"https:\/\/fmpatagoniamadryn.com.ar\/wp-content\/uploads\/2023\/08\/Screenshot_20230801_101923_Facebook.jpg","width":1080,"height":1424},{"@type":"BreadcrumbList","@id":"https:\/\/fmpatagoniamadryn.com.ar\/?p=5170#breadcrumb","itemListElement":[{"@type":"ListItem","position":1,"name":"Portada","item":"https:\/\/fmpatagoniamadryn.com.ar\/"},{"@type":"ListItem","position":2,"name":"FEMICIDIO DE TAMARA SILVA: LA FAMILIA PIDI\u00d3 SER QUERELLANTE"}]},{"@type":"WebSite","@id":"https:\/\/fmpatagoniamadryn.com.ar\/#website","url":"https:\/\/fmpatagoniamadryn.com.ar\/","name":"FM Patagonia Madryn","description":"Radio Patagonia 105.5","publisher":{"@id":"https:\/\/fmpatagoniamadryn.com.ar\/#organization"},"potentialAction":[{"@type":"SearchAction","target":{"@type":"EntryPoint","urlTemplate":"https:\/\/fmpatagoniamadryn.com.ar\/?s={search_term_string}"},"query-input":{"@type":"PropertyValueSpecification","valueRequired":true,"valueName":"search_term_string"}}],"inLanguage":"es"},{"@type":"Organization","@id":"https:\/\/fmpatagoniamadryn.com.ar\/#organization","name":"FM Patagonia Madryn","url":"https:\/\/fmpatagoniamadryn.com.ar\/","logo":{"@type":"ImageObject","inLanguage":"es","@id":"https:\/\/fmpatagoniamadryn.com.ar\/#\/schema\/logo\/image\/","url":"https:\/\/fmpatagoniamadryn.com.ar\/wp-content\/uploads\/2023\/01\/cropped-Diseno-sin-titulo.png","contentUrl":"https:\/\/fmpatagoniamadryn.com.ar\/wp-content\/uploads\/2023\/01\/cropped-Diseno-sin-titulo.png","width":6911,"height":2657,"caption":"FM Patagonia Madryn"},"image":{"@id":"https:\/\/fmpatagoniamadryn.com.ar\/#\/schema\/logo\/image\/"}},{"@type":"Person","@id":"https:\/\/fmpatagoniamadryn.com.ar\/#\/schema\/person\/8a3de4ad7efceacab06c1641c50303b7","name":"FM Patagonia","url":"https:\/\/fmpatagoniamadryn.com.ar\/?author=2"}]}},"jetpack_featured_media_url":"https:\/\/fmpatagoniamadryn.com.ar\/wp-content\/uploads\/2023\/08\/Screenshot_20230801_101923_Facebook.jpg","_links":{"self":[{"href":"https:\/\/fmpatagoniamadryn.com.ar\/index.php?rest_route=\/wp\/v2\/posts\/5170","targetHints":{"allow":["GET"]}}],"collection":[{"href":"https:\/\/fmpatagoniamadryn.com.ar\/index.php?rest_route=\/wp\/v2\/posts"}],"about":[{"href":"https:\/\/fmpatagoniamadryn.com.ar\/index.php?rest_route=\/wp\/v2\/types\/post"}],"author":[{"embeddable":true,"href":"https:\/\/fmpatagoniamadryn.com.ar\/index.php?rest_route=\/wp\/v2\/users\/2"}],"replies":[{"embeddable":true,"href":"https:\/\/fmpatagoniamadryn.com.ar\/index.php?rest_route=%2Fwp%2Fv2%2Fcomments&post=5170"}],"version-history":[{"count":1,"href":"https:\/\/fmpatagoniamadryn.com.ar\/index.php?rest_route=\/wp\/v2\/posts\/5170\/revisions"}],"predecessor-version":[{"id":5171,"href":"https:\/\/fmpatagoniamadryn.com.ar\/index.php?rest_route=\/wp\/v2\/posts\/5170\/revisions\/5171"}],"wp:featuredmedia":[{"embeddable":true,"href":"https:\/\/fmpatagoniamadryn.com.ar\/index.php?rest_route=\/wp\/v2\/media\/5169"}],"wp:attachment":[{"href":"https:\/\/fmpatagoniamadryn.com.ar\/index.php?rest_route=%2Fwp%2Fv2%2Fmedia&parent=5170"}],"wp:term":[{"taxonomy":"category","embeddable":true,"href":"https:\/\/fmpatagoniamadryn.com.ar\/index.php?rest_route=%2Fwp%2Fv2%2Fcategories&post=5170"},{"taxonomy":"post_tag","embeddable":true,"href":"https:\/\/fmpatagoniamadryn.com.ar\/index.php?rest_route=%2Fwp%2Fv2%2Ftags&post=5170"}],"curies":[{"name":"wp","href":"https:\/\/api.w.org\/{rel}","templated":true}]}}