{"id":5399,"date":"2023-08-11T09:48:20","date_gmt":"2023-08-11T12:48:20","guid":{"rendered":"https:\/\/fmpatagoniamadryn.com.ar\/?p=5399"},"modified":"2023-08-11T09:48:21","modified_gmt":"2023-08-11T12:48:21","slug":"doble-trocha-gustavo-sastre-remarco-que-la-finalizacion-de-la-obra-no-debe-dilatarse-mas-son-10-5-kilometros-los-que-faltan-no-puede-demorarse-mas","status":"publish","type":"post","link":"https:\/\/fmpatagoniamadryn.com.ar\/?p=5399","title":{"rendered":"Doble Trocha: Gustavo Sastre remarc\u00f3 que la finalizaci\u00f3n de la obra no debe dilatarse m\u00e1s \u201cson 10.5 kil\u00f3metros los que faltan, no puede demorarse m\u00e1s\u201d"},"content":{"rendered":"\n<p>En la tarde del mi\u00e9rcoles la doble trocha entre Madryn y Trelew volvi\u00f3 a ser noticia y esta vez no grata ya que se conoci\u00f3 la decisi\u00f3n de la empresa Rigel \u2013quien lleva adelante la obra- de despedir al personal y se confirm\u00f3 la llegada de los telegramas a los trabajadores enviados por la firma donde quedaban cesantes. La fundamentaci\u00f3n de la decisi\u00f3n fue la notificaci\u00f3n de Vialidad Nacional del inicio de un per\u00edodo de veda invernal en el proyecto vial.<br><br>El Intendente de Puerto Madryn, Gustavo Sastre, remarc\u00f3 sobre esta situaci\u00f3n que \u201cpreocupa mucho esta situaci\u00f3n y deseamos que se termine lo antes posible. Ante esta situaci\u00f3n, instru\u00ed a la Secretaria de Desarrollo Urbano y Obras P\u00fablicas, Luc\u00eda Taylor para que se comunique con la empresa para interiorizarnos de lo que realmente est\u00e1 sucediendo, si es por cuestiones econ\u00f3micas o como dijo la empresa debido al tiempo de bajas temperaturas. Queremos saber y que se termine de una vez por todas. Quienes utilizamos esa ruta no estamos dispuestos a esperar m\u00e1s tiempo a que se concluyan las obras. Con desv\u00edos, cortes peligrosos, etc. hay que terminarla como sea\u201d.<br><br>La empresa inform\u00f3 que las causas son las bajas temperaturas aunque, casi promediando el mes de agosto y a un mes del inicio de la primavera pareciera una excusa un tanto confusa. \u201cYo pienso justamente lo mismo que ustedes \u2013por los medios de comunicaci\u00f3n- yo me tom\u00e9 el trabajo de contar los kil\u00f3metros que falta, son 10.5 kil\u00f3metros para terminarla y unas obras menores. Falta un tramo de 200 metros en el Acceso Sur y ofrecimos junto a Vialidad Nacional de hacer un sondeo en cuanto a caudal vehicular para ver si se ubica sem\u00e1foros o rotonda y queremos que se termine lo antes posible\u201d, agreg\u00f3 Gustavo Sastre.<br><br>Finalmente, se remarc\u00f3 que esta obra no tiene nada que ver con la obra de circunvalaci\u00f3n que ya est\u00e1 licitada. El pr\u00f3ximo lunes habr\u00e1 una reuni\u00f3n con las empresas que deben iniciar la obra.<br><br>\u201cNo hay mucho m\u00e1s tiempo para perder y ya casi estamos en primavera\u201d, finaliz\u00f3 el jefe comunal.<\/p>\n","protected":false},"excerpt":{"rendered":"<p>En la tarde del mi\u00e9rcoles la doble trocha entre Madryn y Trelew volvi\u00f3 a ser noticia y esta vez no grata ya que se conoci\u00f3 la decisi\u00f3n de la empresa&hellip; <\/p>\n","protected":false},"author":3,"featured_media":5398,"comment_status":"closed","ping_status":"closed","sticky":false,"template":"","format":"standard","meta":{"footnotes":""},"categories":[15],"tags":[],"class_list":["post-5399","post","type-post","status-publish","format-standard","has-post-thumbnail","hentry","category-locales"],"yoast_head":"<!-- This site is optimized with the Yoast SEO plugin v27.4 - https:\/\/yoast.com\/product\/yoast-seo-wordpress\/ -->\n<title>Doble Trocha: Gustavo Sastre remarc\u00f3 que la finalizaci\u00f3n de la obra no debe dilatarse m\u00e1s \u201cson 10.5 kil\u00f3metros los que faltan, no puede demorarse m\u00e1s\u201d - FM Patagonia Madryn<\/title>\n<meta name=\"robots\" content=\"index, follow, max-snippet:-1, max-image-preview:large, max-video-preview:-1\" \/>\n<link rel=\"canonical\" href=\"https:\/\/fmpatagoniamadryn.com.ar\/?p=5399\" \/>\n<meta property=\"og:locale\" content=\"es_ES\" \/>\n<meta property=\"og:type\" content=\"article\" \/>\n<meta property=\"og:title\" content=\"Doble Trocha: Gustavo Sastre remarc\u00f3 que la finalizaci\u00f3n de la obra no debe dilatarse m\u00e1s \u201cson 10.5 kil\u00f3metros los que faltan, no puede demorarse m\u00e1s\u201d - FM Patagonia Madryn\" \/>\n<meta property=\"og:description\" content=\"En la tarde del mi\u00e9rcoles la doble trocha entre Madryn y Trelew volvi\u00f3 a ser noticia y esta vez no grata ya que se conoci\u00f3 la decisi\u00f3n de la empresa&hellip;\" \/>\n<meta property=\"og:url\" content=\"https:\/\/fmpatagoniamadryn.com.ar\/?p=5399\" \/>\n<meta property=\"og:site_name\" content=\"FM Patagonia Madryn\" \/>\n<meta property=\"article:published_time\" content=\"2023-08-11T12:48:20+00:00\" \/>\n<meta property=\"article:modified_time\" content=\"2023-08-11T12:48:21+00:00\" \/>\n<meta property=\"og:image\" content=\"https:\/\/fmpatagoniamadryn.com.ar\/wp-content\/uploads\/2023\/08\/FB_IMG_1691758046517.jpg\" \/>\n\t<meta property=\"og:image:width\" content=\"720\" \/>\n\t<meta property=\"og:image:height\" content=\"576\" \/>\n\t<meta property=\"og:image:type\" content=\"image\/jpeg\" \/>\n<meta name=\"author\" content=\"FM Patagonia\" \/>\n<meta name=\"twitter:card\" content=\"summary_large_image\" \/>\n<meta name=\"twitter:label1\" content=\"Escrito por\" \/>\n\t<meta name=\"twitter:data1\" content=\"FM Patagonia\" \/>\n\t<meta name=\"twitter:label2\" content=\"Tiempo de lectura\" \/>\n\t<meta name=\"twitter:data2\" content=\"2 minutos\" \/>\n<script type=\"application\/ld+json\" class=\"yoast-schema-graph\">{\"@context\":\"https:\\\/\\\/schema.org\",\"@graph\":[{\"@type\":\"Article\",\"@id\":\"https:\\\/\\\/fmpatagoniamadryn.com.ar\\\/?p=5399#article\",\"isPartOf\":{\"@id\":\"https:\\\/\\\/fmpatagoniamadryn.com.ar\\\/?p=5399\"},\"author\":{\"name\":\"FM Patagonia\",\"@id\":\"https:\\\/\\\/fmpatagoniamadryn.com.ar\\\/#\\\/schema\\\/person\\\/1d968ec613613768e14b4e6420a2b125\"},\"headline\":\"Doble Trocha: Gustavo Sastre remarc\u00f3 que la finalizaci\u00f3n de la obra no debe dilatarse m\u00e1s \u201cson 10.5 kil\u00f3metros los que faltan, no puede demorarse m\u00e1s\u201d\",\"datePublished\":\"2023-08-11T12:48:20+00:00\",\"dateModified\":\"2023-08-11T12:48:21+00:00\",\"mainEntityOfPage\":{\"@id\":\"https:\\\/\\\/fmpatagoniamadryn.com.ar\\\/?p=5399\"},\"wordCount\":396,\"publisher\":{\"@id\":\"https:\\\/\\\/fmpatagoniamadryn.com.ar\\\/#organization\"},\"image\":{\"@id\":\"https:\\\/\\\/fmpatagoniamadryn.com.ar\\\/?p=5399#primaryimage\"},\"thumbnailUrl\":\"https:\\\/\\\/fmpatagoniamadryn.com.ar\\\/wp-content\\\/uploads\\\/2023\\\/08\\\/FB_IMG_1691758046517.jpg\",\"articleSection\":[\"Locales\"],\"inLanguage\":\"es\"},{\"@type\":\"WebPage\",\"@id\":\"https:\\\/\\\/fmpatagoniamadryn.com.ar\\\/?p=5399\",\"url\":\"https:\\\/\\\/fmpatagoniamadryn.com.ar\\\/?p=5399\",\"name\":\"Doble Trocha: Gustavo Sastre remarc\u00f3 que la finalizaci\u00f3n de la obra no debe dilatarse m\u00e1s \u201cson 10.5 kil\u00f3metros los que faltan, no puede demorarse m\u00e1s\u201d - FM Patagonia Madryn\",\"isPartOf\":{\"@id\":\"https:\\\/\\\/fmpatagoniamadryn.com.ar\\\/#website\"},\"primaryImageOfPage\":{\"@id\":\"https:\\\/\\\/fmpatagoniamadryn.com.ar\\\/?p=5399#primaryimage\"},\"image\":{\"@id\":\"https:\\\/\\\/fmpatagoniamadryn.com.ar\\\/?p=5399#primaryimage\"},\"thumbnailUrl\":\"https:\\\/\\\/fmpatagoniamadryn.com.ar\\\/wp-content\\\/uploads\\\/2023\\\/08\\\/FB_IMG_1691758046517.jpg\",\"datePublished\":\"2023-08-11T12:48:20+00:00\",\"dateModified\":\"2023-08-11T12:48:21+00:00\",\"breadcrumb\":{\"@id\":\"https:\\\/\\\/fmpatagoniamadryn.com.ar\\\/?p=5399#breadcrumb\"},\"inLanguage\":\"es\",\"potentialAction\":[{\"@type\":\"ReadAction\",\"target\":[\"https:\\\/\\\/fmpatagoniamadryn.com.ar\\\/?p=5399\"]}]},{\"@type\":\"ImageObject\",\"inLanguage\":\"es\",\"@id\":\"https:\\\/\\\/fmpatagoniamadryn.com.ar\\\/?p=5399#primaryimage\",\"url\":\"https:\\\/\\\/fmpatagoniamadryn.com.ar\\\/wp-content\\\/uploads\\\/2023\\\/08\\\/FB_IMG_1691758046517.jpg\",\"contentUrl\":\"https:\\\/\\\/fmpatagoniamadryn.com.ar\\\/wp-content\\\/uploads\\\/2023\\\/08\\\/FB_IMG_1691758046517.jpg\",\"width\":720,\"height\":576},{\"@type\":\"BreadcrumbList\",\"@id\":\"https:\\\/\\\/fmpatagoniamadryn.com.ar\\\/?p=5399#breadcrumb\",\"itemListElement\":[{\"@type\":\"ListItem\",\"position\":1,\"name\":\"Portada\",\"item\":\"https:\\\/\\\/fmpatagoniamadryn.com.ar\\\/\"},{\"@type\":\"ListItem\",\"position\":2,\"name\":\"Doble Trocha: Gustavo Sastre remarc\u00f3 que la finalizaci\u00f3n de la obra no debe dilatarse m\u00e1s \u201cson 10.5 kil\u00f3metros los que faltan, no puede demorarse m\u00e1s\u201d\"}]},{\"@type\":\"WebSite\",\"@id\":\"https:\\\/\\\/fmpatagoniamadryn.com.ar\\\/#website\",\"url\":\"https:\\\/\\\/fmpatagoniamadryn.com.ar\\\/\",\"name\":\"FM Patagonia Madryn\",\"description\":\"Radio Patagonia 105.5\",\"publisher\":{\"@id\":\"https:\\\/\\\/fmpatagoniamadryn.com.ar\\\/#organization\"},\"potentialAction\":[{\"@type\":\"SearchAction\",\"target\":{\"@type\":\"EntryPoint\",\"urlTemplate\":\"https:\\\/\\\/fmpatagoniamadryn.com.ar\\\/?s={search_term_string}\"},\"query-input\":{\"@type\":\"PropertyValueSpecification\",\"valueRequired\":true,\"valueName\":\"search_term_string\"}}],\"inLanguage\":\"es\"},{\"@type\":\"Organization\",\"@id\":\"https:\\\/\\\/fmpatagoniamadryn.com.ar\\\/#organization\",\"name\":\"FM Patagonia Madryn\",\"url\":\"https:\\\/\\\/fmpatagoniamadryn.com.ar\\\/\",\"logo\":{\"@type\":\"ImageObject\",\"inLanguage\":\"es\",\"@id\":\"https:\\\/\\\/fmpatagoniamadryn.com.ar\\\/#\\\/schema\\\/logo\\\/image\\\/\",\"url\":\"https:\\\/\\\/fmpatagoniamadryn.com.ar\\\/wp-content\\\/uploads\\\/2023\\\/01\\\/cropped-Diseno-sin-titulo.png\",\"contentUrl\":\"https:\\\/\\\/fmpatagoniamadryn.com.ar\\\/wp-content\\\/uploads\\\/2023\\\/01\\\/cropped-Diseno-sin-titulo.png\",\"width\":6911,\"height\":2657,\"caption\":\"FM Patagonia Madryn\"},\"image\":{\"@id\":\"https:\\\/\\\/fmpatagoniamadryn.com.ar\\\/#\\\/schema\\\/logo\\\/image\\\/\"}},{\"@type\":\"Person\",\"@id\":\"https:\\\/\\\/fmpatagoniamadryn.com.ar\\\/#\\\/schema\\\/person\\\/1d968ec613613768e14b4e6420a2b125\",\"name\":\"FM Patagonia\",\"url\":\"https:\\\/\\\/fmpatagoniamadryn.com.ar\\\/?author=3\"}]}<\/script>\n<!-- \/ Yoast SEO plugin. -->","yoast_head_json":{"title":"Doble Trocha: Gustavo Sastre remarc\u00f3 que la finalizaci\u00f3n de la obra no debe dilatarse m\u00e1s \u201cson 10.5 kil\u00f3metros los que faltan, no puede demorarse m\u00e1s\u201d - FM Patagonia Madryn","robots":{"index":"index","follow":"follow","max-snippet":"max-snippet:-1","max-image-preview":"max-image-preview:large","max-video-preview":"max-video-preview:-1"},"canonical":"https:\/\/fmpatagoniamadryn.com.ar\/?p=5399","og_locale":"es_ES","og_type":"article","og_title":"Doble Trocha: Gustavo Sastre remarc\u00f3 que la finalizaci\u00f3n de la obra no debe dilatarse m\u00e1s \u201cson 10.5 kil\u00f3metros los que faltan, no puede demorarse m\u00e1s\u201d - FM Patagonia Madryn","og_description":"En la tarde del mi\u00e9rcoles la doble trocha entre Madryn y Trelew volvi\u00f3 a ser noticia y esta vez no grata ya que se conoci\u00f3 la decisi\u00f3n de la empresa&hellip;","og_url":"https:\/\/fmpatagoniamadryn.com.ar\/?p=5399","og_site_name":"FM Patagonia Madryn","article_published_time":"2023-08-11T12:48:20+00:00","article_modified_time":"2023-08-11T12:48:21+00:00","og_image":[{"width":720,"height":576,"url":"https:\/\/fmpatagoniamadryn.com.ar\/wp-content\/uploads\/2023\/08\/FB_IMG_1691758046517.jpg","type":"image\/jpeg"}],"author":"FM Patagonia","twitter_card":"summary_large_image","twitter_misc":{"Escrito por":"FM Patagonia","Tiempo de lectura":"2 minutos"},"schema":{"@context":"https:\/\/schema.org","@graph":[{"@type":"Article","@id":"https:\/\/fmpatagoniamadryn.com.ar\/?p=5399#article","isPartOf":{"@id":"https:\/\/fmpatagoniamadryn.com.ar\/?p=5399"},"author":{"name":"FM Patagonia","@id":"https:\/\/fmpatagoniamadryn.com.ar\/#\/schema\/person\/1d968ec613613768e14b4e6420a2b125"},"headline":"Doble Trocha: Gustavo Sastre remarc\u00f3 que la finalizaci\u00f3n de la obra no debe dilatarse m\u00e1s \u201cson 10.5 kil\u00f3metros los que faltan, no puede demorarse m\u00e1s\u201d","datePublished":"2023-08-11T12:48:20+00:00","dateModified":"2023-08-11T12:48:21+00:00","mainEntityOfPage":{"@id":"https:\/\/fmpatagoniamadryn.com.ar\/?p=5399"},"wordCount":396,"publisher":{"@id":"https:\/\/fmpatagoniamadryn.com.ar\/#organization"},"image":{"@id":"https:\/\/fmpatagoniamadryn.com.ar\/?p=5399#primaryimage"},"thumbnailUrl":"https:\/\/fmpatagoniamadryn.com.ar\/wp-content\/uploads\/2023\/08\/FB_IMG_1691758046517.jpg","articleSection":["Locales"],"inLanguage":"es"},{"@type":"WebPage","@id":"https:\/\/fmpatagoniamadryn.com.ar\/?p=5399","url":"https:\/\/fmpatagoniamadryn.com.ar\/?p=5399","name":"Doble Trocha: Gustavo Sastre remarc\u00f3 que la finalizaci\u00f3n de la obra no debe dilatarse m\u00e1s \u201cson 10.5 kil\u00f3metros los que faltan, no puede demorarse m\u00e1s\u201d - FM Patagonia Madryn","isPartOf":{"@id":"https:\/\/fmpatagoniamadryn.com.ar\/#website"},"primaryImageOfPage":{"@id":"https:\/\/fmpatagoniamadryn.com.ar\/?p=5399#primaryimage"},"image":{"@id":"https:\/\/fmpatagoniamadryn.com.ar\/?p=5399#primaryimage"},"thumbnailUrl":"https:\/\/fmpatagoniamadryn.com.ar\/wp-content\/uploads\/2023\/08\/FB_IMG_1691758046517.jpg","datePublished":"2023-08-11T12:48:20+00:00","dateModified":"2023-08-11T12:48:21+00:00","breadcrumb":{"@id":"https:\/\/fmpatagoniamadryn.com.ar\/?p=5399#breadcrumb"},"inLanguage":"es","potentialAction":[{"@type":"ReadAction","target":["https:\/\/fmpatagoniamadryn.com.ar\/?p=5399"]}]},{"@type":"ImageObject","inLanguage":"es","@id":"https:\/\/fmpatagoniamadryn.com.ar\/?p=5399#primaryimage","url":"https:\/\/fmpatagoniamadryn.com.ar\/wp-content\/uploads\/2023\/08\/FB_IMG_1691758046517.jpg","contentUrl":"https:\/\/fmpatagoniamadryn.com.ar\/wp-content\/uploads\/2023\/08\/FB_IMG_1691758046517.jpg","width":720,"height":576},{"@type":"BreadcrumbList","@id":"https:\/\/fmpatagoniamadryn.com.ar\/?p=5399#breadcrumb","itemListElement":[{"@type":"ListItem","position":1,"name":"Portada","item":"https:\/\/fmpatagoniamadryn.com.ar\/"},{"@type":"ListItem","position":2,"name":"Doble Trocha: Gustavo Sastre remarc\u00f3 que la finalizaci\u00f3n de la obra no debe dilatarse m\u00e1s \u201cson 10.5 kil\u00f3metros los que faltan, no puede demorarse m\u00e1s\u201d"}]},{"@type":"WebSite","@id":"https:\/\/fmpatagoniamadryn.com.ar\/#website","url":"https:\/\/fmpatagoniamadryn.com.ar\/","name":"FM Patagonia Madryn","description":"Radio Patagonia 105.5","publisher":{"@id":"https:\/\/fmpatagoniamadryn.com.ar\/#organization"},"potentialAction":[{"@type":"SearchAction","target":{"@type":"EntryPoint","urlTemplate":"https:\/\/fmpatagoniamadryn.com.ar\/?s={search_term_string}"},"query-input":{"@type":"PropertyValueSpecification","valueRequired":true,"valueName":"search_term_string"}}],"inLanguage":"es"},{"@type":"Organization","@id":"https:\/\/fmpatagoniamadryn.com.ar\/#organization","name":"FM Patagonia Madryn","url":"https:\/\/fmpatagoniamadryn.com.ar\/","logo":{"@type":"ImageObject","inLanguage":"es","@id":"https:\/\/fmpatagoniamadryn.com.ar\/#\/schema\/logo\/image\/","url":"https:\/\/fmpatagoniamadryn.com.ar\/wp-content\/uploads\/2023\/01\/cropped-Diseno-sin-titulo.png","contentUrl":"https:\/\/fmpatagoniamadryn.com.ar\/wp-content\/uploads\/2023\/01\/cropped-Diseno-sin-titulo.png","width":6911,"height":2657,"caption":"FM Patagonia Madryn"},"image":{"@id":"https:\/\/fmpatagoniamadryn.com.ar\/#\/schema\/logo\/image\/"}},{"@type":"Person","@id":"https:\/\/fmpatagoniamadryn.com.ar\/#\/schema\/person\/1d968ec613613768e14b4e6420a2b125","name":"FM Patagonia","url":"https:\/\/fmpatagoniamadryn.com.ar\/?author=3"}]}},"jetpack_featured_media_url":"https:\/\/fmpatagoniamadryn.com.ar\/wp-content\/uploads\/2023\/08\/FB_IMG_1691758046517.jpg","_links":{"self":[{"href":"https:\/\/fmpatagoniamadryn.com.ar\/index.php?rest_route=\/wp\/v2\/posts\/5399","targetHints":{"allow":["GET"]}}],"collection":[{"href":"https:\/\/fmpatagoniamadryn.com.ar\/index.php?rest_route=\/wp\/v2\/posts"}],"about":[{"href":"https:\/\/fmpatagoniamadryn.com.ar\/index.php?rest_route=\/wp\/v2\/types\/post"}],"author":[{"embeddable":true,"href":"https:\/\/fmpatagoniamadryn.com.ar\/index.php?rest_route=\/wp\/v2\/users\/3"}],"replies":[{"embeddable":true,"href":"https:\/\/fmpatagoniamadryn.com.ar\/index.php?rest_route=%2Fwp%2Fv2%2Fcomments&post=5399"}],"version-history":[{"count":1,"href":"https:\/\/fmpatagoniamadryn.com.ar\/index.php?rest_route=\/wp\/v2\/posts\/5399\/revisions"}],"predecessor-version":[{"id":5400,"href":"https:\/\/fmpatagoniamadryn.com.ar\/index.php?rest_route=\/wp\/v2\/posts\/5399\/revisions\/5400"}],"wp:featuredmedia":[{"embeddable":true,"href":"https:\/\/fmpatagoniamadryn.com.ar\/index.php?rest_route=\/wp\/v2\/media\/5398"}],"wp:attachment":[{"href":"https:\/\/fmpatagoniamadryn.com.ar\/index.php?rest_route=%2Fwp%2Fv2%2Fmedia&parent=5399"}],"wp:term":[{"taxonomy":"category","embeddable":true,"href":"https:\/\/fmpatagoniamadryn.com.ar\/index.php?rest_route=%2Fwp%2Fv2%2Fcategories&post=5399"},{"taxonomy":"post_tag","embeddable":true,"href":"https:\/\/fmpatagoniamadryn.com.ar\/index.php?rest_route=%2Fwp%2Fv2%2Ftags&post=5399"}],"curies":[{"name":"wp","href":"https:\/\/api.w.org\/{rel}","templated":true}]}}