{"id":5412,"date":"2023-08-11T11:59:28","date_gmt":"2023-08-11T14:59:28","guid":{"rendered":"https:\/\/fmpatagoniamadryn.com.ar\/?p=5412"},"modified":"2023-08-11T11:59:38","modified_gmt":"2023-08-11T14:59:38","slug":"llaman-a-cubrir-vacantes-en-la-escuela-municipal-de-pesca-11","status":"publish","type":"post","link":"https:\/\/fmpatagoniamadryn.com.ar\/?p=5412","title":{"rendered":"LLAMAN A CUBRIR VACANTES EN LA ESCUELA MUNICIPAL DE PESCA"},"content":{"rendered":"\n<p>Es para profesores de Laboratorio Microbiolog\u00eda, Matem\u00e1tica, Educaci\u00f3n Tecnol\u00f3gica y Sociedad, Pol\u00edtica Ciudadana, Filosof\u00eda, Microbiolog\u00eda de los Alimentos y Geograf\u00eda Econ\u00f3mica. El llamado cierra el martes 15 de agosto a las 19 horas<br><br><br>La Direcci\u00f3n de la Escuela Municipal de Pesca N\u00ba2701, dependiente de la Subsecretar\u00eda de Educaci\u00f3n de la Municipalidad de Puerto Madryn, convoca a docentes inscriptos en Junta de Clasificaci\u00f3n Docente interesados en cubrir los siguientes cargos:<br><br>&#8211; Matem\u00e1tica \u2013 5\u00ba2\u00ba del turno ma\u00f1ana \u2013 4 horas (martes de 11:25 a 12:45 y viernes de 11:25 a 12:45 horas), suplente, larga duraci\u00f3n.<br>&#8211; Laboratorio Microbiolog\u00eda \u2013 5\u00ba2\u00ba del turno tarde \u2013 5 horas (jueves de 14:10 a 17:50 horas), suplente, larga duraci\u00f3n.<br>&#8211; Educaci\u00f3n Tecnol\u00f3gica y Sociedad \u2013 5\u00ba4\u00ba del turno tarde \u2013 3 horas (viernes de 15 a 17:10 horas), suplente, larga duraci\u00f3n.<br>&#8211; Pol\u00edtica Ciudadana \u2013 6\u00b03\u00b0 del turno vespertino \u2013 2 horas (lunes de 19:20 a 20:40 horas), suplente, larga duraci\u00f3n.  <br>&#8211; Filosof\u00eda &#8211; 6\u00b03\u00b0 del turno vespertino \u2013 2 horas (jueves de 19:20 a 20:40), suplente, larga duraci\u00f3n.<br>&#8211; Microbiolog\u00eda de los Alimentos &#8211; 6\u00b04\u00b0 del turno tarde \u2013 6 horas (lunes de 13:30 a 15:40 y martes de 15:40 a 17:50), suplente, larga duraci\u00f3n.<br>&#8211; Geograf\u00eda Econ\u00f3mica \u2013 4\u00b01\u00b0, 4\u00b02\u00b0, 5\u00b01\u00b0 y 5\u00ba2\u00ba del turno ma\u00f1ana \u2013 2 horas (martes de 7:45 a 9:05; 9:15 a 10:35 y 11:25 a 12:45 y mi\u00e9rcoles de 9:15 a 10:35 horas), suplente, larga duraci\u00f3n.<br>&#8211; Geograf\u00eda Econ\u00f3mica \u2013 4\u00b03\u00b0, 4\u00b04\u00b0 y 5\u00b03\u00b0 del turno tarde \u2013 2 horas (viernes de 16:30 a 17:50;  lunes de 13:30 a 14:50 y jueves de 16:30 a 17:50 horas), suplente, larga duraci\u00f3n.<br><br>REQUISITOS PARA LA INSCRIPCI\u00d3N<br><br>Presentarse en la Escuela (Juan Muzzio 10) con el proyecto de la asignatura con seud\u00f3nimo, planificaci\u00f3n \u00e1ulica, curriculum vitae, declaraci\u00f3n jurada de cargo y tener disponibilidad horaria. La entrega de los requisitos es sin excepci\u00f3n.<\/p>\n","protected":false},"excerpt":{"rendered":"<p>Es para profesores de Laboratorio Microbiolog\u00eda, Matem\u00e1tica, Educaci\u00f3n Tecnol\u00f3gica y Sociedad, Pol\u00edtica Ciudadana, Filosof\u00eda, Microbiolog\u00eda de los Alimentos y Geograf\u00eda Econ\u00f3mica. El llamado cierra el martes 15 de agosto a&hellip; <\/p>\n","protected":false},"author":3,"featured_media":5411,"comment_status":"closed","ping_status":"closed","sticky":false,"template":"","format":"standard","meta":{"footnotes":""},"categories":[15],"tags":[],"class_list":["post-5412","post","type-post","status-publish","format-standard","has-post-thumbnail","hentry","category-locales"],"yoast_head":"<!-- This site is optimized with the Yoast SEO plugin v27.4 - https:\/\/yoast.com\/product\/yoast-seo-wordpress\/ -->\n<title>LLAMAN A CUBRIR VACANTES EN LA ESCUELA MUNICIPAL DE PESCA - FM Patagonia Madryn<\/title>\n<meta name=\"robots\" content=\"index, follow, max-snippet:-1, max-image-preview:large, max-video-preview:-1\" \/>\n<link rel=\"canonical\" href=\"https:\/\/fmpatagoniamadryn.com.ar\/?p=5412\" \/>\n<meta property=\"og:locale\" content=\"es_ES\" \/>\n<meta property=\"og:type\" content=\"article\" \/>\n<meta property=\"og:title\" content=\"LLAMAN A CUBRIR VACANTES EN LA ESCUELA MUNICIPAL DE PESCA - FM Patagonia Madryn\" \/>\n<meta property=\"og:description\" content=\"Es para profesores de Laboratorio Microbiolog\u00eda, Matem\u00e1tica, Educaci\u00f3n Tecnol\u00f3gica y Sociedad, Pol\u00edtica Ciudadana, Filosof\u00eda, Microbiolog\u00eda de los Alimentos y Geograf\u00eda Econ\u00f3mica. El llamado cierra el martes 15 de agosto a&hellip;\" \/>\n<meta property=\"og:url\" content=\"https:\/\/fmpatagoniamadryn.com.ar\/?p=5412\" \/>\n<meta property=\"og:site_name\" content=\"FM Patagonia Madryn\" \/>\n<meta property=\"article:published_time\" content=\"2023-08-11T14:59:28+00:00\" \/>\n<meta property=\"article:modified_time\" content=\"2023-08-11T14:59:38+00:00\" \/>\n<meta property=\"og:image\" content=\"https:\/\/fmpatagoniamadryn.com.ar\/wp-content\/uploads\/2023\/08\/convocatoria-1-1.jpg\" \/>\n\t<meta property=\"og:image:width\" content=\"526\" \/>\n\t<meta property=\"og:image:height\" content=\"526\" \/>\n\t<meta property=\"og:image:type\" content=\"image\/jpeg\" \/>\n<meta name=\"author\" content=\"FM Patagonia\" \/>\n<meta name=\"twitter:card\" content=\"summary_large_image\" \/>\n<meta name=\"twitter:label1\" content=\"Escrito por\" \/>\n\t<meta name=\"twitter:data1\" content=\"FM Patagonia\" \/>\n\t<meta name=\"twitter:label2\" content=\"Tiempo de lectura\" \/>\n\t<meta name=\"twitter:data2\" content=\"1 minuto\" \/>\n<script type=\"application\/ld+json\" class=\"yoast-schema-graph\">{\"@context\":\"https:\\\/\\\/schema.org\",\"@graph\":[{\"@type\":\"Article\",\"@id\":\"https:\\\/\\\/fmpatagoniamadryn.com.ar\\\/?p=5412#article\",\"isPartOf\":{\"@id\":\"https:\\\/\\\/fmpatagoniamadryn.com.ar\\\/?p=5412\"},\"author\":{\"name\":\"FM Patagonia\",\"@id\":\"https:\\\/\\\/fmpatagoniamadryn.com.ar\\\/#\\\/schema\\\/person\\\/1d968ec613613768e14b4e6420a2b125\"},\"headline\":\"LLAMAN A CUBRIR VACANTES EN LA ESCUELA MUNICIPAL DE PESCA\",\"datePublished\":\"2023-08-11T14:59:28+00:00\",\"dateModified\":\"2023-08-11T14:59:38+00:00\",\"mainEntityOfPage\":{\"@id\":\"https:\\\/\\\/fmpatagoniamadryn.com.ar\\\/?p=5412\"},\"wordCount\":293,\"publisher\":{\"@id\":\"https:\\\/\\\/fmpatagoniamadryn.com.ar\\\/#organization\"},\"image\":{\"@id\":\"https:\\\/\\\/fmpatagoniamadryn.com.ar\\\/?p=5412#primaryimage\"},\"thumbnailUrl\":\"https:\\\/\\\/fmpatagoniamadryn.com.ar\\\/wp-content\\\/uploads\\\/2023\\\/08\\\/convocatoria-1-1.jpg\",\"articleSection\":[\"Locales\"],\"inLanguage\":\"es\"},{\"@type\":\"WebPage\",\"@id\":\"https:\\\/\\\/fmpatagoniamadryn.com.ar\\\/?p=5412\",\"url\":\"https:\\\/\\\/fmpatagoniamadryn.com.ar\\\/?p=5412\",\"name\":\"LLAMAN A CUBRIR VACANTES EN LA ESCUELA MUNICIPAL DE PESCA - FM Patagonia Madryn\",\"isPartOf\":{\"@id\":\"https:\\\/\\\/fmpatagoniamadryn.com.ar\\\/#website\"},\"primaryImageOfPage\":{\"@id\":\"https:\\\/\\\/fmpatagoniamadryn.com.ar\\\/?p=5412#primaryimage\"},\"image\":{\"@id\":\"https:\\\/\\\/fmpatagoniamadryn.com.ar\\\/?p=5412#primaryimage\"},\"thumbnailUrl\":\"https:\\\/\\\/fmpatagoniamadryn.com.ar\\\/wp-content\\\/uploads\\\/2023\\\/08\\\/convocatoria-1-1.jpg\",\"datePublished\":\"2023-08-11T14:59:28+00:00\",\"dateModified\":\"2023-08-11T14:59:38+00:00\",\"breadcrumb\":{\"@id\":\"https:\\\/\\\/fmpatagoniamadryn.com.ar\\\/?p=5412#breadcrumb\"},\"inLanguage\":\"es\",\"potentialAction\":[{\"@type\":\"ReadAction\",\"target\":[\"https:\\\/\\\/fmpatagoniamadryn.com.ar\\\/?p=5412\"]}]},{\"@type\":\"ImageObject\",\"inLanguage\":\"es\",\"@id\":\"https:\\\/\\\/fmpatagoniamadryn.com.ar\\\/?p=5412#primaryimage\",\"url\":\"https:\\\/\\\/fmpatagoniamadryn.com.ar\\\/wp-content\\\/uploads\\\/2023\\\/08\\\/convocatoria-1-1.jpg\",\"contentUrl\":\"https:\\\/\\\/fmpatagoniamadryn.com.ar\\\/wp-content\\\/uploads\\\/2023\\\/08\\\/convocatoria-1-1.jpg\",\"width\":526,\"height\":526},{\"@type\":\"BreadcrumbList\",\"@id\":\"https:\\\/\\\/fmpatagoniamadryn.com.ar\\\/?p=5412#breadcrumb\",\"itemListElement\":[{\"@type\":\"ListItem\",\"position\":1,\"name\":\"Portada\",\"item\":\"https:\\\/\\\/fmpatagoniamadryn.com.ar\\\/\"},{\"@type\":\"ListItem\",\"position\":2,\"name\":\"LLAMAN A CUBRIR VACANTES EN LA ESCUELA MUNICIPAL DE PESCA\"}]},{\"@type\":\"WebSite\",\"@id\":\"https:\\\/\\\/fmpatagoniamadryn.com.ar\\\/#website\",\"url\":\"https:\\\/\\\/fmpatagoniamadryn.com.ar\\\/\",\"name\":\"FM Patagonia Madryn\",\"description\":\"Radio Patagonia 105.5\",\"publisher\":{\"@id\":\"https:\\\/\\\/fmpatagoniamadryn.com.ar\\\/#organization\"},\"potentialAction\":[{\"@type\":\"SearchAction\",\"target\":{\"@type\":\"EntryPoint\",\"urlTemplate\":\"https:\\\/\\\/fmpatagoniamadryn.com.ar\\\/?s={search_term_string}\"},\"query-input\":{\"@type\":\"PropertyValueSpecification\",\"valueRequired\":true,\"valueName\":\"search_term_string\"}}],\"inLanguage\":\"es\"},{\"@type\":\"Organization\",\"@id\":\"https:\\\/\\\/fmpatagoniamadryn.com.ar\\\/#organization\",\"name\":\"FM Patagonia Madryn\",\"url\":\"https:\\\/\\\/fmpatagoniamadryn.com.ar\\\/\",\"logo\":{\"@type\":\"ImageObject\",\"inLanguage\":\"es\",\"@id\":\"https:\\\/\\\/fmpatagoniamadryn.com.ar\\\/#\\\/schema\\\/logo\\\/image\\\/\",\"url\":\"https:\\\/\\\/fmpatagoniamadryn.com.ar\\\/wp-content\\\/uploads\\\/2023\\\/01\\\/cropped-Diseno-sin-titulo.png\",\"contentUrl\":\"https:\\\/\\\/fmpatagoniamadryn.com.ar\\\/wp-content\\\/uploads\\\/2023\\\/01\\\/cropped-Diseno-sin-titulo.png\",\"width\":6911,\"height\":2657,\"caption\":\"FM Patagonia Madryn\"},\"image\":{\"@id\":\"https:\\\/\\\/fmpatagoniamadryn.com.ar\\\/#\\\/schema\\\/logo\\\/image\\\/\"}},{\"@type\":\"Person\",\"@id\":\"https:\\\/\\\/fmpatagoniamadryn.com.ar\\\/#\\\/schema\\\/person\\\/1d968ec613613768e14b4e6420a2b125\",\"name\":\"FM Patagonia\",\"url\":\"https:\\\/\\\/fmpatagoniamadryn.com.ar\\\/?author=3\"}]}<\/script>\n<!-- \/ Yoast SEO plugin. -->","yoast_head_json":{"title":"LLAMAN A CUBRIR VACANTES EN LA ESCUELA MUNICIPAL DE PESCA - FM Patagonia Madryn","robots":{"index":"index","follow":"follow","max-snippet":"max-snippet:-1","max-image-preview":"max-image-preview:large","max-video-preview":"max-video-preview:-1"},"canonical":"https:\/\/fmpatagoniamadryn.com.ar\/?p=5412","og_locale":"es_ES","og_type":"article","og_title":"LLAMAN A CUBRIR VACANTES EN LA ESCUELA MUNICIPAL DE PESCA - FM Patagonia Madryn","og_description":"Es para profesores de Laboratorio Microbiolog\u00eda, Matem\u00e1tica, Educaci\u00f3n Tecnol\u00f3gica y Sociedad, Pol\u00edtica Ciudadana, Filosof\u00eda, Microbiolog\u00eda de los Alimentos y Geograf\u00eda Econ\u00f3mica. El llamado cierra el martes 15 de agosto a&hellip;","og_url":"https:\/\/fmpatagoniamadryn.com.ar\/?p=5412","og_site_name":"FM Patagonia Madryn","article_published_time":"2023-08-11T14:59:28+00:00","article_modified_time":"2023-08-11T14:59:38+00:00","og_image":[{"width":526,"height":526,"url":"https:\/\/fmpatagoniamadryn.com.ar\/wp-content\/uploads\/2023\/08\/convocatoria-1-1.jpg","type":"image\/jpeg"}],"author":"FM Patagonia","twitter_card":"summary_large_image","twitter_misc":{"Escrito por":"FM Patagonia","Tiempo de lectura":"1 minuto"},"schema":{"@context":"https:\/\/schema.org","@graph":[{"@type":"Article","@id":"https:\/\/fmpatagoniamadryn.com.ar\/?p=5412#article","isPartOf":{"@id":"https:\/\/fmpatagoniamadryn.com.ar\/?p=5412"},"author":{"name":"FM Patagonia","@id":"https:\/\/fmpatagoniamadryn.com.ar\/#\/schema\/person\/1d968ec613613768e14b4e6420a2b125"},"headline":"LLAMAN A CUBRIR VACANTES EN LA ESCUELA MUNICIPAL DE PESCA","datePublished":"2023-08-11T14:59:28+00:00","dateModified":"2023-08-11T14:59:38+00:00","mainEntityOfPage":{"@id":"https:\/\/fmpatagoniamadryn.com.ar\/?p=5412"},"wordCount":293,"publisher":{"@id":"https:\/\/fmpatagoniamadryn.com.ar\/#organization"},"image":{"@id":"https:\/\/fmpatagoniamadryn.com.ar\/?p=5412#primaryimage"},"thumbnailUrl":"https:\/\/fmpatagoniamadryn.com.ar\/wp-content\/uploads\/2023\/08\/convocatoria-1-1.jpg","articleSection":["Locales"],"inLanguage":"es"},{"@type":"WebPage","@id":"https:\/\/fmpatagoniamadryn.com.ar\/?p=5412","url":"https:\/\/fmpatagoniamadryn.com.ar\/?p=5412","name":"LLAMAN A CUBRIR VACANTES EN LA ESCUELA MUNICIPAL DE PESCA - FM Patagonia Madryn","isPartOf":{"@id":"https:\/\/fmpatagoniamadryn.com.ar\/#website"},"primaryImageOfPage":{"@id":"https:\/\/fmpatagoniamadryn.com.ar\/?p=5412#primaryimage"},"image":{"@id":"https:\/\/fmpatagoniamadryn.com.ar\/?p=5412#primaryimage"},"thumbnailUrl":"https:\/\/fmpatagoniamadryn.com.ar\/wp-content\/uploads\/2023\/08\/convocatoria-1-1.jpg","datePublished":"2023-08-11T14:59:28+00:00","dateModified":"2023-08-11T14:59:38+00:00","breadcrumb":{"@id":"https:\/\/fmpatagoniamadryn.com.ar\/?p=5412#breadcrumb"},"inLanguage":"es","potentialAction":[{"@type":"ReadAction","target":["https:\/\/fmpatagoniamadryn.com.ar\/?p=5412"]}]},{"@type":"ImageObject","inLanguage":"es","@id":"https:\/\/fmpatagoniamadryn.com.ar\/?p=5412#primaryimage","url":"https:\/\/fmpatagoniamadryn.com.ar\/wp-content\/uploads\/2023\/08\/convocatoria-1-1.jpg","contentUrl":"https:\/\/fmpatagoniamadryn.com.ar\/wp-content\/uploads\/2023\/08\/convocatoria-1-1.jpg","width":526,"height":526},{"@type":"BreadcrumbList","@id":"https:\/\/fmpatagoniamadryn.com.ar\/?p=5412#breadcrumb","itemListElement":[{"@type":"ListItem","position":1,"name":"Portada","item":"https:\/\/fmpatagoniamadryn.com.ar\/"},{"@type":"ListItem","position":2,"name":"LLAMAN A CUBRIR VACANTES EN LA ESCUELA MUNICIPAL DE PESCA"}]},{"@type":"WebSite","@id":"https:\/\/fmpatagoniamadryn.com.ar\/#website","url":"https:\/\/fmpatagoniamadryn.com.ar\/","name":"FM Patagonia Madryn","description":"Radio Patagonia 105.5","publisher":{"@id":"https:\/\/fmpatagoniamadryn.com.ar\/#organization"},"potentialAction":[{"@type":"SearchAction","target":{"@type":"EntryPoint","urlTemplate":"https:\/\/fmpatagoniamadryn.com.ar\/?s={search_term_string}"},"query-input":{"@type":"PropertyValueSpecification","valueRequired":true,"valueName":"search_term_string"}}],"inLanguage":"es"},{"@type":"Organization","@id":"https:\/\/fmpatagoniamadryn.com.ar\/#organization","name":"FM Patagonia Madryn","url":"https:\/\/fmpatagoniamadryn.com.ar\/","logo":{"@type":"ImageObject","inLanguage":"es","@id":"https:\/\/fmpatagoniamadryn.com.ar\/#\/schema\/logo\/image\/","url":"https:\/\/fmpatagoniamadryn.com.ar\/wp-content\/uploads\/2023\/01\/cropped-Diseno-sin-titulo.png","contentUrl":"https:\/\/fmpatagoniamadryn.com.ar\/wp-content\/uploads\/2023\/01\/cropped-Diseno-sin-titulo.png","width":6911,"height":2657,"caption":"FM Patagonia Madryn"},"image":{"@id":"https:\/\/fmpatagoniamadryn.com.ar\/#\/schema\/logo\/image\/"}},{"@type":"Person","@id":"https:\/\/fmpatagoniamadryn.com.ar\/#\/schema\/person\/1d968ec613613768e14b4e6420a2b125","name":"FM Patagonia","url":"https:\/\/fmpatagoniamadryn.com.ar\/?author=3"}]}},"jetpack_featured_media_url":"https:\/\/fmpatagoniamadryn.com.ar\/wp-content\/uploads\/2023\/08\/convocatoria-1-1.jpg","_links":{"self":[{"href":"https:\/\/fmpatagoniamadryn.com.ar\/index.php?rest_route=\/wp\/v2\/posts\/5412","targetHints":{"allow":["GET"]}}],"collection":[{"href":"https:\/\/fmpatagoniamadryn.com.ar\/index.php?rest_route=\/wp\/v2\/posts"}],"about":[{"href":"https:\/\/fmpatagoniamadryn.com.ar\/index.php?rest_route=\/wp\/v2\/types\/post"}],"author":[{"embeddable":true,"href":"https:\/\/fmpatagoniamadryn.com.ar\/index.php?rest_route=\/wp\/v2\/users\/3"}],"replies":[{"embeddable":true,"href":"https:\/\/fmpatagoniamadryn.com.ar\/index.php?rest_route=%2Fwp%2Fv2%2Fcomments&post=5412"}],"version-history":[{"count":1,"href":"https:\/\/fmpatagoniamadryn.com.ar\/index.php?rest_route=\/wp\/v2\/posts\/5412\/revisions"}],"predecessor-version":[{"id":5413,"href":"https:\/\/fmpatagoniamadryn.com.ar\/index.php?rest_route=\/wp\/v2\/posts\/5412\/revisions\/5413"}],"wp:featuredmedia":[{"embeddable":true,"href":"https:\/\/fmpatagoniamadryn.com.ar\/index.php?rest_route=\/wp\/v2\/media\/5411"}],"wp:attachment":[{"href":"https:\/\/fmpatagoniamadryn.com.ar\/index.php?rest_route=%2Fwp%2Fv2%2Fmedia&parent=5412"}],"wp:term":[{"taxonomy":"category","embeddable":true,"href":"https:\/\/fmpatagoniamadryn.com.ar\/index.php?rest_route=%2Fwp%2Fv2%2Fcategories&post=5412"},{"taxonomy":"post_tag","embeddable":true,"href":"https:\/\/fmpatagoniamadryn.com.ar\/index.php?rest_route=%2Fwp%2Fv2%2Ftags&post=5412"}],"curies":[{"name":"wp","href":"https:\/\/api.w.org\/{rel}","templated":true}]}}