{"id":5424,"date":"2023-08-11T19:36:33","date_gmt":"2023-08-11T22:36:33","guid":{"rendered":"https:\/\/fmpatagoniamadryn.com.ar\/?p=5424"},"modified":"2023-08-11T19:36:48","modified_gmt":"2023-08-11T22:36:48","slug":"el-gobierno-de-la-provincia-dicto-un-nuevo-taller-de-fotografia-orientado-al-turismo-en-gaiman","status":"publish","type":"post","link":"https:\/\/fmpatagoniamadryn.com.ar\/?p=5424","title":{"rendered":"El Gobierno de la Provincia dict\u00f3 un nuevo taller de fotograf\u00eda orientado al turismo en Gaiman"},"content":{"rendered":"\n<p>Cabe recordar que, la primera edici\u00f3n se realiz\u00f3 en la localidad de R\u00edo Mayo, con m\u00e1s de 30 inscriptos.<br><br>El Gobierno del Chubut, a trav\u00e9s del Ministerio de Turismo y \u00c1reas Protegidas, dict\u00f3 un nuevo Taller de Expresi\u00f3n Fotogr\u00e1fica enmarcado en el Programa de Integraci\u00f3n Digital en Turismo.<br><br>El mismo se llev\u00f3 a cabo este jueves y viernes en la localidad de Gaiman, fue dirigido al \u00e1rea de turismo municipal y a prestadores tur\u00edsticos, y cont\u00f3 con m\u00e1s de 15 inscriptos que recibieron certificado de participaci\u00f3n.<br><br>La primera edici\u00f3n se realiz\u00f3 en la localidad de R\u00edo Mayo, con m\u00e1s 30 inscriptos del \u00e1rea de turismo y comunidad en general que destacaron la utilidad de este taller de fotograf\u00eda.<br><br>Dicho programa de integraci\u00f3n est\u00e1 a cargo de la Direcci\u00f3n de Comunicaci\u00f3n y Marketing de la Subsecretar\u00eda de Turismo provincial, y est\u00e1 destinado a municipios y comunas rurales en las cuales el turismo sea emergente o est\u00e9 en desarrollo. El mismo incluye herramientas para que los destinos se promocionen y logren una comunicaci\u00f3n tanto de forma institucional como promocional.<br><br>En este caso, una de las herramientas que proporciona el programa es el Taller de Expresi\u00f3n Fotogr\u00e1fica orientado al turismo, dictado por el fot\u00f3grafo Oscar Galetto. El mismo tiene por objetivo ense\u00f1ar a los agentes las nociones t\u00e9cnicas indispensables para reconocer el potencial del equipo, revelar el lenguaje y la motivaci\u00f3n de la imagen, proporcionar nociones elementales y acceder a conceptos b\u00e1sicos del arte fotogr\u00e1fico orientado a destinos tur\u00edsticos.<br><br>Durante las dos jornadas del taller se dictaron m\u00f3dulos te\u00f3ricos que tratan cuestiones de luz, color, del equipo fotogr\u00e1fico y t\u00e9cnicas de composici\u00f3n fotogr\u00e1fica en turismo, entre otras. El fin es que los participantes puedan crear sus propias fotograf\u00edas en funci\u00f3n de las herramientas con las que cuentan para promocionar el destino y sus atractivos tur\u00edsticos.<br><br>&#8212;<\/p>\n","protected":false},"excerpt":{"rendered":"<p>Cabe recordar que, la primera edici\u00f3n se realiz\u00f3 en la localidad de R\u00edo Mayo, con m\u00e1s de 30 inscriptos. El Gobierno del Chubut, a trav\u00e9s del Ministerio de Turismo y&hellip; <\/p>\n","protected":false},"author":3,"featured_media":5423,"comment_status":"closed","ping_status":"closed","sticky":false,"template":"","format":"standard","meta":{"footnotes":""},"categories":[14],"tags":[],"class_list":["post-5424","post","type-post","status-publish","format-standard","has-post-thumbnail","hentry","category-provinciales"],"yoast_head":"<!-- This site is optimized with the Yoast SEO plugin v27.4 - https:\/\/yoast.com\/product\/yoast-seo-wordpress\/ -->\n<title>El Gobierno de la Provincia dict\u00f3 un nuevo taller de fotograf\u00eda orientado al turismo en Gaiman - FM Patagonia Madryn<\/title>\n<meta name=\"robots\" content=\"index, follow, max-snippet:-1, max-image-preview:large, max-video-preview:-1\" \/>\n<link rel=\"canonical\" href=\"https:\/\/fmpatagoniamadryn.com.ar\/?p=5424\" \/>\n<meta property=\"og:locale\" content=\"es_ES\" \/>\n<meta property=\"og:type\" content=\"article\" \/>\n<meta property=\"og:title\" content=\"El Gobierno de la Provincia dict\u00f3 un nuevo taller de fotograf\u00eda orientado al turismo en Gaiman - FM Patagonia Madryn\" \/>\n<meta property=\"og:description\" content=\"Cabe recordar que, la primera edici\u00f3n se realiz\u00f3 en la localidad de R\u00edo Mayo, con m\u00e1s de 30 inscriptos. El Gobierno del Chubut, a trav\u00e9s del Ministerio de Turismo y&hellip;\" \/>\n<meta property=\"og:url\" content=\"https:\/\/fmpatagoniamadryn.com.ar\/?p=5424\" \/>\n<meta property=\"og:site_name\" content=\"FM Patagonia Madryn\" \/>\n<meta property=\"article:published_time\" content=\"2023-08-11T22:36:33+00:00\" \/>\n<meta property=\"article:modified_time\" content=\"2023-08-11T22:36:48+00:00\" \/>\n<meta property=\"og:image\" content=\"https:\/\/fmpatagoniamadryn.com.ar\/wp-content\/uploads\/2023\/08\/El-Gobierno-de-la-Provincia-dicto-un-nuevo-taller-de-fotografia-orientado-al-turismo-en-Gaiman-2.jpeg\" \/>\n\t<meta property=\"og:image:width\" content=\"1600\" \/>\n\t<meta property=\"og:image:height\" content=\"900\" \/>\n\t<meta property=\"og:image:type\" content=\"image\/jpeg\" \/>\n<meta name=\"author\" content=\"FM Patagonia\" \/>\n<meta name=\"twitter:card\" content=\"summary_large_image\" \/>\n<meta name=\"twitter:label1\" content=\"Escrito por\" \/>\n\t<meta name=\"twitter:data1\" content=\"FM Patagonia\" \/>\n\t<meta name=\"twitter:label2\" content=\"Tiempo de lectura\" \/>\n\t<meta name=\"twitter:data2\" content=\"2 minutos\" \/>\n<script type=\"application\/ld+json\" class=\"yoast-schema-graph\">{\"@context\":\"https:\\\/\\\/schema.org\",\"@graph\":[{\"@type\":\"Article\",\"@id\":\"https:\\\/\\\/fmpatagoniamadryn.com.ar\\\/?p=5424#article\",\"isPartOf\":{\"@id\":\"https:\\\/\\\/fmpatagoniamadryn.com.ar\\\/?p=5424\"},\"author\":{\"name\":\"FM Patagonia\",\"@id\":\"https:\\\/\\\/fmpatagoniamadryn.com.ar\\\/#\\\/schema\\\/person\\\/1d968ec613613768e14b4e6420a2b125\"},\"headline\":\"El Gobierno de la Provincia dict\u00f3 un nuevo taller de fotograf\u00eda orientado al turismo en Gaiman\",\"datePublished\":\"2023-08-11T22:36:33+00:00\",\"dateModified\":\"2023-08-11T22:36:48+00:00\",\"mainEntityOfPage\":{\"@id\":\"https:\\\/\\\/fmpatagoniamadryn.com.ar\\\/?p=5424\"},\"wordCount\":354,\"publisher\":{\"@id\":\"https:\\\/\\\/fmpatagoniamadryn.com.ar\\\/#organization\"},\"image\":{\"@id\":\"https:\\\/\\\/fmpatagoniamadryn.com.ar\\\/?p=5424#primaryimage\"},\"thumbnailUrl\":\"https:\\\/\\\/fmpatagoniamadryn.com.ar\\\/wp-content\\\/uploads\\\/2023\\\/08\\\/El-Gobierno-de-la-Provincia-dicto-un-nuevo-taller-de-fotografia-orientado-al-turismo-en-Gaiman-2.jpeg\",\"articleSection\":[\"Provinciales\"],\"inLanguage\":\"es\"},{\"@type\":\"WebPage\",\"@id\":\"https:\\\/\\\/fmpatagoniamadryn.com.ar\\\/?p=5424\",\"url\":\"https:\\\/\\\/fmpatagoniamadryn.com.ar\\\/?p=5424\",\"name\":\"El Gobierno de la Provincia dict\u00f3 un nuevo taller de fotograf\u00eda orientado al turismo en Gaiman - FM Patagonia Madryn\",\"isPartOf\":{\"@id\":\"https:\\\/\\\/fmpatagoniamadryn.com.ar\\\/#website\"},\"primaryImageOfPage\":{\"@id\":\"https:\\\/\\\/fmpatagoniamadryn.com.ar\\\/?p=5424#primaryimage\"},\"image\":{\"@id\":\"https:\\\/\\\/fmpatagoniamadryn.com.ar\\\/?p=5424#primaryimage\"},\"thumbnailUrl\":\"https:\\\/\\\/fmpatagoniamadryn.com.ar\\\/wp-content\\\/uploads\\\/2023\\\/08\\\/El-Gobierno-de-la-Provincia-dicto-un-nuevo-taller-de-fotografia-orientado-al-turismo-en-Gaiman-2.jpeg\",\"datePublished\":\"2023-08-11T22:36:33+00:00\",\"dateModified\":\"2023-08-11T22:36:48+00:00\",\"breadcrumb\":{\"@id\":\"https:\\\/\\\/fmpatagoniamadryn.com.ar\\\/?p=5424#breadcrumb\"},\"inLanguage\":\"es\",\"potentialAction\":[{\"@type\":\"ReadAction\",\"target\":[\"https:\\\/\\\/fmpatagoniamadryn.com.ar\\\/?p=5424\"]}]},{\"@type\":\"ImageObject\",\"inLanguage\":\"es\",\"@id\":\"https:\\\/\\\/fmpatagoniamadryn.com.ar\\\/?p=5424#primaryimage\",\"url\":\"https:\\\/\\\/fmpatagoniamadryn.com.ar\\\/wp-content\\\/uploads\\\/2023\\\/08\\\/El-Gobierno-de-la-Provincia-dicto-un-nuevo-taller-de-fotografia-orientado-al-turismo-en-Gaiman-2.jpeg\",\"contentUrl\":\"https:\\\/\\\/fmpatagoniamadryn.com.ar\\\/wp-content\\\/uploads\\\/2023\\\/08\\\/El-Gobierno-de-la-Provincia-dicto-un-nuevo-taller-de-fotografia-orientado-al-turismo-en-Gaiman-2.jpeg\",\"width\":1600,\"height\":900},{\"@type\":\"BreadcrumbList\",\"@id\":\"https:\\\/\\\/fmpatagoniamadryn.com.ar\\\/?p=5424#breadcrumb\",\"itemListElement\":[{\"@type\":\"ListItem\",\"position\":1,\"name\":\"Portada\",\"item\":\"https:\\\/\\\/fmpatagoniamadryn.com.ar\\\/\"},{\"@type\":\"ListItem\",\"position\":2,\"name\":\"El Gobierno de la Provincia dict\u00f3 un nuevo taller de fotograf\u00eda orientado al turismo en Gaiman\"}]},{\"@type\":\"WebSite\",\"@id\":\"https:\\\/\\\/fmpatagoniamadryn.com.ar\\\/#website\",\"url\":\"https:\\\/\\\/fmpatagoniamadryn.com.ar\\\/\",\"name\":\"FM Patagonia Madryn\",\"description\":\"Radio Patagonia 105.5\",\"publisher\":{\"@id\":\"https:\\\/\\\/fmpatagoniamadryn.com.ar\\\/#organization\"},\"potentialAction\":[{\"@type\":\"SearchAction\",\"target\":{\"@type\":\"EntryPoint\",\"urlTemplate\":\"https:\\\/\\\/fmpatagoniamadryn.com.ar\\\/?s={search_term_string}\"},\"query-input\":{\"@type\":\"PropertyValueSpecification\",\"valueRequired\":true,\"valueName\":\"search_term_string\"}}],\"inLanguage\":\"es\"},{\"@type\":\"Organization\",\"@id\":\"https:\\\/\\\/fmpatagoniamadryn.com.ar\\\/#organization\",\"name\":\"FM Patagonia Madryn\",\"url\":\"https:\\\/\\\/fmpatagoniamadryn.com.ar\\\/\",\"logo\":{\"@type\":\"ImageObject\",\"inLanguage\":\"es\",\"@id\":\"https:\\\/\\\/fmpatagoniamadryn.com.ar\\\/#\\\/schema\\\/logo\\\/image\\\/\",\"url\":\"https:\\\/\\\/fmpatagoniamadryn.com.ar\\\/wp-content\\\/uploads\\\/2023\\\/01\\\/cropped-Diseno-sin-titulo.png\",\"contentUrl\":\"https:\\\/\\\/fmpatagoniamadryn.com.ar\\\/wp-content\\\/uploads\\\/2023\\\/01\\\/cropped-Diseno-sin-titulo.png\",\"width\":6911,\"height\":2657,\"caption\":\"FM Patagonia Madryn\"},\"image\":{\"@id\":\"https:\\\/\\\/fmpatagoniamadryn.com.ar\\\/#\\\/schema\\\/logo\\\/image\\\/\"}},{\"@type\":\"Person\",\"@id\":\"https:\\\/\\\/fmpatagoniamadryn.com.ar\\\/#\\\/schema\\\/person\\\/1d968ec613613768e14b4e6420a2b125\",\"name\":\"FM Patagonia\",\"url\":\"https:\\\/\\\/fmpatagoniamadryn.com.ar\\\/?author=3\"}]}<\/script>\n<!-- \/ Yoast SEO plugin. -->","yoast_head_json":{"title":"El Gobierno de la Provincia dict\u00f3 un nuevo taller de fotograf\u00eda orientado al turismo en Gaiman - FM Patagonia Madryn","robots":{"index":"index","follow":"follow","max-snippet":"max-snippet:-1","max-image-preview":"max-image-preview:large","max-video-preview":"max-video-preview:-1"},"canonical":"https:\/\/fmpatagoniamadryn.com.ar\/?p=5424","og_locale":"es_ES","og_type":"article","og_title":"El Gobierno de la Provincia dict\u00f3 un nuevo taller de fotograf\u00eda orientado al turismo en Gaiman - FM Patagonia Madryn","og_description":"Cabe recordar que, la primera edici\u00f3n se realiz\u00f3 en la localidad de R\u00edo Mayo, con m\u00e1s de 30 inscriptos. El Gobierno del Chubut, a trav\u00e9s del Ministerio de Turismo y&hellip;","og_url":"https:\/\/fmpatagoniamadryn.com.ar\/?p=5424","og_site_name":"FM Patagonia Madryn","article_published_time":"2023-08-11T22:36:33+00:00","article_modified_time":"2023-08-11T22:36:48+00:00","og_image":[{"width":1600,"height":900,"url":"https:\/\/fmpatagoniamadryn.com.ar\/wp-content\/uploads\/2023\/08\/El-Gobierno-de-la-Provincia-dicto-un-nuevo-taller-de-fotografia-orientado-al-turismo-en-Gaiman-2.jpeg","type":"image\/jpeg"}],"author":"FM Patagonia","twitter_card":"summary_large_image","twitter_misc":{"Escrito por":"FM Patagonia","Tiempo de lectura":"2 minutos"},"schema":{"@context":"https:\/\/schema.org","@graph":[{"@type":"Article","@id":"https:\/\/fmpatagoniamadryn.com.ar\/?p=5424#article","isPartOf":{"@id":"https:\/\/fmpatagoniamadryn.com.ar\/?p=5424"},"author":{"name":"FM Patagonia","@id":"https:\/\/fmpatagoniamadryn.com.ar\/#\/schema\/person\/1d968ec613613768e14b4e6420a2b125"},"headline":"El Gobierno de la Provincia dict\u00f3 un nuevo taller de fotograf\u00eda orientado al turismo en Gaiman","datePublished":"2023-08-11T22:36:33+00:00","dateModified":"2023-08-11T22:36:48+00:00","mainEntityOfPage":{"@id":"https:\/\/fmpatagoniamadryn.com.ar\/?p=5424"},"wordCount":354,"publisher":{"@id":"https:\/\/fmpatagoniamadryn.com.ar\/#organization"},"image":{"@id":"https:\/\/fmpatagoniamadryn.com.ar\/?p=5424#primaryimage"},"thumbnailUrl":"https:\/\/fmpatagoniamadryn.com.ar\/wp-content\/uploads\/2023\/08\/El-Gobierno-de-la-Provincia-dicto-un-nuevo-taller-de-fotografia-orientado-al-turismo-en-Gaiman-2.jpeg","articleSection":["Provinciales"],"inLanguage":"es"},{"@type":"WebPage","@id":"https:\/\/fmpatagoniamadryn.com.ar\/?p=5424","url":"https:\/\/fmpatagoniamadryn.com.ar\/?p=5424","name":"El Gobierno de la Provincia dict\u00f3 un nuevo taller de fotograf\u00eda orientado al turismo en Gaiman - FM Patagonia Madryn","isPartOf":{"@id":"https:\/\/fmpatagoniamadryn.com.ar\/#website"},"primaryImageOfPage":{"@id":"https:\/\/fmpatagoniamadryn.com.ar\/?p=5424#primaryimage"},"image":{"@id":"https:\/\/fmpatagoniamadryn.com.ar\/?p=5424#primaryimage"},"thumbnailUrl":"https:\/\/fmpatagoniamadryn.com.ar\/wp-content\/uploads\/2023\/08\/El-Gobierno-de-la-Provincia-dicto-un-nuevo-taller-de-fotografia-orientado-al-turismo-en-Gaiman-2.jpeg","datePublished":"2023-08-11T22:36:33+00:00","dateModified":"2023-08-11T22:36:48+00:00","breadcrumb":{"@id":"https:\/\/fmpatagoniamadryn.com.ar\/?p=5424#breadcrumb"},"inLanguage":"es","potentialAction":[{"@type":"ReadAction","target":["https:\/\/fmpatagoniamadryn.com.ar\/?p=5424"]}]},{"@type":"ImageObject","inLanguage":"es","@id":"https:\/\/fmpatagoniamadryn.com.ar\/?p=5424#primaryimage","url":"https:\/\/fmpatagoniamadryn.com.ar\/wp-content\/uploads\/2023\/08\/El-Gobierno-de-la-Provincia-dicto-un-nuevo-taller-de-fotografia-orientado-al-turismo-en-Gaiman-2.jpeg","contentUrl":"https:\/\/fmpatagoniamadryn.com.ar\/wp-content\/uploads\/2023\/08\/El-Gobierno-de-la-Provincia-dicto-un-nuevo-taller-de-fotografia-orientado-al-turismo-en-Gaiman-2.jpeg","width":1600,"height":900},{"@type":"BreadcrumbList","@id":"https:\/\/fmpatagoniamadryn.com.ar\/?p=5424#breadcrumb","itemListElement":[{"@type":"ListItem","position":1,"name":"Portada","item":"https:\/\/fmpatagoniamadryn.com.ar\/"},{"@type":"ListItem","position":2,"name":"El Gobierno de la Provincia dict\u00f3 un nuevo taller de fotograf\u00eda orientado al turismo en Gaiman"}]},{"@type":"WebSite","@id":"https:\/\/fmpatagoniamadryn.com.ar\/#website","url":"https:\/\/fmpatagoniamadryn.com.ar\/","name":"FM Patagonia Madryn","description":"Radio Patagonia 105.5","publisher":{"@id":"https:\/\/fmpatagoniamadryn.com.ar\/#organization"},"potentialAction":[{"@type":"SearchAction","target":{"@type":"EntryPoint","urlTemplate":"https:\/\/fmpatagoniamadryn.com.ar\/?s={search_term_string}"},"query-input":{"@type":"PropertyValueSpecification","valueRequired":true,"valueName":"search_term_string"}}],"inLanguage":"es"},{"@type":"Organization","@id":"https:\/\/fmpatagoniamadryn.com.ar\/#organization","name":"FM Patagonia Madryn","url":"https:\/\/fmpatagoniamadryn.com.ar\/","logo":{"@type":"ImageObject","inLanguage":"es","@id":"https:\/\/fmpatagoniamadryn.com.ar\/#\/schema\/logo\/image\/","url":"https:\/\/fmpatagoniamadryn.com.ar\/wp-content\/uploads\/2023\/01\/cropped-Diseno-sin-titulo.png","contentUrl":"https:\/\/fmpatagoniamadryn.com.ar\/wp-content\/uploads\/2023\/01\/cropped-Diseno-sin-titulo.png","width":6911,"height":2657,"caption":"FM Patagonia Madryn"},"image":{"@id":"https:\/\/fmpatagoniamadryn.com.ar\/#\/schema\/logo\/image\/"}},{"@type":"Person","@id":"https:\/\/fmpatagoniamadryn.com.ar\/#\/schema\/person\/1d968ec613613768e14b4e6420a2b125","name":"FM Patagonia","url":"https:\/\/fmpatagoniamadryn.com.ar\/?author=3"}]}},"jetpack_featured_media_url":"https:\/\/fmpatagoniamadryn.com.ar\/wp-content\/uploads\/2023\/08\/El-Gobierno-de-la-Provincia-dicto-un-nuevo-taller-de-fotografia-orientado-al-turismo-en-Gaiman-2.jpeg","_links":{"self":[{"href":"https:\/\/fmpatagoniamadryn.com.ar\/index.php?rest_route=\/wp\/v2\/posts\/5424","targetHints":{"allow":["GET"]}}],"collection":[{"href":"https:\/\/fmpatagoniamadryn.com.ar\/index.php?rest_route=\/wp\/v2\/posts"}],"about":[{"href":"https:\/\/fmpatagoniamadryn.com.ar\/index.php?rest_route=\/wp\/v2\/types\/post"}],"author":[{"embeddable":true,"href":"https:\/\/fmpatagoniamadryn.com.ar\/index.php?rest_route=\/wp\/v2\/users\/3"}],"replies":[{"embeddable":true,"href":"https:\/\/fmpatagoniamadryn.com.ar\/index.php?rest_route=%2Fwp%2Fv2%2Fcomments&post=5424"}],"version-history":[{"count":1,"href":"https:\/\/fmpatagoniamadryn.com.ar\/index.php?rest_route=\/wp\/v2\/posts\/5424\/revisions"}],"predecessor-version":[{"id":5425,"href":"https:\/\/fmpatagoniamadryn.com.ar\/index.php?rest_route=\/wp\/v2\/posts\/5424\/revisions\/5425"}],"wp:featuredmedia":[{"embeddable":true,"href":"https:\/\/fmpatagoniamadryn.com.ar\/index.php?rest_route=\/wp\/v2\/media\/5423"}],"wp:attachment":[{"href":"https:\/\/fmpatagoniamadryn.com.ar\/index.php?rest_route=%2Fwp%2Fv2%2Fmedia&parent=5424"}],"wp:term":[{"taxonomy":"category","embeddable":true,"href":"https:\/\/fmpatagoniamadryn.com.ar\/index.php?rest_route=%2Fwp%2Fv2%2Fcategories&post=5424"},{"taxonomy":"post_tag","embeddable":true,"href":"https:\/\/fmpatagoniamadryn.com.ar\/index.php?rest_route=%2Fwp%2Fv2%2Ftags&post=5424"}],"curies":[{"name":"wp","href":"https:\/\/api.w.org\/{rel}","templated":true}]}}