{"id":5427,"date":"2023-08-11T19:38:07","date_gmt":"2023-08-11T22:38:07","guid":{"rendered":"https:\/\/fmpatagoniamadryn.com.ar\/?p=5427"},"modified":"2023-08-11T19:38:23","modified_gmt":"2023-08-11T22:38:23","slug":"amplia-agenda-del-ministro-grazzini-en-escuelas-y-plantas-educativas-del-noroeste-chubutense","status":"publish","type":"post","link":"https:\/\/fmpatagoniamadryn.com.ar\/?p=5427","title":{"rendered":"Amplia agenda del ministro Grazzini en escuelas y plantas educativas del noroeste chubutense"},"content":{"rendered":"\n<p><em>Junto al gabinete del Ministerio de Educaci\u00f3n, el titular de la cartera realiz\u00f3 una recorrida por instituciones de El Mait\u00e9n y Trevelin; adem\u00e1s de visitar las Plantas Educativas de Piedra Parada y Lago Futalaufquen.<\/em><\/p>\n\n\n\n<p>El ministro de Educaci\u00f3n del Chubut, Jos\u00e9 Mar\u00eda Grazzini, cumpli\u00f3 a lo largo de esta semana una amplia agenda de actividades en el noroeste chubutense, con recorridas por las plantas educativas que comenzar\u00e1n a funcionar en los pr\u00f3ximos d\u00edas y reuniones en distintas escuelas de El Mait\u00e9n y Trevelin.<\/p>\n\n\n\n<p>Acompa\u00f1ado por las subsecretarias Roc\u00edo Silva, Silvia Reynoso y Jimena Alemano; intendentes e integrantes del equipo pedag\u00f3gico y t\u00e9cnico del Ministerio; el titular de la cartera educativa provincial destac\u00f3 el \u201cexcelente intercambio de ideas con los directores y docentes\u201d de la Regi\u00f3n I y III, y revel\u00f3 que el objetivo de esta visita fue \u201cdespejar sus dudas y, a la vez, recoger sus sugerencias\u201d.<\/p>\n\n\n\n<p>La actividad del ministro en la regi\u00f3n cordillerana comprendi\u00f3 reuniones con directivos de las escuelas N\u00b0 22, 604, 726 y 804 de El Mait\u00e9n; N\u00b0 7724 de Aldea Escolar y N\u00b0 705 de Trevelin; as\u00ed como visitas a las Plantas Educativas N\u00ba 6501 de Lago Futalaufquen y 6504 de Piedra Parada.<\/p>\n\n\n\n<p>Durante su recorrida, Grazzini encabez\u00f3 adem\u00e1s la apertura de la Muestra de J\u00f3venes Emprendedores y la Feria Chubutense de Ciencias y Tecnolog\u00eda que reuni\u00f3 en el Polideportivo Municipal de Trevelin a m\u00e1s de 40 escuelas de todos los niveles y modalidades.<\/p>\n\n\n\n<p>Adem\u00e1s, el ministro Grazzini mantuvo reuniones con los intendentes de Trevelin, H\u00e9ctor Ingram; de El Mait\u00e9n, Oscar Currilen; y de Gualjaina, Marcelo Limarieri.<\/p>\n\n\n\n<p><strong>Acompa\u00f1amiento en territorio<\/strong><\/p>\n\n\n\n<p>\u201cEste equipo de gesti\u00f3n est\u00e1 convencido que la mejor forma de trabajar en el sistema educativo es acompa\u00f1ar a nuestras escuelas en el territorio\u201d, remarc\u00f3 el ministro de Educaci\u00f3n en el marco de la intensa actividad desarrollada en el noroeste chubutense.<\/p>\n\n\n\n<p>Grazzini ratific\u00f3 el compromiso de la cartera con instituciones educativas de toda la provincia en materia pedag\u00f3gica y de infraestructura, y afirm\u00f3 que \u201cnuestro objetivo es escuchar a los equipos directivos, a los docentes y, sobre todo, a nuestros estudiantes para fortalecer las trayectorias escolares de cada uno de ellos\u201d.<\/p>\n\n\n\n<p><strong>Plantas Educativas<\/strong><\/p>\n\n\n\n<p>Como parte de la actividad desarrollada en la regi\u00f3n, el ministro visit\u00f3 las Plantas Educativas N\u00ba 6501 de Lago Futalaufquen -con cupos llenos hasta mayo del pr\u00f3ximo a\u00f1o- y la N\u00ba 6504 de Piedra Parada, que abre sus puertas por primera vez.<\/p>\n\n\n\n<p>En el marco de esta \u00faltima visita, el ministro Grazzini recorri\u00f3 el establecimiento donde funcionaba la Escuela N\u00b0 29 y anticip\u00f3 que, mediante un plan de reconstrucci\u00f3n, el Ministerio de Educaci\u00f3n llevar\u00e1 adelante las obras necesarias para dejar en condiciones el edificio y que funcione como Anexo de la Planta Educativa a fin de recibir a estudiantes de toda la provincia.<\/p>\n\n\n\n<p>Cabe se\u00f1alar que \u00e9ste y los otros tres espacios ubicados en Lago Puelo, paraje El Turbio y Lago Futalaufquen, comenzar\u00e1n a funcionar desde la pr\u00f3xima semana con contingentes de estudiantes de distintos puntos del territorio.<\/p>\n\n\n\n<p><strong>Feria Provincia de Ciencias<\/strong><\/p>\n\n\n\n<p>A su vez, el funcionario y su equipo de trabajo estuvieron presentes en la Feria de Ciencias y la Muestra Provincial de J\u00f3venes Emprendedores desarrollada d\u00edas atr\u00e1s en el Polideportivo Municipal de Trevelin.<\/p>\n\n\n\n<p>Con la participaci\u00f3n de m\u00e1s de 300 personas, en el encuentro estudiantes de nivel inicial, primario, secundario e institutos superiores expusieron propuestas innovadoras y creativas elaboradas en el \u00e1mbito \u00e1ulico.<\/p>\n\n\n\n<p>En total participaron m\u00e1s de 40 escuelas de las localidades de Trevelin, Corcovado, Trelew, Dolavon, Sarmiento, Comodoro Rivadavia, Puerto Madryn, R\u00edo Pico, Esquel, Tecka, Gaiman, Gastre, Telsen y R\u00edo Mayo.<\/p>\n","protected":false},"excerpt":{"rendered":"<p>Junto al gabinete del Ministerio de Educaci\u00f3n, el titular de la cartera realiz\u00f3 una recorrida por instituciones de El Mait\u00e9n y Trevelin; adem\u00e1s de visitar las Plantas Educativas de Piedra&hellip; <\/p>\n","protected":false},"author":3,"featured_media":5426,"comment_status":"closed","ping_status":"closed","sticky":false,"template":"","format":"standard","meta":{"footnotes":""},"categories":[14],"tags":[],"class_list":["post-5427","post","type-post","status-publish","format-standard","has-post-thumbnail","hentry","category-provinciales"],"yoast_head":"<!-- This site is optimized with the Yoast SEO plugin v27.4 - https:\/\/yoast.com\/product\/yoast-seo-wordpress\/ -->\n<title>Amplia agenda del ministro Grazzini en escuelas y plantas educativas del noroeste chubutense - FM Patagonia Madryn<\/title>\n<meta name=\"robots\" content=\"index, follow, max-snippet:-1, max-image-preview:large, max-video-preview:-1\" \/>\n<link rel=\"canonical\" href=\"https:\/\/fmpatagoniamadryn.com.ar\/?p=5427\" \/>\n<meta property=\"og:locale\" content=\"es_ES\" \/>\n<meta property=\"og:type\" content=\"article\" \/>\n<meta property=\"og:title\" content=\"Amplia agenda del ministro Grazzini en escuelas y plantas educativas del noroeste chubutense - FM Patagonia Madryn\" \/>\n<meta property=\"og:description\" content=\"Junto al gabinete del Ministerio de Educaci\u00f3n, el titular de la cartera realiz\u00f3 una recorrida por instituciones de El Mait\u00e9n y Trevelin; adem\u00e1s de visitar las Plantas Educativas de Piedra&hellip;\" \/>\n<meta property=\"og:url\" content=\"https:\/\/fmpatagoniamadryn.com.ar\/?p=5427\" \/>\n<meta property=\"og:site_name\" content=\"FM Patagonia Madryn\" \/>\n<meta property=\"article:published_time\" content=\"2023-08-11T22:38:07+00:00\" \/>\n<meta property=\"article:modified_time\" content=\"2023-08-11T22:38:23+00:00\" \/>\n<meta property=\"og:image\" content=\"https:\/\/fmpatagoniamadryn.com.ar\/wp-content\/uploads\/2023\/08\/RECORRIDA-EDUCACION-14.jpg\" \/>\n\t<meta property=\"og:image:width\" content=\"2000\" \/>\n\t<meta property=\"og:image:height\" content=\"1333\" \/>\n\t<meta property=\"og:image:type\" content=\"image\/jpeg\" \/>\n<meta name=\"author\" content=\"FM Patagonia\" \/>\n<meta name=\"twitter:card\" content=\"summary_large_image\" \/>\n<meta name=\"twitter:label1\" content=\"Escrito por\" \/>\n\t<meta name=\"twitter:data1\" content=\"FM Patagonia\" \/>\n\t<meta name=\"twitter:label2\" content=\"Tiempo de lectura\" \/>\n\t<meta name=\"twitter:data2\" content=\"3 minutos\" \/>\n<script type=\"application\/ld+json\" class=\"yoast-schema-graph\">{\"@context\":\"https:\\\/\\\/schema.org\",\"@graph\":[{\"@type\":\"Article\",\"@id\":\"https:\\\/\\\/fmpatagoniamadryn.com.ar\\\/?p=5427#article\",\"isPartOf\":{\"@id\":\"https:\\\/\\\/fmpatagoniamadryn.com.ar\\\/?p=5427\"},\"author\":{\"name\":\"FM Patagonia\",\"@id\":\"https:\\\/\\\/fmpatagoniamadryn.com.ar\\\/#\\\/schema\\\/person\\\/1d968ec613613768e14b4e6420a2b125\"},\"headline\":\"Amplia agenda del ministro Grazzini en escuelas y plantas educativas del noroeste chubutense\",\"datePublished\":\"2023-08-11T22:38:07+00:00\",\"dateModified\":\"2023-08-11T22:38:23+00:00\",\"mainEntityOfPage\":{\"@id\":\"https:\\\/\\\/fmpatagoniamadryn.com.ar\\\/?p=5427\"},\"wordCount\":636,\"publisher\":{\"@id\":\"https:\\\/\\\/fmpatagoniamadryn.com.ar\\\/#organization\"},\"image\":{\"@id\":\"https:\\\/\\\/fmpatagoniamadryn.com.ar\\\/?p=5427#primaryimage\"},\"thumbnailUrl\":\"https:\\\/\\\/fmpatagoniamadryn.com.ar\\\/wp-content\\\/uploads\\\/2023\\\/08\\\/RECORRIDA-EDUCACION-14.jpg\",\"articleSection\":[\"Provinciales\"],\"inLanguage\":\"es\"},{\"@type\":\"WebPage\",\"@id\":\"https:\\\/\\\/fmpatagoniamadryn.com.ar\\\/?p=5427\",\"url\":\"https:\\\/\\\/fmpatagoniamadryn.com.ar\\\/?p=5427\",\"name\":\"Amplia agenda del ministro Grazzini en escuelas y plantas educativas del noroeste chubutense - FM Patagonia Madryn\",\"isPartOf\":{\"@id\":\"https:\\\/\\\/fmpatagoniamadryn.com.ar\\\/#website\"},\"primaryImageOfPage\":{\"@id\":\"https:\\\/\\\/fmpatagoniamadryn.com.ar\\\/?p=5427#primaryimage\"},\"image\":{\"@id\":\"https:\\\/\\\/fmpatagoniamadryn.com.ar\\\/?p=5427#primaryimage\"},\"thumbnailUrl\":\"https:\\\/\\\/fmpatagoniamadryn.com.ar\\\/wp-content\\\/uploads\\\/2023\\\/08\\\/RECORRIDA-EDUCACION-14.jpg\",\"datePublished\":\"2023-08-11T22:38:07+00:00\",\"dateModified\":\"2023-08-11T22:38:23+00:00\",\"breadcrumb\":{\"@id\":\"https:\\\/\\\/fmpatagoniamadryn.com.ar\\\/?p=5427#breadcrumb\"},\"inLanguage\":\"es\",\"potentialAction\":[{\"@type\":\"ReadAction\",\"target\":[\"https:\\\/\\\/fmpatagoniamadryn.com.ar\\\/?p=5427\"]}]},{\"@type\":\"ImageObject\",\"inLanguage\":\"es\",\"@id\":\"https:\\\/\\\/fmpatagoniamadryn.com.ar\\\/?p=5427#primaryimage\",\"url\":\"https:\\\/\\\/fmpatagoniamadryn.com.ar\\\/wp-content\\\/uploads\\\/2023\\\/08\\\/RECORRIDA-EDUCACION-14.jpg\",\"contentUrl\":\"https:\\\/\\\/fmpatagoniamadryn.com.ar\\\/wp-content\\\/uploads\\\/2023\\\/08\\\/RECORRIDA-EDUCACION-14.jpg\",\"width\":2000,\"height\":1333},{\"@type\":\"BreadcrumbList\",\"@id\":\"https:\\\/\\\/fmpatagoniamadryn.com.ar\\\/?p=5427#breadcrumb\",\"itemListElement\":[{\"@type\":\"ListItem\",\"position\":1,\"name\":\"Portada\",\"item\":\"https:\\\/\\\/fmpatagoniamadryn.com.ar\\\/\"},{\"@type\":\"ListItem\",\"position\":2,\"name\":\"Amplia agenda del ministro Grazzini en escuelas y plantas educativas del noroeste chubutense\"}]},{\"@type\":\"WebSite\",\"@id\":\"https:\\\/\\\/fmpatagoniamadryn.com.ar\\\/#website\",\"url\":\"https:\\\/\\\/fmpatagoniamadryn.com.ar\\\/\",\"name\":\"FM Patagonia Madryn\",\"description\":\"Radio Patagonia 105.5\",\"publisher\":{\"@id\":\"https:\\\/\\\/fmpatagoniamadryn.com.ar\\\/#organization\"},\"potentialAction\":[{\"@type\":\"SearchAction\",\"target\":{\"@type\":\"EntryPoint\",\"urlTemplate\":\"https:\\\/\\\/fmpatagoniamadryn.com.ar\\\/?s={search_term_string}\"},\"query-input\":{\"@type\":\"PropertyValueSpecification\",\"valueRequired\":true,\"valueName\":\"search_term_string\"}}],\"inLanguage\":\"es\"},{\"@type\":\"Organization\",\"@id\":\"https:\\\/\\\/fmpatagoniamadryn.com.ar\\\/#organization\",\"name\":\"FM Patagonia Madryn\",\"url\":\"https:\\\/\\\/fmpatagoniamadryn.com.ar\\\/\",\"logo\":{\"@type\":\"ImageObject\",\"inLanguage\":\"es\",\"@id\":\"https:\\\/\\\/fmpatagoniamadryn.com.ar\\\/#\\\/schema\\\/logo\\\/image\\\/\",\"url\":\"https:\\\/\\\/fmpatagoniamadryn.com.ar\\\/wp-content\\\/uploads\\\/2023\\\/01\\\/cropped-Diseno-sin-titulo.png\",\"contentUrl\":\"https:\\\/\\\/fmpatagoniamadryn.com.ar\\\/wp-content\\\/uploads\\\/2023\\\/01\\\/cropped-Diseno-sin-titulo.png\",\"width\":6911,\"height\":2657,\"caption\":\"FM Patagonia Madryn\"},\"image\":{\"@id\":\"https:\\\/\\\/fmpatagoniamadryn.com.ar\\\/#\\\/schema\\\/logo\\\/image\\\/\"}},{\"@type\":\"Person\",\"@id\":\"https:\\\/\\\/fmpatagoniamadryn.com.ar\\\/#\\\/schema\\\/person\\\/1d968ec613613768e14b4e6420a2b125\",\"name\":\"FM Patagonia\",\"url\":\"https:\\\/\\\/fmpatagoniamadryn.com.ar\\\/?author=3\"}]}<\/script>\n<!-- \/ Yoast SEO plugin. -->","yoast_head_json":{"title":"Amplia agenda del ministro Grazzini en escuelas y plantas educativas del noroeste chubutense - FM Patagonia Madryn","robots":{"index":"index","follow":"follow","max-snippet":"max-snippet:-1","max-image-preview":"max-image-preview:large","max-video-preview":"max-video-preview:-1"},"canonical":"https:\/\/fmpatagoniamadryn.com.ar\/?p=5427","og_locale":"es_ES","og_type":"article","og_title":"Amplia agenda del ministro Grazzini en escuelas y plantas educativas del noroeste chubutense - FM Patagonia Madryn","og_description":"Junto al gabinete del Ministerio de Educaci\u00f3n, el titular de la cartera realiz\u00f3 una recorrida por instituciones de El Mait\u00e9n y Trevelin; adem\u00e1s de visitar las Plantas Educativas de Piedra&hellip;","og_url":"https:\/\/fmpatagoniamadryn.com.ar\/?p=5427","og_site_name":"FM Patagonia Madryn","article_published_time":"2023-08-11T22:38:07+00:00","article_modified_time":"2023-08-11T22:38:23+00:00","og_image":[{"width":2000,"height":1333,"url":"https:\/\/fmpatagoniamadryn.com.ar\/wp-content\/uploads\/2023\/08\/RECORRIDA-EDUCACION-14.jpg","type":"image\/jpeg"}],"author":"FM Patagonia","twitter_card":"summary_large_image","twitter_misc":{"Escrito por":"FM Patagonia","Tiempo de lectura":"3 minutos"},"schema":{"@context":"https:\/\/schema.org","@graph":[{"@type":"Article","@id":"https:\/\/fmpatagoniamadryn.com.ar\/?p=5427#article","isPartOf":{"@id":"https:\/\/fmpatagoniamadryn.com.ar\/?p=5427"},"author":{"name":"FM Patagonia","@id":"https:\/\/fmpatagoniamadryn.com.ar\/#\/schema\/person\/1d968ec613613768e14b4e6420a2b125"},"headline":"Amplia agenda del ministro Grazzini en escuelas y plantas educativas del noroeste chubutense","datePublished":"2023-08-11T22:38:07+00:00","dateModified":"2023-08-11T22:38:23+00:00","mainEntityOfPage":{"@id":"https:\/\/fmpatagoniamadryn.com.ar\/?p=5427"},"wordCount":636,"publisher":{"@id":"https:\/\/fmpatagoniamadryn.com.ar\/#organization"},"image":{"@id":"https:\/\/fmpatagoniamadryn.com.ar\/?p=5427#primaryimage"},"thumbnailUrl":"https:\/\/fmpatagoniamadryn.com.ar\/wp-content\/uploads\/2023\/08\/RECORRIDA-EDUCACION-14.jpg","articleSection":["Provinciales"],"inLanguage":"es"},{"@type":"WebPage","@id":"https:\/\/fmpatagoniamadryn.com.ar\/?p=5427","url":"https:\/\/fmpatagoniamadryn.com.ar\/?p=5427","name":"Amplia agenda del ministro Grazzini en escuelas y plantas educativas del noroeste chubutense - FM Patagonia Madryn","isPartOf":{"@id":"https:\/\/fmpatagoniamadryn.com.ar\/#website"},"primaryImageOfPage":{"@id":"https:\/\/fmpatagoniamadryn.com.ar\/?p=5427#primaryimage"},"image":{"@id":"https:\/\/fmpatagoniamadryn.com.ar\/?p=5427#primaryimage"},"thumbnailUrl":"https:\/\/fmpatagoniamadryn.com.ar\/wp-content\/uploads\/2023\/08\/RECORRIDA-EDUCACION-14.jpg","datePublished":"2023-08-11T22:38:07+00:00","dateModified":"2023-08-11T22:38:23+00:00","breadcrumb":{"@id":"https:\/\/fmpatagoniamadryn.com.ar\/?p=5427#breadcrumb"},"inLanguage":"es","potentialAction":[{"@type":"ReadAction","target":["https:\/\/fmpatagoniamadryn.com.ar\/?p=5427"]}]},{"@type":"ImageObject","inLanguage":"es","@id":"https:\/\/fmpatagoniamadryn.com.ar\/?p=5427#primaryimage","url":"https:\/\/fmpatagoniamadryn.com.ar\/wp-content\/uploads\/2023\/08\/RECORRIDA-EDUCACION-14.jpg","contentUrl":"https:\/\/fmpatagoniamadryn.com.ar\/wp-content\/uploads\/2023\/08\/RECORRIDA-EDUCACION-14.jpg","width":2000,"height":1333},{"@type":"BreadcrumbList","@id":"https:\/\/fmpatagoniamadryn.com.ar\/?p=5427#breadcrumb","itemListElement":[{"@type":"ListItem","position":1,"name":"Portada","item":"https:\/\/fmpatagoniamadryn.com.ar\/"},{"@type":"ListItem","position":2,"name":"Amplia agenda del ministro Grazzini en escuelas y plantas educativas del noroeste chubutense"}]},{"@type":"WebSite","@id":"https:\/\/fmpatagoniamadryn.com.ar\/#website","url":"https:\/\/fmpatagoniamadryn.com.ar\/","name":"FM Patagonia Madryn","description":"Radio Patagonia 105.5","publisher":{"@id":"https:\/\/fmpatagoniamadryn.com.ar\/#organization"},"potentialAction":[{"@type":"SearchAction","target":{"@type":"EntryPoint","urlTemplate":"https:\/\/fmpatagoniamadryn.com.ar\/?s={search_term_string}"},"query-input":{"@type":"PropertyValueSpecification","valueRequired":true,"valueName":"search_term_string"}}],"inLanguage":"es"},{"@type":"Organization","@id":"https:\/\/fmpatagoniamadryn.com.ar\/#organization","name":"FM Patagonia Madryn","url":"https:\/\/fmpatagoniamadryn.com.ar\/","logo":{"@type":"ImageObject","inLanguage":"es","@id":"https:\/\/fmpatagoniamadryn.com.ar\/#\/schema\/logo\/image\/","url":"https:\/\/fmpatagoniamadryn.com.ar\/wp-content\/uploads\/2023\/01\/cropped-Diseno-sin-titulo.png","contentUrl":"https:\/\/fmpatagoniamadryn.com.ar\/wp-content\/uploads\/2023\/01\/cropped-Diseno-sin-titulo.png","width":6911,"height":2657,"caption":"FM Patagonia Madryn"},"image":{"@id":"https:\/\/fmpatagoniamadryn.com.ar\/#\/schema\/logo\/image\/"}},{"@type":"Person","@id":"https:\/\/fmpatagoniamadryn.com.ar\/#\/schema\/person\/1d968ec613613768e14b4e6420a2b125","name":"FM Patagonia","url":"https:\/\/fmpatagoniamadryn.com.ar\/?author=3"}]}},"jetpack_featured_media_url":"https:\/\/fmpatagoniamadryn.com.ar\/wp-content\/uploads\/2023\/08\/RECORRIDA-EDUCACION-14.jpg","_links":{"self":[{"href":"https:\/\/fmpatagoniamadryn.com.ar\/index.php?rest_route=\/wp\/v2\/posts\/5427","targetHints":{"allow":["GET"]}}],"collection":[{"href":"https:\/\/fmpatagoniamadryn.com.ar\/index.php?rest_route=\/wp\/v2\/posts"}],"about":[{"href":"https:\/\/fmpatagoniamadryn.com.ar\/index.php?rest_route=\/wp\/v2\/types\/post"}],"author":[{"embeddable":true,"href":"https:\/\/fmpatagoniamadryn.com.ar\/index.php?rest_route=\/wp\/v2\/users\/3"}],"replies":[{"embeddable":true,"href":"https:\/\/fmpatagoniamadryn.com.ar\/index.php?rest_route=%2Fwp%2Fv2%2Fcomments&post=5427"}],"version-history":[{"count":1,"href":"https:\/\/fmpatagoniamadryn.com.ar\/index.php?rest_route=\/wp\/v2\/posts\/5427\/revisions"}],"predecessor-version":[{"id":5428,"href":"https:\/\/fmpatagoniamadryn.com.ar\/index.php?rest_route=\/wp\/v2\/posts\/5427\/revisions\/5428"}],"wp:featuredmedia":[{"embeddable":true,"href":"https:\/\/fmpatagoniamadryn.com.ar\/index.php?rest_route=\/wp\/v2\/media\/5426"}],"wp:attachment":[{"href":"https:\/\/fmpatagoniamadryn.com.ar\/index.php?rest_route=%2Fwp%2Fv2%2Fmedia&parent=5427"}],"wp:term":[{"taxonomy":"category","embeddable":true,"href":"https:\/\/fmpatagoniamadryn.com.ar\/index.php?rest_route=%2Fwp%2Fv2%2Fcategories&post=5427"},{"taxonomy":"post_tag","embeddable":true,"href":"https:\/\/fmpatagoniamadryn.com.ar\/index.php?rest_route=%2Fwp%2Fv2%2Ftags&post=5427"}],"curies":[{"name":"wp","href":"https:\/\/api.w.org\/{rel}","templated":true}]}}