{"id":5433,"date":"2023-08-12T15:03:22","date_gmt":"2023-08-12T18:03:22","guid":{"rendered":"https:\/\/fmpatagoniamadryn.com.ar\/?p=5433"},"modified":"2023-08-12T15:03:29","modified_gmt":"2023-08-12T18:03:29","slug":"salud-informa-que-ya-estan-abiertas-las-inscripciones-para-la-capacitacion-denominada-sensibilizacion-en-la-tematica-de-genero","status":"publish","type":"post","link":"https:\/\/fmpatagoniamadryn.com.ar\/?p=5433","title":{"rendered":"Salud informa que ya est\u00e1n abiertas las inscripciones para la capacitaci\u00f3n denominada \u201csensibilizaci\u00f3n en la tem\u00e1tica de g\u00e9nero\u201d"},"content":{"rendered":"\n<p>El curso es de car\u00e1cter obligatorio para todas las personas que se desempe\u00f1an en la funci\u00f3n p\u00fablica y su acreditaci\u00f3n ser\u00e1 requisito tanto de ingreso como de recategorizaci\u00f3n para el personal de salud. La inscripci\u00f3n podr\u00e1 realizarse hasta el 3 de septiembre, ingresando al  siguiente enlace: https:\/\/sai.inap.gob.ar\/inscripcion_web.dhtml?comi_codigo=51679.<br><br>El Gobierno del Chubut, a trav\u00e9s del Ministerio de Salud, informa que ya est\u00e1n abiertas las inscripciones para la capacitaci\u00f3n denominada \u201cSensibilizaci\u00f3n en la tem\u00e1tica de g\u00e9nero y violencia por motivos de g\u00e9nero\u201d, la cual se brindar\u00e1 a trav\u00e9s de la plataforma del Instituto Nacional de la Administraci\u00f3n P\u00fablica (INAP), con una modalidad virtual y autogestionada. <br><br>En esta ocasi\u00f3n, la capacitaci\u00f3n que es impulsada por la Direcci\u00f3n Provincial de Formaci\u00f3n y Capacitaci\u00f3n de Recursos Humanos de Salud, se desarrollar\u00e1 desde el d\u00eda 06 de septiembre hasta el 19 del mismo mes, y s\u00f3lo deber\u00e1n realizarla aquellos que no hubieran participado previamente de alguna de las ediciones anteriores de este mismo curso.<br><br>As\u00ed, quienes todav\u00eda no cuenten con el certificado de la capacitaci\u00f3n finalizada y deseen anotarse en esta nueva edici\u00f3n podr\u00e1n hacerlo inscribi\u00e9ndose a trav\u00e9s del siguiente link, el cual estar\u00e1 disponible hasta el domingo 3 de septiembre inclusive: https:\/\/sai.inap.gob.ar\/inscripcion_web.dhtml?comi_codigo=51679.<br><br>De car\u00e1cter obligatorio <br><br>Cabe recordar que, seg\u00fan lo dispuesto tanto por la Ley Nacional N\u00ba 27.499, conocida como \u201cLey Micaela\u201d, como por la Ley Provincial VIII N\u00b0 129, el curso \u201cSensibilizaci\u00f3n en la tem\u00e1tica de g\u00e9nero y violencia por motivos de g\u00e9nero\u201d es de car\u00e1cter obligatorio para todas las personas que se desempe\u00f1an en la funci\u00f3n p\u00fablica, ya sea en los organismos dependientes del Poder Ejecutivo, Legislativo o Judicial. <br><br>Adem\u00e1s, la obligatoriedad de la capacitaci\u00f3n fue reafirmada en la \u00f3rbita del Ministerio de Salud chubutense mediante la Resoluci\u00f3n N\u00b0 1.743\/22 de la Secretar\u00eda de Trabajo de la provincia, la cual establece que su acreditaci\u00f3n ser\u00e1 requisito de ingreso y de recategorizaci\u00f3n para el personal de salud. <br><br>Instrucciones para la inscripci\u00f3n <br><br>Asimismo, la Direcci\u00f3n de Formaci\u00f3n y Capacitaci\u00f3n de Recursos Humanos del Ministerio de Salud provincial brind\u00f3 una serie de instrucciones para facilitar la inscripci\u00f3n por parte de los agentes sanitarios: <br><br>1) Completar datos personales y laborales, y luego confirmar. <br><br>2) Completar datos y lugar de revista: <br><br>&#8211; Verificar que el correo electr\u00f3nico personal est\u00e9 bien escrito. <br><br>&#8211; Provincia: Chubut. <br><br>&#8211; Trabaja en un organismo p\u00fablico: S\u00cd. <br><br>&#8211; Organismo del Coordinador\/a T\u00e9cnico de Capacitaci\u00f3n: NO CORRESPONDE. <br><br>&#8211; Situaci\u00f3n escalafonaria: OTROS\/NO CORRESPONDE. <br><br>&#8211; Organismo donde trabaja: Otro Organismo P\u00fablico. <br><br>&#8211; En C\u00f3d. \u201cElegir\u201d buscar y seleccionar Gobierno de la Provincia del Chubut (C\u00f3d. 306).  Por \u00faltimo, seleccionar \u201cEnviar datos\u201d para finalizar la preinscripci\u00f3n. <br><br>M\u00e1s informaci\u00f3n <br><br>Para obtener m\u00e1s informaci\u00f3n, los interesados pueden consultar el programa de la capacitaci\u00f3n ingresando al siguiente enlace: https:\/\/sai.inap.gob.ar\/download_pdf.dhtml?contenido=diseno&amp;formact_codigo=1&amp;act_codigo=38679&amp;tipoact_codigo=1.<\/p>\n","protected":false},"excerpt":{"rendered":"<p>El curso es de car\u00e1cter obligatorio para todas las personas que se desempe\u00f1an en la funci\u00f3n p\u00fablica y su acreditaci\u00f3n ser\u00e1 requisito tanto de ingreso como de recategorizaci\u00f3n para el&hellip; <\/p>\n","protected":false},"author":3,"featured_media":5432,"comment_status":"closed","ping_status":"closed","sticky":false,"template":"","format":"standard","meta":{"footnotes":""},"categories":[14],"tags":[],"class_list":["post-5433","post","type-post","status-publish","format-standard","has-post-thumbnail","hentry","category-provinciales"],"yoast_head":"<!-- This site is optimized with the Yoast SEO plugin v27.4 - https:\/\/yoast.com\/product\/yoast-seo-wordpress\/ -->\n<title>Salud informa que ya est\u00e1n abiertas las inscripciones para la capacitaci\u00f3n denominada \u201csensibilizaci\u00f3n en la tem\u00e1tica de g\u00e9nero\u201d - FM Patagonia Madryn<\/title>\n<meta name=\"robots\" content=\"index, follow, max-snippet:-1, max-image-preview:large, max-video-preview:-1\" \/>\n<link rel=\"canonical\" href=\"https:\/\/fmpatagoniamadryn.com.ar\/?p=5433\" \/>\n<meta property=\"og:locale\" content=\"es_ES\" \/>\n<meta property=\"og:type\" content=\"article\" \/>\n<meta property=\"og:title\" content=\"Salud informa que ya est\u00e1n abiertas las inscripciones para la capacitaci\u00f3n denominada \u201csensibilizaci\u00f3n en la tem\u00e1tica de g\u00e9nero\u201d - FM Patagonia Madryn\" \/>\n<meta property=\"og:description\" content=\"El curso es de car\u00e1cter obligatorio para todas las personas que se desempe\u00f1an en la funci\u00f3n p\u00fablica y su acreditaci\u00f3n ser\u00e1 requisito tanto de ingreso como de recategorizaci\u00f3n para el&hellip;\" \/>\n<meta property=\"og:url\" content=\"https:\/\/fmpatagoniamadryn.com.ar\/?p=5433\" \/>\n<meta property=\"og:site_name\" content=\"FM Patagonia Madryn\" \/>\n<meta property=\"article:published_time\" content=\"2023-08-12T18:03:22+00:00\" \/>\n<meta property=\"article:modified_time\" content=\"2023-08-12T18:03:29+00:00\" \/>\n<meta property=\"og:image\" content=\"https:\/\/fmpatagoniamadryn.com.ar\/wp-content\/uploads\/2023\/08\/Ley-Micaela.jpg\" \/>\n\t<meta property=\"og:image:width\" content=\"700\" \/>\n\t<meta property=\"og:image:height\" content=\"500\" \/>\n\t<meta property=\"og:image:type\" content=\"image\/jpeg\" \/>\n<meta name=\"author\" content=\"FM Patagonia\" \/>\n<meta name=\"twitter:card\" content=\"summary_large_image\" \/>\n<meta name=\"twitter:label1\" content=\"Escrito por\" \/>\n\t<meta name=\"twitter:data1\" content=\"FM Patagonia\" \/>\n\t<meta name=\"twitter:label2\" content=\"Tiempo de lectura\" \/>\n\t<meta name=\"twitter:data2\" content=\"3 minutos\" \/>\n<script type=\"application\/ld+json\" class=\"yoast-schema-graph\">{\"@context\":\"https:\\\/\\\/schema.org\",\"@graph\":[{\"@type\":\"Article\",\"@id\":\"https:\\\/\\\/fmpatagoniamadryn.com.ar\\\/?p=5433#article\",\"isPartOf\":{\"@id\":\"https:\\\/\\\/fmpatagoniamadryn.com.ar\\\/?p=5433\"},\"author\":{\"name\":\"FM Patagonia\",\"@id\":\"https:\\\/\\\/fmpatagoniamadryn.com.ar\\\/#\\\/schema\\\/person\\\/1d968ec613613768e14b4e6420a2b125\"},\"headline\":\"Salud informa que ya est\u00e1n abiertas las inscripciones para la capacitaci\u00f3n denominada \u201csensibilizaci\u00f3n en la tem\u00e1tica de g\u00e9nero\u201d\",\"datePublished\":\"2023-08-12T18:03:22+00:00\",\"dateModified\":\"2023-08-12T18:03:29+00:00\",\"mainEntityOfPage\":{\"@id\":\"https:\\\/\\\/fmpatagoniamadryn.com.ar\\\/?p=5433\"},\"wordCount\":565,\"publisher\":{\"@id\":\"https:\\\/\\\/fmpatagoniamadryn.com.ar\\\/#organization\"},\"image\":{\"@id\":\"https:\\\/\\\/fmpatagoniamadryn.com.ar\\\/?p=5433#primaryimage\"},\"thumbnailUrl\":\"https:\\\/\\\/fmpatagoniamadryn.com.ar\\\/wp-content\\\/uploads\\\/2023\\\/08\\\/Ley-Micaela.jpg\",\"articleSection\":[\"Provinciales\"],\"inLanguage\":\"es\"},{\"@type\":\"WebPage\",\"@id\":\"https:\\\/\\\/fmpatagoniamadryn.com.ar\\\/?p=5433\",\"url\":\"https:\\\/\\\/fmpatagoniamadryn.com.ar\\\/?p=5433\",\"name\":\"Salud informa que ya est\u00e1n abiertas las inscripciones para la capacitaci\u00f3n denominada \u201csensibilizaci\u00f3n en la tem\u00e1tica de g\u00e9nero\u201d - FM Patagonia Madryn\",\"isPartOf\":{\"@id\":\"https:\\\/\\\/fmpatagoniamadryn.com.ar\\\/#website\"},\"primaryImageOfPage\":{\"@id\":\"https:\\\/\\\/fmpatagoniamadryn.com.ar\\\/?p=5433#primaryimage\"},\"image\":{\"@id\":\"https:\\\/\\\/fmpatagoniamadryn.com.ar\\\/?p=5433#primaryimage\"},\"thumbnailUrl\":\"https:\\\/\\\/fmpatagoniamadryn.com.ar\\\/wp-content\\\/uploads\\\/2023\\\/08\\\/Ley-Micaela.jpg\",\"datePublished\":\"2023-08-12T18:03:22+00:00\",\"dateModified\":\"2023-08-12T18:03:29+00:00\",\"breadcrumb\":{\"@id\":\"https:\\\/\\\/fmpatagoniamadryn.com.ar\\\/?p=5433#breadcrumb\"},\"inLanguage\":\"es\",\"potentialAction\":[{\"@type\":\"ReadAction\",\"target\":[\"https:\\\/\\\/fmpatagoniamadryn.com.ar\\\/?p=5433\"]}]},{\"@type\":\"ImageObject\",\"inLanguage\":\"es\",\"@id\":\"https:\\\/\\\/fmpatagoniamadryn.com.ar\\\/?p=5433#primaryimage\",\"url\":\"https:\\\/\\\/fmpatagoniamadryn.com.ar\\\/wp-content\\\/uploads\\\/2023\\\/08\\\/Ley-Micaela.jpg\",\"contentUrl\":\"https:\\\/\\\/fmpatagoniamadryn.com.ar\\\/wp-content\\\/uploads\\\/2023\\\/08\\\/Ley-Micaela.jpg\",\"width\":700,\"height\":500},{\"@type\":\"BreadcrumbList\",\"@id\":\"https:\\\/\\\/fmpatagoniamadryn.com.ar\\\/?p=5433#breadcrumb\",\"itemListElement\":[{\"@type\":\"ListItem\",\"position\":1,\"name\":\"Portada\",\"item\":\"https:\\\/\\\/fmpatagoniamadryn.com.ar\\\/\"},{\"@type\":\"ListItem\",\"position\":2,\"name\":\"Salud informa que ya est\u00e1n abiertas las inscripciones para la capacitaci\u00f3n denominada \u201csensibilizaci\u00f3n en la tem\u00e1tica de g\u00e9nero\u201d\"}]},{\"@type\":\"WebSite\",\"@id\":\"https:\\\/\\\/fmpatagoniamadryn.com.ar\\\/#website\",\"url\":\"https:\\\/\\\/fmpatagoniamadryn.com.ar\\\/\",\"name\":\"FM Patagonia Madryn\",\"description\":\"Radio Patagonia 105.5\",\"publisher\":{\"@id\":\"https:\\\/\\\/fmpatagoniamadryn.com.ar\\\/#organization\"},\"potentialAction\":[{\"@type\":\"SearchAction\",\"target\":{\"@type\":\"EntryPoint\",\"urlTemplate\":\"https:\\\/\\\/fmpatagoniamadryn.com.ar\\\/?s={search_term_string}\"},\"query-input\":{\"@type\":\"PropertyValueSpecification\",\"valueRequired\":true,\"valueName\":\"search_term_string\"}}],\"inLanguage\":\"es\"},{\"@type\":\"Organization\",\"@id\":\"https:\\\/\\\/fmpatagoniamadryn.com.ar\\\/#organization\",\"name\":\"FM Patagonia Madryn\",\"url\":\"https:\\\/\\\/fmpatagoniamadryn.com.ar\\\/\",\"logo\":{\"@type\":\"ImageObject\",\"inLanguage\":\"es\",\"@id\":\"https:\\\/\\\/fmpatagoniamadryn.com.ar\\\/#\\\/schema\\\/logo\\\/image\\\/\",\"url\":\"https:\\\/\\\/fmpatagoniamadryn.com.ar\\\/wp-content\\\/uploads\\\/2023\\\/01\\\/cropped-Diseno-sin-titulo.png\",\"contentUrl\":\"https:\\\/\\\/fmpatagoniamadryn.com.ar\\\/wp-content\\\/uploads\\\/2023\\\/01\\\/cropped-Diseno-sin-titulo.png\",\"width\":6911,\"height\":2657,\"caption\":\"FM Patagonia Madryn\"},\"image\":{\"@id\":\"https:\\\/\\\/fmpatagoniamadryn.com.ar\\\/#\\\/schema\\\/logo\\\/image\\\/\"}},{\"@type\":\"Person\",\"@id\":\"https:\\\/\\\/fmpatagoniamadryn.com.ar\\\/#\\\/schema\\\/person\\\/1d968ec613613768e14b4e6420a2b125\",\"name\":\"FM Patagonia\",\"url\":\"https:\\\/\\\/fmpatagoniamadryn.com.ar\\\/?author=3\"}]}<\/script>\n<!-- \/ Yoast SEO plugin. -->","yoast_head_json":{"title":"Salud informa que ya est\u00e1n abiertas las inscripciones para la capacitaci\u00f3n denominada \u201csensibilizaci\u00f3n en la tem\u00e1tica de g\u00e9nero\u201d - FM Patagonia Madryn","robots":{"index":"index","follow":"follow","max-snippet":"max-snippet:-1","max-image-preview":"max-image-preview:large","max-video-preview":"max-video-preview:-1"},"canonical":"https:\/\/fmpatagoniamadryn.com.ar\/?p=5433","og_locale":"es_ES","og_type":"article","og_title":"Salud informa que ya est\u00e1n abiertas las inscripciones para la capacitaci\u00f3n denominada \u201csensibilizaci\u00f3n en la tem\u00e1tica de g\u00e9nero\u201d - FM Patagonia Madryn","og_description":"El curso es de car\u00e1cter obligatorio para todas las personas que se desempe\u00f1an en la funci\u00f3n p\u00fablica y su acreditaci\u00f3n ser\u00e1 requisito tanto de ingreso como de recategorizaci\u00f3n para el&hellip;","og_url":"https:\/\/fmpatagoniamadryn.com.ar\/?p=5433","og_site_name":"FM Patagonia Madryn","article_published_time":"2023-08-12T18:03:22+00:00","article_modified_time":"2023-08-12T18:03:29+00:00","og_image":[{"width":700,"height":500,"url":"https:\/\/fmpatagoniamadryn.com.ar\/wp-content\/uploads\/2023\/08\/Ley-Micaela.jpg","type":"image\/jpeg"}],"author":"FM Patagonia","twitter_card":"summary_large_image","twitter_misc":{"Escrito por":"FM Patagonia","Tiempo de lectura":"3 minutos"},"schema":{"@context":"https:\/\/schema.org","@graph":[{"@type":"Article","@id":"https:\/\/fmpatagoniamadryn.com.ar\/?p=5433#article","isPartOf":{"@id":"https:\/\/fmpatagoniamadryn.com.ar\/?p=5433"},"author":{"name":"FM Patagonia","@id":"https:\/\/fmpatagoniamadryn.com.ar\/#\/schema\/person\/1d968ec613613768e14b4e6420a2b125"},"headline":"Salud informa que ya est\u00e1n abiertas las inscripciones para la capacitaci\u00f3n denominada \u201csensibilizaci\u00f3n en la tem\u00e1tica de g\u00e9nero\u201d","datePublished":"2023-08-12T18:03:22+00:00","dateModified":"2023-08-12T18:03:29+00:00","mainEntityOfPage":{"@id":"https:\/\/fmpatagoniamadryn.com.ar\/?p=5433"},"wordCount":565,"publisher":{"@id":"https:\/\/fmpatagoniamadryn.com.ar\/#organization"},"image":{"@id":"https:\/\/fmpatagoniamadryn.com.ar\/?p=5433#primaryimage"},"thumbnailUrl":"https:\/\/fmpatagoniamadryn.com.ar\/wp-content\/uploads\/2023\/08\/Ley-Micaela.jpg","articleSection":["Provinciales"],"inLanguage":"es"},{"@type":"WebPage","@id":"https:\/\/fmpatagoniamadryn.com.ar\/?p=5433","url":"https:\/\/fmpatagoniamadryn.com.ar\/?p=5433","name":"Salud informa que ya est\u00e1n abiertas las inscripciones para la capacitaci\u00f3n denominada \u201csensibilizaci\u00f3n en la tem\u00e1tica de g\u00e9nero\u201d - FM Patagonia Madryn","isPartOf":{"@id":"https:\/\/fmpatagoniamadryn.com.ar\/#website"},"primaryImageOfPage":{"@id":"https:\/\/fmpatagoniamadryn.com.ar\/?p=5433#primaryimage"},"image":{"@id":"https:\/\/fmpatagoniamadryn.com.ar\/?p=5433#primaryimage"},"thumbnailUrl":"https:\/\/fmpatagoniamadryn.com.ar\/wp-content\/uploads\/2023\/08\/Ley-Micaela.jpg","datePublished":"2023-08-12T18:03:22+00:00","dateModified":"2023-08-12T18:03:29+00:00","breadcrumb":{"@id":"https:\/\/fmpatagoniamadryn.com.ar\/?p=5433#breadcrumb"},"inLanguage":"es","potentialAction":[{"@type":"ReadAction","target":["https:\/\/fmpatagoniamadryn.com.ar\/?p=5433"]}]},{"@type":"ImageObject","inLanguage":"es","@id":"https:\/\/fmpatagoniamadryn.com.ar\/?p=5433#primaryimage","url":"https:\/\/fmpatagoniamadryn.com.ar\/wp-content\/uploads\/2023\/08\/Ley-Micaela.jpg","contentUrl":"https:\/\/fmpatagoniamadryn.com.ar\/wp-content\/uploads\/2023\/08\/Ley-Micaela.jpg","width":700,"height":500},{"@type":"BreadcrumbList","@id":"https:\/\/fmpatagoniamadryn.com.ar\/?p=5433#breadcrumb","itemListElement":[{"@type":"ListItem","position":1,"name":"Portada","item":"https:\/\/fmpatagoniamadryn.com.ar\/"},{"@type":"ListItem","position":2,"name":"Salud informa que ya est\u00e1n abiertas las inscripciones para la capacitaci\u00f3n denominada \u201csensibilizaci\u00f3n en la tem\u00e1tica de g\u00e9nero\u201d"}]},{"@type":"WebSite","@id":"https:\/\/fmpatagoniamadryn.com.ar\/#website","url":"https:\/\/fmpatagoniamadryn.com.ar\/","name":"FM Patagonia Madryn","description":"Radio Patagonia 105.5","publisher":{"@id":"https:\/\/fmpatagoniamadryn.com.ar\/#organization"},"potentialAction":[{"@type":"SearchAction","target":{"@type":"EntryPoint","urlTemplate":"https:\/\/fmpatagoniamadryn.com.ar\/?s={search_term_string}"},"query-input":{"@type":"PropertyValueSpecification","valueRequired":true,"valueName":"search_term_string"}}],"inLanguage":"es"},{"@type":"Organization","@id":"https:\/\/fmpatagoniamadryn.com.ar\/#organization","name":"FM Patagonia Madryn","url":"https:\/\/fmpatagoniamadryn.com.ar\/","logo":{"@type":"ImageObject","inLanguage":"es","@id":"https:\/\/fmpatagoniamadryn.com.ar\/#\/schema\/logo\/image\/","url":"https:\/\/fmpatagoniamadryn.com.ar\/wp-content\/uploads\/2023\/01\/cropped-Diseno-sin-titulo.png","contentUrl":"https:\/\/fmpatagoniamadryn.com.ar\/wp-content\/uploads\/2023\/01\/cropped-Diseno-sin-titulo.png","width":6911,"height":2657,"caption":"FM Patagonia Madryn"},"image":{"@id":"https:\/\/fmpatagoniamadryn.com.ar\/#\/schema\/logo\/image\/"}},{"@type":"Person","@id":"https:\/\/fmpatagoniamadryn.com.ar\/#\/schema\/person\/1d968ec613613768e14b4e6420a2b125","name":"FM Patagonia","url":"https:\/\/fmpatagoniamadryn.com.ar\/?author=3"}]}},"jetpack_featured_media_url":"https:\/\/fmpatagoniamadryn.com.ar\/wp-content\/uploads\/2023\/08\/Ley-Micaela.jpg","_links":{"self":[{"href":"https:\/\/fmpatagoniamadryn.com.ar\/index.php?rest_route=\/wp\/v2\/posts\/5433","targetHints":{"allow":["GET"]}}],"collection":[{"href":"https:\/\/fmpatagoniamadryn.com.ar\/index.php?rest_route=\/wp\/v2\/posts"}],"about":[{"href":"https:\/\/fmpatagoniamadryn.com.ar\/index.php?rest_route=\/wp\/v2\/types\/post"}],"author":[{"embeddable":true,"href":"https:\/\/fmpatagoniamadryn.com.ar\/index.php?rest_route=\/wp\/v2\/users\/3"}],"replies":[{"embeddable":true,"href":"https:\/\/fmpatagoniamadryn.com.ar\/index.php?rest_route=%2Fwp%2Fv2%2Fcomments&post=5433"}],"version-history":[{"count":1,"href":"https:\/\/fmpatagoniamadryn.com.ar\/index.php?rest_route=\/wp\/v2\/posts\/5433\/revisions"}],"predecessor-version":[{"id":5434,"href":"https:\/\/fmpatagoniamadryn.com.ar\/index.php?rest_route=\/wp\/v2\/posts\/5433\/revisions\/5434"}],"wp:featuredmedia":[{"embeddable":true,"href":"https:\/\/fmpatagoniamadryn.com.ar\/index.php?rest_route=\/wp\/v2\/media\/5432"}],"wp:attachment":[{"href":"https:\/\/fmpatagoniamadryn.com.ar\/index.php?rest_route=%2Fwp%2Fv2%2Fmedia&parent=5433"}],"wp:term":[{"taxonomy":"category","embeddable":true,"href":"https:\/\/fmpatagoniamadryn.com.ar\/index.php?rest_route=%2Fwp%2Fv2%2Fcategories&post=5433"},{"taxonomy":"post_tag","embeddable":true,"href":"https:\/\/fmpatagoniamadryn.com.ar\/index.php?rest_route=%2Fwp%2Fv2%2Ftags&post=5433"}],"curies":[{"name":"wp","href":"https:\/\/api.w.org\/{rel}","templated":true}]}}