{"id":5436,"date":"2023-08-12T15:13:28","date_gmt":"2023-08-12T18:13:28","guid":{"rendered":"https:\/\/fmpatagoniamadryn.com.ar\/?p=5436"},"modified":"2023-08-12T15:13:37","modified_gmt":"2023-08-12T18:13:37","slug":"trevelin-provincia-avanza-en-la-identificacion-geografica-de-la-torta-negra-galesa","status":"publish","type":"post","link":"https:\/\/fmpatagoniamadryn.com.ar\/?p=5436","title":{"rendered":"Trevelin: Provincia avanza en la Identificaci\u00f3n Geogr\u00e1fica de la Torta Negra Galesa"},"content":{"rendered":"\n<p>Se reunieron productores cordilleranos que realizaron un taller sobre esta iniciativa.<br><br>El Gobierno de Chubut, a trav\u00e9s del Ministerio de Agricultura, Ganader\u00eda, Industria y Comercio, llev\u00f3 adelante esta ma\u00f1ana, en Trevelin, una nueva instancia de taller sobre la Identificaci\u00f3n Geogr\u00e1fica de la Torta Negra Galesa.<br><br>La actividad se desarroll\u00f3 en la tradicional \u201cCasa de T\u00e9 Nain Maggie\u201d y congreg\u00f3 a elaboradores de torta negra galesa residentes en distintas localidades de la cordillera e interesados en el tema.<br><br>El encuentro de hoy, coordinado por la especialista en denominaciones de origen Elena Schiavone, apunt\u00f3 a la diferenciaci\u00f3n y valorizaci\u00f3n de un producto caracter\u00edstico y reconocido a nivel provincial.<br><br>Schiavone destac\u00f3 la participaci\u00f3n de productores de la zona cordillerana, representantes de asociaciones galesas de Trevelin y Esquel y autoridades municipales de la cartera de Turismo.<br><br>La especialista precis\u00f3, asimismo, que el taller est\u00e1 encuadrado en un proyecto presentado por el Ministerio de Agricultura, Ganader\u00eda, Industria y Comercio que cuenta con el acompa\u00f1amiento del Consejo Federal de Inversiones (CFI).<br><br>A su vez, indic\u00f3 que la iniciativa tiene como principal objetivo lograr la diferenciaci\u00f3n y valorizaci\u00f3n de este producto de larga tradici\u00f3n reconocido por su elaboraci\u00f3n originaria en la provincia. \u201cEstamos hablando de algo patrimonial en Chubut\u201d, sostuvo.<br><br>\u201cLa provincia busca que los elaboradores puedan identificar y destacar este producto a partir de un sello de calidad particular que le indique a los consumidores que est\u00e1n frente a una torta negra galesa t\u00edpica\u201d, manifest\u00f3.   <br><br>Cabe recordar que hace unos d\u00edas se llev\u00f3 adelante en la ciudad de Trelew un encuentro de similares caracter\u00edsticas, en este punto Schiavone destac\u00f3 que observa \u201cun gran inter\u00e9s en valorizar la torta negra galesa. Y ese trabajo es el que estamos apoyando\u201d.<br><br>Esta propuesta de Gobierno Provincial apunta a identificar la aut\u00e9ntica torta negra galesa de Chubut, su proceso de elaboraci\u00f3n, con el objetivo trazado de poder generar un sello de calidad, a trav\u00e9s de una Indicaci\u00f3n Geogr\u00e1fica (IG).<\/p>\n","protected":false},"excerpt":{"rendered":"<p>Se reunieron productores cordilleranos que realizaron un taller sobre esta iniciativa. El Gobierno de Chubut, a trav\u00e9s del Ministerio de Agricultura, Ganader\u00eda, Industria y Comercio, llev\u00f3 adelante esta ma\u00f1ana, en&hellip; <\/p>\n","protected":false},"author":3,"featured_media":5435,"comment_status":"closed","ping_status":"closed","sticky":false,"template":"","format":"standard","meta":{"footnotes":""},"categories":[14],"tags":[],"class_list":["post-5436","post","type-post","status-publish","format-standard","has-post-thumbnail","hentry","category-provinciales"],"yoast_head":"<!-- This site is optimized with the Yoast SEO plugin v27.4 - https:\/\/yoast.com\/product\/yoast-seo-wordpress\/ -->\n<title>Trevelin: Provincia avanza en la Identificaci\u00f3n Geogr\u00e1fica de la Torta Negra Galesa - FM Patagonia Madryn<\/title>\n<meta name=\"robots\" content=\"index, follow, max-snippet:-1, max-image-preview:large, max-video-preview:-1\" \/>\n<link rel=\"canonical\" href=\"https:\/\/fmpatagoniamadryn.com.ar\/?p=5436\" \/>\n<meta property=\"og:locale\" content=\"es_ES\" \/>\n<meta property=\"og:type\" content=\"article\" \/>\n<meta property=\"og:title\" content=\"Trevelin: Provincia avanza en la Identificaci\u00f3n Geogr\u00e1fica de la Torta Negra Galesa - FM Patagonia Madryn\" \/>\n<meta property=\"og:description\" content=\"Se reunieron productores cordilleranos que realizaron un taller sobre esta iniciativa. El Gobierno de Chubut, a trav\u00e9s del Ministerio de Agricultura, Ganader\u00eda, Industria y Comercio, llev\u00f3 adelante esta ma\u00f1ana, en&hellip;\" \/>\n<meta property=\"og:url\" content=\"https:\/\/fmpatagoniamadryn.com.ar\/?p=5436\" \/>\n<meta property=\"og:site_name\" content=\"FM Patagonia Madryn\" \/>\n<meta property=\"article:published_time\" content=\"2023-08-12T18:13:28+00:00\" \/>\n<meta property=\"article:modified_time\" content=\"2023-08-12T18:13:37+00:00\" \/>\n<meta property=\"og:image\" content=\"https:\/\/fmpatagoniamadryn.com.ar\/wp-content\/uploads\/2023\/08\/Torta.jpg\" \/>\n\t<meta property=\"og:image:width\" content=\"1280\" \/>\n\t<meta property=\"og:image:height\" content=\"720\" \/>\n\t<meta property=\"og:image:type\" content=\"image\/jpeg\" \/>\n<meta name=\"author\" content=\"FM Patagonia\" \/>\n<meta name=\"twitter:card\" content=\"summary_large_image\" \/>\n<meta name=\"twitter:label1\" content=\"Escrito por\" \/>\n\t<meta name=\"twitter:data1\" content=\"FM Patagonia\" \/>\n\t<meta name=\"twitter:label2\" content=\"Tiempo de lectura\" \/>\n\t<meta name=\"twitter:data2\" content=\"2 minutos\" \/>\n<script type=\"application\/ld+json\" class=\"yoast-schema-graph\">{\"@context\":\"https:\\\/\\\/schema.org\",\"@graph\":[{\"@type\":\"Article\",\"@id\":\"https:\\\/\\\/fmpatagoniamadryn.com.ar\\\/?p=5436#article\",\"isPartOf\":{\"@id\":\"https:\\\/\\\/fmpatagoniamadryn.com.ar\\\/?p=5436\"},\"author\":{\"name\":\"FM Patagonia\",\"@id\":\"https:\\\/\\\/fmpatagoniamadryn.com.ar\\\/#\\\/schema\\\/person\\\/1d968ec613613768e14b4e6420a2b125\"},\"headline\":\"Trevelin: Provincia avanza en la Identificaci\u00f3n Geogr\u00e1fica de la Torta Negra Galesa\",\"datePublished\":\"2023-08-12T18:13:28+00:00\",\"dateModified\":\"2023-08-12T18:13:37+00:00\",\"mainEntityOfPage\":{\"@id\":\"https:\\\/\\\/fmpatagoniamadryn.com.ar\\\/?p=5436\"},\"wordCount\":358,\"publisher\":{\"@id\":\"https:\\\/\\\/fmpatagoniamadryn.com.ar\\\/#organization\"},\"image\":{\"@id\":\"https:\\\/\\\/fmpatagoniamadryn.com.ar\\\/?p=5436#primaryimage\"},\"thumbnailUrl\":\"https:\\\/\\\/fmpatagoniamadryn.com.ar\\\/wp-content\\\/uploads\\\/2023\\\/08\\\/Torta.jpg\",\"articleSection\":[\"Provinciales\"],\"inLanguage\":\"es\"},{\"@type\":\"WebPage\",\"@id\":\"https:\\\/\\\/fmpatagoniamadryn.com.ar\\\/?p=5436\",\"url\":\"https:\\\/\\\/fmpatagoniamadryn.com.ar\\\/?p=5436\",\"name\":\"Trevelin: Provincia avanza en la Identificaci\u00f3n Geogr\u00e1fica de la Torta Negra Galesa - FM Patagonia Madryn\",\"isPartOf\":{\"@id\":\"https:\\\/\\\/fmpatagoniamadryn.com.ar\\\/#website\"},\"primaryImageOfPage\":{\"@id\":\"https:\\\/\\\/fmpatagoniamadryn.com.ar\\\/?p=5436#primaryimage\"},\"image\":{\"@id\":\"https:\\\/\\\/fmpatagoniamadryn.com.ar\\\/?p=5436#primaryimage\"},\"thumbnailUrl\":\"https:\\\/\\\/fmpatagoniamadryn.com.ar\\\/wp-content\\\/uploads\\\/2023\\\/08\\\/Torta.jpg\",\"datePublished\":\"2023-08-12T18:13:28+00:00\",\"dateModified\":\"2023-08-12T18:13:37+00:00\",\"breadcrumb\":{\"@id\":\"https:\\\/\\\/fmpatagoniamadryn.com.ar\\\/?p=5436#breadcrumb\"},\"inLanguage\":\"es\",\"potentialAction\":[{\"@type\":\"ReadAction\",\"target\":[\"https:\\\/\\\/fmpatagoniamadryn.com.ar\\\/?p=5436\"]}]},{\"@type\":\"ImageObject\",\"inLanguage\":\"es\",\"@id\":\"https:\\\/\\\/fmpatagoniamadryn.com.ar\\\/?p=5436#primaryimage\",\"url\":\"https:\\\/\\\/fmpatagoniamadryn.com.ar\\\/wp-content\\\/uploads\\\/2023\\\/08\\\/Torta.jpg\",\"contentUrl\":\"https:\\\/\\\/fmpatagoniamadryn.com.ar\\\/wp-content\\\/uploads\\\/2023\\\/08\\\/Torta.jpg\",\"width\":1280,\"height\":720},{\"@type\":\"BreadcrumbList\",\"@id\":\"https:\\\/\\\/fmpatagoniamadryn.com.ar\\\/?p=5436#breadcrumb\",\"itemListElement\":[{\"@type\":\"ListItem\",\"position\":1,\"name\":\"Portada\",\"item\":\"https:\\\/\\\/fmpatagoniamadryn.com.ar\\\/\"},{\"@type\":\"ListItem\",\"position\":2,\"name\":\"Trevelin: Provincia avanza en la Identificaci\u00f3n Geogr\u00e1fica de la Torta Negra Galesa\"}]},{\"@type\":\"WebSite\",\"@id\":\"https:\\\/\\\/fmpatagoniamadryn.com.ar\\\/#website\",\"url\":\"https:\\\/\\\/fmpatagoniamadryn.com.ar\\\/\",\"name\":\"FM Patagonia Madryn\",\"description\":\"Radio Patagonia 105.5\",\"publisher\":{\"@id\":\"https:\\\/\\\/fmpatagoniamadryn.com.ar\\\/#organization\"},\"potentialAction\":[{\"@type\":\"SearchAction\",\"target\":{\"@type\":\"EntryPoint\",\"urlTemplate\":\"https:\\\/\\\/fmpatagoniamadryn.com.ar\\\/?s={search_term_string}\"},\"query-input\":{\"@type\":\"PropertyValueSpecification\",\"valueRequired\":true,\"valueName\":\"search_term_string\"}}],\"inLanguage\":\"es\"},{\"@type\":\"Organization\",\"@id\":\"https:\\\/\\\/fmpatagoniamadryn.com.ar\\\/#organization\",\"name\":\"FM Patagonia Madryn\",\"url\":\"https:\\\/\\\/fmpatagoniamadryn.com.ar\\\/\",\"logo\":{\"@type\":\"ImageObject\",\"inLanguage\":\"es\",\"@id\":\"https:\\\/\\\/fmpatagoniamadryn.com.ar\\\/#\\\/schema\\\/logo\\\/image\\\/\",\"url\":\"https:\\\/\\\/fmpatagoniamadryn.com.ar\\\/wp-content\\\/uploads\\\/2023\\\/01\\\/cropped-Diseno-sin-titulo.png\",\"contentUrl\":\"https:\\\/\\\/fmpatagoniamadryn.com.ar\\\/wp-content\\\/uploads\\\/2023\\\/01\\\/cropped-Diseno-sin-titulo.png\",\"width\":6911,\"height\":2657,\"caption\":\"FM Patagonia Madryn\"},\"image\":{\"@id\":\"https:\\\/\\\/fmpatagoniamadryn.com.ar\\\/#\\\/schema\\\/logo\\\/image\\\/\"}},{\"@type\":\"Person\",\"@id\":\"https:\\\/\\\/fmpatagoniamadryn.com.ar\\\/#\\\/schema\\\/person\\\/1d968ec613613768e14b4e6420a2b125\",\"name\":\"FM Patagonia\",\"url\":\"https:\\\/\\\/fmpatagoniamadryn.com.ar\\\/?author=3\"}]}<\/script>\n<!-- \/ Yoast SEO plugin. -->","yoast_head_json":{"title":"Trevelin: Provincia avanza en la Identificaci\u00f3n Geogr\u00e1fica de la Torta Negra Galesa - FM Patagonia Madryn","robots":{"index":"index","follow":"follow","max-snippet":"max-snippet:-1","max-image-preview":"max-image-preview:large","max-video-preview":"max-video-preview:-1"},"canonical":"https:\/\/fmpatagoniamadryn.com.ar\/?p=5436","og_locale":"es_ES","og_type":"article","og_title":"Trevelin: Provincia avanza en la Identificaci\u00f3n Geogr\u00e1fica de la Torta Negra Galesa - FM Patagonia Madryn","og_description":"Se reunieron productores cordilleranos que realizaron un taller sobre esta iniciativa. El Gobierno de Chubut, a trav\u00e9s del Ministerio de Agricultura, Ganader\u00eda, Industria y Comercio, llev\u00f3 adelante esta ma\u00f1ana, en&hellip;","og_url":"https:\/\/fmpatagoniamadryn.com.ar\/?p=5436","og_site_name":"FM Patagonia Madryn","article_published_time":"2023-08-12T18:13:28+00:00","article_modified_time":"2023-08-12T18:13:37+00:00","og_image":[{"width":1280,"height":720,"url":"https:\/\/fmpatagoniamadryn.com.ar\/wp-content\/uploads\/2023\/08\/Torta.jpg","type":"image\/jpeg"}],"author":"FM Patagonia","twitter_card":"summary_large_image","twitter_misc":{"Escrito por":"FM Patagonia","Tiempo de lectura":"2 minutos"},"schema":{"@context":"https:\/\/schema.org","@graph":[{"@type":"Article","@id":"https:\/\/fmpatagoniamadryn.com.ar\/?p=5436#article","isPartOf":{"@id":"https:\/\/fmpatagoniamadryn.com.ar\/?p=5436"},"author":{"name":"FM Patagonia","@id":"https:\/\/fmpatagoniamadryn.com.ar\/#\/schema\/person\/1d968ec613613768e14b4e6420a2b125"},"headline":"Trevelin: Provincia avanza en la Identificaci\u00f3n Geogr\u00e1fica de la Torta Negra Galesa","datePublished":"2023-08-12T18:13:28+00:00","dateModified":"2023-08-12T18:13:37+00:00","mainEntityOfPage":{"@id":"https:\/\/fmpatagoniamadryn.com.ar\/?p=5436"},"wordCount":358,"publisher":{"@id":"https:\/\/fmpatagoniamadryn.com.ar\/#organization"},"image":{"@id":"https:\/\/fmpatagoniamadryn.com.ar\/?p=5436#primaryimage"},"thumbnailUrl":"https:\/\/fmpatagoniamadryn.com.ar\/wp-content\/uploads\/2023\/08\/Torta.jpg","articleSection":["Provinciales"],"inLanguage":"es"},{"@type":"WebPage","@id":"https:\/\/fmpatagoniamadryn.com.ar\/?p=5436","url":"https:\/\/fmpatagoniamadryn.com.ar\/?p=5436","name":"Trevelin: Provincia avanza en la Identificaci\u00f3n Geogr\u00e1fica de la Torta Negra Galesa - FM Patagonia Madryn","isPartOf":{"@id":"https:\/\/fmpatagoniamadryn.com.ar\/#website"},"primaryImageOfPage":{"@id":"https:\/\/fmpatagoniamadryn.com.ar\/?p=5436#primaryimage"},"image":{"@id":"https:\/\/fmpatagoniamadryn.com.ar\/?p=5436#primaryimage"},"thumbnailUrl":"https:\/\/fmpatagoniamadryn.com.ar\/wp-content\/uploads\/2023\/08\/Torta.jpg","datePublished":"2023-08-12T18:13:28+00:00","dateModified":"2023-08-12T18:13:37+00:00","breadcrumb":{"@id":"https:\/\/fmpatagoniamadryn.com.ar\/?p=5436#breadcrumb"},"inLanguage":"es","potentialAction":[{"@type":"ReadAction","target":["https:\/\/fmpatagoniamadryn.com.ar\/?p=5436"]}]},{"@type":"ImageObject","inLanguage":"es","@id":"https:\/\/fmpatagoniamadryn.com.ar\/?p=5436#primaryimage","url":"https:\/\/fmpatagoniamadryn.com.ar\/wp-content\/uploads\/2023\/08\/Torta.jpg","contentUrl":"https:\/\/fmpatagoniamadryn.com.ar\/wp-content\/uploads\/2023\/08\/Torta.jpg","width":1280,"height":720},{"@type":"BreadcrumbList","@id":"https:\/\/fmpatagoniamadryn.com.ar\/?p=5436#breadcrumb","itemListElement":[{"@type":"ListItem","position":1,"name":"Portada","item":"https:\/\/fmpatagoniamadryn.com.ar\/"},{"@type":"ListItem","position":2,"name":"Trevelin: Provincia avanza en la Identificaci\u00f3n Geogr\u00e1fica de la Torta Negra Galesa"}]},{"@type":"WebSite","@id":"https:\/\/fmpatagoniamadryn.com.ar\/#website","url":"https:\/\/fmpatagoniamadryn.com.ar\/","name":"FM Patagonia Madryn","description":"Radio Patagonia 105.5","publisher":{"@id":"https:\/\/fmpatagoniamadryn.com.ar\/#organization"},"potentialAction":[{"@type":"SearchAction","target":{"@type":"EntryPoint","urlTemplate":"https:\/\/fmpatagoniamadryn.com.ar\/?s={search_term_string}"},"query-input":{"@type":"PropertyValueSpecification","valueRequired":true,"valueName":"search_term_string"}}],"inLanguage":"es"},{"@type":"Organization","@id":"https:\/\/fmpatagoniamadryn.com.ar\/#organization","name":"FM Patagonia Madryn","url":"https:\/\/fmpatagoniamadryn.com.ar\/","logo":{"@type":"ImageObject","inLanguage":"es","@id":"https:\/\/fmpatagoniamadryn.com.ar\/#\/schema\/logo\/image\/","url":"https:\/\/fmpatagoniamadryn.com.ar\/wp-content\/uploads\/2023\/01\/cropped-Diseno-sin-titulo.png","contentUrl":"https:\/\/fmpatagoniamadryn.com.ar\/wp-content\/uploads\/2023\/01\/cropped-Diseno-sin-titulo.png","width":6911,"height":2657,"caption":"FM Patagonia Madryn"},"image":{"@id":"https:\/\/fmpatagoniamadryn.com.ar\/#\/schema\/logo\/image\/"}},{"@type":"Person","@id":"https:\/\/fmpatagoniamadryn.com.ar\/#\/schema\/person\/1d968ec613613768e14b4e6420a2b125","name":"FM Patagonia","url":"https:\/\/fmpatagoniamadryn.com.ar\/?author=3"}]}},"jetpack_featured_media_url":"https:\/\/fmpatagoniamadryn.com.ar\/wp-content\/uploads\/2023\/08\/Torta.jpg","_links":{"self":[{"href":"https:\/\/fmpatagoniamadryn.com.ar\/index.php?rest_route=\/wp\/v2\/posts\/5436","targetHints":{"allow":["GET"]}}],"collection":[{"href":"https:\/\/fmpatagoniamadryn.com.ar\/index.php?rest_route=\/wp\/v2\/posts"}],"about":[{"href":"https:\/\/fmpatagoniamadryn.com.ar\/index.php?rest_route=\/wp\/v2\/types\/post"}],"author":[{"embeddable":true,"href":"https:\/\/fmpatagoniamadryn.com.ar\/index.php?rest_route=\/wp\/v2\/users\/3"}],"replies":[{"embeddable":true,"href":"https:\/\/fmpatagoniamadryn.com.ar\/index.php?rest_route=%2Fwp%2Fv2%2Fcomments&post=5436"}],"version-history":[{"count":1,"href":"https:\/\/fmpatagoniamadryn.com.ar\/index.php?rest_route=\/wp\/v2\/posts\/5436\/revisions"}],"predecessor-version":[{"id":5437,"href":"https:\/\/fmpatagoniamadryn.com.ar\/index.php?rest_route=\/wp\/v2\/posts\/5436\/revisions\/5437"}],"wp:featuredmedia":[{"embeddable":true,"href":"https:\/\/fmpatagoniamadryn.com.ar\/index.php?rest_route=\/wp\/v2\/media\/5435"}],"wp:attachment":[{"href":"https:\/\/fmpatagoniamadryn.com.ar\/index.php?rest_route=%2Fwp%2Fv2%2Fmedia&parent=5436"}],"wp:term":[{"taxonomy":"category","embeddable":true,"href":"https:\/\/fmpatagoniamadryn.com.ar\/index.php?rest_route=%2Fwp%2Fv2%2Fcategories&post=5436"},{"taxonomy":"post_tag","embeddable":true,"href":"https:\/\/fmpatagoniamadryn.com.ar\/index.php?rest_route=%2Fwp%2Fv2%2Ftags&post=5436"}],"curies":[{"name":"wp","href":"https:\/\/api.w.org\/{rel}","templated":true}]}}