{"id":5439,"date":"2023-08-12T15:15:38","date_gmt":"2023-08-12T18:15:38","guid":{"rendered":"https:\/\/fmpatagoniamadryn.com.ar\/?p=5439"},"modified":"2023-08-12T15:15:48","modified_gmt":"2023-08-12T18:15:48","slug":"doble-trocha-conciliacion-y-se-retrotraen-los-despidosel-inicio-de-la-conciliacion-obligatoria-marca-que-se-deberan-dejar-in-efecto-los-telegramas-de-despidos","status":"publish","type":"post","link":"https:\/\/fmpatagoniamadryn.com.ar\/?p=5439","title":{"rendered":"Doble Trocha: conciliaci\u00f3n y se retrotraen los despidos<br>El inicio de la conciliaci\u00f3n obligatoria marca que se deber\u00e1n dejar in efecto los telegramas de despidos ."},"content":{"rendered":"\n<p>Como estaba previsto, este viernes por la ma\u00f1ana se realiz\u00f3 la primera audiencia en el marco de conciliaci\u00f3n obligatoria decretada por la Secretar\u00eda de Trabajo de Chubut en el conflicto de la obra de la doble trocha.<br><br>Las autoridades gremiales concurrieron a la hora se\u00f1alada a la delegaci\u00f3n laboral de Puerto Madryn, as\u00ed como tambi\u00e9n el representante legal de la firma Rigel. De esta forma, la empresa adjudicataria de los trabajos acat\u00f3 la conciliaci\u00f3n obligatoria que apunt\u00f3 a generar un marco de di\u00e1logo y retrotraer los 20 despidos al d\u00eda anterior de iniciado el conflicto.<br><br>Nuevas tareas<br><br>Desde el gremio se indic\u00f3 que la contratista deber\u00e1 asignar nuevas tareas al personal mientras tanto transcurra la conciliaci\u00f3n obligatoria y el per\u00edodo de veda invernal que se impuso y que gener\u00f3 el conflicto entre las partes.<br><br>En el \u00e1mbito laboral el representante de la firma remarc\u00f3 que la veda invernal fue autorizada por Vialidad Nacional y desde all\u00ed la decisi\u00f3n de cesantear a los trabajadores. No obstante ello, se dej\u00f3 constancia en el acta de la voluntad de la firma reincorporar a los 20 operarios una vez levantada la veda. Junto a ello, puntualiz\u00f3 que ya fue solicitado el plazo de ampliaci\u00f3n para la ejecuci\u00f3n de los trabajos en el tramo que resta de la autov\u00eda Trelew- Puerto Madryn.<br><br>Sin despidos<br><br>Desde el gremio se indic\u00f3 que el pedido de veda temporal fue realizado en forma extempor\u00e1nea, adem\u00e1s de solicitar que se dejen sin efecto los despidos y se le asigne otra tarea a este personal hasta tanto concluya el per\u00edodo que impide colocar la carpeta asf\u00e1ltica. Desde la autoridad laboral se fij\u00f3 para el martes 15 de agosto, a las 10, una nueva audiencia donde la firma deber\u00e1 presentar la documentaci\u00f3n donde conste el per\u00edodo que comprende la veda invernal. Esto porque en ning\u00fan escrito presentado se deja constancia el momento de su inici\u00f3 y su finalizaci\u00f3n.<\/p>\n","protected":false},"excerpt":{"rendered":"<p>Como estaba previsto, este viernes por la ma\u00f1ana se realiz\u00f3 la primera audiencia en el marco de conciliaci\u00f3n obligatoria decretada por la Secretar\u00eda de Trabajo de Chubut en el conflicto&hellip; <\/p>\n","protected":false},"author":3,"featured_media":5438,"comment_status":"closed","ping_status":"closed","sticky":false,"template":"","format":"standard","meta":{"footnotes":""},"categories":[15],"tags":[],"class_list":["post-5439","post","type-post","status-publish","format-standard","has-post-thumbnail","hentry","category-locales"],"yoast_head":"<!-- This site is optimized with the Yoast SEO plugin v27.4 - https:\/\/yoast.com\/product\/yoast-seo-wordpress\/ -->\n<title>Doble Trocha: conciliaci\u00f3n y se retrotraen los despidosEl inicio de la conciliaci\u00f3n obligatoria marca que se deber\u00e1n dejar in efecto los telegramas de despidos . - FM Patagonia Madryn<\/title>\n<meta name=\"robots\" content=\"index, follow, max-snippet:-1, max-image-preview:large, max-video-preview:-1\" \/>\n<link rel=\"canonical\" href=\"https:\/\/fmpatagoniamadryn.com.ar\/?p=5439\" \/>\n<meta property=\"og:locale\" content=\"es_ES\" \/>\n<meta property=\"og:type\" content=\"article\" \/>\n<meta property=\"og:title\" content=\"Doble Trocha: conciliaci\u00f3n y se retrotraen los despidosEl inicio de la conciliaci\u00f3n obligatoria marca que se deber\u00e1n dejar in efecto los telegramas de despidos . - FM Patagonia Madryn\" \/>\n<meta property=\"og:description\" content=\"Como estaba previsto, este viernes por la ma\u00f1ana se realiz\u00f3 la primera audiencia en el marco de conciliaci\u00f3n obligatoria decretada por la Secretar\u00eda de Trabajo de Chubut en el conflicto&hellip;\" \/>\n<meta property=\"og:url\" content=\"https:\/\/fmpatagoniamadryn.com.ar\/?p=5439\" \/>\n<meta property=\"og:site_name\" content=\"FM Patagonia Madryn\" \/>\n<meta property=\"article:published_time\" content=\"2023-08-12T18:15:38+00:00\" \/>\n<meta property=\"article:modified_time\" content=\"2023-08-12T18:15:48+00:00\" \/>\n<meta property=\"og:image\" content=\"https:\/\/fmpatagoniamadryn.com.ar\/wp-content\/uploads\/2023\/08\/FB_IMG_1691864115082.jpg\" \/>\n\t<meta property=\"og:image:width\" content=\"600\" \/>\n\t<meta property=\"og:image:height\" content=\"401\" \/>\n\t<meta property=\"og:image:type\" content=\"image\/jpeg\" \/>\n<meta name=\"author\" content=\"FM Patagonia\" \/>\n<meta name=\"twitter:card\" content=\"summary_large_image\" \/>\n<meta name=\"twitter:label1\" content=\"Escrito por\" \/>\n\t<meta name=\"twitter:data1\" content=\"FM Patagonia\" \/>\n\t<meta name=\"twitter:label2\" content=\"Tiempo de lectura\" \/>\n\t<meta name=\"twitter:data2\" content=\"2 minutos\" \/>\n<script type=\"application\/ld+json\" class=\"yoast-schema-graph\">{\"@context\":\"https:\\\/\\\/schema.org\",\"@graph\":[{\"@type\":\"Article\",\"@id\":\"https:\\\/\\\/fmpatagoniamadryn.com.ar\\\/?p=5439#article\",\"isPartOf\":{\"@id\":\"https:\\\/\\\/fmpatagoniamadryn.com.ar\\\/?p=5439\"},\"author\":{\"name\":\"FM Patagonia\",\"@id\":\"https:\\\/\\\/fmpatagoniamadryn.com.ar\\\/#\\\/schema\\\/person\\\/1d968ec613613768e14b4e6420a2b125\"},\"headline\":\"Doble Trocha: conciliaci\u00f3n y se retrotraen los despidos El inicio de la conciliaci\u00f3n obligatoria marca que se deber\u00e1n dejar in efecto los telegramas de despidos .\",\"datePublished\":\"2023-08-12T18:15:38+00:00\",\"dateModified\":\"2023-08-12T18:15:48+00:00\",\"mainEntityOfPage\":{\"@id\":\"https:\\\/\\\/fmpatagoniamadryn.com.ar\\\/?p=5439\"},\"wordCount\":362,\"publisher\":{\"@id\":\"https:\\\/\\\/fmpatagoniamadryn.com.ar\\\/#organization\"},\"image\":{\"@id\":\"https:\\\/\\\/fmpatagoniamadryn.com.ar\\\/?p=5439#primaryimage\"},\"thumbnailUrl\":\"https:\\\/\\\/fmpatagoniamadryn.com.ar\\\/wp-content\\\/uploads\\\/2023\\\/08\\\/FB_IMG_1691864115082.jpg\",\"articleSection\":[\"Locales\"],\"inLanguage\":\"es\"},{\"@type\":\"WebPage\",\"@id\":\"https:\\\/\\\/fmpatagoniamadryn.com.ar\\\/?p=5439\",\"url\":\"https:\\\/\\\/fmpatagoniamadryn.com.ar\\\/?p=5439\",\"name\":\"Doble Trocha: conciliaci\u00f3n y se retrotraen los despidos El inicio de la conciliaci\u00f3n obligatoria marca que se deber\u00e1n dejar in efecto los telegramas de despidos . - FM Patagonia Madryn\",\"isPartOf\":{\"@id\":\"https:\\\/\\\/fmpatagoniamadryn.com.ar\\\/#website\"},\"primaryImageOfPage\":{\"@id\":\"https:\\\/\\\/fmpatagoniamadryn.com.ar\\\/?p=5439#primaryimage\"},\"image\":{\"@id\":\"https:\\\/\\\/fmpatagoniamadryn.com.ar\\\/?p=5439#primaryimage\"},\"thumbnailUrl\":\"https:\\\/\\\/fmpatagoniamadryn.com.ar\\\/wp-content\\\/uploads\\\/2023\\\/08\\\/FB_IMG_1691864115082.jpg\",\"datePublished\":\"2023-08-12T18:15:38+00:00\",\"dateModified\":\"2023-08-12T18:15:48+00:00\",\"breadcrumb\":{\"@id\":\"https:\\\/\\\/fmpatagoniamadryn.com.ar\\\/?p=5439#breadcrumb\"},\"inLanguage\":\"es\",\"potentialAction\":[{\"@type\":\"ReadAction\",\"target\":[\"https:\\\/\\\/fmpatagoniamadryn.com.ar\\\/?p=5439\"]}]},{\"@type\":\"ImageObject\",\"inLanguage\":\"es\",\"@id\":\"https:\\\/\\\/fmpatagoniamadryn.com.ar\\\/?p=5439#primaryimage\",\"url\":\"https:\\\/\\\/fmpatagoniamadryn.com.ar\\\/wp-content\\\/uploads\\\/2023\\\/08\\\/FB_IMG_1691864115082.jpg\",\"contentUrl\":\"https:\\\/\\\/fmpatagoniamadryn.com.ar\\\/wp-content\\\/uploads\\\/2023\\\/08\\\/FB_IMG_1691864115082.jpg\",\"width\":600,\"height\":401},{\"@type\":\"BreadcrumbList\",\"@id\":\"https:\\\/\\\/fmpatagoniamadryn.com.ar\\\/?p=5439#breadcrumb\",\"itemListElement\":[{\"@type\":\"ListItem\",\"position\":1,\"name\":\"Portada\",\"item\":\"https:\\\/\\\/fmpatagoniamadryn.com.ar\\\/\"},{\"@type\":\"ListItem\",\"position\":2,\"name\":\"Doble Trocha: conciliaci\u00f3n y se retrotraen los despidosEl inicio de la conciliaci\u00f3n obligatoria marca que se deber\u00e1n dejar in efecto los telegramas de despidos .\"}]},{\"@type\":\"WebSite\",\"@id\":\"https:\\\/\\\/fmpatagoniamadryn.com.ar\\\/#website\",\"url\":\"https:\\\/\\\/fmpatagoniamadryn.com.ar\\\/\",\"name\":\"FM Patagonia Madryn\",\"description\":\"Radio Patagonia 105.5\",\"publisher\":{\"@id\":\"https:\\\/\\\/fmpatagoniamadryn.com.ar\\\/#organization\"},\"potentialAction\":[{\"@type\":\"SearchAction\",\"target\":{\"@type\":\"EntryPoint\",\"urlTemplate\":\"https:\\\/\\\/fmpatagoniamadryn.com.ar\\\/?s={search_term_string}\"},\"query-input\":{\"@type\":\"PropertyValueSpecification\",\"valueRequired\":true,\"valueName\":\"search_term_string\"}}],\"inLanguage\":\"es\"},{\"@type\":\"Organization\",\"@id\":\"https:\\\/\\\/fmpatagoniamadryn.com.ar\\\/#organization\",\"name\":\"FM Patagonia Madryn\",\"url\":\"https:\\\/\\\/fmpatagoniamadryn.com.ar\\\/\",\"logo\":{\"@type\":\"ImageObject\",\"inLanguage\":\"es\",\"@id\":\"https:\\\/\\\/fmpatagoniamadryn.com.ar\\\/#\\\/schema\\\/logo\\\/image\\\/\",\"url\":\"https:\\\/\\\/fmpatagoniamadryn.com.ar\\\/wp-content\\\/uploads\\\/2023\\\/01\\\/cropped-Diseno-sin-titulo.png\",\"contentUrl\":\"https:\\\/\\\/fmpatagoniamadryn.com.ar\\\/wp-content\\\/uploads\\\/2023\\\/01\\\/cropped-Diseno-sin-titulo.png\",\"width\":6911,\"height\":2657,\"caption\":\"FM Patagonia Madryn\"},\"image\":{\"@id\":\"https:\\\/\\\/fmpatagoniamadryn.com.ar\\\/#\\\/schema\\\/logo\\\/image\\\/\"}},{\"@type\":\"Person\",\"@id\":\"https:\\\/\\\/fmpatagoniamadryn.com.ar\\\/#\\\/schema\\\/person\\\/1d968ec613613768e14b4e6420a2b125\",\"name\":\"FM Patagonia\",\"url\":\"https:\\\/\\\/fmpatagoniamadryn.com.ar\\\/?author=3\"}]}<\/script>\n<!-- \/ Yoast SEO plugin. -->","yoast_head_json":{"title":"Doble Trocha: conciliaci\u00f3n y se retrotraen los despidosEl inicio de la conciliaci\u00f3n obligatoria marca que se deber\u00e1n dejar in efecto los telegramas de despidos . - FM Patagonia Madryn","robots":{"index":"index","follow":"follow","max-snippet":"max-snippet:-1","max-image-preview":"max-image-preview:large","max-video-preview":"max-video-preview:-1"},"canonical":"https:\/\/fmpatagoniamadryn.com.ar\/?p=5439","og_locale":"es_ES","og_type":"article","og_title":"Doble Trocha: conciliaci\u00f3n y se retrotraen los despidosEl inicio de la conciliaci\u00f3n obligatoria marca que se deber\u00e1n dejar in efecto los telegramas de despidos . - FM Patagonia Madryn","og_description":"Como estaba previsto, este viernes por la ma\u00f1ana se realiz\u00f3 la primera audiencia en el marco de conciliaci\u00f3n obligatoria decretada por la Secretar\u00eda de Trabajo de Chubut en el conflicto&hellip;","og_url":"https:\/\/fmpatagoniamadryn.com.ar\/?p=5439","og_site_name":"FM Patagonia Madryn","article_published_time":"2023-08-12T18:15:38+00:00","article_modified_time":"2023-08-12T18:15:48+00:00","og_image":[{"width":600,"height":401,"url":"https:\/\/fmpatagoniamadryn.com.ar\/wp-content\/uploads\/2023\/08\/FB_IMG_1691864115082.jpg","type":"image\/jpeg"}],"author":"FM Patagonia","twitter_card":"summary_large_image","twitter_misc":{"Escrito por":"FM Patagonia","Tiempo de lectura":"2 minutos"},"schema":{"@context":"https:\/\/schema.org","@graph":[{"@type":"Article","@id":"https:\/\/fmpatagoniamadryn.com.ar\/?p=5439#article","isPartOf":{"@id":"https:\/\/fmpatagoniamadryn.com.ar\/?p=5439"},"author":{"name":"FM Patagonia","@id":"https:\/\/fmpatagoniamadryn.com.ar\/#\/schema\/person\/1d968ec613613768e14b4e6420a2b125"},"headline":"Doble Trocha: conciliaci\u00f3n y se retrotraen los despidos El inicio de la conciliaci\u00f3n obligatoria marca que se deber\u00e1n dejar in efecto los telegramas de despidos .","datePublished":"2023-08-12T18:15:38+00:00","dateModified":"2023-08-12T18:15:48+00:00","mainEntityOfPage":{"@id":"https:\/\/fmpatagoniamadryn.com.ar\/?p=5439"},"wordCount":362,"publisher":{"@id":"https:\/\/fmpatagoniamadryn.com.ar\/#organization"},"image":{"@id":"https:\/\/fmpatagoniamadryn.com.ar\/?p=5439#primaryimage"},"thumbnailUrl":"https:\/\/fmpatagoniamadryn.com.ar\/wp-content\/uploads\/2023\/08\/FB_IMG_1691864115082.jpg","articleSection":["Locales"],"inLanguage":"es"},{"@type":"WebPage","@id":"https:\/\/fmpatagoniamadryn.com.ar\/?p=5439","url":"https:\/\/fmpatagoniamadryn.com.ar\/?p=5439","name":"Doble Trocha: conciliaci\u00f3n y se retrotraen los despidos El inicio de la conciliaci\u00f3n obligatoria marca que se deber\u00e1n dejar in efecto los telegramas de despidos . - FM Patagonia Madryn","isPartOf":{"@id":"https:\/\/fmpatagoniamadryn.com.ar\/#website"},"primaryImageOfPage":{"@id":"https:\/\/fmpatagoniamadryn.com.ar\/?p=5439#primaryimage"},"image":{"@id":"https:\/\/fmpatagoniamadryn.com.ar\/?p=5439#primaryimage"},"thumbnailUrl":"https:\/\/fmpatagoniamadryn.com.ar\/wp-content\/uploads\/2023\/08\/FB_IMG_1691864115082.jpg","datePublished":"2023-08-12T18:15:38+00:00","dateModified":"2023-08-12T18:15:48+00:00","breadcrumb":{"@id":"https:\/\/fmpatagoniamadryn.com.ar\/?p=5439#breadcrumb"},"inLanguage":"es","potentialAction":[{"@type":"ReadAction","target":["https:\/\/fmpatagoniamadryn.com.ar\/?p=5439"]}]},{"@type":"ImageObject","inLanguage":"es","@id":"https:\/\/fmpatagoniamadryn.com.ar\/?p=5439#primaryimage","url":"https:\/\/fmpatagoniamadryn.com.ar\/wp-content\/uploads\/2023\/08\/FB_IMG_1691864115082.jpg","contentUrl":"https:\/\/fmpatagoniamadryn.com.ar\/wp-content\/uploads\/2023\/08\/FB_IMG_1691864115082.jpg","width":600,"height":401},{"@type":"BreadcrumbList","@id":"https:\/\/fmpatagoniamadryn.com.ar\/?p=5439#breadcrumb","itemListElement":[{"@type":"ListItem","position":1,"name":"Portada","item":"https:\/\/fmpatagoniamadryn.com.ar\/"},{"@type":"ListItem","position":2,"name":"Doble Trocha: conciliaci\u00f3n y se retrotraen los despidosEl inicio de la conciliaci\u00f3n obligatoria marca que se deber\u00e1n dejar in efecto los telegramas de despidos ."}]},{"@type":"WebSite","@id":"https:\/\/fmpatagoniamadryn.com.ar\/#website","url":"https:\/\/fmpatagoniamadryn.com.ar\/","name":"FM Patagonia Madryn","description":"Radio Patagonia 105.5","publisher":{"@id":"https:\/\/fmpatagoniamadryn.com.ar\/#organization"},"potentialAction":[{"@type":"SearchAction","target":{"@type":"EntryPoint","urlTemplate":"https:\/\/fmpatagoniamadryn.com.ar\/?s={search_term_string}"},"query-input":{"@type":"PropertyValueSpecification","valueRequired":true,"valueName":"search_term_string"}}],"inLanguage":"es"},{"@type":"Organization","@id":"https:\/\/fmpatagoniamadryn.com.ar\/#organization","name":"FM Patagonia Madryn","url":"https:\/\/fmpatagoniamadryn.com.ar\/","logo":{"@type":"ImageObject","inLanguage":"es","@id":"https:\/\/fmpatagoniamadryn.com.ar\/#\/schema\/logo\/image\/","url":"https:\/\/fmpatagoniamadryn.com.ar\/wp-content\/uploads\/2023\/01\/cropped-Diseno-sin-titulo.png","contentUrl":"https:\/\/fmpatagoniamadryn.com.ar\/wp-content\/uploads\/2023\/01\/cropped-Diseno-sin-titulo.png","width":6911,"height":2657,"caption":"FM Patagonia Madryn"},"image":{"@id":"https:\/\/fmpatagoniamadryn.com.ar\/#\/schema\/logo\/image\/"}},{"@type":"Person","@id":"https:\/\/fmpatagoniamadryn.com.ar\/#\/schema\/person\/1d968ec613613768e14b4e6420a2b125","name":"FM Patagonia","url":"https:\/\/fmpatagoniamadryn.com.ar\/?author=3"}]}},"jetpack_featured_media_url":"https:\/\/fmpatagoniamadryn.com.ar\/wp-content\/uploads\/2023\/08\/FB_IMG_1691864115082.jpg","_links":{"self":[{"href":"https:\/\/fmpatagoniamadryn.com.ar\/index.php?rest_route=\/wp\/v2\/posts\/5439","targetHints":{"allow":["GET"]}}],"collection":[{"href":"https:\/\/fmpatagoniamadryn.com.ar\/index.php?rest_route=\/wp\/v2\/posts"}],"about":[{"href":"https:\/\/fmpatagoniamadryn.com.ar\/index.php?rest_route=\/wp\/v2\/types\/post"}],"author":[{"embeddable":true,"href":"https:\/\/fmpatagoniamadryn.com.ar\/index.php?rest_route=\/wp\/v2\/users\/3"}],"replies":[{"embeddable":true,"href":"https:\/\/fmpatagoniamadryn.com.ar\/index.php?rest_route=%2Fwp%2Fv2%2Fcomments&post=5439"}],"version-history":[{"count":1,"href":"https:\/\/fmpatagoniamadryn.com.ar\/index.php?rest_route=\/wp\/v2\/posts\/5439\/revisions"}],"predecessor-version":[{"id":5440,"href":"https:\/\/fmpatagoniamadryn.com.ar\/index.php?rest_route=\/wp\/v2\/posts\/5439\/revisions\/5440"}],"wp:featuredmedia":[{"embeddable":true,"href":"https:\/\/fmpatagoniamadryn.com.ar\/index.php?rest_route=\/wp\/v2\/media\/5438"}],"wp:attachment":[{"href":"https:\/\/fmpatagoniamadryn.com.ar\/index.php?rest_route=%2Fwp%2Fv2%2Fmedia&parent=5439"}],"wp:term":[{"taxonomy":"category","embeddable":true,"href":"https:\/\/fmpatagoniamadryn.com.ar\/index.php?rest_route=%2Fwp%2Fv2%2Fcategories&post=5439"},{"taxonomy":"post_tag","embeddable":true,"href":"https:\/\/fmpatagoniamadryn.com.ar\/index.php?rest_route=%2Fwp%2Fv2%2Ftags&post=5439"}],"curies":[{"name":"wp","href":"https:\/\/api.w.org\/{rel}","templated":true}]}}