{"id":5448,"date":"2023-08-13T18:29:41","date_gmt":"2023-08-13T21:29:41","guid":{"rendered":"https:\/\/fmpatagoniamadryn.com.ar\/?p=5448"},"modified":"2023-08-13T18:30:24","modified_gmt":"2023-08-13T21:30:24","slug":"la-universidad-del-chubut-celebro-a-los-nuevos-profesionales-de-enfermeria-en-puerto-madryn","status":"publish","type":"post","link":"https:\/\/fmpatagoniamadryn.com.ar\/?p=5448","title":{"rendered":"La Universidad del Chubut celebr\u00f3 a los nuevos profesionales de enfermer\u00eda en Puerto Madryn"},"content":{"rendered":"\n<p><\/p>\n\n\n\n<p><em>En una emotiva ceremonia encabezada por autoridades de la UDC, se celebr\u00f3 la graduaci\u00f3n de 6 nuevos profesionales de Enfermer\u00eda durante la X Colaci\u00f3n de Grados.<\/em><\/p>\n\n\n\n<p>Durante la tarde del d\u00eda viernes, la Universidad del Chubut (UDC) llev\u00f3 a cabo la ceremonia de la X Colaci\u00f3n de Grados, con la entrega de diplomas a 6 nuevos profesionales de la carrera de Enfermer\u00eda perteneciente a Extensi\u00f3n \u00c1ulica de Puerto Madryn.<\/p>\n\n\n\n<p>De la ceremonia participaron la rectora de la UDC, Graciela Di Perna; el vicerrector Fernando Menchi; el secretario acad\u00e9mico, Aldo Ana; la directora de la Escuela de Salud Social y Comunitaria, Marcela Freytes; y el director de la Escuela de Producci\u00f3n, Ambiente y Desarrollo Sostenible, Pablo Rimoldi. Adem\u00e1s, cont\u00f3 con la presencia del subsecretario de Atenci\u00f3n Primaria de la Salud de Puerto Madryn, Roberto Neme; docentes, coordinadores de carreras, estudiantes y la comunidad universitaria.<\/p>\n\n\n\n<p>En su discurso dirigido a los nuevos profesionales, Graciela Di Perna destac\u00f3 el esfuerzo y dedicaci\u00f3n de las y los egresados, destacando que \u201cpara muchos de ustedes, los \u00faltimos a\u00f1os en la universidad fueron posibles gracias a sus familias, a sus profesores y a sus amigos. Fue una experiencia compartida, por lo cual la felicitaci\u00f3n tambi\u00e9n debe llegar no solo a ustedes, sino a todos ellos\u201d.<\/p>\n\n\n\n<p>A su vez, Marcela Freytes se\u00f1al\u00f3 que \u201cla labor que se ha hecho en esta Extensi\u00f3n \u00c1ulica no tiene que ver \u00fanicamente con asimilar un mont\u00f3n de conocimientos, sino con demostrar poseer una actitud de respeto a los derechos humanos, y de tener sensibilidad frente a las necesidades de nuestras comunidades, sobre todo frente a una profesi\u00f3n tan fundamental para los sistemas de salud como lo es la enfermer\u00eda\u201d.<\/p>\n\n\n\n<p>\u201cNos llena de orgullo poder acompa\u00f1ar a los nuevos profesionales que egresan de nuestra universidad, que fue creada con una misi\u00f3n muy clara, que es responder a las necesidades de nuestros territorios\u201d, puntualiz\u00f3 la directora de la Escuela de Salud Social y Comunitaria de la UDC.<\/p>\n\n\n\n<p><strong>Agradecimientos<\/strong><\/p>\n\n\n\n<p>Las flamantes egresadas Thal\u00eda Bel\u00e9n Rotondo y Mercedes V\u00e1zquez, brindaron unas palabras emotivas a los presentes, agradeciendo a las autoridades de la UDC, compa\u00f1eras y compa\u00f1eros. \u201cHoy miramos hacia atr\u00e1s y podemos decir muy orgullosas que hemos llegado a una meta y que nos alegra que todo fuera tal y como fue, porque cada vivencia nos ha dejado grandes momentos marcados. Tenemos la satisfacci\u00f3n inmensa de haber culminado una etapa para iniciar otra con muchas experiencias nuevas por delante\u201d.<\/p>\n\n\n\n<p><strong>X Colaci\u00f3n de Grados en Esquel<\/strong><\/p>\n\n\n\n<p>El viernes 25 de agosto a las 12 horas, culminar\u00e1 la X Colaci\u00f3n de Grados UDC en el Auditorio de la Extensi\u00f3n \u00c1ulica de Esquel donde 15 egresados y egresadas de diversas carreras recibir\u00e1n su t\u00edtulo por terminar sus estudios en la Universidad Provincial. De esta manera, se reconocer\u00e1 la trayectoria a los 72 nuevos profesionales de la provincia que finalizaron su formaci\u00f3n acad\u00e9mica.<\/p>\n","protected":false},"excerpt":{"rendered":"<p>En una emotiva ceremonia encabezada por autoridades de la UDC, se celebr\u00f3 la graduaci\u00f3n de 6 nuevos profesionales de Enfermer\u00eda durante la X Colaci\u00f3n de Grados. Durante la tarde del&hellip; <\/p>\n","protected":false},"author":3,"featured_media":5447,"comment_status":"closed","ping_status":"closed","sticky":false,"template":"","format":"standard","meta":{"footnotes":""},"categories":[14],"tags":[],"class_list":["post-5448","post","type-post","status-publish","format-standard","has-post-thumbnail","hentry","category-provinciales"],"yoast_head":"<!-- This site is optimized with the Yoast SEO plugin v27.4 - https:\/\/yoast.com\/product\/yoast-seo-wordpress\/ -->\n<title>La Universidad del Chubut celebr\u00f3 a los nuevos profesionales de enfermer\u00eda en Puerto Madryn - FM Patagonia Madryn<\/title>\n<meta name=\"robots\" content=\"index, follow, max-snippet:-1, max-image-preview:large, max-video-preview:-1\" \/>\n<link rel=\"canonical\" href=\"https:\/\/fmpatagoniamadryn.com.ar\/?p=5448\" \/>\n<meta property=\"og:locale\" content=\"es_ES\" \/>\n<meta property=\"og:type\" content=\"article\" \/>\n<meta property=\"og:title\" content=\"La Universidad del Chubut celebr\u00f3 a los nuevos profesionales de enfermer\u00eda en Puerto Madryn - FM Patagonia Madryn\" \/>\n<meta property=\"og:description\" content=\"En una emotiva ceremonia encabezada por autoridades de la UDC, se celebr\u00f3 la graduaci\u00f3n de 6 nuevos profesionales de Enfermer\u00eda durante la X Colaci\u00f3n de Grados. Durante la tarde del&hellip;\" \/>\n<meta property=\"og:url\" content=\"https:\/\/fmpatagoniamadryn.com.ar\/?p=5448\" \/>\n<meta property=\"og:site_name\" content=\"FM Patagonia Madryn\" \/>\n<meta property=\"article:published_time\" content=\"2023-08-13T21:29:41+00:00\" \/>\n<meta property=\"article:modified_time\" content=\"2023-08-13T21:30:24+00:00\" \/>\n<meta property=\"og:image\" content=\"https:\/\/fmpatagoniamadryn.com.ar\/wp-content\/uploads\/2023\/08\/Puerto-Madryn-X-Colacion-de-Grados-1-scaled.jpg\" \/>\n\t<meta property=\"og:image:width\" content=\"2560\" \/>\n\t<meta property=\"og:image:height\" content=\"1707\" \/>\n\t<meta property=\"og:image:type\" content=\"image\/jpeg\" \/>\n<meta name=\"author\" content=\"FM Patagonia\" \/>\n<meta name=\"twitter:card\" content=\"summary_large_image\" \/>\n<meta name=\"twitter:label1\" content=\"Escrito por\" \/>\n\t<meta name=\"twitter:data1\" content=\"FM Patagonia\" \/>\n\t<meta name=\"twitter:label2\" content=\"Tiempo de lectura\" \/>\n\t<meta name=\"twitter:data2\" content=\"3 minutos\" \/>\n<script type=\"application\/ld+json\" class=\"yoast-schema-graph\">{\"@context\":\"https:\\\/\\\/schema.org\",\"@graph\":[{\"@type\":\"Article\",\"@id\":\"https:\\\/\\\/fmpatagoniamadryn.com.ar\\\/?p=5448#article\",\"isPartOf\":{\"@id\":\"https:\\\/\\\/fmpatagoniamadryn.com.ar\\\/?p=5448\"},\"author\":{\"name\":\"FM Patagonia\",\"@id\":\"https:\\\/\\\/fmpatagoniamadryn.com.ar\\\/#\\\/schema\\\/person\\\/1d968ec613613768e14b4e6420a2b125\"},\"headline\":\"La Universidad del Chubut celebr\u00f3 a los nuevos profesionales de enfermer\u00eda en Puerto Madryn\",\"datePublished\":\"2023-08-13T21:29:41+00:00\",\"dateModified\":\"2023-08-13T21:30:24+00:00\",\"mainEntityOfPage\":{\"@id\":\"https:\\\/\\\/fmpatagoniamadryn.com.ar\\\/?p=5448\"},\"wordCount\":519,\"publisher\":{\"@id\":\"https:\\\/\\\/fmpatagoniamadryn.com.ar\\\/#organization\"},\"image\":{\"@id\":\"https:\\\/\\\/fmpatagoniamadryn.com.ar\\\/?p=5448#primaryimage\"},\"thumbnailUrl\":\"https:\\\/\\\/fmpatagoniamadryn.com.ar\\\/wp-content\\\/uploads\\\/2023\\\/08\\\/Puerto-Madryn-X-Colacion-de-Grados-1-scaled.jpg\",\"articleSection\":[\"Provinciales\"],\"inLanguage\":\"es\"},{\"@type\":\"WebPage\",\"@id\":\"https:\\\/\\\/fmpatagoniamadryn.com.ar\\\/?p=5448\",\"url\":\"https:\\\/\\\/fmpatagoniamadryn.com.ar\\\/?p=5448\",\"name\":\"La Universidad del Chubut celebr\u00f3 a los nuevos profesionales de enfermer\u00eda en Puerto Madryn - FM Patagonia Madryn\",\"isPartOf\":{\"@id\":\"https:\\\/\\\/fmpatagoniamadryn.com.ar\\\/#website\"},\"primaryImageOfPage\":{\"@id\":\"https:\\\/\\\/fmpatagoniamadryn.com.ar\\\/?p=5448#primaryimage\"},\"image\":{\"@id\":\"https:\\\/\\\/fmpatagoniamadryn.com.ar\\\/?p=5448#primaryimage\"},\"thumbnailUrl\":\"https:\\\/\\\/fmpatagoniamadryn.com.ar\\\/wp-content\\\/uploads\\\/2023\\\/08\\\/Puerto-Madryn-X-Colacion-de-Grados-1-scaled.jpg\",\"datePublished\":\"2023-08-13T21:29:41+00:00\",\"dateModified\":\"2023-08-13T21:30:24+00:00\",\"breadcrumb\":{\"@id\":\"https:\\\/\\\/fmpatagoniamadryn.com.ar\\\/?p=5448#breadcrumb\"},\"inLanguage\":\"es\",\"potentialAction\":[{\"@type\":\"ReadAction\",\"target\":[\"https:\\\/\\\/fmpatagoniamadryn.com.ar\\\/?p=5448\"]}]},{\"@type\":\"ImageObject\",\"inLanguage\":\"es\",\"@id\":\"https:\\\/\\\/fmpatagoniamadryn.com.ar\\\/?p=5448#primaryimage\",\"url\":\"https:\\\/\\\/fmpatagoniamadryn.com.ar\\\/wp-content\\\/uploads\\\/2023\\\/08\\\/Puerto-Madryn-X-Colacion-de-Grados-1-scaled.jpg\",\"contentUrl\":\"https:\\\/\\\/fmpatagoniamadryn.com.ar\\\/wp-content\\\/uploads\\\/2023\\\/08\\\/Puerto-Madryn-X-Colacion-de-Grados-1-scaled.jpg\",\"width\":2560,\"height\":1707},{\"@type\":\"BreadcrumbList\",\"@id\":\"https:\\\/\\\/fmpatagoniamadryn.com.ar\\\/?p=5448#breadcrumb\",\"itemListElement\":[{\"@type\":\"ListItem\",\"position\":1,\"name\":\"Portada\",\"item\":\"https:\\\/\\\/fmpatagoniamadryn.com.ar\\\/\"},{\"@type\":\"ListItem\",\"position\":2,\"name\":\"La Universidad del Chubut celebr\u00f3 a los nuevos profesionales de enfermer\u00eda en Puerto Madryn\"}]},{\"@type\":\"WebSite\",\"@id\":\"https:\\\/\\\/fmpatagoniamadryn.com.ar\\\/#website\",\"url\":\"https:\\\/\\\/fmpatagoniamadryn.com.ar\\\/\",\"name\":\"FM Patagonia Madryn\",\"description\":\"Radio Patagonia 105.5\",\"publisher\":{\"@id\":\"https:\\\/\\\/fmpatagoniamadryn.com.ar\\\/#organization\"},\"potentialAction\":[{\"@type\":\"SearchAction\",\"target\":{\"@type\":\"EntryPoint\",\"urlTemplate\":\"https:\\\/\\\/fmpatagoniamadryn.com.ar\\\/?s={search_term_string}\"},\"query-input\":{\"@type\":\"PropertyValueSpecification\",\"valueRequired\":true,\"valueName\":\"search_term_string\"}}],\"inLanguage\":\"es\"},{\"@type\":\"Organization\",\"@id\":\"https:\\\/\\\/fmpatagoniamadryn.com.ar\\\/#organization\",\"name\":\"FM Patagonia Madryn\",\"url\":\"https:\\\/\\\/fmpatagoniamadryn.com.ar\\\/\",\"logo\":{\"@type\":\"ImageObject\",\"inLanguage\":\"es\",\"@id\":\"https:\\\/\\\/fmpatagoniamadryn.com.ar\\\/#\\\/schema\\\/logo\\\/image\\\/\",\"url\":\"https:\\\/\\\/fmpatagoniamadryn.com.ar\\\/wp-content\\\/uploads\\\/2023\\\/01\\\/cropped-Diseno-sin-titulo.png\",\"contentUrl\":\"https:\\\/\\\/fmpatagoniamadryn.com.ar\\\/wp-content\\\/uploads\\\/2023\\\/01\\\/cropped-Diseno-sin-titulo.png\",\"width\":6911,\"height\":2657,\"caption\":\"FM Patagonia Madryn\"},\"image\":{\"@id\":\"https:\\\/\\\/fmpatagoniamadryn.com.ar\\\/#\\\/schema\\\/logo\\\/image\\\/\"}},{\"@type\":\"Person\",\"@id\":\"https:\\\/\\\/fmpatagoniamadryn.com.ar\\\/#\\\/schema\\\/person\\\/1d968ec613613768e14b4e6420a2b125\",\"name\":\"FM Patagonia\",\"url\":\"https:\\\/\\\/fmpatagoniamadryn.com.ar\\\/?author=3\"}]}<\/script>\n<!-- \/ Yoast SEO plugin. -->","yoast_head_json":{"title":"La Universidad del Chubut celebr\u00f3 a los nuevos profesionales de enfermer\u00eda en Puerto Madryn - FM Patagonia Madryn","robots":{"index":"index","follow":"follow","max-snippet":"max-snippet:-1","max-image-preview":"max-image-preview:large","max-video-preview":"max-video-preview:-1"},"canonical":"https:\/\/fmpatagoniamadryn.com.ar\/?p=5448","og_locale":"es_ES","og_type":"article","og_title":"La Universidad del Chubut celebr\u00f3 a los nuevos profesionales de enfermer\u00eda en Puerto Madryn - FM Patagonia Madryn","og_description":"En una emotiva ceremonia encabezada por autoridades de la UDC, se celebr\u00f3 la graduaci\u00f3n de 6 nuevos profesionales de Enfermer\u00eda durante la X Colaci\u00f3n de Grados. Durante la tarde del&hellip;","og_url":"https:\/\/fmpatagoniamadryn.com.ar\/?p=5448","og_site_name":"FM Patagonia Madryn","article_published_time":"2023-08-13T21:29:41+00:00","article_modified_time":"2023-08-13T21:30:24+00:00","og_image":[{"width":2560,"height":1707,"url":"https:\/\/fmpatagoniamadryn.com.ar\/wp-content\/uploads\/2023\/08\/Puerto-Madryn-X-Colacion-de-Grados-1-scaled.jpg","type":"image\/jpeg"}],"author":"FM Patagonia","twitter_card":"summary_large_image","twitter_misc":{"Escrito por":"FM Patagonia","Tiempo de lectura":"3 minutos"},"schema":{"@context":"https:\/\/schema.org","@graph":[{"@type":"Article","@id":"https:\/\/fmpatagoniamadryn.com.ar\/?p=5448#article","isPartOf":{"@id":"https:\/\/fmpatagoniamadryn.com.ar\/?p=5448"},"author":{"name":"FM Patagonia","@id":"https:\/\/fmpatagoniamadryn.com.ar\/#\/schema\/person\/1d968ec613613768e14b4e6420a2b125"},"headline":"La Universidad del Chubut celebr\u00f3 a los nuevos profesionales de enfermer\u00eda en Puerto Madryn","datePublished":"2023-08-13T21:29:41+00:00","dateModified":"2023-08-13T21:30:24+00:00","mainEntityOfPage":{"@id":"https:\/\/fmpatagoniamadryn.com.ar\/?p=5448"},"wordCount":519,"publisher":{"@id":"https:\/\/fmpatagoniamadryn.com.ar\/#organization"},"image":{"@id":"https:\/\/fmpatagoniamadryn.com.ar\/?p=5448#primaryimage"},"thumbnailUrl":"https:\/\/fmpatagoniamadryn.com.ar\/wp-content\/uploads\/2023\/08\/Puerto-Madryn-X-Colacion-de-Grados-1-scaled.jpg","articleSection":["Provinciales"],"inLanguage":"es"},{"@type":"WebPage","@id":"https:\/\/fmpatagoniamadryn.com.ar\/?p=5448","url":"https:\/\/fmpatagoniamadryn.com.ar\/?p=5448","name":"La Universidad del Chubut celebr\u00f3 a los nuevos profesionales de enfermer\u00eda en Puerto Madryn - FM Patagonia Madryn","isPartOf":{"@id":"https:\/\/fmpatagoniamadryn.com.ar\/#website"},"primaryImageOfPage":{"@id":"https:\/\/fmpatagoniamadryn.com.ar\/?p=5448#primaryimage"},"image":{"@id":"https:\/\/fmpatagoniamadryn.com.ar\/?p=5448#primaryimage"},"thumbnailUrl":"https:\/\/fmpatagoniamadryn.com.ar\/wp-content\/uploads\/2023\/08\/Puerto-Madryn-X-Colacion-de-Grados-1-scaled.jpg","datePublished":"2023-08-13T21:29:41+00:00","dateModified":"2023-08-13T21:30:24+00:00","breadcrumb":{"@id":"https:\/\/fmpatagoniamadryn.com.ar\/?p=5448#breadcrumb"},"inLanguage":"es","potentialAction":[{"@type":"ReadAction","target":["https:\/\/fmpatagoniamadryn.com.ar\/?p=5448"]}]},{"@type":"ImageObject","inLanguage":"es","@id":"https:\/\/fmpatagoniamadryn.com.ar\/?p=5448#primaryimage","url":"https:\/\/fmpatagoniamadryn.com.ar\/wp-content\/uploads\/2023\/08\/Puerto-Madryn-X-Colacion-de-Grados-1-scaled.jpg","contentUrl":"https:\/\/fmpatagoniamadryn.com.ar\/wp-content\/uploads\/2023\/08\/Puerto-Madryn-X-Colacion-de-Grados-1-scaled.jpg","width":2560,"height":1707},{"@type":"BreadcrumbList","@id":"https:\/\/fmpatagoniamadryn.com.ar\/?p=5448#breadcrumb","itemListElement":[{"@type":"ListItem","position":1,"name":"Portada","item":"https:\/\/fmpatagoniamadryn.com.ar\/"},{"@type":"ListItem","position":2,"name":"La Universidad del Chubut celebr\u00f3 a los nuevos profesionales de enfermer\u00eda en Puerto Madryn"}]},{"@type":"WebSite","@id":"https:\/\/fmpatagoniamadryn.com.ar\/#website","url":"https:\/\/fmpatagoniamadryn.com.ar\/","name":"FM Patagonia Madryn","description":"Radio Patagonia 105.5","publisher":{"@id":"https:\/\/fmpatagoniamadryn.com.ar\/#organization"},"potentialAction":[{"@type":"SearchAction","target":{"@type":"EntryPoint","urlTemplate":"https:\/\/fmpatagoniamadryn.com.ar\/?s={search_term_string}"},"query-input":{"@type":"PropertyValueSpecification","valueRequired":true,"valueName":"search_term_string"}}],"inLanguage":"es"},{"@type":"Organization","@id":"https:\/\/fmpatagoniamadryn.com.ar\/#organization","name":"FM Patagonia Madryn","url":"https:\/\/fmpatagoniamadryn.com.ar\/","logo":{"@type":"ImageObject","inLanguage":"es","@id":"https:\/\/fmpatagoniamadryn.com.ar\/#\/schema\/logo\/image\/","url":"https:\/\/fmpatagoniamadryn.com.ar\/wp-content\/uploads\/2023\/01\/cropped-Diseno-sin-titulo.png","contentUrl":"https:\/\/fmpatagoniamadryn.com.ar\/wp-content\/uploads\/2023\/01\/cropped-Diseno-sin-titulo.png","width":6911,"height":2657,"caption":"FM Patagonia Madryn"},"image":{"@id":"https:\/\/fmpatagoniamadryn.com.ar\/#\/schema\/logo\/image\/"}},{"@type":"Person","@id":"https:\/\/fmpatagoniamadryn.com.ar\/#\/schema\/person\/1d968ec613613768e14b4e6420a2b125","name":"FM Patagonia","url":"https:\/\/fmpatagoniamadryn.com.ar\/?author=3"}]}},"jetpack_featured_media_url":"https:\/\/fmpatagoniamadryn.com.ar\/wp-content\/uploads\/2023\/08\/Puerto-Madryn-X-Colacion-de-Grados-1-scaled.jpg","_links":{"self":[{"href":"https:\/\/fmpatagoniamadryn.com.ar\/index.php?rest_route=\/wp\/v2\/posts\/5448","targetHints":{"allow":["GET"]}}],"collection":[{"href":"https:\/\/fmpatagoniamadryn.com.ar\/index.php?rest_route=\/wp\/v2\/posts"}],"about":[{"href":"https:\/\/fmpatagoniamadryn.com.ar\/index.php?rest_route=\/wp\/v2\/types\/post"}],"author":[{"embeddable":true,"href":"https:\/\/fmpatagoniamadryn.com.ar\/index.php?rest_route=\/wp\/v2\/users\/3"}],"replies":[{"embeddable":true,"href":"https:\/\/fmpatagoniamadryn.com.ar\/index.php?rest_route=%2Fwp%2Fv2%2Fcomments&post=5448"}],"version-history":[{"count":1,"href":"https:\/\/fmpatagoniamadryn.com.ar\/index.php?rest_route=\/wp\/v2\/posts\/5448\/revisions"}],"predecessor-version":[{"id":5449,"href":"https:\/\/fmpatagoniamadryn.com.ar\/index.php?rest_route=\/wp\/v2\/posts\/5448\/revisions\/5449"}],"wp:featuredmedia":[{"embeddable":true,"href":"https:\/\/fmpatagoniamadryn.com.ar\/index.php?rest_route=\/wp\/v2\/media\/5447"}],"wp:attachment":[{"href":"https:\/\/fmpatagoniamadryn.com.ar\/index.php?rest_route=%2Fwp%2Fv2%2Fmedia&parent=5448"}],"wp:term":[{"taxonomy":"category","embeddable":true,"href":"https:\/\/fmpatagoniamadryn.com.ar\/index.php?rest_route=%2Fwp%2Fv2%2Fcategories&post=5448"},{"taxonomy":"post_tag","embeddable":true,"href":"https:\/\/fmpatagoniamadryn.com.ar\/index.php?rest_route=%2Fwp%2Fv2%2Ftags&post=5448"}],"curies":[{"name":"wp","href":"https:\/\/api.w.org\/{rel}","templated":true}]}}