{"id":5454,"date":"2023-08-13T18:33:04","date_gmt":"2023-08-13T21:33:04","guid":{"rendered":"https:\/\/fmpatagoniamadryn.com.ar\/?p=5454"},"modified":"2023-08-13T18:33:12","modified_gmt":"2023-08-13T21:33:12","slug":"el-gobierno-provincial-dicta-curso-para-capacitar-trabajadores-comunitarios-de-salud-en-terreno-en-comodoro-rivadavia","status":"publish","type":"post","link":"https:\/\/fmpatagoniamadryn.com.ar\/?p=5454","title":{"rendered":"El Gobierno Provincial dicta \u201cCurso para capacitar Trabajadores Comunitarios de Salud en Terreno\u201d en Comodoro Rivadavia"},"content":{"rendered":"\n<p>La capacitaci\u00f3n es impulsada de manera conjunta por el Ministerio de Salud y la Universidad del Chubut, y est\u00e1 orientada a la profesionalizaci\u00f3n de dichos agentes, en busca de un perfil de atenci\u00f3n primaria de la salud y una perspectiva de derechos, que contribuya a la mejora de la salud de las comunidades de la provincia.<br><br>Con la participaci\u00f3n de m\u00e1s de 30 alumnos\/as de distintas localidades, el Ministerio de Salud junto con la Universidad del Chubut (UDC) se encuentran dictando en la ciudad de Comodoro Rivadavia la primera cohorte del \u201cCurso para capacitar Trabajadores Comunitarios de Salud en Terreno (TCST)\u201d, que son agentes que cumplen un rol fundamental dentro del sistema sanitario provincial, pues son quienes establecen el nexo con la comunidad. <br><br>Al respecto, la supervisora zonal de TCST del \u00c1rea Program\u00e1tica Sur, Mar\u00eda Rosa Cerd\u00e1, coment\u00f3 que \u201cel pasado 15 de mayo dio inicio la primera cohorte del curso para capacitar Trabajadores Comunitarios de Salud en Terreno, que se lleva adelante en virtud de un convenio firmado entre el Ministerio de Salud provincial y la Universidad del Chubut, avalado por la Resoluci\u00f3n Universitaria N\u00b0 271\/2023\u201d.<br><br>\u201cLa sede de esta capacitaci\u00f3n es el \u00c1rea Program\u00e1tica Sur, cuya ciudad cabecera es Comodoro Rivadavia\u201d, indic\u00f3 la tambi\u00e9n coordinadora del curso, qui\u00e9n destall\u00f3 que \u201cactualmente est\u00e1n cursando m\u00e1s de 30 alumnas y alumnos, que pertenecen a diversas localidades y puntos de la provincia: Ricardo Rojas, Facundo, Buen Pasto, Aldea Epulef, Camarones, Vuelta del R\u00edo, Paso de Indios, Dolavon, Rawson, Comodoro Rivadavia, R\u00edo Senguer, Facundo, Paso del Sapo, Alto R\u00edo Percy, Sierra Colorada, Cerro Centinela y la Comunidad Nahuelp\u00e1n de Esquel, entre otros\u201d.<br><br>Valioso recurso humano<br><br>Asimismo, Mar\u00eda Rosa Cerd\u00e1 explic\u00f3 que \u201clos Trabajadores Comunitarios de Salud en Terreno pertenecen al Primer Nivel de Atenci\u00f3n del sistema sanitario argentino y son un valioso recurso humano, cuya tarea fundamental es el trabajo territorial, a trav\u00e9s del cual acercan las diversas l\u00edneas de cuidado que impulsa Chubut, en sinton\u00eda con los programas y planes sanitarios nacionales y provinciales\u201d.<br><br>La capacitaci\u00f3n que llevan adelante de manera conjunta la cartera sanitaria y la alta casa de estudios chubutense, est\u00e1 orientada a la profesionalizaci\u00f3n de los y las TCST, que se busca, tengan un perfil de atenci\u00f3n primaria de la salud y una perspectiva de derechos, que contribuya a la mejora de la salud de las comunidades de la provincia.<br><br>Caracter\u00edsticas del curso<br><br>El \u201cCurso para capacitar TCST\u201d tendr\u00e1 una duraci\u00f3n de 7 meses (finaliza en noviembre) y se est\u00e1 desarrollando bajo una modalidad semipresencial, es decir, combinando actividades en un aula virtual y encuentros presenciales en Comodoro Rivadavia.<br><br>Adem\u00e1s, consta de un total de 10 m\u00f3dulos te\u00f3rico-pr\u00e1cticos y un m\u00f3dulo de pr\u00e1ctica en terreno. Hasta el momento, los m\u00f3dulos que se dictaron fueron: el M\u00f3dulo 1, \u201cIntroducci\u00f3n al uso de aulas virtuales\u201d, que estuvo a cargo de las licenciadas Andrea Benardis y Andrea Murano; y el M\u00f3dulo 2, \u201cIntroducci\u00f3n al trabajo comunitario y desarrollo de conceptos b\u00e1sicos de Atenci\u00f3n Primaria de la Salud (APS)\u201d, que estuvo a cargo de la t\u00e9cnica Gladys P\u00e9rez y la profesora Mar\u00eda Rosa Cerd\u00e1.<br><br>El otro m\u00f3dulo que ya se desarroll\u00f3 es el M\u00f3dulo 3, \u201cOrganizaci\u00f3n del sistema de salud y comunicaci\u00f3n. Sistema sanitario y red de salud\u201d, que estuvo a cargo de los licenciados Carolina Acu\u00f1a y Gustavo Fantin, en la primera parte, y los licenciados Juan Pablo Angona y Natalia Sandler, en la segunda.<\/p>\n","protected":false},"excerpt":{"rendered":"<p>La capacitaci\u00f3n es impulsada de manera conjunta por el Ministerio de Salud y la Universidad del Chubut, y est\u00e1 orientada a la profesionalizaci\u00f3n de dichos agentes, en busca de un&hellip; <\/p>\n","protected":false},"author":3,"featured_media":5453,"comment_status":"closed","ping_status":"closed","sticky":false,"template":"","format":"standard","meta":{"footnotes":""},"categories":[14],"tags":[],"class_list":["post-5454","post","type-post","status-publish","format-standard","has-post-thumbnail","hentry","category-provinciales"],"yoast_head":"<!-- This site is optimized with the Yoast SEO plugin v27.4 - https:\/\/yoast.com\/product\/yoast-seo-wordpress\/ -->\n<title>El Gobierno Provincial dicta \u201cCurso para capacitar Trabajadores Comunitarios de Salud en Terreno\u201d en Comodoro Rivadavia - FM Patagonia Madryn<\/title>\n<meta name=\"robots\" content=\"index, follow, max-snippet:-1, max-image-preview:large, max-video-preview:-1\" \/>\n<link rel=\"canonical\" href=\"https:\/\/fmpatagoniamadryn.com.ar\/?p=5454\" \/>\n<meta property=\"og:locale\" content=\"es_ES\" \/>\n<meta property=\"og:type\" content=\"article\" \/>\n<meta property=\"og:title\" content=\"El Gobierno Provincial dicta \u201cCurso para capacitar Trabajadores Comunitarios de Salud en Terreno\u201d en Comodoro Rivadavia - FM Patagonia Madryn\" \/>\n<meta property=\"og:description\" content=\"La capacitaci\u00f3n es impulsada de manera conjunta por el Ministerio de Salud y la Universidad del Chubut, y est\u00e1 orientada a la profesionalizaci\u00f3n de dichos agentes, en busca de un&hellip;\" \/>\n<meta property=\"og:url\" content=\"https:\/\/fmpatagoniamadryn.com.ar\/?p=5454\" \/>\n<meta property=\"og:site_name\" content=\"FM Patagonia Madryn\" \/>\n<meta property=\"article:published_time\" content=\"2023-08-13T21:33:04+00:00\" \/>\n<meta property=\"article:modified_time\" content=\"2023-08-13T21:33:12+00:00\" \/>\n<meta property=\"og:image\" content=\"https:\/\/fmpatagoniamadryn.com.ar\/wp-content\/uploads\/2023\/08\/El-Gobierno-provincial-dicta-Curso-para-capacitar-Trabajadores-Comunitarios-de-Salud-en-Terreno-en-Comodoro-Rivadavia-1.jpeg\" \/>\n\t<meta property=\"og:image:width\" content=\"1366\" \/>\n\t<meta property=\"og:image:height\" content=\"693\" \/>\n\t<meta property=\"og:image:type\" content=\"image\/jpeg\" \/>\n<meta name=\"author\" content=\"FM Patagonia\" \/>\n<meta name=\"twitter:card\" content=\"summary_large_image\" \/>\n<meta name=\"twitter:label1\" content=\"Escrito por\" \/>\n\t<meta name=\"twitter:data1\" content=\"FM Patagonia\" \/>\n\t<meta name=\"twitter:label2\" content=\"Tiempo de lectura\" \/>\n\t<meta name=\"twitter:data2\" content=\"3 minutos\" \/>\n<script type=\"application\/ld+json\" class=\"yoast-schema-graph\">{\"@context\":\"https:\\\/\\\/schema.org\",\"@graph\":[{\"@type\":\"Article\",\"@id\":\"https:\\\/\\\/fmpatagoniamadryn.com.ar\\\/?p=5454#article\",\"isPartOf\":{\"@id\":\"https:\\\/\\\/fmpatagoniamadryn.com.ar\\\/?p=5454\"},\"author\":{\"name\":\"FM Patagonia\",\"@id\":\"https:\\\/\\\/fmpatagoniamadryn.com.ar\\\/#\\\/schema\\\/person\\\/1d968ec613613768e14b4e6420a2b125\"},\"headline\":\"El Gobierno Provincial dicta \u201cCurso para capacitar Trabajadores Comunitarios de Salud en Terreno\u201d en Comodoro Rivadavia\",\"datePublished\":\"2023-08-13T21:33:04+00:00\",\"dateModified\":\"2023-08-13T21:33:12+00:00\",\"mainEntityOfPage\":{\"@id\":\"https:\\\/\\\/fmpatagoniamadryn.com.ar\\\/?p=5454\"},\"wordCount\":621,\"publisher\":{\"@id\":\"https:\\\/\\\/fmpatagoniamadryn.com.ar\\\/#organization\"},\"image\":{\"@id\":\"https:\\\/\\\/fmpatagoniamadryn.com.ar\\\/?p=5454#primaryimage\"},\"thumbnailUrl\":\"https:\\\/\\\/fmpatagoniamadryn.com.ar\\\/wp-content\\\/uploads\\\/2023\\\/08\\\/El-Gobierno-provincial-dicta-Curso-para-capacitar-Trabajadores-Comunitarios-de-Salud-en-Terreno-en-Comodoro-Rivadavia-1.jpeg\",\"articleSection\":[\"Provinciales\"],\"inLanguage\":\"es\"},{\"@type\":\"WebPage\",\"@id\":\"https:\\\/\\\/fmpatagoniamadryn.com.ar\\\/?p=5454\",\"url\":\"https:\\\/\\\/fmpatagoniamadryn.com.ar\\\/?p=5454\",\"name\":\"El Gobierno Provincial dicta \u201cCurso para capacitar Trabajadores Comunitarios de Salud en Terreno\u201d en Comodoro Rivadavia - FM Patagonia Madryn\",\"isPartOf\":{\"@id\":\"https:\\\/\\\/fmpatagoniamadryn.com.ar\\\/#website\"},\"primaryImageOfPage\":{\"@id\":\"https:\\\/\\\/fmpatagoniamadryn.com.ar\\\/?p=5454#primaryimage\"},\"image\":{\"@id\":\"https:\\\/\\\/fmpatagoniamadryn.com.ar\\\/?p=5454#primaryimage\"},\"thumbnailUrl\":\"https:\\\/\\\/fmpatagoniamadryn.com.ar\\\/wp-content\\\/uploads\\\/2023\\\/08\\\/El-Gobierno-provincial-dicta-Curso-para-capacitar-Trabajadores-Comunitarios-de-Salud-en-Terreno-en-Comodoro-Rivadavia-1.jpeg\",\"datePublished\":\"2023-08-13T21:33:04+00:00\",\"dateModified\":\"2023-08-13T21:33:12+00:00\",\"breadcrumb\":{\"@id\":\"https:\\\/\\\/fmpatagoniamadryn.com.ar\\\/?p=5454#breadcrumb\"},\"inLanguage\":\"es\",\"potentialAction\":[{\"@type\":\"ReadAction\",\"target\":[\"https:\\\/\\\/fmpatagoniamadryn.com.ar\\\/?p=5454\"]}]},{\"@type\":\"ImageObject\",\"inLanguage\":\"es\",\"@id\":\"https:\\\/\\\/fmpatagoniamadryn.com.ar\\\/?p=5454#primaryimage\",\"url\":\"https:\\\/\\\/fmpatagoniamadryn.com.ar\\\/wp-content\\\/uploads\\\/2023\\\/08\\\/El-Gobierno-provincial-dicta-Curso-para-capacitar-Trabajadores-Comunitarios-de-Salud-en-Terreno-en-Comodoro-Rivadavia-1.jpeg\",\"contentUrl\":\"https:\\\/\\\/fmpatagoniamadryn.com.ar\\\/wp-content\\\/uploads\\\/2023\\\/08\\\/El-Gobierno-provincial-dicta-Curso-para-capacitar-Trabajadores-Comunitarios-de-Salud-en-Terreno-en-Comodoro-Rivadavia-1.jpeg\",\"width\":1366,\"height\":693},{\"@type\":\"BreadcrumbList\",\"@id\":\"https:\\\/\\\/fmpatagoniamadryn.com.ar\\\/?p=5454#breadcrumb\",\"itemListElement\":[{\"@type\":\"ListItem\",\"position\":1,\"name\":\"Portada\",\"item\":\"https:\\\/\\\/fmpatagoniamadryn.com.ar\\\/\"},{\"@type\":\"ListItem\",\"position\":2,\"name\":\"El Gobierno Provincial dicta \u201cCurso para capacitar Trabajadores Comunitarios de Salud en Terreno\u201d en Comodoro Rivadavia\"}]},{\"@type\":\"WebSite\",\"@id\":\"https:\\\/\\\/fmpatagoniamadryn.com.ar\\\/#website\",\"url\":\"https:\\\/\\\/fmpatagoniamadryn.com.ar\\\/\",\"name\":\"FM Patagonia Madryn\",\"description\":\"Radio Patagonia 105.5\",\"publisher\":{\"@id\":\"https:\\\/\\\/fmpatagoniamadryn.com.ar\\\/#organization\"},\"potentialAction\":[{\"@type\":\"SearchAction\",\"target\":{\"@type\":\"EntryPoint\",\"urlTemplate\":\"https:\\\/\\\/fmpatagoniamadryn.com.ar\\\/?s={search_term_string}\"},\"query-input\":{\"@type\":\"PropertyValueSpecification\",\"valueRequired\":true,\"valueName\":\"search_term_string\"}}],\"inLanguage\":\"es\"},{\"@type\":\"Organization\",\"@id\":\"https:\\\/\\\/fmpatagoniamadryn.com.ar\\\/#organization\",\"name\":\"FM Patagonia Madryn\",\"url\":\"https:\\\/\\\/fmpatagoniamadryn.com.ar\\\/\",\"logo\":{\"@type\":\"ImageObject\",\"inLanguage\":\"es\",\"@id\":\"https:\\\/\\\/fmpatagoniamadryn.com.ar\\\/#\\\/schema\\\/logo\\\/image\\\/\",\"url\":\"https:\\\/\\\/fmpatagoniamadryn.com.ar\\\/wp-content\\\/uploads\\\/2023\\\/01\\\/cropped-Diseno-sin-titulo.png\",\"contentUrl\":\"https:\\\/\\\/fmpatagoniamadryn.com.ar\\\/wp-content\\\/uploads\\\/2023\\\/01\\\/cropped-Diseno-sin-titulo.png\",\"width\":6911,\"height\":2657,\"caption\":\"FM Patagonia Madryn\"},\"image\":{\"@id\":\"https:\\\/\\\/fmpatagoniamadryn.com.ar\\\/#\\\/schema\\\/logo\\\/image\\\/\"}},{\"@type\":\"Person\",\"@id\":\"https:\\\/\\\/fmpatagoniamadryn.com.ar\\\/#\\\/schema\\\/person\\\/1d968ec613613768e14b4e6420a2b125\",\"name\":\"FM Patagonia\",\"url\":\"https:\\\/\\\/fmpatagoniamadryn.com.ar\\\/?author=3\"}]}<\/script>\n<!-- \/ Yoast SEO plugin. -->","yoast_head_json":{"title":"El Gobierno Provincial dicta \u201cCurso para capacitar Trabajadores Comunitarios de Salud en Terreno\u201d en Comodoro Rivadavia - FM Patagonia Madryn","robots":{"index":"index","follow":"follow","max-snippet":"max-snippet:-1","max-image-preview":"max-image-preview:large","max-video-preview":"max-video-preview:-1"},"canonical":"https:\/\/fmpatagoniamadryn.com.ar\/?p=5454","og_locale":"es_ES","og_type":"article","og_title":"El Gobierno Provincial dicta \u201cCurso para capacitar Trabajadores Comunitarios de Salud en Terreno\u201d en Comodoro Rivadavia - FM Patagonia Madryn","og_description":"La capacitaci\u00f3n es impulsada de manera conjunta por el Ministerio de Salud y la Universidad del Chubut, y est\u00e1 orientada a la profesionalizaci\u00f3n de dichos agentes, en busca de un&hellip;","og_url":"https:\/\/fmpatagoniamadryn.com.ar\/?p=5454","og_site_name":"FM Patagonia Madryn","article_published_time":"2023-08-13T21:33:04+00:00","article_modified_time":"2023-08-13T21:33:12+00:00","og_image":[{"width":1366,"height":693,"url":"https:\/\/fmpatagoniamadryn.com.ar\/wp-content\/uploads\/2023\/08\/El-Gobierno-provincial-dicta-Curso-para-capacitar-Trabajadores-Comunitarios-de-Salud-en-Terreno-en-Comodoro-Rivadavia-1.jpeg","type":"image\/jpeg"}],"author":"FM Patagonia","twitter_card":"summary_large_image","twitter_misc":{"Escrito por":"FM Patagonia","Tiempo de lectura":"3 minutos"},"schema":{"@context":"https:\/\/schema.org","@graph":[{"@type":"Article","@id":"https:\/\/fmpatagoniamadryn.com.ar\/?p=5454#article","isPartOf":{"@id":"https:\/\/fmpatagoniamadryn.com.ar\/?p=5454"},"author":{"name":"FM Patagonia","@id":"https:\/\/fmpatagoniamadryn.com.ar\/#\/schema\/person\/1d968ec613613768e14b4e6420a2b125"},"headline":"El Gobierno Provincial dicta \u201cCurso para capacitar Trabajadores Comunitarios de Salud en Terreno\u201d en Comodoro Rivadavia","datePublished":"2023-08-13T21:33:04+00:00","dateModified":"2023-08-13T21:33:12+00:00","mainEntityOfPage":{"@id":"https:\/\/fmpatagoniamadryn.com.ar\/?p=5454"},"wordCount":621,"publisher":{"@id":"https:\/\/fmpatagoniamadryn.com.ar\/#organization"},"image":{"@id":"https:\/\/fmpatagoniamadryn.com.ar\/?p=5454#primaryimage"},"thumbnailUrl":"https:\/\/fmpatagoniamadryn.com.ar\/wp-content\/uploads\/2023\/08\/El-Gobierno-provincial-dicta-Curso-para-capacitar-Trabajadores-Comunitarios-de-Salud-en-Terreno-en-Comodoro-Rivadavia-1.jpeg","articleSection":["Provinciales"],"inLanguage":"es"},{"@type":"WebPage","@id":"https:\/\/fmpatagoniamadryn.com.ar\/?p=5454","url":"https:\/\/fmpatagoniamadryn.com.ar\/?p=5454","name":"El Gobierno Provincial dicta \u201cCurso para capacitar Trabajadores Comunitarios de Salud en Terreno\u201d en Comodoro Rivadavia - FM Patagonia Madryn","isPartOf":{"@id":"https:\/\/fmpatagoniamadryn.com.ar\/#website"},"primaryImageOfPage":{"@id":"https:\/\/fmpatagoniamadryn.com.ar\/?p=5454#primaryimage"},"image":{"@id":"https:\/\/fmpatagoniamadryn.com.ar\/?p=5454#primaryimage"},"thumbnailUrl":"https:\/\/fmpatagoniamadryn.com.ar\/wp-content\/uploads\/2023\/08\/El-Gobierno-provincial-dicta-Curso-para-capacitar-Trabajadores-Comunitarios-de-Salud-en-Terreno-en-Comodoro-Rivadavia-1.jpeg","datePublished":"2023-08-13T21:33:04+00:00","dateModified":"2023-08-13T21:33:12+00:00","breadcrumb":{"@id":"https:\/\/fmpatagoniamadryn.com.ar\/?p=5454#breadcrumb"},"inLanguage":"es","potentialAction":[{"@type":"ReadAction","target":["https:\/\/fmpatagoniamadryn.com.ar\/?p=5454"]}]},{"@type":"ImageObject","inLanguage":"es","@id":"https:\/\/fmpatagoniamadryn.com.ar\/?p=5454#primaryimage","url":"https:\/\/fmpatagoniamadryn.com.ar\/wp-content\/uploads\/2023\/08\/El-Gobierno-provincial-dicta-Curso-para-capacitar-Trabajadores-Comunitarios-de-Salud-en-Terreno-en-Comodoro-Rivadavia-1.jpeg","contentUrl":"https:\/\/fmpatagoniamadryn.com.ar\/wp-content\/uploads\/2023\/08\/El-Gobierno-provincial-dicta-Curso-para-capacitar-Trabajadores-Comunitarios-de-Salud-en-Terreno-en-Comodoro-Rivadavia-1.jpeg","width":1366,"height":693},{"@type":"BreadcrumbList","@id":"https:\/\/fmpatagoniamadryn.com.ar\/?p=5454#breadcrumb","itemListElement":[{"@type":"ListItem","position":1,"name":"Portada","item":"https:\/\/fmpatagoniamadryn.com.ar\/"},{"@type":"ListItem","position":2,"name":"El Gobierno Provincial dicta \u201cCurso para capacitar Trabajadores Comunitarios de Salud en Terreno\u201d en Comodoro Rivadavia"}]},{"@type":"WebSite","@id":"https:\/\/fmpatagoniamadryn.com.ar\/#website","url":"https:\/\/fmpatagoniamadryn.com.ar\/","name":"FM Patagonia Madryn","description":"Radio Patagonia 105.5","publisher":{"@id":"https:\/\/fmpatagoniamadryn.com.ar\/#organization"},"potentialAction":[{"@type":"SearchAction","target":{"@type":"EntryPoint","urlTemplate":"https:\/\/fmpatagoniamadryn.com.ar\/?s={search_term_string}"},"query-input":{"@type":"PropertyValueSpecification","valueRequired":true,"valueName":"search_term_string"}}],"inLanguage":"es"},{"@type":"Organization","@id":"https:\/\/fmpatagoniamadryn.com.ar\/#organization","name":"FM Patagonia Madryn","url":"https:\/\/fmpatagoniamadryn.com.ar\/","logo":{"@type":"ImageObject","inLanguage":"es","@id":"https:\/\/fmpatagoniamadryn.com.ar\/#\/schema\/logo\/image\/","url":"https:\/\/fmpatagoniamadryn.com.ar\/wp-content\/uploads\/2023\/01\/cropped-Diseno-sin-titulo.png","contentUrl":"https:\/\/fmpatagoniamadryn.com.ar\/wp-content\/uploads\/2023\/01\/cropped-Diseno-sin-titulo.png","width":6911,"height":2657,"caption":"FM Patagonia Madryn"},"image":{"@id":"https:\/\/fmpatagoniamadryn.com.ar\/#\/schema\/logo\/image\/"}},{"@type":"Person","@id":"https:\/\/fmpatagoniamadryn.com.ar\/#\/schema\/person\/1d968ec613613768e14b4e6420a2b125","name":"FM Patagonia","url":"https:\/\/fmpatagoniamadryn.com.ar\/?author=3"}]}},"jetpack_featured_media_url":"https:\/\/fmpatagoniamadryn.com.ar\/wp-content\/uploads\/2023\/08\/El-Gobierno-provincial-dicta-Curso-para-capacitar-Trabajadores-Comunitarios-de-Salud-en-Terreno-en-Comodoro-Rivadavia-1.jpeg","_links":{"self":[{"href":"https:\/\/fmpatagoniamadryn.com.ar\/index.php?rest_route=\/wp\/v2\/posts\/5454","targetHints":{"allow":["GET"]}}],"collection":[{"href":"https:\/\/fmpatagoniamadryn.com.ar\/index.php?rest_route=\/wp\/v2\/posts"}],"about":[{"href":"https:\/\/fmpatagoniamadryn.com.ar\/index.php?rest_route=\/wp\/v2\/types\/post"}],"author":[{"embeddable":true,"href":"https:\/\/fmpatagoniamadryn.com.ar\/index.php?rest_route=\/wp\/v2\/users\/3"}],"replies":[{"embeddable":true,"href":"https:\/\/fmpatagoniamadryn.com.ar\/index.php?rest_route=%2Fwp%2Fv2%2Fcomments&post=5454"}],"version-history":[{"count":1,"href":"https:\/\/fmpatagoniamadryn.com.ar\/index.php?rest_route=\/wp\/v2\/posts\/5454\/revisions"}],"predecessor-version":[{"id":5455,"href":"https:\/\/fmpatagoniamadryn.com.ar\/index.php?rest_route=\/wp\/v2\/posts\/5454\/revisions\/5455"}],"wp:featuredmedia":[{"embeddable":true,"href":"https:\/\/fmpatagoniamadryn.com.ar\/index.php?rest_route=\/wp\/v2\/media\/5453"}],"wp:attachment":[{"href":"https:\/\/fmpatagoniamadryn.com.ar\/index.php?rest_route=%2Fwp%2Fv2%2Fmedia&parent=5454"}],"wp:term":[{"taxonomy":"category","embeddable":true,"href":"https:\/\/fmpatagoniamadryn.com.ar\/index.php?rest_route=%2Fwp%2Fv2%2Fcategories&post=5454"},{"taxonomy":"post_tag","embeddable":true,"href":"https:\/\/fmpatagoniamadryn.com.ar\/index.php?rest_route=%2Fwp%2Fv2%2Ftags&post=5454"}],"curies":[{"name":"wp","href":"https:\/\/api.w.org\/{rel}","templated":true}]}}