{"id":5457,"date":"2023-08-13T18:33:46","date_gmt":"2023-08-13T21:33:46","guid":{"rendered":"https:\/\/fmpatagoniamadryn.com.ar\/?p=5457"},"modified":"2023-08-13T18:34:26","modified_gmt":"2023-08-13T21:34:26","slug":"arcioni-emitio-su-voto-y-resalto-que-es-el-momento-mas-importante-para-la-ciudadania-de-manifestarse-democraticamente","status":"publish","type":"post","link":"https:\/\/fmpatagoniamadryn.com.ar\/?p=5457","title":{"rendered":"Arcioni emiti\u00f3 su voto y resalt\u00f3 que \u201ces el momento m\u00e1s importante para la ciudadan\u00eda de manifestarse democr\u00e1ticamente\u201d"},"content":{"rendered":"\n<p>El mandatario provincial vot\u00f3 en la Escuela N\u00ba 1 de Comodoro Rivadavia. <br><br>El gobernador del Chubut, Mariano Arcioni, emiti\u00f3 su voto esta ma\u00f1ana en la mesa 1119 de la Escuela N\u00b0 1 de Comodoro Rivadavia, en el marco de las Elecciones Primarias, Abiertas, Simultaneas y Obligatorias (PASO), que se desarrollan este domingo en todo el pa\u00eds. <br><br>El mandatario vot\u00f3 cerca de las 10:00 de la ma\u00f1ana, di\u00e1logo con las autoridades de las mesas, y luego fue entrevistado por los medios de prensa presentes en el establecimiento educativo. <br><br>Arcioni coment\u00f3 que vive el acto electoral \u201ccon tranquilidad\u201d, y describi\u00f3 que \u201ces un d\u00eda especial para todos los ciudadanos que venimos a emitir nuestro voto. Siempre cuando uno viene a poner su voto, es un momento muy importante porque se pueden decir muchas cosas, pero que todos los ciudadanos y ciudadanas puedan poner su voto, representa la manera m\u00e1s leg\u00edtima de manifestarse democr\u00e1ticamente\u201d. <br><br>\u201cLa jornada comenz\u00f3 muy bien, con tranquilidad\u201d, sostuvo el mandatario y precis\u00f3 \u201chasta ahora todo muy bien, estuvimos conversando con todo el interior de la provincia, en parte de la Comarca, en Trelew y dem\u00e1s, y se est\u00e1 desarrollando con total normalidad, ya que se viene regularizando todas las mesas, y a esta hora ya est\u00e1n todas regularizadas\u201d. <br><br>El Gobernador se\u00f1al\u00f3 que esperar\u00e1 el resultado junto a su familia. \u201cVamos a esperar los resultados en mi casa, con la familia y amigos, con total normalidad de un domingo democr\u00e1tico\u201d, dijo y afirm\u00f3 que \u201cestamos de igual manera con un ojo puesto en Buenos Aires; atentos de lo que va a ocurrir no solamente en Buenos Aires, sino en todo el pa\u00eds. Vamos a seguir los datos con tranquilidad, primero con familia y despu\u00e9s con todo el equipo\u201d. <br><br>El mandatario provincial convoc\u00f3 a los ciudadanos a \u201ca emitir su voto, obviamente cuanta mayor participaci\u00f3n es mejor, convocamos absolutamente a todos los chubutenses a que vengan a emitir su voto\u201d. <br><br>Por \u00faltimo, Arcioni confirm\u00f3 que \u201canoche estuvo hablando con Sergio Massa, est\u00e1 muy bien, pero bueno hoy hay que dejarlo tranquilo esperando a ver c\u00f3mo se va a desarrollar todo\u201d. <br><br>&#8212;<\/p>\n","protected":false},"excerpt":{"rendered":"<p>El mandatario provincial vot\u00f3 en la Escuela N\u00ba 1 de Comodoro Rivadavia. El gobernador del Chubut, Mariano Arcioni, emiti\u00f3 su voto esta ma\u00f1ana en la mesa 1119 de la Escuela&hellip; <\/p>\n","protected":false},"author":3,"featured_media":5456,"comment_status":"closed","ping_status":"closed","sticky":false,"template":"","format":"standard","meta":{"footnotes":""},"categories":[14],"tags":[],"class_list":["post-5457","post","type-post","status-publish","format-standard","has-post-thumbnail","hentry","category-provinciales"],"yoast_head":"<!-- This site is optimized with the Yoast SEO plugin v27.4 - https:\/\/yoast.com\/product\/yoast-seo-wordpress\/ -->\n<title>Arcioni emiti\u00f3 su voto y resalt\u00f3 que \u201ces el momento m\u00e1s importante para la ciudadan\u00eda de manifestarse democr\u00e1ticamente\u201d - FM Patagonia Madryn<\/title>\n<meta name=\"robots\" content=\"index, follow, max-snippet:-1, max-image-preview:large, max-video-preview:-1\" \/>\n<link rel=\"canonical\" href=\"https:\/\/fmpatagoniamadryn.com.ar\/?p=5457\" \/>\n<meta property=\"og:locale\" content=\"es_ES\" \/>\n<meta property=\"og:type\" content=\"article\" \/>\n<meta property=\"og:title\" content=\"Arcioni emiti\u00f3 su voto y resalt\u00f3 que \u201ces el momento m\u00e1s importante para la ciudadan\u00eda de manifestarse democr\u00e1ticamente\u201d - FM Patagonia Madryn\" \/>\n<meta property=\"og:description\" content=\"El mandatario provincial vot\u00f3 en la Escuela N\u00ba 1 de Comodoro Rivadavia. El gobernador del Chubut, Mariano Arcioni, emiti\u00f3 su voto esta ma\u00f1ana en la mesa 1119 de la Escuela&hellip;\" \/>\n<meta property=\"og:url\" content=\"https:\/\/fmpatagoniamadryn.com.ar\/?p=5457\" \/>\n<meta property=\"og:site_name\" content=\"FM Patagonia Madryn\" \/>\n<meta property=\"article:published_time\" content=\"2023-08-13T21:33:46+00:00\" \/>\n<meta property=\"article:modified_time\" content=\"2023-08-13T21:34:26+00:00\" \/>\n<meta property=\"og:image\" content=\"https:\/\/fmpatagoniamadryn.com.ar\/wp-content\/uploads\/2023\/08\/ARCIONI-VOTO-3-scaled.jpg\" \/>\n\t<meta property=\"og:image:width\" content=\"2560\" \/>\n\t<meta property=\"og:image:height\" content=\"1707\" \/>\n\t<meta property=\"og:image:type\" content=\"image\/jpeg\" \/>\n<meta name=\"author\" content=\"FM Patagonia\" \/>\n<meta name=\"twitter:card\" content=\"summary_large_image\" \/>\n<meta name=\"twitter:label1\" content=\"Escrito por\" \/>\n\t<meta name=\"twitter:data1\" content=\"FM Patagonia\" \/>\n\t<meta name=\"twitter:label2\" content=\"Tiempo de lectura\" \/>\n\t<meta name=\"twitter:data2\" content=\"2 minutos\" \/>\n<script type=\"application\/ld+json\" class=\"yoast-schema-graph\">{\"@context\":\"https:\\\/\\\/schema.org\",\"@graph\":[{\"@type\":\"Article\",\"@id\":\"https:\\\/\\\/fmpatagoniamadryn.com.ar\\\/?p=5457#article\",\"isPartOf\":{\"@id\":\"https:\\\/\\\/fmpatagoniamadryn.com.ar\\\/?p=5457\"},\"author\":{\"name\":\"FM Patagonia\",\"@id\":\"https:\\\/\\\/fmpatagoniamadryn.com.ar\\\/#\\\/schema\\\/person\\\/1d968ec613613768e14b4e6420a2b125\"},\"headline\":\"Arcioni emiti\u00f3 su voto y resalt\u00f3 que \u201ces el momento m\u00e1s importante para la ciudadan\u00eda de manifestarse democr\u00e1ticamente\u201d\",\"datePublished\":\"2023-08-13T21:33:46+00:00\",\"dateModified\":\"2023-08-13T21:34:26+00:00\",\"mainEntityOfPage\":{\"@id\":\"https:\\\/\\\/fmpatagoniamadryn.com.ar\\\/?p=5457\"},\"wordCount\":383,\"publisher\":{\"@id\":\"https:\\\/\\\/fmpatagoniamadryn.com.ar\\\/#organization\"},\"image\":{\"@id\":\"https:\\\/\\\/fmpatagoniamadryn.com.ar\\\/?p=5457#primaryimage\"},\"thumbnailUrl\":\"https:\\\/\\\/fmpatagoniamadryn.com.ar\\\/wp-content\\\/uploads\\\/2023\\\/08\\\/ARCIONI-VOTO-3-scaled.jpg\",\"articleSection\":[\"Provinciales\"],\"inLanguage\":\"es\"},{\"@type\":\"WebPage\",\"@id\":\"https:\\\/\\\/fmpatagoniamadryn.com.ar\\\/?p=5457\",\"url\":\"https:\\\/\\\/fmpatagoniamadryn.com.ar\\\/?p=5457\",\"name\":\"Arcioni emiti\u00f3 su voto y resalt\u00f3 que \u201ces el momento m\u00e1s importante para la ciudadan\u00eda de manifestarse democr\u00e1ticamente\u201d - FM Patagonia Madryn\",\"isPartOf\":{\"@id\":\"https:\\\/\\\/fmpatagoniamadryn.com.ar\\\/#website\"},\"primaryImageOfPage\":{\"@id\":\"https:\\\/\\\/fmpatagoniamadryn.com.ar\\\/?p=5457#primaryimage\"},\"image\":{\"@id\":\"https:\\\/\\\/fmpatagoniamadryn.com.ar\\\/?p=5457#primaryimage\"},\"thumbnailUrl\":\"https:\\\/\\\/fmpatagoniamadryn.com.ar\\\/wp-content\\\/uploads\\\/2023\\\/08\\\/ARCIONI-VOTO-3-scaled.jpg\",\"datePublished\":\"2023-08-13T21:33:46+00:00\",\"dateModified\":\"2023-08-13T21:34:26+00:00\",\"breadcrumb\":{\"@id\":\"https:\\\/\\\/fmpatagoniamadryn.com.ar\\\/?p=5457#breadcrumb\"},\"inLanguage\":\"es\",\"potentialAction\":[{\"@type\":\"ReadAction\",\"target\":[\"https:\\\/\\\/fmpatagoniamadryn.com.ar\\\/?p=5457\"]}]},{\"@type\":\"ImageObject\",\"inLanguage\":\"es\",\"@id\":\"https:\\\/\\\/fmpatagoniamadryn.com.ar\\\/?p=5457#primaryimage\",\"url\":\"https:\\\/\\\/fmpatagoniamadryn.com.ar\\\/wp-content\\\/uploads\\\/2023\\\/08\\\/ARCIONI-VOTO-3-scaled.jpg\",\"contentUrl\":\"https:\\\/\\\/fmpatagoniamadryn.com.ar\\\/wp-content\\\/uploads\\\/2023\\\/08\\\/ARCIONI-VOTO-3-scaled.jpg\",\"width\":2560,\"height\":1707},{\"@type\":\"BreadcrumbList\",\"@id\":\"https:\\\/\\\/fmpatagoniamadryn.com.ar\\\/?p=5457#breadcrumb\",\"itemListElement\":[{\"@type\":\"ListItem\",\"position\":1,\"name\":\"Portada\",\"item\":\"https:\\\/\\\/fmpatagoniamadryn.com.ar\\\/\"},{\"@type\":\"ListItem\",\"position\":2,\"name\":\"Arcioni emiti\u00f3 su voto y resalt\u00f3 que \u201ces el momento m\u00e1s importante para la ciudadan\u00eda de manifestarse democr\u00e1ticamente\u201d\"}]},{\"@type\":\"WebSite\",\"@id\":\"https:\\\/\\\/fmpatagoniamadryn.com.ar\\\/#website\",\"url\":\"https:\\\/\\\/fmpatagoniamadryn.com.ar\\\/\",\"name\":\"FM Patagonia Madryn\",\"description\":\"Radio Patagonia 105.5\",\"publisher\":{\"@id\":\"https:\\\/\\\/fmpatagoniamadryn.com.ar\\\/#organization\"},\"potentialAction\":[{\"@type\":\"SearchAction\",\"target\":{\"@type\":\"EntryPoint\",\"urlTemplate\":\"https:\\\/\\\/fmpatagoniamadryn.com.ar\\\/?s={search_term_string}\"},\"query-input\":{\"@type\":\"PropertyValueSpecification\",\"valueRequired\":true,\"valueName\":\"search_term_string\"}}],\"inLanguage\":\"es\"},{\"@type\":\"Organization\",\"@id\":\"https:\\\/\\\/fmpatagoniamadryn.com.ar\\\/#organization\",\"name\":\"FM Patagonia Madryn\",\"url\":\"https:\\\/\\\/fmpatagoniamadryn.com.ar\\\/\",\"logo\":{\"@type\":\"ImageObject\",\"inLanguage\":\"es\",\"@id\":\"https:\\\/\\\/fmpatagoniamadryn.com.ar\\\/#\\\/schema\\\/logo\\\/image\\\/\",\"url\":\"https:\\\/\\\/fmpatagoniamadryn.com.ar\\\/wp-content\\\/uploads\\\/2023\\\/01\\\/cropped-Diseno-sin-titulo.png\",\"contentUrl\":\"https:\\\/\\\/fmpatagoniamadryn.com.ar\\\/wp-content\\\/uploads\\\/2023\\\/01\\\/cropped-Diseno-sin-titulo.png\",\"width\":6911,\"height\":2657,\"caption\":\"FM Patagonia Madryn\"},\"image\":{\"@id\":\"https:\\\/\\\/fmpatagoniamadryn.com.ar\\\/#\\\/schema\\\/logo\\\/image\\\/\"}},{\"@type\":\"Person\",\"@id\":\"https:\\\/\\\/fmpatagoniamadryn.com.ar\\\/#\\\/schema\\\/person\\\/1d968ec613613768e14b4e6420a2b125\",\"name\":\"FM Patagonia\",\"url\":\"https:\\\/\\\/fmpatagoniamadryn.com.ar\\\/?author=3\"}]}<\/script>\n<!-- \/ Yoast SEO plugin. -->","yoast_head_json":{"title":"Arcioni emiti\u00f3 su voto y resalt\u00f3 que \u201ces el momento m\u00e1s importante para la ciudadan\u00eda de manifestarse democr\u00e1ticamente\u201d - FM Patagonia Madryn","robots":{"index":"index","follow":"follow","max-snippet":"max-snippet:-1","max-image-preview":"max-image-preview:large","max-video-preview":"max-video-preview:-1"},"canonical":"https:\/\/fmpatagoniamadryn.com.ar\/?p=5457","og_locale":"es_ES","og_type":"article","og_title":"Arcioni emiti\u00f3 su voto y resalt\u00f3 que \u201ces el momento m\u00e1s importante para la ciudadan\u00eda de manifestarse democr\u00e1ticamente\u201d - FM Patagonia Madryn","og_description":"El mandatario provincial vot\u00f3 en la Escuela N\u00ba 1 de Comodoro Rivadavia. El gobernador del Chubut, Mariano Arcioni, emiti\u00f3 su voto esta ma\u00f1ana en la mesa 1119 de la Escuela&hellip;","og_url":"https:\/\/fmpatagoniamadryn.com.ar\/?p=5457","og_site_name":"FM Patagonia Madryn","article_published_time":"2023-08-13T21:33:46+00:00","article_modified_time":"2023-08-13T21:34:26+00:00","og_image":[{"width":2560,"height":1707,"url":"https:\/\/fmpatagoniamadryn.com.ar\/wp-content\/uploads\/2023\/08\/ARCIONI-VOTO-3-scaled.jpg","type":"image\/jpeg"}],"author":"FM Patagonia","twitter_card":"summary_large_image","twitter_misc":{"Escrito por":"FM Patagonia","Tiempo de lectura":"2 minutos"},"schema":{"@context":"https:\/\/schema.org","@graph":[{"@type":"Article","@id":"https:\/\/fmpatagoniamadryn.com.ar\/?p=5457#article","isPartOf":{"@id":"https:\/\/fmpatagoniamadryn.com.ar\/?p=5457"},"author":{"name":"FM Patagonia","@id":"https:\/\/fmpatagoniamadryn.com.ar\/#\/schema\/person\/1d968ec613613768e14b4e6420a2b125"},"headline":"Arcioni emiti\u00f3 su voto y resalt\u00f3 que \u201ces el momento m\u00e1s importante para la ciudadan\u00eda de manifestarse democr\u00e1ticamente\u201d","datePublished":"2023-08-13T21:33:46+00:00","dateModified":"2023-08-13T21:34:26+00:00","mainEntityOfPage":{"@id":"https:\/\/fmpatagoniamadryn.com.ar\/?p=5457"},"wordCount":383,"publisher":{"@id":"https:\/\/fmpatagoniamadryn.com.ar\/#organization"},"image":{"@id":"https:\/\/fmpatagoniamadryn.com.ar\/?p=5457#primaryimage"},"thumbnailUrl":"https:\/\/fmpatagoniamadryn.com.ar\/wp-content\/uploads\/2023\/08\/ARCIONI-VOTO-3-scaled.jpg","articleSection":["Provinciales"],"inLanguage":"es"},{"@type":"WebPage","@id":"https:\/\/fmpatagoniamadryn.com.ar\/?p=5457","url":"https:\/\/fmpatagoniamadryn.com.ar\/?p=5457","name":"Arcioni emiti\u00f3 su voto y resalt\u00f3 que \u201ces el momento m\u00e1s importante para la ciudadan\u00eda de manifestarse democr\u00e1ticamente\u201d - FM Patagonia Madryn","isPartOf":{"@id":"https:\/\/fmpatagoniamadryn.com.ar\/#website"},"primaryImageOfPage":{"@id":"https:\/\/fmpatagoniamadryn.com.ar\/?p=5457#primaryimage"},"image":{"@id":"https:\/\/fmpatagoniamadryn.com.ar\/?p=5457#primaryimage"},"thumbnailUrl":"https:\/\/fmpatagoniamadryn.com.ar\/wp-content\/uploads\/2023\/08\/ARCIONI-VOTO-3-scaled.jpg","datePublished":"2023-08-13T21:33:46+00:00","dateModified":"2023-08-13T21:34:26+00:00","breadcrumb":{"@id":"https:\/\/fmpatagoniamadryn.com.ar\/?p=5457#breadcrumb"},"inLanguage":"es","potentialAction":[{"@type":"ReadAction","target":["https:\/\/fmpatagoniamadryn.com.ar\/?p=5457"]}]},{"@type":"ImageObject","inLanguage":"es","@id":"https:\/\/fmpatagoniamadryn.com.ar\/?p=5457#primaryimage","url":"https:\/\/fmpatagoniamadryn.com.ar\/wp-content\/uploads\/2023\/08\/ARCIONI-VOTO-3-scaled.jpg","contentUrl":"https:\/\/fmpatagoniamadryn.com.ar\/wp-content\/uploads\/2023\/08\/ARCIONI-VOTO-3-scaled.jpg","width":2560,"height":1707},{"@type":"BreadcrumbList","@id":"https:\/\/fmpatagoniamadryn.com.ar\/?p=5457#breadcrumb","itemListElement":[{"@type":"ListItem","position":1,"name":"Portada","item":"https:\/\/fmpatagoniamadryn.com.ar\/"},{"@type":"ListItem","position":2,"name":"Arcioni emiti\u00f3 su voto y resalt\u00f3 que \u201ces el momento m\u00e1s importante para la ciudadan\u00eda de manifestarse democr\u00e1ticamente\u201d"}]},{"@type":"WebSite","@id":"https:\/\/fmpatagoniamadryn.com.ar\/#website","url":"https:\/\/fmpatagoniamadryn.com.ar\/","name":"FM Patagonia Madryn","description":"Radio Patagonia 105.5","publisher":{"@id":"https:\/\/fmpatagoniamadryn.com.ar\/#organization"},"potentialAction":[{"@type":"SearchAction","target":{"@type":"EntryPoint","urlTemplate":"https:\/\/fmpatagoniamadryn.com.ar\/?s={search_term_string}"},"query-input":{"@type":"PropertyValueSpecification","valueRequired":true,"valueName":"search_term_string"}}],"inLanguage":"es"},{"@type":"Organization","@id":"https:\/\/fmpatagoniamadryn.com.ar\/#organization","name":"FM Patagonia Madryn","url":"https:\/\/fmpatagoniamadryn.com.ar\/","logo":{"@type":"ImageObject","inLanguage":"es","@id":"https:\/\/fmpatagoniamadryn.com.ar\/#\/schema\/logo\/image\/","url":"https:\/\/fmpatagoniamadryn.com.ar\/wp-content\/uploads\/2023\/01\/cropped-Diseno-sin-titulo.png","contentUrl":"https:\/\/fmpatagoniamadryn.com.ar\/wp-content\/uploads\/2023\/01\/cropped-Diseno-sin-titulo.png","width":6911,"height":2657,"caption":"FM Patagonia Madryn"},"image":{"@id":"https:\/\/fmpatagoniamadryn.com.ar\/#\/schema\/logo\/image\/"}},{"@type":"Person","@id":"https:\/\/fmpatagoniamadryn.com.ar\/#\/schema\/person\/1d968ec613613768e14b4e6420a2b125","name":"FM Patagonia","url":"https:\/\/fmpatagoniamadryn.com.ar\/?author=3"}]}},"jetpack_featured_media_url":"https:\/\/fmpatagoniamadryn.com.ar\/wp-content\/uploads\/2023\/08\/ARCIONI-VOTO-3-scaled.jpg","_links":{"self":[{"href":"https:\/\/fmpatagoniamadryn.com.ar\/index.php?rest_route=\/wp\/v2\/posts\/5457","targetHints":{"allow":["GET"]}}],"collection":[{"href":"https:\/\/fmpatagoniamadryn.com.ar\/index.php?rest_route=\/wp\/v2\/posts"}],"about":[{"href":"https:\/\/fmpatagoniamadryn.com.ar\/index.php?rest_route=\/wp\/v2\/types\/post"}],"author":[{"embeddable":true,"href":"https:\/\/fmpatagoniamadryn.com.ar\/index.php?rest_route=\/wp\/v2\/users\/3"}],"replies":[{"embeddable":true,"href":"https:\/\/fmpatagoniamadryn.com.ar\/index.php?rest_route=%2Fwp%2Fv2%2Fcomments&post=5457"}],"version-history":[{"count":1,"href":"https:\/\/fmpatagoniamadryn.com.ar\/index.php?rest_route=\/wp\/v2\/posts\/5457\/revisions"}],"predecessor-version":[{"id":5458,"href":"https:\/\/fmpatagoniamadryn.com.ar\/index.php?rest_route=\/wp\/v2\/posts\/5457\/revisions\/5458"}],"wp:featuredmedia":[{"embeddable":true,"href":"https:\/\/fmpatagoniamadryn.com.ar\/index.php?rest_route=\/wp\/v2\/media\/5456"}],"wp:attachment":[{"href":"https:\/\/fmpatagoniamadryn.com.ar\/index.php?rest_route=%2Fwp%2Fv2%2Fmedia&parent=5457"}],"wp:term":[{"taxonomy":"category","embeddable":true,"href":"https:\/\/fmpatagoniamadryn.com.ar\/index.php?rest_route=%2Fwp%2Fv2%2Fcategories&post=5457"},{"taxonomy":"post_tag","embeddable":true,"href":"https:\/\/fmpatagoniamadryn.com.ar\/index.php?rest_route=%2Fwp%2Fv2%2Ftags&post=5457"}],"curies":[{"name":"wp","href":"https:\/\/api.w.org\/{rel}","templated":true}]}}