{"id":5460,"date":"2023-08-13T18:35:07","date_gmt":"2023-08-13T21:35:07","guid":{"rendered":"https:\/\/fmpatagoniamadryn.com.ar\/?p=5460"},"modified":"2023-08-13T18:36:19","modified_gmt":"2023-08-13T21:36:19","slug":"provincia-convoca-al-sector-industrial-a-participar-en-buenos-aires-de-la-1-exposicion-de-parques-industriales-nacional-e-internacional","status":"publish","type":"post","link":"https:\/\/fmpatagoniamadryn.com.ar\/?p=5460","title":{"rendered":"Provincia convoca al sector industrial a participar en Buenos Aires de la \u201c1\u00b0 Exposici\u00f3n de Parques Industriales Nacional e Internacional\u201d"},"content":{"rendered":"\n<p>La exposici\u00f3n es organizada por la Asociaci\u00f3n de Parques Industriales Argentinos, y se realizar\u00e1 en el Predio Ferial de la Sociedad Rural de Palermo en la Ciudad Aut\u00f3noma de Buenos Aires (CABA).<br><br>El Gobierno Provincial, a trav\u00e9s del Ministerio de Agricultura, Ganader\u00eda, Industria y Comercio, convoca a instituciones y c\u00e1maras representantes de empresas radicadas en parques industriales de la Provincia a integrar el stand que Chubut presentar\u00e1 en la \u201c1\u00b0 Exposici\u00f3n de Parques Industriales Nacional e Internacional\u201d.<br><br>El evento es organizado por la Asociaci\u00f3n de Parques Industriales Argentinos (APIA), y se realizar\u00e1 los d\u00edas 23, 24 y 25 de agosto en el Pabell\u00f3n Amarillo del Predio Ferial La Rural, Ciudad Aut\u00f3noma de Buenos Aires (CABA).<br><br>Se realizar\u00e1n rondas de negocio (nacional e internacional), misiones inversas, encuentros entre CEOs de grandes empresas y PyMEs industriales, conferencias de expositores y especialistas del sector.<br><br>Paralelamente, se llevar\u00e1 a cabo la 4\u00b0 Edici\u00f3n del Congreso Industrial del Consenso Nacional del Trabajo y la Producci\u00f3n, y se realizar\u00e1n Rondas de Negocios Multisectoriales y Nacionales organizadas por la Confederaci\u00f3n Argentina de la Mediana Empresa; esto ocurrir\u00e1 el 23 de agosto de 12 a 20 horas.<br><br>Participar\u00e1n compradores de las principales empresas en petr\u00f3leo, gas y miner\u00eda, industrias radicadas dentro y fuera de parques industriales y directivos de los parques industriales de todas las provincias.<br><br>Para m\u00e1s informaci\u00f3n comunicarse al correo electr\u00f3nico chubutpromocioncomercial@gmail.com o al WhatsApp 280- 4414006.<br><br>&#8212;<\/p>\n","protected":false},"excerpt":{"rendered":"<p>La exposici\u00f3n es organizada por la Asociaci\u00f3n de Parques Industriales Argentinos, y se realizar\u00e1 en el Predio Ferial de la Sociedad Rural de Palermo en la Ciudad Aut\u00f3noma de Buenos&hellip; <\/p>\n","protected":false},"author":3,"featured_media":5459,"comment_status":"closed","ping_status":"closed","sticky":false,"template":"","format":"standard","meta":{"footnotes":""},"categories":[14],"tags":[],"class_list":["post-5460","post","type-post","status-publish","format-standard","has-post-thumbnail","hentry","category-provinciales"],"yoast_head":"<!-- This site is optimized with the Yoast SEO plugin v27.4 - https:\/\/yoast.com\/product\/yoast-seo-wordpress\/ -->\n<title>Provincia convoca al sector industrial a participar en Buenos Aires de la \u201c1\u00b0 Exposici\u00f3n de Parques Industriales Nacional e Internacional\u201d - FM Patagonia Madryn<\/title>\n<meta name=\"robots\" content=\"index, follow, max-snippet:-1, max-image-preview:large, max-video-preview:-1\" \/>\n<link rel=\"canonical\" href=\"https:\/\/fmpatagoniamadryn.com.ar\/?p=5460\" \/>\n<meta property=\"og:locale\" content=\"es_ES\" \/>\n<meta property=\"og:type\" content=\"article\" \/>\n<meta property=\"og:title\" content=\"Provincia convoca al sector industrial a participar en Buenos Aires de la \u201c1\u00b0 Exposici\u00f3n de Parques Industriales Nacional e Internacional\u201d - FM Patagonia Madryn\" \/>\n<meta property=\"og:description\" content=\"La exposici\u00f3n es organizada por la Asociaci\u00f3n de Parques Industriales Argentinos, y se realizar\u00e1 en el Predio Ferial de la Sociedad Rural de Palermo en la Ciudad Aut\u00f3noma de Buenos&hellip;\" \/>\n<meta property=\"og:url\" content=\"https:\/\/fmpatagoniamadryn.com.ar\/?p=5460\" \/>\n<meta property=\"og:site_name\" content=\"FM Patagonia Madryn\" \/>\n<meta property=\"article:published_time\" content=\"2023-08-13T21:35:07+00:00\" \/>\n<meta property=\"article:modified_time\" content=\"2023-08-13T21:36:19+00:00\" \/>\n<meta property=\"og:image\" content=\"https:\/\/fmpatagoniamadryn.com.ar\/wp-content\/uploads\/2023\/08\/11-8-Parques-Industriales-scaled.jpg\" \/>\n\t<meta property=\"og:image:width\" content=\"2560\" \/>\n\t<meta property=\"og:image:height\" content=\"2560\" \/>\n\t<meta property=\"og:image:type\" content=\"image\/jpeg\" \/>\n<meta name=\"author\" content=\"FM Patagonia\" \/>\n<meta name=\"twitter:card\" content=\"summary_large_image\" \/>\n<meta name=\"twitter:label1\" content=\"Escrito por\" \/>\n\t<meta name=\"twitter:data1\" content=\"FM Patagonia\" \/>\n\t<meta name=\"twitter:label2\" content=\"Tiempo de lectura\" \/>\n\t<meta name=\"twitter:data2\" content=\"1 minuto\" \/>\n<script type=\"application\/ld+json\" class=\"yoast-schema-graph\">{\"@context\":\"https:\\\/\\\/schema.org\",\"@graph\":[{\"@type\":\"Article\",\"@id\":\"https:\\\/\\\/fmpatagoniamadryn.com.ar\\\/?p=5460#article\",\"isPartOf\":{\"@id\":\"https:\\\/\\\/fmpatagoniamadryn.com.ar\\\/?p=5460\"},\"author\":{\"name\":\"FM Patagonia\",\"@id\":\"https:\\\/\\\/fmpatagoniamadryn.com.ar\\\/#\\\/schema\\\/person\\\/1d968ec613613768e14b4e6420a2b125\"},\"headline\":\"Provincia convoca al sector industrial a participar en Buenos Aires de la \u201c1\u00b0 Exposici\u00f3n de Parques Industriales Nacional e Internacional\u201d\",\"datePublished\":\"2023-08-13T21:35:07+00:00\",\"dateModified\":\"2023-08-13T21:36:19+00:00\",\"mainEntityOfPage\":{\"@id\":\"https:\\\/\\\/fmpatagoniamadryn.com.ar\\\/?p=5460\"},\"wordCount\":267,\"publisher\":{\"@id\":\"https:\\\/\\\/fmpatagoniamadryn.com.ar\\\/#organization\"},\"image\":{\"@id\":\"https:\\\/\\\/fmpatagoniamadryn.com.ar\\\/?p=5460#primaryimage\"},\"thumbnailUrl\":\"https:\\\/\\\/fmpatagoniamadryn.com.ar\\\/wp-content\\\/uploads\\\/2023\\\/08\\\/11-8-Parques-Industriales-scaled.jpg\",\"articleSection\":[\"Provinciales\"],\"inLanguage\":\"es\"},{\"@type\":\"WebPage\",\"@id\":\"https:\\\/\\\/fmpatagoniamadryn.com.ar\\\/?p=5460\",\"url\":\"https:\\\/\\\/fmpatagoniamadryn.com.ar\\\/?p=5460\",\"name\":\"Provincia convoca al sector industrial a participar en Buenos Aires de la \u201c1\u00b0 Exposici\u00f3n de Parques Industriales Nacional e Internacional\u201d - FM Patagonia Madryn\",\"isPartOf\":{\"@id\":\"https:\\\/\\\/fmpatagoniamadryn.com.ar\\\/#website\"},\"primaryImageOfPage\":{\"@id\":\"https:\\\/\\\/fmpatagoniamadryn.com.ar\\\/?p=5460#primaryimage\"},\"image\":{\"@id\":\"https:\\\/\\\/fmpatagoniamadryn.com.ar\\\/?p=5460#primaryimage\"},\"thumbnailUrl\":\"https:\\\/\\\/fmpatagoniamadryn.com.ar\\\/wp-content\\\/uploads\\\/2023\\\/08\\\/11-8-Parques-Industriales-scaled.jpg\",\"datePublished\":\"2023-08-13T21:35:07+00:00\",\"dateModified\":\"2023-08-13T21:36:19+00:00\",\"breadcrumb\":{\"@id\":\"https:\\\/\\\/fmpatagoniamadryn.com.ar\\\/?p=5460#breadcrumb\"},\"inLanguage\":\"es\",\"potentialAction\":[{\"@type\":\"ReadAction\",\"target\":[\"https:\\\/\\\/fmpatagoniamadryn.com.ar\\\/?p=5460\"]}]},{\"@type\":\"ImageObject\",\"inLanguage\":\"es\",\"@id\":\"https:\\\/\\\/fmpatagoniamadryn.com.ar\\\/?p=5460#primaryimage\",\"url\":\"https:\\\/\\\/fmpatagoniamadryn.com.ar\\\/wp-content\\\/uploads\\\/2023\\\/08\\\/11-8-Parques-Industriales-scaled.jpg\",\"contentUrl\":\"https:\\\/\\\/fmpatagoniamadryn.com.ar\\\/wp-content\\\/uploads\\\/2023\\\/08\\\/11-8-Parques-Industriales-scaled.jpg\",\"width\":2560,\"height\":2560},{\"@type\":\"BreadcrumbList\",\"@id\":\"https:\\\/\\\/fmpatagoniamadryn.com.ar\\\/?p=5460#breadcrumb\",\"itemListElement\":[{\"@type\":\"ListItem\",\"position\":1,\"name\":\"Portada\",\"item\":\"https:\\\/\\\/fmpatagoniamadryn.com.ar\\\/\"},{\"@type\":\"ListItem\",\"position\":2,\"name\":\"Provincia convoca al sector industrial a participar en Buenos Aires de la \u201c1\u00b0 Exposici\u00f3n de Parques Industriales Nacional e Internacional\u201d\"}]},{\"@type\":\"WebSite\",\"@id\":\"https:\\\/\\\/fmpatagoniamadryn.com.ar\\\/#website\",\"url\":\"https:\\\/\\\/fmpatagoniamadryn.com.ar\\\/\",\"name\":\"FM Patagonia Madryn\",\"description\":\"Radio Patagonia 105.5\",\"publisher\":{\"@id\":\"https:\\\/\\\/fmpatagoniamadryn.com.ar\\\/#organization\"},\"potentialAction\":[{\"@type\":\"SearchAction\",\"target\":{\"@type\":\"EntryPoint\",\"urlTemplate\":\"https:\\\/\\\/fmpatagoniamadryn.com.ar\\\/?s={search_term_string}\"},\"query-input\":{\"@type\":\"PropertyValueSpecification\",\"valueRequired\":true,\"valueName\":\"search_term_string\"}}],\"inLanguage\":\"es\"},{\"@type\":\"Organization\",\"@id\":\"https:\\\/\\\/fmpatagoniamadryn.com.ar\\\/#organization\",\"name\":\"FM Patagonia Madryn\",\"url\":\"https:\\\/\\\/fmpatagoniamadryn.com.ar\\\/\",\"logo\":{\"@type\":\"ImageObject\",\"inLanguage\":\"es\",\"@id\":\"https:\\\/\\\/fmpatagoniamadryn.com.ar\\\/#\\\/schema\\\/logo\\\/image\\\/\",\"url\":\"https:\\\/\\\/fmpatagoniamadryn.com.ar\\\/wp-content\\\/uploads\\\/2023\\\/01\\\/cropped-Diseno-sin-titulo.png\",\"contentUrl\":\"https:\\\/\\\/fmpatagoniamadryn.com.ar\\\/wp-content\\\/uploads\\\/2023\\\/01\\\/cropped-Diseno-sin-titulo.png\",\"width\":6911,\"height\":2657,\"caption\":\"FM Patagonia Madryn\"},\"image\":{\"@id\":\"https:\\\/\\\/fmpatagoniamadryn.com.ar\\\/#\\\/schema\\\/logo\\\/image\\\/\"}},{\"@type\":\"Person\",\"@id\":\"https:\\\/\\\/fmpatagoniamadryn.com.ar\\\/#\\\/schema\\\/person\\\/1d968ec613613768e14b4e6420a2b125\",\"name\":\"FM Patagonia\",\"url\":\"https:\\\/\\\/fmpatagoniamadryn.com.ar\\\/?author=3\"}]}<\/script>\n<!-- \/ Yoast SEO plugin. -->","yoast_head_json":{"title":"Provincia convoca al sector industrial a participar en Buenos Aires de la \u201c1\u00b0 Exposici\u00f3n de Parques Industriales Nacional e Internacional\u201d - FM Patagonia Madryn","robots":{"index":"index","follow":"follow","max-snippet":"max-snippet:-1","max-image-preview":"max-image-preview:large","max-video-preview":"max-video-preview:-1"},"canonical":"https:\/\/fmpatagoniamadryn.com.ar\/?p=5460","og_locale":"es_ES","og_type":"article","og_title":"Provincia convoca al sector industrial a participar en Buenos Aires de la \u201c1\u00b0 Exposici\u00f3n de Parques Industriales Nacional e Internacional\u201d - FM Patagonia Madryn","og_description":"La exposici\u00f3n es organizada por la Asociaci\u00f3n de Parques Industriales Argentinos, y se realizar\u00e1 en el Predio Ferial de la Sociedad Rural de Palermo en la Ciudad Aut\u00f3noma de Buenos&hellip;","og_url":"https:\/\/fmpatagoniamadryn.com.ar\/?p=5460","og_site_name":"FM Patagonia Madryn","article_published_time":"2023-08-13T21:35:07+00:00","article_modified_time":"2023-08-13T21:36:19+00:00","og_image":[{"width":2560,"height":2560,"url":"https:\/\/fmpatagoniamadryn.com.ar\/wp-content\/uploads\/2023\/08\/11-8-Parques-Industriales-scaled.jpg","type":"image\/jpeg"}],"author":"FM Patagonia","twitter_card":"summary_large_image","twitter_misc":{"Escrito por":"FM Patagonia","Tiempo de lectura":"1 minuto"},"schema":{"@context":"https:\/\/schema.org","@graph":[{"@type":"Article","@id":"https:\/\/fmpatagoniamadryn.com.ar\/?p=5460#article","isPartOf":{"@id":"https:\/\/fmpatagoniamadryn.com.ar\/?p=5460"},"author":{"name":"FM Patagonia","@id":"https:\/\/fmpatagoniamadryn.com.ar\/#\/schema\/person\/1d968ec613613768e14b4e6420a2b125"},"headline":"Provincia convoca al sector industrial a participar en Buenos Aires de la \u201c1\u00b0 Exposici\u00f3n de Parques Industriales Nacional e Internacional\u201d","datePublished":"2023-08-13T21:35:07+00:00","dateModified":"2023-08-13T21:36:19+00:00","mainEntityOfPage":{"@id":"https:\/\/fmpatagoniamadryn.com.ar\/?p=5460"},"wordCount":267,"publisher":{"@id":"https:\/\/fmpatagoniamadryn.com.ar\/#organization"},"image":{"@id":"https:\/\/fmpatagoniamadryn.com.ar\/?p=5460#primaryimage"},"thumbnailUrl":"https:\/\/fmpatagoniamadryn.com.ar\/wp-content\/uploads\/2023\/08\/11-8-Parques-Industriales-scaled.jpg","articleSection":["Provinciales"],"inLanguage":"es"},{"@type":"WebPage","@id":"https:\/\/fmpatagoniamadryn.com.ar\/?p=5460","url":"https:\/\/fmpatagoniamadryn.com.ar\/?p=5460","name":"Provincia convoca al sector industrial a participar en Buenos Aires de la \u201c1\u00b0 Exposici\u00f3n de Parques Industriales Nacional e Internacional\u201d - FM Patagonia Madryn","isPartOf":{"@id":"https:\/\/fmpatagoniamadryn.com.ar\/#website"},"primaryImageOfPage":{"@id":"https:\/\/fmpatagoniamadryn.com.ar\/?p=5460#primaryimage"},"image":{"@id":"https:\/\/fmpatagoniamadryn.com.ar\/?p=5460#primaryimage"},"thumbnailUrl":"https:\/\/fmpatagoniamadryn.com.ar\/wp-content\/uploads\/2023\/08\/11-8-Parques-Industriales-scaled.jpg","datePublished":"2023-08-13T21:35:07+00:00","dateModified":"2023-08-13T21:36:19+00:00","breadcrumb":{"@id":"https:\/\/fmpatagoniamadryn.com.ar\/?p=5460#breadcrumb"},"inLanguage":"es","potentialAction":[{"@type":"ReadAction","target":["https:\/\/fmpatagoniamadryn.com.ar\/?p=5460"]}]},{"@type":"ImageObject","inLanguage":"es","@id":"https:\/\/fmpatagoniamadryn.com.ar\/?p=5460#primaryimage","url":"https:\/\/fmpatagoniamadryn.com.ar\/wp-content\/uploads\/2023\/08\/11-8-Parques-Industriales-scaled.jpg","contentUrl":"https:\/\/fmpatagoniamadryn.com.ar\/wp-content\/uploads\/2023\/08\/11-8-Parques-Industriales-scaled.jpg","width":2560,"height":2560},{"@type":"BreadcrumbList","@id":"https:\/\/fmpatagoniamadryn.com.ar\/?p=5460#breadcrumb","itemListElement":[{"@type":"ListItem","position":1,"name":"Portada","item":"https:\/\/fmpatagoniamadryn.com.ar\/"},{"@type":"ListItem","position":2,"name":"Provincia convoca al sector industrial a participar en Buenos Aires de la \u201c1\u00b0 Exposici\u00f3n de Parques Industriales Nacional e Internacional\u201d"}]},{"@type":"WebSite","@id":"https:\/\/fmpatagoniamadryn.com.ar\/#website","url":"https:\/\/fmpatagoniamadryn.com.ar\/","name":"FM Patagonia Madryn","description":"Radio Patagonia 105.5","publisher":{"@id":"https:\/\/fmpatagoniamadryn.com.ar\/#organization"},"potentialAction":[{"@type":"SearchAction","target":{"@type":"EntryPoint","urlTemplate":"https:\/\/fmpatagoniamadryn.com.ar\/?s={search_term_string}"},"query-input":{"@type":"PropertyValueSpecification","valueRequired":true,"valueName":"search_term_string"}}],"inLanguage":"es"},{"@type":"Organization","@id":"https:\/\/fmpatagoniamadryn.com.ar\/#organization","name":"FM Patagonia Madryn","url":"https:\/\/fmpatagoniamadryn.com.ar\/","logo":{"@type":"ImageObject","inLanguage":"es","@id":"https:\/\/fmpatagoniamadryn.com.ar\/#\/schema\/logo\/image\/","url":"https:\/\/fmpatagoniamadryn.com.ar\/wp-content\/uploads\/2023\/01\/cropped-Diseno-sin-titulo.png","contentUrl":"https:\/\/fmpatagoniamadryn.com.ar\/wp-content\/uploads\/2023\/01\/cropped-Diseno-sin-titulo.png","width":6911,"height":2657,"caption":"FM Patagonia Madryn"},"image":{"@id":"https:\/\/fmpatagoniamadryn.com.ar\/#\/schema\/logo\/image\/"}},{"@type":"Person","@id":"https:\/\/fmpatagoniamadryn.com.ar\/#\/schema\/person\/1d968ec613613768e14b4e6420a2b125","name":"FM Patagonia","url":"https:\/\/fmpatagoniamadryn.com.ar\/?author=3"}]}},"jetpack_featured_media_url":"https:\/\/fmpatagoniamadryn.com.ar\/wp-content\/uploads\/2023\/08\/11-8-Parques-Industriales-scaled.jpg","_links":{"self":[{"href":"https:\/\/fmpatagoniamadryn.com.ar\/index.php?rest_route=\/wp\/v2\/posts\/5460","targetHints":{"allow":["GET"]}}],"collection":[{"href":"https:\/\/fmpatagoniamadryn.com.ar\/index.php?rest_route=\/wp\/v2\/posts"}],"about":[{"href":"https:\/\/fmpatagoniamadryn.com.ar\/index.php?rest_route=\/wp\/v2\/types\/post"}],"author":[{"embeddable":true,"href":"https:\/\/fmpatagoniamadryn.com.ar\/index.php?rest_route=\/wp\/v2\/users\/3"}],"replies":[{"embeddable":true,"href":"https:\/\/fmpatagoniamadryn.com.ar\/index.php?rest_route=%2Fwp%2Fv2%2Fcomments&post=5460"}],"version-history":[{"count":1,"href":"https:\/\/fmpatagoniamadryn.com.ar\/index.php?rest_route=\/wp\/v2\/posts\/5460\/revisions"}],"predecessor-version":[{"id":5461,"href":"https:\/\/fmpatagoniamadryn.com.ar\/index.php?rest_route=\/wp\/v2\/posts\/5460\/revisions\/5461"}],"wp:featuredmedia":[{"embeddable":true,"href":"https:\/\/fmpatagoniamadryn.com.ar\/index.php?rest_route=\/wp\/v2\/media\/5459"}],"wp:attachment":[{"href":"https:\/\/fmpatagoniamadryn.com.ar\/index.php?rest_route=%2Fwp%2Fv2%2Fmedia&parent=5460"}],"wp:term":[{"taxonomy":"category","embeddable":true,"href":"https:\/\/fmpatagoniamadryn.com.ar\/index.php?rest_route=%2Fwp%2Fv2%2Fcategories&post=5460"},{"taxonomy":"post_tag","embeddable":true,"href":"https:\/\/fmpatagoniamadryn.com.ar\/index.php?rest_route=%2Fwp%2Fv2%2Ftags&post=5460"}],"curies":[{"name":"wp","href":"https:\/\/api.w.org\/{rel}","templated":true}]}}