{"id":6095,"date":"2023-09-13T11:40:39","date_gmt":"2023-09-13T14:40:39","guid":{"rendered":"https:\/\/fmpatagoniamadryn.com.ar\/?p=6095"},"modified":"2023-09-13T11:40:47","modified_gmt":"2023-09-13T14:40:47","slug":"massa-confirmo-a-glinski-que-eximira-zona-desfavorable-que-se-paga-en-la-patagonia-del-impuesto-a-las-ganancias","status":"publish","type":"post","link":"https:\/\/fmpatagoniamadryn.com.ar\/?p=6095","title":{"rendered":"Massa confirm\u00f3 a Glinski que eximir\u00e1 Zona Desfavorable que se paga en la Patagonia del Impuesto a las Ganancias"},"content":{"rendered":"\n<p>El candidato a diputado nacional de Chubut por Uni\u00f3n por la Patria, Jos\u00e9 Glinski, anunci\u00f3 que Sergio Massa le confirm\u00f3 que el Gobierno Nacional eximir\u00e1 del pago del impuesto a las ganancias el componente por Zona Desfavorable que se paga en la Patagonia, un pedido que hab\u00edan realizado distintos sectores pol\u00edticos de nuestra provincia, entre ellos el electo Gobernador Ignacio Torres, y que forma parte del anuncio del ministro de Econom\u00eda de Naci\u00f3n, de subir el m\u00ednimo imponible a 1.770.000 pesos.<br><br>Glinski explic\u00f3 que habl\u00f3 con Sergio Massa \u00aby me cont\u00f3 que tambi\u00e9n habl\u00f3 con Alicia Kirchner y con el gobernador de Tierra del Fuego, Gustavo Melella, y que efectivamente incluy\u00f3 la eximici\u00f3n de Ganancias de ese componente de Zona Desfavorable para la Patagonia, a todos los trabajadores y trabajadoras de nuestra regi\u00f3n\u00bb, agregando que \u00abla agenda es la agenda que va fijando la decisi\u00f3n cotidiana de nuestro ministro y futuro presidente Sergio Massa. De alguna manera, las medidas que va tomando hoy ya anticipan el tipo de decisiones que va a poder tomar cuando sea presidente\u00bb.<\/p>\n","protected":false},"excerpt":{"rendered":"<p>El candidato a diputado nacional de Chubut por Uni\u00f3n por la Patria, Jos\u00e9 Glinski, anunci\u00f3 que Sergio Massa le confirm\u00f3 que el Gobierno Nacional eximir\u00e1 del pago del impuesto a&hellip; <\/p>\n","protected":false},"author":3,"featured_media":6094,"comment_status":"closed","ping_status":"closed","sticky":false,"template":"","format":"standard","meta":{"footnotes":""},"categories":[13],"tags":[],"class_list":["post-6095","post","type-post","status-publish","format-standard","has-post-thumbnail","hentry","category-nacionales"],"yoast_head":"<!-- This site is optimized with the Yoast SEO plugin v27.4 - https:\/\/yoast.com\/product\/yoast-seo-wordpress\/ -->\n<title>Massa confirm\u00f3 a Glinski que eximir\u00e1 Zona Desfavorable que se paga en la Patagonia del Impuesto a las Ganancias - FM Patagonia Madryn<\/title>\n<meta name=\"robots\" content=\"index, follow, max-snippet:-1, max-image-preview:large, max-video-preview:-1\" \/>\n<link rel=\"canonical\" href=\"https:\/\/fmpatagoniamadryn.com.ar\/?p=6095\" \/>\n<meta property=\"og:locale\" content=\"es_ES\" \/>\n<meta property=\"og:type\" content=\"article\" \/>\n<meta property=\"og:title\" content=\"Massa confirm\u00f3 a Glinski que eximir\u00e1 Zona Desfavorable que se paga en la Patagonia del Impuesto a las Ganancias - FM Patagonia Madryn\" \/>\n<meta property=\"og:description\" content=\"El candidato a diputado nacional de Chubut por Uni\u00f3n por la Patria, Jos\u00e9 Glinski, anunci\u00f3 que Sergio Massa le confirm\u00f3 que el Gobierno Nacional eximir\u00e1 del pago del impuesto a&hellip;\" \/>\n<meta property=\"og:url\" content=\"https:\/\/fmpatagoniamadryn.com.ar\/?p=6095\" \/>\n<meta property=\"og:site_name\" content=\"FM Patagonia Madryn\" \/>\n<meta property=\"article:published_time\" content=\"2023-09-13T14:40:39+00:00\" \/>\n<meta property=\"article:modified_time\" content=\"2023-09-13T14:40:47+00:00\" \/>\n<meta property=\"og:image\" content=\"https:\/\/fmpatagoniamadryn.com.ar\/wp-content\/uploads\/2023\/09\/FB_IMG_1694616019301.jpg\" \/>\n\t<meta property=\"og:image:width\" content=\"720\" \/>\n\t<meta property=\"og:image:height\" content=\"410\" \/>\n\t<meta property=\"og:image:type\" content=\"image\/jpeg\" \/>\n<meta name=\"author\" content=\"FM Patagonia\" \/>\n<meta name=\"twitter:card\" content=\"summary_large_image\" \/>\n<meta name=\"twitter:label1\" content=\"Escrito por\" \/>\n\t<meta name=\"twitter:data1\" content=\"FM Patagonia\" \/>\n\t<meta name=\"twitter:label2\" content=\"Tiempo de lectura\" \/>\n\t<meta name=\"twitter:data2\" content=\"1 minuto\" \/>\n<script type=\"application\/ld+json\" class=\"yoast-schema-graph\">{\"@context\":\"https:\\\/\\\/schema.org\",\"@graph\":[{\"@type\":\"Article\",\"@id\":\"https:\\\/\\\/fmpatagoniamadryn.com.ar\\\/?p=6095#article\",\"isPartOf\":{\"@id\":\"https:\\\/\\\/fmpatagoniamadryn.com.ar\\\/?p=6095\"},\"author\":{\"name\":\"FM Patagonia\",\"@id\":\"https:\\\/\\\/fmpatagoniamadryn.com.ar\\\/#\\\/schema\\\/person\\\/1d968ec613613768e14b4e6420a2b125\"},\"headline\":\"Massa confirm\u00f3 a Glinski que eximir\u00e1 Zona Desfavorable que se paga en la Patagonia del Impuesto a las Ganancias\",\"datePublished\":\"2023-09-13T14:40:39+00:00\",\"dateModified\":\"2023-09-13T14:40:47+00:00\",\"mainEntityOfPage\":{\"@id\":\"https:\\\/\\\/fmpatagoniamadryn.com.ar\\\/?p=6095\"},\"wordCount\":205,\"publisher\":{\"@id\":\"https:\\\/\\\/fmpatagoniamadryn.com.ar\\\/#organization\"},\"image\":{\"@id\":\"https:\\\/\\\/fmpatagoniamadryn.com.ar\\\/?p=6095#primaryimage\"},\"thumbnailUrl\":\"https:\\\/\\\/fmpatagoniamadryn.com.ar\\\/wp-content\\\/uploads\\\/2023\\\/09\\\/FB_IMG_1694616019301.jpg\",\"articleSection\":[\"Nacionales\"],\"inLanguage\":\"es\"},{\"@type\":\"WebPage\",\"@id\":\"https:\\\/\\\/fmpatagoniamadryn.com.ar\\\/?p=6095\",\"url\":\"https:\\\/\\\/fmpatagoniamadryn.com.ar\\\/?p=6095\",\"name\":\"Massa confirm\u00f3 a Glinski que eximir\u00e1 Zona Desfavorable que se paga en la Patagonia del Impuesto a las Ganancias - FM Patagonia Madryn\",\"isPartOf\":{\"@id\":\"https:\\\/\\\/fmpatagoniamadryn.com.ar\\\/#website\"},\"primaryImageOfPage\":{\"@id\":\"https:\\\/\\\/fmpatagoniamadryn.com.ar\\\/?p=6095#primaryimage\"},\"image\":{\"@id\":\"https:\\\/\\\/fmpatagoniamadryn.com.ar\\\/?p=6095#primaryimage\"},\"thumbnailUrl\":\"https:\\\/\\\/fmpatagoniamadryn.com.ar\\\/wp-content\\\/uploads\\\/2023\\\/09\\\/FB_IMG_1694616019301.jpg\",\"datePublished\":\"2023-09-13T14:40:39+00:00\",\"dateModified\":\"2023-09-13T14:40:47+00:00\",\"breadcrumb\":{\"@id\":\"https:\\\/\\\/fmpatagoniamadryn.com.ar\\\/?p=6095#breadcrumb\"},\"inLanguage\":\"es\",\"potentialAction\":[{\"@type\":\"ReadAction\",\"target\":[\"https:\\\/\\\/fmpatagoniamadryn.com.ar\\\/?p=6095\"]}]},{\"@type\":\"ImageObject\",\"inLanguage\":\"es\",\"@id\":\"https:\\\/\\\/fmpatagoniamadryn.com.ar\\\/?p=6095#primaryimage\",\"url\":\"https:\\\/\\\/fmpatagoniamadryn.com.ar\\\/wp-content\\\/uploads\\\/2023\\\/09\\\/FB_IMG_1694616019301.jpg\",\"contentUrl\":\"https:\\\/\\\/fmpatagoniamadryn.com.ar\\\/wp-content\\\/uploads\\\/2023\\\/09\\\/FB_IMG_1694616019301.jpg\",\"width\":720,\"height\":410},{\"@type\":\"BreadcrumbList\",\"@id\":\"https:\\\/\\\/fmpatagoniamadryn.com.ar\\\/?p=6095#breadcrumb\",\"itemListElement\":[{\"@type\":\"ListItem\",\"position\":1,\"name\":\"Portada\",\"item\":\"https:\\\/\\\/fmpatagoniamadryn.com.ar\\\/\"},{\"@type\":\"ListItem\",\"position\":2,\"name\":\"Massa confirm\u00f3 a Glinski que eximir\u00e1 Zona Desfavorable que se paga en la Patagonia del Impuesto a las Ganancias\"}]},{\"@type\":\"WebSite\",\"@id\":\"https:\\\/\\\/fmpatagoniamadryn.com.ar\\\/#website\",\"url\":\"https:\\\/\\\/fmpatagoniamadryn.com.ar\\\/\",\"name\":\"FM Patagonia Madryn\",\"description\":\"Radio Patagonia 105.5\",\"publisher\":{\"@id\":\"https:\\\/\\\/fmpatagoniamadryn.com.ar\\\/#organization\"},\"potentialAction\":[{\"@type\":\"SearchAction\",\"target\":{\"@type\":\"EntryPoint\",\"urlTemplate\":\"https:\\\/\\\/fmpatagoniamadryn.com.ar\\\/?s={search_term_string}\"},\"query-input\":{\"@type\":\"PropertyValueSpecification\",\"valueRequired\":true,\"valueName\":\"search_term_string\"}}],\"inLanguage\":\"es\"},{\"@type\":\"Organization\",\"@id\":\"https:\\\/\\\/fmpatagoniamadryn.com.ar\\\/#organization\",\"name\":\"FM Patagonia Madryn\",\"url\":\"https:\\\/\\\/fmpatagoniamadryn.com.ar\\\/\",\"logo\":{\"@type\":\"ImageObject\",\"inLanguage\":\"es\",\"@id\":\"https:\\\/\\\/fmpatagoniamadryn.com.ar\\\/#\\\/schema\\\/logo\\\/image\\\/\",\"url\":\"https:\\\/\\\/fmpatagoniamadryn.com.ar\\\/wp-content\\\/uploads\\\/2023\\\/01\\\/cropped-Diseno-sin-titulo.png\",\"contentUrl\":\"https:\\\/\\\/fmpatagoniamadryn.com.ar\\\/wp-content\\\/uploads\\\/2023\\\/01\\\/cropped-Diseno-sin-titulo.png\",\"width\":6911,\"height\":2657,\"caption\":\"FM Patagonia Madryn\"},\"image\":{\"@id\":\"https:\\\/\\\/fmpatagoniamadryn.com.ar\\\/#\\\/schema\\\/logo\\\/image\\\/\"}},{\"@type\":\"Person\",\"@id\":\"https:\\\/\\\/fmpatagoniamadryn.com.ar\\\/#\\\/schema\\\/person\\\/1d968ec613613768e14b4e6420a2b125\",\"name\":\"FM Patagonia\",\"url\":\"https:\\\/\\\/fmpatagoniamadryn.com.ar\\\/?author=3\"}]}<\/script>\n<!-- \/ Yoast SEO plugin. -->","yoast_head_json":{"title":"Massa confirm\u00f3 a Glinski que eximir\u00e1 Zona Desfavorable que se paga en la Patagonia del Impuesto a las Ganancias - FM Patagonia Madryn","robots":{"index":"index","follow":"follow","max-snippet":"max-snippet:-1","max-image-preview":"max-image-preview:large","max-video-preview":"max-video-preview:-1"},"canonical":"https:\/\/fmpatagoniamadryn.com.ar\/?p=6095","og_locale":"es_ES","og_type":"article","og_title":"Massa confirm\u00f3 a Glinski que eximir\u00e1 Zona Desfavorable que se paga en la Patagonia del Impuesto a las Ganancias - FM Patagonia Madryn","og_description":"El candidato a diputado nacional de Chubut por Uni\u00f3n por la Patria, Jos\u00e9 Glinski, anunci\u00f3 que Sergio Massa le confirm\u00f3 que el Gobierno Nacional eximir\u00e1 del pago del impuesto a&hellip;","og_url":"https:\/\/fmpatagoniamadryn.com.ar\/?p=6095","og_site_name":"FM Patagonia Madryn","article_published_time":"2023-09-13T14:40:39+00:00","article_modified_time":"2023-09-13T14:40:47+00:00","og_image":[{"width":720,"height":410,"url":"https:\/\/fmpatagoniamadryn.com.ar\/wp-content\/uploads\/2023\/09\/FB_IMG_1694616019301.jpg","type":"image\/jpeg"}],"author":"FM Patagonia","twitter_card":"summary_large_image","twitter_misc":{"Escrito por":"FM Patagonia","Tiempo de lectura":"1 minuto"},"schema":{"@context":"https:\/\/schema.org","@graph":[{"@type":"Article","@id":"https:\/\/fmpatagoniamadryn.com.ar\/?p=6095#article","isPartOf":{"@id":"https:\/\/fmpatagoniamadryn.com.ar\/?p=6095"},"author":{"name":"FM Patagonia","@id":"https:\/\/fmpatagoniamadryn.com.ar\/#\/schema\/person\/1d968ec613613768e14b4e6420a2b125"},"headline":"Massa confirm\u00f3 a Glinski que eximir\u00e1 Zona Desfavorable que se paga en la Patagonia del Impuesto a las Ganancias","datePublished":"2023-09-13T14:40:39+00:00","dateModified":"2023-09-13T14:40:47+00:00","mainEntityOfPage":{"@id":"https:\/\/fmpatagoniamadryn.com.ar\/?p=6095"},"wordCount":205,"publisher":{"@id":"https:\/\/fmpatagoniamadryn.com.ar\/#organization"},"image":{"@id":"https:\/\/fmpatagoniamadryn.com.ar\/?p=6095#primaryimage"},"thumbnailUrl":"https:\/\/fmpatagoniamadryn.com.ar\/wp-content\/uploads\/2023\/09\/FB_IMG_1694616019301.jpg","articleSection":["Nacionales"],"inLanguage":"es"},{"@type":"WebPage","@id":"https:\/\/fmpatagoniamadryn.com.ar\/?p=6095","url":"https:\/\/fmpatagoniamadryn.com.ar\/?p=6095","name":"Massa confirm\u00f3 a Glinski que eximir\u00e1 Zona Desfavorable que se paga en la Patagonia del Impuesto a las Ganancias - FM Patagonia Madryn","isPartOf":{"@id":"https:\/\/fmpatagoniamadryn.com.ar\/#website"},"primaryImageOfPage":{"@id":"https:\/\/fmpatagoniamadryn.com.ar\/?p=6095#primaryimage"},"image":{"@id":"https:\/\/fmpatagoniamadryn.com.ar\/?p=6095#primaryimage"},"thumbnailUrl":"https:\/\/fmpatagoniamadryn.com.ar\/wp-content\/uploads\/2023\/09\/FB_IMG_1694616019301.jpg","datePublished":"2023-09-13T14:40:39+00:00","dateModified":"2023-09-13T14:40:47+00:00","breadcrumb":{"@id":"https:\/\/fmpatagoniamadryn.com.ar\/?p=6095#breadcrumb"},"inLanguage":"es","potentialAction":[{"@type":"ReadAction","target":["https:\/\/fmpatagoniamadryn.com.ar\/?p=6095"]}]},{"@type":"ImageObject","inLanguage":"es","@id":"https:\/\/fmpatagoniamadryn.com.ar\/?p=6095#primaryimage","url":"https:\/\/fmpatagoniamadryn.com.ar\/wp-content\/uploads\/2023\/09\/FB_IMG_1694616019301.jpg","contentUrl":"https:\/\/fmpatagoniamadryn.com.ar\/wp-content\/uploads\/2023\/09\/FB_IMG_1694616019301.jpg","width":720,"height":410},{"@type":"BreadcrumbList","@id":"https:\/\/fmpatagoniamadryn.com.ar\/?p=6095#breadcrumb","itemListElement":[{"@type":"ListItem","position":1,"name":"Portada","item":"https:\/\/fmpatagoniamadryn.com.ar\/"},{"@type":"ListItem","position":2,"name":"Massa confirm\u00f3 a Glinski que eximir\u00e1 Zona Desfavorable que se paga en la Patagonia del Impuesto a las Ganancias"}]},{"@type":"WebSite","@id":"https:\/\/fmpatagoniamadryn.com.ar\/#website","url":"https:\/\/fmpatagoniamadryn.com.ar\/","name":"FM Patagonia Madryn","description":"Radio Patagonia 105.5","publisher":{"@id":"https:\/\/fmpatagoniamadryn.com.ar\/#organization"},"potentialAction":[{"@type":"SearchAction","target":{"@type":"EntryPoint","urlTemplate":"https:\/\/fmpatagoniamadryn.com.ar\/?s={search_term_string}"},"query-input":{"@type":"PropertyValueSpecification","valueRequired":true,"valueName":"search_term_string"}}],"inLanguage":"es"},{"@type":"Organization","@id":"https:\/\/fmpatagoniamadryn.com.ar\/#organization","name":"FM Patagonia Madryn","url":"https:\/\/fmpatagoniamadryn.com.ar\/","logo":{"@type":"ImageObject","inLanguage":"es","@id":"https:\/\/fmpatagoniamadryn.com.ar\/#\/schema\/logo\/image\/","url":"https:\/\/fmpatagoniamadryn.com.ar\/wp-content\/uploads\/2023\/01\/cropped-Diseno-sin-titulo.png","contentUrl":"https:\/\/fmpatagoniamadryn.com.ar\/wp-content\/uploads\/2023\/01\/cropped-Diseno-sin-titulo.png","width":6911,"height":2657,"caption":"FM Patagonia Madryn"},"image":{"@id":"https:\/\/fmpatagoniamadryn.com.ar\/#\/schema\/logo\/image\/"}},{"@type":"Person","@id":"https:\/\/fmpatagoniamadryn.com.ar\/#\/schema\/person\/1d968ec613613768e14b4e6420a2b125","name":"FM Patagonia","url":"https:\/\/fmpatagoniamadryn.com.ar\/?author=3"}]}},"jetpack_featured_media_url":"https:\/\/fmpatagoniamadryn.com.ar\/wp-content\/uploads\/2023\/09\/FB_IMG_1694616019301.jpg","_links":{"self":[{"href":"https:\/\/fmpatagoniamadryn.com.ar\/index.php?rest_route=\/wp\/v2\/posts\/6095","targetHints":{"allow":["GET"]}}],"collection":[{"href":"https:\/\/fmpatagoniamadryn.com.ar\/index.php?rest_route=\/wp\/v2\/posts"}],"about":[{"href":"https:\/\/fmpatagoniamadryn.com.ar\/index.php?rest_route=\/wp\/v2\/types\/post"}],"author":[{"embeddable":true,"href":"https:\/\/fmpatagoniamadryn.com.ar\/index.php?rest_route=\/wp\/v2\/users\/3"}],"replies":[{"embeddable":true,"href":"https:\/\/fmpatagoniamadryn.com.ar\/index.php?rest_route=%2Fwp%2Fv2%2Fcomments&post=6095"}],"version-history":[{"count":1,"href":"https:\/\/fmpatagoniamadryn.com.ar\/index.php?rest_route=\/wp\/v2\/posts\/6095\/revisions"}],"predecessor-version":[{"id":6096,"href":"https:\/\/fmpatagoniamadryn.com.ar\/index.php?rest_route=\/wp\/v2\/posts\/6095\/revisions\/6096"}],"wp:featuredmedia":[{"embeddable":true,"href":"https:\/\/fmpatagoniamadryn.com.ar\/index.php?rest_route=\/wp\/v2\/media\/6094"}],"wp:attachment":[{"href":"https:\/\/fmpatagoniamadryn.com.ar\/index.php?rest_route=%2Fwp%2Fv2%2Fmedia&parent=6095"}],"wp:term":[{"taxonomy":"category","embeddable":true,"href":"https:\/\/fmpatagoniamadryn.com.ar\/index.php?rest_route=%2Fwp%2Fv2%2Fcategories&post=6095"},{"taxonomy":"post_tag","embeddable":true,"href":"https:\/\/fmpatagoniamadryn.com.ar\/index.php?rest_route=%2Fwp%2Fv2%2Ftags&post=6095"}],"curies":[{"name":"wp","href":"https:\/\/api.w.org\/{rel}","templated":true}]}}