{"id":6222,"date":"2023-09-19T17:01:33","date_gmt":"2023-09-19T20:01:33","guid":{"rendered":"https:\/\/fmpatagoniamadryn.com.ar\/?p=6222"},"modified":"2023-09-19T17:01:50","modified_gmt":"2023-09-19T20:01:50","slug":"el-gobierno-del-chubut-incorporo-un-tanque-semirremolque-para-asistir-con-agua-potable-a-localidades-del-interior-provincial","status":"publish","type":"post","link":"https:\/\/fmpatagoniamadryn.com.ar\/?p=6222","title":{"rendered":"El Gobierno del Chubut incorpor\u00f3 un tanque semirremolque para asistir con agua potable a localidades del interior provincial"},"content":{"rendered":"\n<p>La entrega la realiz\u00f3 el gobernador Arcioni acompa\u00f1ado de trabajadores de Servicios P\u00fablicos. El cami\u00f3n fue adquirido por un monto de 14 millones de pesos. Ser\u00e1 destinado a la Direcci\u00f3n General de Servicios P\u00fablicos y permitir\u00e1 el transporte y abastecimiento de agua en distintos puntos de la provincia.<br><br>El Gobierno del Chubut, Mariano Arcioni, incorpor\u00f3 un nuevo tanque semirremolque para transportar, abastecer y asistir con agua potable a localidades de todo el interior provincial. La entrega la realiz\u00f3 el gobernador, Mariano Arcioni, este martes por la ma\u00f1ana en Rawson.<br><br>El cami\u00f3n &#8211; entregado a la Direcci\u00f3n General de Servicios P\u00fablicos- fue adquirido por el Gobierno de la Provincia, a trav\u00e9s del Ministerio de Infraestructura, Energ\u00eda y Planificaci\u00f3n, por un monto superior a los 14 millones de pesos.<br><br>Del acto, desarrollado esta ma\u00f1ana en instalaciones del organismo en Rawson, participaron adem\u00e1s los subsecretarios de Servicios P\u00fablicos, Marcelo Mammoliti; y de Obras Municipales, Sergio Ram\u00f3n; el jefe de la Polic\u00eda del Chubut, C\u00e9sar Brandt; el jefe del Departamento de Obras y Servicios Sanitarios, Miguel Jones y personal de dicha repartici\u00f3n.<br><br>La unidad 0 Km fue entregada en \u00f3ptimas condiciones para prestar servicio, es decir, con todos los accesorios necesarios y la se\u00f1alizaci\u00f3n reglamentaria para circular.<br><br>Inversi\u00f3n en saneamiento y energ\u00eda<br><br>El gobernador Arcioni aprovech\u00f3 la oportunidad para \u201cagradecer al personal de Servicios P\u00fablicos por todo el acompa\u00f1amiento; a Marcelo, a Ram\u00f3n, al ministro Aguilera, pero en especial a los trabajadores; al gremio de Luz y Fuerza, a H\u00e9ctor (Gonz\u00e1lez) y a toda la gente que lo acompa\u00f1a\u201d.<br><br>El mandatario record\u00f3 \u201clos momentos que nos toc\u00f3 atravesar y cuando uno escucha la inversi\u00f3n por 6.200 millones en saneamiento, el equipamiento, la obra de El Coihue, Garayalde, Cerro Negro ejecutadas con recursos propios, y el interconectado de zona oeste con recursos nacionales, nos llena de orgullo\u201d.<br><br>Manifest\u00f3 que \u201cestamos en la recta final, y estos momentos nos conmueven porque seguimos haciendo y trabajando. Nos tocaron los momentos m\u00e1s dif\u00edciles en la historia de la Provincia, pero no quer\u00eda dejar pasar la oportunidad para agradecerles personalmente a todos y cada uno de ustedes\u201d.<br><br>El Gobernador remarc\u00f3 que \u201cla retribuci\u00f3n, m\u00e1s all\u00e1 de las diferencias y los momentos dif\u00edciles, fue siempre con la mejor predisposici\u00f3n, trabajando con templanza, actitud y responsabilidad\u201d.<br><br>Servicios para toda la provincia<br><br>En tanto, el subsecretario de Servicios P\u00fablicos, Marcelo Mammoliti, precis\u00f3 que la unidad \u201cnos va a permitir trasladar agua potable a todo el interior de la provincia\u201d y repas\u00f3 que \u201cten\u00edamos otro tanque que lo recuperamos despu\u00e9s de mucho tiempo que estuvo parado, como tambi\u00e9n recuperamos la flota de camiones, la adquisici\u00f3n de un cami\u00f3n nuevo el a\u00f1o pasado, y la recuperaci\u00f3n de dos camiones que nos permiten la movilidad para todos los servicios\u201d.<br><br>El funcionario destac\u00f3 que \u201cen estos \u00faltimos a\u00f1os hemos logrado equiparnos gracias al apoyo del Gobernador y del ministro Gustavo Aguilera para que podamos brindar los servicios que nuestra poblaci\u00f3n se merece\u201d.<br><br>Mammoliti revel\u00f3 que \u201chay muchos proyectos en Servicios P\u00fablicos\u201d y destac\u00f3 que, adem\u00e1s de las obras de saneamiento, \u201ctenemos todas las obras de energ\u00eda como la interconexi\u00f3n Garayalde \u2013 Camarones; una licitaci\u00f3n que se va a abrir el d\u00eda 28 Cerro Negro \u2013 Sarmiento; la remodelaci\u00f3n y ampliaci\u00f3n de la Subestaci\u00f3n de El Coihue y la nueva l\u00ednea compacta hacia la localidad de Epuy\u00e9n; la interconexi\u00f3n Paso de Indios \u2013 Los Altares; el proyecto Ameghino \u2013 Las Plumas; la interconexi\u00f3n del sector Oeste que va a incluir a unas once localidades y 12 interconexiones m\u00e1s que vamos a hacer en la zona de R\u00edo Mayo, Gobernador Costa, R\u00edo Senguer\u201d.<br><br>Moderno equipamiento <br><br>Por su parte, el jefe del departamento de Obras y Servicios Sanitarios, Miguel Jones, remarc\u00f3 que \u201canteriormente hab\u00edamos adquirido un tractor nuevo que en este momento est\u00e1 trabajando en el interior, y nos faltaban un tanque para poder acudir en momentos de crisis de falta de agua en localidades chicas o medianas\u201d. <br><br>\u201cMuchas veces tenemos que completar en pocas horas una cisterna y necesit\u00e1bamos un tanque \u00e1gil, nuevo y r\u00e1pido, este es de 25 m3. Lo necesit\u00e1bamos, es un muy buen elemento, tiene una dimensi\u00f3n y estructura moderna con poco peso que nos permitir\u00e1 ingresar a cualquier localidad del interior\u201d, explic\u00f3 Jones.<\/p>\n","protected":false},"excerpt":{"rendered":"<p>La entrega la realiz\u00f3 el gobernador Arcioni acompa\u00f1ado de trabajadores de Servicios P\u00fablicos. El cami\u00f3n fue adquirido por un monto de 14 millones de pesos. Ser\u00e1 destinado a la Direcci\u00f3n&hellip; <\/p>\n","protected":false},"author":3,"featured_media":6221,"comment_status":"closed","ping_status":"closed","sticky":false,"template":"","format":"standard","meta":{"footnotes":""},"categories":[14],"tags":[],"class_list":["post-6222","post","type-post","status-publish","format-standard","has-post-thumbnail","hentry","category-provinciales"],"yoast_head":"<!-- This site is optimized with the Yoast SEO plugin v27.5 - https:\/\/yoast.com\/product\/yoast-seo-wordpress\/ -->\n<title>El Gobierno del Chubut incorpor\u00f3 un tanque semirremolque para asistir con agua potable a localidades del interior provincial - FM Patagonia Madryn<\/title>\n<meta name=\"robots\" content=\"index, follow, max-snippet:-1, max-image-preview:large, max-video-preview:-1\" \/>\n<link rel=\"canonical\" href=\"https:\/\/fmpatagoniamadryn.com.ar\/?p=6222\" \/>\n<meta property=\"og:locale\" content=\"es_ES\" \/>\n<meta property=\"og:type\" content=\"article\" \/>\n<meta property=\"og:title\" content=\"El Gobierno del Chubut incorpor\u00f3 un tanque semirremolque para asistir con agua potable a localidades del interior provincial - FM Patagonia Madryn\" \/>\n<meta property=\"og:description\" content=\"La entrega la realiz\u00f3 el gobernador Arcioni acompa\u00f1ado de trabajadores de Servicios P\u00fablicos. El cami\u00f3n fue adquirido por un monto de 14 millones de pesos. Ser\u00e1 destinado a la Direcci\u00f3n&hellip;\" \/>\n<meta property=\"og:url\" content=\"https:\/\/fmpatagoniamadryn.com.ar\/?p=6222\" \/>\n<meta property=\"og:site_name\" content=\"FM Patagonia Madryn\" \/>\n<meta property=\"article:published_time\" content=\"2023-09-19T20:01:33+00:00\" \/>\n<meta property=\"article:modified_time\" content=\"2023-09-19T20:01:50+00:00\" \/>\n<meta property=\"og:image\" content=\"https:\/\/fmpatagoniamadryn.com.ar\/wp-content\/uploads\/2023\/09\/SSP-5-scaled.jpeg\" \/>\n\t<meta property=\"og:image:width\" content=\"2560\" \/>\n\t<meta property=\"og:image:height\" content=\"1543\" \/>\n\t<meta property=\"og:image:type\" content=\"image\/jpeg\" \/>\n<meta name=\"author\" content=\"FM Patagonia\" \/>\n<meta name=\"twitter:card\" content=\"summary_large_image\" \/>\n<meta name=\"twitter:label1\" content=\"Escrito por\" \/>\n\t<meta name=\"twitter:data1\" content=\"FM Patagonia\" \/>\n\t<meta name=\"twitter:label2\" content=\"Tiempo de lectura\" \/>\n\t<meta name=\"twitter:data2\" content=\"4 minutos\" \/>\n<script type=\"application\/ld+json\" class=\"yoast-schema-graph\">{\"@context\":\"https:\\\/\\\/schema.org\",\"@graph\":[{\"@type\":\"Article\",\"@id\":\"https:\\\/\\\/fmpatagoniamadryn.com.ar\\\/?p=6222#article\",\"isPartOf\":{\"@id\":\"https:\\\/\\\/fmpatagoniamadryn.com.ar\\\/?p=6222\"},\"author\":{\"name\":\"FM Patagonia\",\"@id\":\"https:\\\/\\\/fmpatagoniamadryn.com.ar\\\/#\\\/schema\\\/person\\\/1d968ec613613768e14b4e6420a2b125\"},\"headline\":\"El Gobierno del Chubut incorpor\u00f3 un tanque semirremolque para asistir con agua potable a localidades del interior provincial\",\"datePublished\":\"2023-09-19T20:01:33+00:00\",\"dateModified\":\"2023-09-19T20:01:50+00:00\",\"mainEntityOfPage\":{\"@id\":\"https:\\\/\\\/fmpatagoniamadryn.com.ar\\\/?p=6222\"},\"wordCount\":774,\"publisher\":{\"@id\":\"https:\\\/\\\/fmpatagoniamadryn.com.ar\\\/#organization\"},\"image\":{\"@id\":\"https:\\\/\\\/fmpatagoniamadryn.com.ar\\\/?p=6222#primaryimage\"},\"thumbnailUrl\":\"https:\\\/\\\/fmpatagoniamadryn.com.ar\\\/wp-content\\\/uploads\\\/2023\\\/09\\\/SSP-5-scaled.jpeg\",\"articleSection\":[\"Provinciales\"],\"inLanguage\":\"es\"},{\"@type\":\"WebPage\",\"@id\":\"https:\\\/\\\/fmpatagoniamadryn.com.ar\\\/?p=6222\",\"url\":\"https:\\\/\\\/fmpatagoniamadryn.com.ar\\\/?p=6222\",\"name\":\"El Gobierno del Chubut incorpor\u00f3 un tanque semirremolque para asistir con agua potable a localidades del interior provincial - FM Patagonia Madryn\",\"isPartOf\":{\"@id\":\"https:\\\/\\\/fmpatagoniamadryn.com.ar\\\/#website\"},\"primaryImageOfPage\":{\"@id\":\"https:\\\/\\\/fmpatagoniamadryn.com.ar\\\/?p=6222#primaryimage\"},\"image\":{\"@id\":\"https:\\\/\\\/fmpatagoniamadryn.com.ar\\\/?p=6222#primaryimage\"},\"thumbnailUrl\":\"https:\\\/\\\/fmpatagoniamadryn.com.ar\\\/wp-content\\\/uploads\\\/2023\\\/09\\\/SSP-5-scaled.jpeg\",\"datePublished\":\"2023-09-19T20:01:33+00:00\",\"dateModified\":\"2023-09-19T20:01:50+00:00\",\"breadcrumb\":{\"@id\":\"https:\\\/\\\/fmpatagoniamadryn.com.ar\\\/?p=6222#breadcrumb\"},\"inLanguage\":\"es\",\"potentialAction\":[{\"@type\":\"ReadAction\",\"target\":[\"https:\\\/\\\/fmpatagoniamadryn.com.ar\\\/?p=6222\"]}]},{\"@type\":\"ImageObject\",\"inLanguage\":\"es\",\"@id\":\"https:\\\/\\\/fmpatagoniamadryn.com.ar\\\/?p=6222#primaryimage\",\"url\":\"https:\\\/\\\/fmpatagoniamadryn.com.ar\\\/wp-content\\\/uploads\\\/2023\\\/09\\\/SSP-5-scaled.jpeg\",\"contentUrl\":\"https:\\\/\\\/fmpatagoniamadryn.com.ar\\\/wp-content\\\/uploads\\\/2023\\\/09\\\/SSP-5-scaled.jpeg\",\"width\":2560,\"height\":1543},{\"@type\":\"BreadcrumbList\",\"@id\":\"https:\\\/\\\/fmpatagoniamadryn.com.ar\\\/?p=6222#breadcrumb\",\"itemListElement\":[{\"@type\":\"ListItem\",\"position\":1,\"name\":\"Portada\",\"item\":\"https:\\\/\\\/fmpatagoniamadryn.com.ar\\\/\"},{\"@type\":\"ListItem\",\"position\":2,\"name\":\"El Gobierno del Chubut incorpor\u00f3 un tanque semirremolque para asistir con agua potable a localidades del interior provincial\"}]},{\"@type\":\"WebSite\",\"@id\":\"https:\\\/\\\/fmpatagoniamadryn.com.ar\\\/#website\",\"url\":\"https:\\\/\\\/fmpatagoniamadryn.com.ar\\\/\",\"name\":\"FM Patagonia Madryn\",\"description\":\"Radio Patagonia 105.5\",\"publisher\":{\"@id\":\"https:\\\/\\\/fmpatagoniamadryn.com.ar\\\/#organization\"},\"potentialAction\":[{\"@type\":\"SearchAction\",\"target\":{\"@type\":\"EntryPoint\",\"urlTemplate\":\"https:\\\/\\\/fmpatagoniamadryn.com.ar\\\/?s={search_term_string}\"},\"query-input\":{\"@type\":\"PropertyValueSpecification\",\"valueRequired\":true,\"valueName\":\"search_term_string\"}}],\"inLanguage\":\"es\"},{\"@type\":\"Organization\",\"@id\":\"https:\\\/\\\/fmpatagoniamadryn.com.ar\\\/#organization\",\"name\":\"FM Patagonia Madryn\",\"url\":\"https:\\\/\\\/fmpatagoniamadryn.com.ar\\\/\",\"logo\":{\"@type\":\"ImageObject\",\"inLanguage\":\"es\",\"@id\":\"https:\\\/\\\/fmpatagoniamadryn.com.ar\\\/#\\\/schema\\\/logo\\\/image\\\/\",\"url\":\"https:\\\/\\\/fmpatagoniamadryn.com.ar\\\/wp-content\\\/uploads\\\/2023\\\/01\\\/cropped-Diseno-sin-titulo.png\",\"contentUrl\":\"https:\\\/\\\/fmpatagoniamadryn.com.ar\\\/wp-content\\\/uploads\\\/2023\\\/01\\\/cropped-Diseno-sin-titulo.png\",\"width\":6911,\"height\":2657,\"caption\":\"FM Patagonia Madryn\"},\"image\":{\"@id\":\"https:\\\/\\\/fmpatagoniamadryn.com.ar\\\/#\\\/schema\\\/logo\\\/image\\\/\"}},{\"@type\":\"Person\",\"@id\":\"https:\\\/\\\/fmpatagoniamadryn.com.ar\\\/#\\\/schema\\\/person\\\/1d968ec613613768e14b4e6420a2b125\",\"name\":\"FM Patagonia\",\"url\":\"https:\\\/\\\/fmpatagoniamadryn.com.ar\\\/?author=3\"}]}<\/script>\n<!-- \/ Yoast SEO plugin. -->","yoast_head_json":{"title":"El Gobierno del Chubut incorpor\u00f3 un tanque semirremolque para asistir con agua potable a localidades del interior provincial - FM Patagonia Madryn","robots":{"index":"index","follow":"follow","max-snippet":"max-snippet:-1","max-image-preview":"max-image-preview:large","max-video-preview":"max-video-preview:-1"},"canonical":"https:\/\/fmpatagoniamadryn.com.ar\/?p=6222","og_locale":"es_ES","og_type":"article","og_title":"El Gobierno del Chubut incorpor\u00f3 un tanque semirremolque para asistir con agua potable a localidades del interior provincial - FM Patagonia Madryn","og_description":"La entrega la realiz\u00f3 el gobernador Arcioni acompa\u00f1ado de trabajadores de Servicios P\u00fablicos. El cami\u00f3n fue adquirido por un monto de 14 millones de pesos. Ser\u00e1 destinado a la Direcci\u00f3n&hellip;","og_url":"https:\/\/fmpatagoniamadryn.com.ar\/?p=6222","og_site_name":"FM Patagonia Madryn","article_published_time":"2023-09-19T20:01:33+00:00","article_modified_time":"2023-09-19T20:01:50+00:00","og_image":[{"width":2560,"height":1543,"url":"https:\/\/fmpatagoniamadryn.com.ar\/wp-content\/uploads\/2023\/09\/SSP-5-scaled.jpeg","type":"image\/jpeg"}],"author":"FM Patagonia","twitter_card":"summary_large_image","twitter_misc":{"Escrito por":"FM Patagonia","Tiempo de lectura":"4 minutos"},"schema":{"@context":"https:\/\/schema.org","@graph":[{"@type":"Article","@id":"https:\/\/fmpatagoniamadryn.com.ar\/?p=6222#article","isPartOf":{"@id":"https:\/\/fmpatagoniamadryn.com.ar\/?p=6222"},"author":{"name":"FM Patagonia","@id":"https:\/\/fmpatagoniamadryn.com.ar\/#\/schema\/person\/1d968ec613613768e14b4e6420a2b125"},"headline":"El Gobierno del Chubut incorpor\u00f3 un tanque semirremolque para asistir con agua potable a localidades del interior provincial","datePublished":"2023-09-19T20:01:33+00:00","dateModified":"2023-09-19T20:01:50+00:00","mainEntityOfPage":{"@id":"https:\/\/fmpatagoniamadryn.com.ar\/?p=6222"},"wordCount":774,"publisher":{"@id":"https:\/\/fmpatagoniamadryn.com.ar\/#organization"},"image":{"@id":"https:\/\/fmpatagoniamadryn.com.ar\/?p=6222#primaryimage"},"thumbnailUrl":"https:\/\/fmpatagoniamadryn.com.ar\/wp-content\/uploads\/2023\/09\/SSP-5-scaled.jpeg","articleSection":["Provinciales"],"inLanguage":"es"},{"@type":"WebPage","@id":"https:\/\/fmpatagoniamadryn.com.ar\/?p=6222","url":"https:\/\/fmpatagoniamadryn.com.ar\/?p=6222","name":"El Gobierno del Chubut incorpor\u00f3 un tanque semirremolque para asistir con agua potable a localidades del interior provincial - FM Patagonia Madryn","isPartOf":{"@id":"https:\/\/fmpatagoniamadryn.com.ar\/#website"},"primaryImageOfPage":{"@id":"https:\/\/fmpatagoniamadryn.com.ar\/?p=6222#primaryimage"},"image":{"@id":"https:\/\/fmpatagoniamadryn.com.ar\/?p=6222#primaryimage"},"thumbnailUrl":"https:\/\/fmpatagoniamadryn.com.ar\/wp-content\/uploads\/2023\/09\/SSP-5-scaled.jpeg","datePublished":"2023-09-19T20:01:33+00:00","dateModified":"2023-09-19T20:01:50+00:00","breadcrumb":{"@id":"https:\/\/fmpatagoniamadryn.com.ar\/?p=6222#breadcrumb"},"inLanguage":"es","potentialAction":[{"@type":"ReadAction","target":["https:\/\/fmpatagoniamadryn.com.ar\/?p=6222"]}]},{"@type":"ImageObject","inLanguage":"es","@id":"https:\/\/fmpatagoniamadryn.com.ar\/?p=6222#primaryimage","url":"https:\/\/fmpatagoniamadryn.com.ar\/wp-content\/uploads\/2023\/09\/SSP-5-scaled.jpeg","contentUrl":"https:\/\/fmpatagoniamadryn.com.ar\/wp-content\/uploads\/2023\/09\/SSP-5-scaled.jpeg","width":2560,"height":1543},{"@type":"BreadcrumbList","@id":"https:\/\/fmpatagoniamadryn.com.ar\/?p=6222#breadcrumb","itemListElement":[{"@type":"ListItem","position":1,"name":"Portada","item":"https:\/\/fmpatagoniamadryn.com.ar\/"},{"@type":"ListItem","position":2,"name":"El Gobierno del Chubut incorpor\u00f3 un tanque semirremolque para asistir con agua potable a localidades del interior provincial"}]},{"@type":"WebSite","@id":"https:\/\/fmpatagoniamadryn.com.ar\/#website","url":"https:\/\/fmpatagoniamadryn.com.ar\/","name":"FM Patagonia Madryn","description":"Radio Patagonia 105.5","publisher":{"@id":"https:\/\/fmpatagoniamadryn.com.ar\/#organization"},"potentialAction":[{"@type":"SearchAction","target":{"@type":"EntryPoint","urlTemplate":"https:\/\/fmpatagoniamadryn.com.ar\/?s={search_term_string}"},"query-input":{"@type":"PropertyValueSpecification","valueRequired":true,"valueName":"search_term_string"}}],"inLanguage":"es"},{"@type":"Organization","@id":"https:\/\/fmpatagoniamadryn.com.ar\/#organization","name":"FM Patagonia Madryn","url":"https:\/\/fmpatagoniamadryn.com.ar\/","logo":{"@type":"ImageObject","inLanguage":"es","@id":"https:\/\/fmpatagoniamadryn.com.ar\/#\/schema\/logo\/image\/","url":"https:\/\/fmpatagoniamadryn.com.ar\/wp-content\/uploads\/2023\/01\/cropped-Diseno-sin-titulo.png","contentUrl":"https:\/\/fmpatagoniamadryn.com.ar\/wp-content\/uploads\/2023\/01\/cropped-Diseno-sin-titulo.png","width":6911,"height":2657,"caption":"FM Patagonia Madryn"},"image":{"@id":"https:\/\/fmpatagoniamadryn.com.ar\/#\/schema\/logo\/image\/"}},{"@type":"Person","@id":"https:\/\/fmpatagoniamadryn.com.ar\/#\/schema\/person\/1d968ec613613768e14b4e6420a2b125","name":"FM Patagonia","url":"https:\/\/fmpatagoniamadryn.com.ar\/?author=3"}]}},"jetpack_featured_media_url":"https:\/\/fmpatagoniamadryn.com.ar\/wp-content\/uploads\/2023\/09\/SSP-5-scaled.jpeg","_links":{"self":[{"href":"https:\/\/fmpatagoniamadryn.com.ar\/index.php?rest_route=\/wp\/v2\/posts\/6222","targetHints":{"allow":["GET"]}}],"collection":[{"href":"https:\/\/fmpatagoniamadryn.com.ar\/index.php?rest_route=\/wp\/v2\/posts"}],"about":[{"href":"https:\/\/fmpatagoniamadryn.com.ar\/index.php?rest_route=\/wp\/v2\/types\/post"}],"author":[{"embeddable":true,"href":"https:\/\/fmpatagoniamadryn.com.ar\/index.php?rest_route=\/wp\/v2\/users\/3"}],"replies":[{"embeddable":true,"href":"https:\/\/fmpatagoniamadryn.com.ar\/index.php?rest_route=%2Fwp%2Fv2%2Fcomments&post=6222"}],"version-history":[{"count":1,"href":"https:\/\/fmpatagoniamadryn.com.ar\/index.php?rest_route=\/wp\/v2\/posts\/6222\/revisions"}],"predecessor-version":[{"id":6223,"href":"https:\/\/fmpatagoniamadryn.com.ar\/index.php?rest_route=\/wp\/v2\/posts\/6222\/revisions\/6223"}],"wp:featuredmedia":[{"embeddable":true,"href":"https:\/\/fmpatagoniamadryn.com.ar\/index.php?rest_route=\/wp\/v2\/media\/6221"}],"wp:attachment":[{"href":"https:\/\/fmpatagoniamadryn.com.ar\/index.php?rest_route=%2Fwp%2Fv2%2Fmedia&parent=6222"}],"wp:term":[{"taxonomy":"category","embeddable":true,"href":"https:\/\/fmpatagoniamadryn.com.ar\/index.php?rest_route=%2Fwp%2Fv2%2Fcategories&post=6222"},{"taxonomy":"post_tag","embeddable":true,"href":"https:\/\/fmpatagoniamadryn.com.ar\/index.php?rest_route=%2Fwp%2Fv2%2Ftags&post=6222"}],"curies":[{"name":"wp","href":"https:\/\/api.w.org\/{rel}","templated":true}]}}