{"id":6299,"date":"2023-09-23T14:15:29","date_gmt":"2023-09-23T17:15:29","guid":{"rendered":"https:\/\/fmpatagoniamadryn.com.ar\/?p=6299"},"modified":"2023-09-23T14:15:41","modified_gmt":"2023-09-23T17:15:41","slug":"salud-declaro-de-interes-provincial-a-las-primeras-jornadas-de-clinica-medica-que-se-realizaran-en-puerto-madryn","status":"publish","type":"post","link":"https:\/\/fmpatagoniamadryn.com.ar\/?p=6299","title":{"rendered":"Salud declar\u00f3 de inter\u00e9s provincial a las \u201cPrimeras Jornadas de Cl\u00ednica M\u00e9dica\u201d que se realizar\u00e1n en Puerto Madryn"},"content":{"rendered":"\n<p>La actividad es organizada por la seccional Chubut de la Sociedad Argentina de Medicina y se desarrollar\u00e1 los d\u00edas 29 y 30 de septiembre, en el auditorio del CENPAT-CONICET en la ciudad portuaria. Pueden participar todos los profesionales de la salud de la provincia que as\u00ed lo deseen, ya sean del sector p\u00fablico o del sector privado. <br><br>El Ministerio de Salud del Chubut declar\u00f3 de inter\u00e9s provincial a las \u201cPrimeras Jornadas de Cl\u00ednica M\u00e9dica\u201d, que ser\u00e1n dictadas por la seccional Chubut de la Sociedad Argentina de Medicina, e invit\u00f3 a todos los profesionales de la salud de la provincia, tanto del sector p\u00fablico como del sector privado, a participar de este espacio formativo. <br><br>Las jornadas en cuesti\u00f3n se llevar\u00e1n adelante los d\u00edas 29 y 30 de septiembre, en la ciudad de Puerto Madryn, en el auditorio del CENPAT-CONICET que se encuentra ubicado en el boulevard Almirante Brown N\u00b0 2.915, y est\u00e1n dirigidas a profesionales m\u00e9dicos, kinesi\u00f3logos, enfermeros, farmac\u00e9uticos, residentes y a todo aquel que est\u00e9 interesado en participar de dicha capacitaci\u00f3n. <br><br>Temario <br><br>El programa de actividades abarcar\u00e1 contenidos tales como la hipertensi\u00f3n arterial en la consulta cl\u00ednica, el uso del cannabis medicinal, la prescripci\u00f3n m\u00e9dica de la actividad f\u00edsica, el abordaje diagn\u00f3stico de los pacientes con artralgias y artritis, el manejo de la hiperglucemia, la cesaci\u00f3n tab\u00e1quica, el hipotiroidismo subcl\u00ednico, y las manifestaciones dermatol\u00f3gicas en las enfermedades de la medicina interna, entre otras. <br><br>Adem\u00e1s, las jornadas prev\u00e9n el desarrollo de talleres espec\u00edficos, vinculados con las estrategias de evaluaci\u00f3n de las residencias de Cl\u00ednica M\u00e9dica, o las pautas de insulinizaci\u00f3n en los pacientes ambulatorios, que ser\u00e1n dictados tambi\u00e9n por profesionales dependientes de las distintas delegaciones de la seccional Chubut de la Sociedad Argentina de Medicina. <br><br>Inscripci\u00f3n <br><br>Los interesados en participar de esta actividad pueden inscribirse a trav\u00e9s del siguiente link: https:\/\/forms.gle\/cD9kbifycKrNedgKA<\/p>\n","protected":false},"excerpt":{"rendered":"<p>La actividad es organizada por la seccional Chubut de la Sociedad Argentina de Medicina y se desarrollar\u00e1 los d\u00edas 29 y 30 de septiembre, en el auditorio del CENPAT-CONICET en&hellip; <\/p>\n","protected":false},"author":3,"featured_media":6298,"comment_status":"closed","ping_status":"closed","sticky":false,"template":"","format":"standard","meta":{"footnotes":""},"categories":[15],"tags":[],"class_list":["post-6299","post","type-post","status-publish","format-standard","has-post-thumbnail","hentry","category-locales"],"yoast_head":"<!-- This site is optimized with the Yoast SEO plugin v27.5 - https:\/\/yoast.com\/product\/yoast-seo-wordpress\/ -->\n<title>Salud declar\u00f3 de inter\u00e9s provincial a las \u201cPrimeras Jornadas de Cl\u00ednica M\u00e9dica\u201d que se realizar\u00e1n en Puerto Madryn - FM Patagonia Madryn<\/title>\n<meta name=\"robots\" content=\"index, follow, max-snippet:-1, max-image-preview:large, max-video-preview:-1\" \/>\n<link rel=\"canonical\" href=\"https:\/\/fmpatagoniamadryn.com.ar\/?p=6299\" \/>\n<meta property=\"og:locale\" content=\"es_ES\" \/>\n<meta property=\"og:type\" content=\"article\" \/>\n<meta property=\"og:title\" content=\"Salud declar\u00f3 de inter\u00e9s provincial a las \u201cPrimeras Jornadas de Cl\u00ednica M\u00e9dica\u201d que se realizar\u00e1n en Puerto Madryn - FM Patagonia Madryn\" \/>\n<meta property=\"og:description\" content=\"La actividad es organizada por la seccional Chubut de la Sociedad Argentina de Medicina y se desarrollar\u00e1 los d\u00edas 29 y 30 de septiembre, en el auditorio del CENPAT-CONICET en&hellip;\" \/>\n<meta property=\"og:url\" content=\"https:\/\/fmpatagoniamadryn.com.ar\/?p=6299\" \/>\n<meta property=\"og:site_name\" content=\"FM Patagonia Madryn\" \/>\n<meta property=\"article:published_time\" content=\"2023-09-23T17:15:29+00:00\" \/>\n<meta property=\"article:modified_time\" content=\"2023-09-23T17:15:41+00:00\" \/>\n<meta property=\"og:image\" content=\"https:\/\/fmpatagoniamadryn.com.ar\/wp-content\/uploads\/2023\/09\/jornadas-clinica-medica.jpg\" \/>\n\t<meta property=\"og:image:width\" content=\"1131\" \/>\n\t<meta property=\"og:image:height\" content=\"1600\" \/>\n\t<meta property=\"og:image:type\" content=\"image\/jpeg\" \/>\n<meta name=\"author\" content=\"FM Patagonia\" \/>\n<meta name=\"twitter:card\" content=\"summary_large_image\" \/>\n<meta name=\"twitter:label1\" content=\"Escrito por\" \/>\n\t<meta name=\"twitter:data1\" content=\"FM Patagonia\" \/>\n\t<meta name=\"twitter:label2\" content=\"Tiempo de lectura\" \/>\n\t<meta name=\"twitter:data2\" content=\"2 minutos\" \/>\n<script type=\"application\/ld+json\" class=\"yoast-schema-graph\">{\"@context\":\"https:\\\/\\\/schema.org\",\"@graph\":[{\"@type\":\"Article\",\"@id\":\"https:\\\/\\\/fmpatagoniamadryn.com.ar\\\/?p=6299#article\",\"isPartOf\":{\"@id\":\"https:\\\/\\\/fmpatagoniamadryn.com.ar\\\/?p=6299\"},\"author\":{\"name\":\"FM Patagonia\",\"@id\":\"https:\\\/\\\/fmpatagoniamadryn.com.ar\\\/#\\\/schema\\\/person\\\/1d968ec613613768e14b4e6420a2b125\"},\"headline\":\"Salud declar\u00f3 de inter\u00e9s provincial a las \u201cPrimeras Jornadas de Cl\u00ednica M\u00e9dica\u201d que se realizar\u00e1n en Puerto Madryn\",\"datePublished\":\"2023-09-23T17:15:29+00:00\",\"dateModified\":\"2023-09-23T17:15:41+00:00\",\"mainEntityOfPage\":{\"@id\":\"https:\\\/\\\/fmpatagoniamadryn.com.ar\\\/?p=6299\"},\"wordCount\":357,\"publisher\":{\"@id\":\"https:\\\/\\\/fmpatagoniamadryn.com.ar\\\/#organization\"},\"image\":{\"@id\":\"https:\\\/\\\/fmpatagoniamadryn.com.ar\\\/?p=6299#primaryimage\"},\"thumbnailUrl\":\"https:\\\/\\\/fmpatagoniamadryn.com.ar\\\/wp-content\\\/uploads\\\/2023\\\/09\\\/jornadas-clinica-medica.jpg\",\"articleSection\":[\"Locales\"],\"inLanguage\":\"es\"},{\"@type\":\"WebPage\",\"@id\":\"https:\\\/\\\/fmpatagoniamadryn.com.ar\\\/?p=6299\",\"url\":\"https:\\\/\\\/fmpatagoniamadryn.com.ar\\\/?p=6299\",\"name\":\"Salud declar\u00f3 de inter\u00e9s provincial a las \u201cPrimeras Jornadas de Cl\u00ednica M\u00e9dica\u201d que se realizar\u00e1n en Puerto Madryn - FM Patagonia Madryn\",\"isPartOf\":{\"@id\":\"https:\\\/\\\/fmpatagoniamadryn.com.ar\\\/#website\"},\"primaryImageOfPage\":{\"@id\":\"https:\\\/\\\/fmpatagoniamadryn.com.ar\\\/?p=6299#primaryimage\"},\"image\":{\"@id\":\"https:\\\/\\\/fmpatagoniamadryn.com.ar\\\/?p=6299#primaryimage\"},\"thumbnailUrl\":\"https:\\\/\\\/fmpatagoniamadryn.com.ar\\\/wp-content\\\/uploads\\\/2023\\\/09\\\/jornadas-clinica-medica.jpg\",\"datePublished\":\"2023-09-23T17:15:29+00:00\",\"dateModified\":\"2023-09-23T17:15:41+00:00\",\"breadcrumb\":{\"@id\":\"https:\\\/\\\/fmpatagoniamadryn.com.ar\\\/?p=6299#breadcrumb\"},\"inLanguage\":\"es\",\"potentialAction\":[{\"@type\":\"ReadAction\",\"target\":[\"https:\\\/\\\/fmpatagoniamadryn.com.ar\\\/?p=6299\"]}]},{\"@type\":\"ImageObject\",\"inLanguage\":\"es\",\"@id\":\"https:\\\/\\\/fmpatagoniamadryn.com.ar\\\/?p=6299#primaryimage\",\"url\":\"https:\\\/\\\/fmpatagoniamadryn.com.ar\\\/wp-content\\\/uploads\\\/2023\\\/09\\\/jornadas-clinica-medica.jpg\",\"contentUrl\":\"https:\\\/\\\/fmpatagoniamadryn.com.ar\\\/wp-content\\\/uploads\\\/2023\\\/09\\\/jornadas-clinica-medica.jpg\",\"width\":1131,\"height\":1600},{\"@type\":\"BreadcrumbList\",\"@id\":\"https:\\\/\\\/fmpatagoniamadryn.com.ar\\\/?p=6299#breadcrumb\",\"itemListElement\":[{\"@type\":\"ListItem\",\"position\":1,\"name\":\"Portada\",\"item\":\"https:\\\/\\\/fmpatagoniamadryn.com.ar\\\/\"},{\"@type\":\"ListItem\",\"position\":2,\"name\":\"Salud declar\u00f3 de inter\u00e9s provincial a las \u201cPrimeras Jornadas de Cl\u00ednica M\u00e9dica\u201d que se realizar\u00e1n en Puerto Madryn\"}]},{\"@type\":\"WebSite\",\"@id\":\"https:\\\/\\\/fmpatagoniamadryn.com.ar\\\/#website\",\"url\":\"https:\\\/\\\/fmpatagoniamadryn.com.ar\\\/\",\"name\":\"FM Patagonia Madryn\",\"description\":\"Radio Patagonia 105.5\",\"publisher\":{\"@id\":\"https:\\\/\\\/fmpatagoniamadryn.com.ar\\\/#organization\"},\"potentialAction\":[{\"@type\":\"SearchAction\",\"target\":{\"@type\":\"EntryPoint\",\"urlTemplate\":\"https:\\\/\\\/fmpatagoniamadryn.com.ar\\\/?s={search_term_string}\"},\"query-input\":{\"@type\":\"PropertyValueSpecification\",\"valueRequired\":true,\"valueName\":\"search_term_string\"}}],\"inLanguage\":\"es\"},{\"@type\":\"Organization\",\"@id\":\"https:\\\/\\\/fmpatagoniamadryn.com.ar\\\/#organization\",\"name\":\"FM Patagonia Madryn\",\"url\":\"https:\\\/\\\/fmpatagoniamadryn.com.ar\\\/\",\"logo\":{\"@type\":\"ImageObject\",\"inLanguage\":\"es\",\"@id\":\"https:\\\/\\\/fmpatagoniamadryn.com.ar\\\/#\\\/schema\\\/logo\\\/image\\\/\",\"url\":\"https:\\\/\\\/fmpatagoniamadryn.com.ar\\\/wp-content\\\/uploads\\\/2023\\\/01\\\/cropped-Diseno-sin-titulo.png\",\"contentUrl\":\"https:\\\/\\\/fmpatagoniamadryn.com.ar\\\/wp-content\\\/uploads\\\/2023\\\/01\\\/cropped-Diseno-sin-titulo.png\",\"width\":6911,\"height\":2657,\"caption\":\"FM Patagonia Madryn\"},\"image\":{\"@id\":\"https:\\\/\\\/fmpatagoniamadryn.com.ar\\\/#\\\/schema\\\/logo\\\/image\\\/\"}},{\"@type\":\"Person\",\"@id\":\"https:\\\/\\\/fmpatagoniamadryn.com.ar\\\/#\\\/schema\\\/person\\\/1d968ec613613768e14b4e6420a2b125\",\"name\":\"FM Patagonia\",\"url\":\"https:\\\/\\\/fmpatagoniamadryn.com.ar\\\/?author=3\"}]}<\/script>\n<!-- \/ Yoast SEO plugin. -->","yoast_head_json":{"title":"Salud declar\u00f3 de inter\u00e9s provincial a las \u201cPrimeras Jornadas de Cl\u00ednica M\u00e9dica\u201d que se realizar\u00e1n en Puerto Madryn - FM Patagonia Madryn","robots":{"index":"index","follow":"follow","max-snippet":"max-snippet:-1","max-image-preview":"max-image-preview:large","max-video-preview":"max-video-preview:-1"},"canonical":"https:\/\/fmpatagoniamadryn.com.ar\/?p=6299","og_locale":"es_ES","og_type":"article","og_title":"Salud declar\u00f3 de inter\u00e9s provincial a las \u201cPrimeras Jornadas de Cl\u00ednica M\u00e9dica\u201d que se realizar\u00e1n en Puerto Madryn - FM Patagonia Madryn","og_description":"La actividad es organizada por la seccional Chubut de la Sociedad Argentina de Medicina y se desarrollar\u00e1 los d\u00edas 29 y 30 de septiembre, en el auditorio del CENPAT-CONICET en&hellip;","og_url":"https:\/\/fmpatagoniamadryn.com.ar\/?p=6299","og_site_name":"FM Patagonia Madryn","article_published_time":"2023-09-23T17:15:29+00:00","article_modified_time":"2023-09-23T17:15:41+00:00","og_image":[{"width":1131,"height":1600,"url":"https:\/\/fmpatagoniamadryn.com.ar\/wp-content\/uploads\/2023\/09\/jornadas-clinica-medica.jpg","type":"image\/jpeg"}],"author":"FM Patagonia","twitter_card":"summary_large_image","twitter_misc":{"Escrito por":"FM Patagonia","Tiempo de lectura":"2 minutos"},"schema":{"@context":"https:\/\/schema.org","@graph":[{"@type":"Article","@id":"https:\/\/fmpatagoniamadryn.com.ar\/?p=6299#article","isPartOf":{"@id":"https:\/\/fmpatagoniamadryn.com.ar\/?p=6299"},"author":{"name":"FM Patagonia","@id":"https:\/\/fmpatagoniamadryn.com.ar\/#\/schema\/person\/1d968ec613613768e14b4e6420a2b125"},"headline":"Salud declar\u00f3 de inter\u00e9s provincial a las \u201cPrimeras Jornadas de Cl\u00ednica M\u00e9dica\u201d que se realizar\u00e1n en Puerto Madryn","datePublished":"2023-09-23T17:15:29+00:00","dateModified":"2023-09-23T17:15:41+00:00","mainEntityOfPage":{"@id":"https:\/\/fmpatagoniamadryn.com.ar\/?p=6299"},"wordCount":357,"publisher":{"@id":"https:\/\/fmpatagoniamadryn.com.ar\/#organization"},"image":{"@id":"https:\/\/fmpatagoniamadryn.com.ar\/?p=6299#primaryimage"},"thumbnailUrl":"https:\/\/fmpatagoniamadryn.com.ar\/wp-content\/uploads\/2023\/09\/jornadas-clinica-medica.jpg","articleSection":["Locales"],"inLanguage":"es"},{"@type":"WebPage","@id":"https:\/\/fmpatagoniamadryn.com.ar\/?p=6299","url":"https:\/\/fmpatagoniamadryn.com.ar\/?p=6299","name":"Salud declar\u00f3 de inter\u00e9s provincial a las \u201cPrimeras Jornadas de Cl\u00ednica M\u00e9dica\u201d que se realizar\u00e1n en Puerto Madryn - FM Patagonia Madryn","isPartOf":{"@id":"https:\/\/fmpatagoniamadryn.com.ar\/#website"},"primaryImageOfPage":{"@id":"https:\/\/fmpatagoniamadryn.com.ar\/?p=6299#primaryimage"},"image":{"@id":"https:\/\/fmpatagoniamadryn.com.ar\/?p=6299#primaryimage"},"thumbnailUrl":"https:\/\/fmpatagoniamadryn.com.ar\/wp-content\/uploads\/2023\/09\/jornadas-clinica-medica.jpg","datePublished":"2023-09-23T17:15:29+00:00","dateModified":"2023-09-23T17:15:41+00:00","breadcrumb":{"@id":"https:\/\/fmpatagoniamadryn.com.ar\/?p=6299#breadcrumb"},"inLanguage":"es","potentialAction":[{"@type":"ReadAction","target":["https:\/\/fmpatagoniamadryn.com.ar\/?p=6299"]}]},{"@type":"ImageObject","inLanguage":"es","@id":"https:\/\/fmpatagoniamadryn.com.ar\/?p=6299#primaryimage","url":"https:\/\/fmpatagoniamadryn.com.ar\/wp-content\/uploads\/2023\/09\/jornadas-clinica-medica.jpg","contentUrl":"https:\/\/fmpatagoniamadryn.com.ar\/wp-content\/uploads\/2023\/09\/jornadas-clinica-medica.jpg","width":1131,"height":1600},{"@type":"BreadcrumbList","@id":"https:\/\/fmpatagoniamadryn.com.ar\/?p=6299#breadcrumb","itemListElement":[{"@type":"ListItem","position":1,"name":"Portada","item":"https:\/\/fmpatagoniamadryn.com.ar\/"},{"@type":"ListItem","position":2,"name":"Salud declar\u00f3 de inter\u00e9s provincial a las \u201cPrimeras Jornadas de Cl\u00ednica M\u00e9dica\u201d que se realizar\u00e1n en Puerto Madryn"}]},{"@type":"WebSite","@id":"https:\/\/fmpatagoniamadryn.com.ar\/#website","url":"https:\/\/fmpatagoniamadryn.com.ar\/","name":"FM Patagonia Madryn","description":"Radio Patagonia 105.5","publisher":{"@id":"https:\/\/fmpatagoniamadryn.com.ar\/#organization"},"potentialAction":[{"@type":"SearchAction","target":{"@type":"EntryPoint","urlTemplate":"https:\/\/fmpatagoniamadryn.com.ar\/?s={search_term_string}"},"query-input":{"@type":"PropertyValueSpecification","valueRequired":true,"valueName":"search_term_string"}}],"inLanguage":"es"},{"@type":"Organization","@id":"https:\/\/fmpatagoniamadryn.com.ar\/#organization","name":"FM Patagonia Madryn","url":"https:\/\/fmpatagoniamadryn.com.ar\/","logo":{"@type":"ImageObject","inLanguage":"es","@id":"https:\/\/fmpatagoniamadryn.com.ar\/#\/schema\/logo\/image\/","url":"https:\/\/fmpatagoniamadryn.com.ar\/wp-content\/uploads\/2023\/01\/cropped-Diseno-sin-titulo.png","contentUrl":"https:\/\/fmpatagoniamadryn.com.ar\/wp-content\/uploads\/2023\/01\/cropped-Diseno-sin-titulo.png","width":6911,"height":2657,"caption":"FM Patagonia Madryn"},"image":{"@id":"https:\/\/fmpatagoniamadryn.com.ar\/#\/schema\/logo\/image\/"}},{"@type":"Person","@id":"https:\/\/fmpatagoniamadryn.com.ar\/#\/schema\/person\/1d968ec613613768e14b4e6420a2b125","name":"FM Patagonia","url":"https:\/\/fmpatagoniamadryn.com.ar\/?author=3"}]}},"jetpack_featured_media_url":"https:\/\/fmpatagoniamadryn.com.ar\/wp-content\/uploads\/2023\/09\/jornadas-clinica-medica.jpg","_links":{"self":[{"href":"https:\/\/fmpatagoniamadryn.com.ar\/index.php?rest_route=\/wp\/v2\/posts\/6299","targetHints":{"allow":["GET"]}}],"collection":[{"href":"https:\/\/fmpatagoniamadryn.com.ar\/index.php?rest_route=\/wp\/v2\/posts"}],"about":[{"href":"https:\/\/fmpatagoniamadryn.com.ar\/index.php?rest_route=\/wp\/v2\/types\/post"}],"author":[{"embeddable":true,"href":"https:\/\/fmpatagoniamadryn.com.ar\/index.php?rest_route=\/wp\/v2\/users\/3"}],"replies":[{"embeddable":true,"href":"https:\/\/fmpatagoniamadryn.com.ar\/index.php?rest_route=%2Fwp%2Fv2%2Fcomments&post=6299"}],"version-history":[{"count":1,"href":"https:\/\/fmpatagoniamadryn.com.ar\/index.php?rest_route=\/wp\/v2\/posts\/6299\/revisions"}],"predecessor-version":[{"id":6300,"href":"https:\/\/fmpatagoniamadryn.com.ar\/index.php?rest_route=\/wp\/v2\/posts\/6299\/revisions\/6300"}],"wp:featuredmedia":[{"embeddable":true,"href":"https:\/\/fmpatagoniamadryn.com.ar\/index.php?rest_route=\/wp\/v2\/media\/6298"}],"wp:attachment":[{"href":"https:\/\/fmpatagoniamadryn.com.ar\/index.php?rest_route=%2Fwp%2Fv2%2Fmedia&parent=6299"}],"wp:term":[{"taxonomy":"category","embeddable":true,"href":"https:\/\/fmpatagoniamadryn.com.ar\/index.php?rest_route=%2Fwp%2Fv2%2Fcategories&post=6299"},{"taxonomy":"post_tag","embeddable":true,"href":"https:\/\/fmpatagoniamadryn.com.ar\/index.php?rest_route=%2Fwp%2Fv2%2Ftags&post=6299"}],"curies":[{"name":"wp","href":"https:\/\/api.w.org\/{rel}","templated":true}]}}