{"id":6579,"date":"2023-10-04T20:10:33","date_gmt":"2023-10-04T23:10:33","guid":{"rendered":"https:\/\/fmpatagoniamadryn.com.ar\/?p=6579"},"modified":"2023-10-04T20:10:43","modified_gmt":"2023-10-04T23:10:43","slug":"se-presentan-este-viernes-dos-muestras-artisticas-en-el-centro-cultural-provincial-en-rawson","status":"publish","type":"post","link":"https:\/\/fmpatagoniamadryn.com.ar\/?p=6579","title":{"rendered":"Se presentan este viernes dos muestras art\u00edsticas en el Centro Cultural Provincial en Rawson"},"content":{"rendered":"\n<p>Las obras de los artistas Raquel Seimandi y Diego Corso Muscia quedar\u00e1n expuestas durante todo el mes de octubre. <br><br>La Secretar\u00eda de Ciencia, Tecnolog\u00eda, Innovaci\u00f3n Productiva y Cultura del Chubut invita al p\u00fablico en general a participar de la inauguraci\u00f3n de dos muestras de arte que se dejar\u00e1n expuestas este viernes 6 de octubre, desde las 19 horas, en los dos Salones de Exposiciones con los que cuenta el Centro Cultural Provincial (CCP), ubicado en Rawson sobre calle Federicci al 216. <br><br>Se trata de la muestra \u201cEl Arte que poseo\u201d de la artista Raquel Seimandi y la muestra de pinturas del artista Diego Corso Muscia. La inauguraci\u00f3n estar\u00e1 acompa\u00f1ada por una presentaci\u00f3n del m\u00fasico Nazareno Ferro y de la agrupaci\u00f3n musical \u00abSatsanga\u00bb, que dar\u00e1 un cierre al encuentro. <br><br>Raquel Seimandi<br><br>La artista valora que el ser autodidacta le ha dado la libertad de crear sin censuras, remarcando que \u201cen el arte y en la vida todo fluye cuando nos quitamos del medio\u201d.<br><br>En dicha muestra Seimandi intentaba mostrar el movimiento de una mujer al ocupar sus roles con respecto a la sociedad que habita, pero termin\u00f3 siendo el motor de una investigaci\u00f3n y reinterpretaci\u00f3n de la vida en primera persona.<br><br>La muestra se fue creando bajo el influjo de movimientos personales de la artista, poniendo de manifiesto que la vida y el arte est\u00e1n estrechamente unidos en todos los actos de transformaci\u00f3n humana. A trav\u00e9s de disciplinas como la fotograf\u00eda, la escritura, la cer\u00e1mica, el bordado manual y las diferentes t\u00e9cnicas como el acr\u00edlico y el \u00f3leo, se plasman emociones profundas y se exponen a la interpretaci\u00f3n de los espectadores para darle con ella la \u201cterminaci\u00f3n\u201d a cada obra.<br><br>Seg\u00fan ella misma lo indica, Raquel Seimandi \u201ces creyente de que el arte es la forma y el mecanismo por el cual el humano trasciende\u201d.<br><br>\u201cTrato de mostrar de una manera simple y est\u00e9ticamente posible, desde mi actual manejo de las t\u00e9cnicas y el uso incorrecto de las mismas, el universo interior que alimenta el gran caudal de conexiones externas que vivo. Siempre apostando a la evoluci\u00f3n del artista interno\u201d, coment\u00f3 Raquel Seimandi.<br><br>Seimandi es miembro de la Sociedad Argentina de Collage (SAC) y tambi\u00e9n miembro del Consejo Consultivo de la Cultura de Trelew, colaboradora Ad Honorem en el Programa de Difusi\u00f3n y Conservaci\u00f3n del Patrimonio Art\u00edstico. <br><br>Diego Corso Muscia <br><br>La muestra expondr\u00e1 algunos de sus trabajos de los \u00faltimos a\u00f1os y en la misma podr\u00e1n verse desde grandes lienzos con \u00f3leos preparados en su propio taller, pasando por trabajos de peque\u00f1o y mediano formato, hasta los m\u00e1s \u00edntimos trabajos de estudio y observaci\u00f3n directa de la naturaleza, producto de una etapa de recogimiento pl\u00e1stico, incrementado por la pandemia y la situaci\u00f3n actual de las artes pl\u00e1sticas, y parte de los procesos que se transitan en el estudio de campo y taller, donde las formas, los colores, la naturaleza y los impulsos, se simplifican en una imagen.<\/p>\n","protected":false},"excerpt":{"rendered":"<p>Las obras de los artistas Raquel Seimandi y Diego Corso Muscia quedar\u00e1n expuestas durante todo el mes de octubre. La Secretar\u00eda de Ciencia, Tecnolog\u00eda, Innovaci\u00f3n Productiva y Cultura del Chubut&hellip; <\/p>\n","protected":false},"author":3,"featured_media":6578,"comment_status":"closed","ping_status":"closed","sticky":false,"template":"","format":"standard","meta":{"footnotes":""},"categories":[14],"tags":[],"class_list":["post-6579","post","type-post","status-publish","format-standard","has-post-thumbnail","hentry","category-provinciales"],"yoast_head":"<!-- This site is optimized with the Yoast SEO plugin v27.5 - https:\/\/yoast.com\/product\/yoast-seo-wordpress\/ -->\n<title>Se presentan este viernes dos muestras art\u00edsticas en el Centro Cultural Provincial en Rawson - FM Patagonia Madryn<\/title>\n<meta name=\"robots\" content=\"index, follow, max-snippet:-1, max-image-preview:large, max-video-preview:-1\" \/>\n<link rel=\"canonical\" href=\"https:\/\/fmpatagoniamadryn.com.ar\/?p=6579\" \/>\n<meta property=\"og:locale\" content=\"es_ES\" \/>\n<meta property=\"og:type\" content=\"article\" \/>\n<meta property=\"og:title\" content=\"Se presentan este viernes dos muestras art\u00edsticas en el Centro Cultural Provincial en Rawson - FM Patagonia Madryn\" \/>\n<meta property=\"og:description\" content=\"Las obras de los artistas Raquel Seimandi y Diego Corso Muscia quedar\u00e1n expuestas durante todo el mes de octubre. La Secretar\u00eda de Ciencia, Tecnolog\u00eda, Innovaci\u00f3n Productiva y Cultura del Chubut&hellip;\" \/>\n<meta property=\"og:url\" content=\"https:\/\/fmpatagoniamadryn.com.ar\/?p=6579\" \/>\n<meta property=\"og:site_name\" content=\"FM Patagonia Madryn\" \/>\n<meta property=\"article:published_time\" content=\"2023-10-04T23:10:33+00:00\" \/>\n<meta property=\"article:modified_time\" content=\"2023-10-04T23:10:43+00:00\" \/>\n<meta property=\"og:image\" content=\"https:\/\/fmpatagoniamadryn.com.ar\/wp-content\/uploads\/2023\/10\/Este-viernes-se-inauguran-dos-muestras-artisticas-en-el-Centro-Cultural-Provincial-2.jpeg\" \/>\n\t<meta property=\"og:image:width\" content=\"973\" \/>\n\t<meta property=\"og:image:height\" content=\"973\" \/>\n\t<meta property=\"og:image:type\" content=\"image\/jpeg\" \/>\n<meta name=\"author\" content=\"FM Patagonia\" \/>\n<meta name=\"twitter:card\" content=\"summary_large_image\" \/>\n<meta name=\"twitter:label1\" content=\"Escrito por\" \/>\n\t<meta name=\"twitter:data1\" content=\"FM Patagonia\" \/>\n\t<meta name=\"twitter:label2\" content=\"Tiempo de lectura\" \/>\n\t<meta name=\"twitter:data2\" content=\"3 minutos\" \/>\n<script type=\"application\/ld+json\" class=\"yoast-schema-graph\">{\"@context\":\"https:\\\/\\\/schema.org\",\"@graph\":[{\"@type\":\"Article\",\"@id\":\"https:\\\/\\\/fmpatagoniamadryn.com.ar\\\/?p=6579#article\",\"isPartOf\":{\"@id\":\"https:\\\/\\\/fmpatagoniamadryn.com.ar\\\/?p=6579\"},\"author\":{\"name\":\"FM Patagonia\",\"@id\":\"https:\\\/\\\/fmpatagoniamadryn.com.ar\\\/#\\\/schema\\\/person\\\/1d968ec613613768e14b4e6420a2b125\"},\"headline\":\"Se presentan este viernes dos muestras art\u00edsticas en el Centro Cultural Provincial en Rawson\",\"datePublished\":\"2023-10-04T23:10:33+00:00\",\"dateModified\":\"2023-10-04T23:10:43+00:00\",\"mainEntityOfPage\":{\"@id\":\"https:\\\/\\\/fmpatagoniamadryn.com.ar\\\/?p=6579\"},\"wordCount\":537,\"publisher\":{\"@id\":\"https:\\\/\\\/fmpatagoniamadryn.com.ar\\\/#organization\"},\"image\":{\"@id\":\"https:\\\/\\\/fmpatagoniamadryn.com.ar\\\/?p=6579#primaryimage\"},\"thumbnailUrl\":\"https:\\\/\\\/fmpatagoniamadryn.com.ar\\\/wp-content\\\/uploads\\\/2023\\\/10\\\/Este-viernes-se-inauguran-dos-muestras-artisticas-en-el-Centro-Cultural-Provincial-2.jpeg\",\"articleSection\":[\"Provinciales\"],\"inLanguage\":\"es\"},{\"@type\":\"WebPage\",\"@id\":\"https:\\\/\\\/fmpatagoniamadryn.com.ar\\\/?p=6579\",\"url\":\"https:\\\/\\\/fmpatagoniamadryn.com.ar\\\/?p=6579\",\"name\":\"Se presentan este viernes dos muestras art\u00edsticas en el Centro Cultural Provincial en Rawson - FM Patagonia Madryn\",\"isPartOf\":{\"@id\":\"https:\\\/\\\/fmpatagoniamadryn.com.ar\\\/#website\"},\"primaryImageOfPage\":{\"@id\":\"https:\\\/\\\/fmpatagoniamadryn.com.ar\\\/?p=6579#primaryimage\"},\"image\":{\"@id\":\"https:\\\/\\\/fmpatagoniamadryn.com.ar\\\/?p=6579#primaryimage\"},\"thumbnailUrl\":\"https:\\\/\\\/fmpatagoniamadryn.com.ar\\\/wp-content\\\/uploads\\\/2023\\\/10\\\/Este-viernes-se-inauguran-dos-muestras-artisticas-en-el-Centro-Cultural-Provincial-2.jpeg\",\"datePublished\":\"2023-10-04T23:10:33+00:00\",\"dateModified\":\"2023-10-04T23:10:43+00:00\",\"breadcrumb\":{\"@id\":\"https:\\\/\\\/fmpatagoniamadryn.com.ar\\\/?p=6579#breadcrumb\"},\"inLanguage\":\"es\",\"potentialAction\":[{\"@type\":\"ReadAction\",\"target\":[\"https:\\\/\\\/fmpatagoniamadryn.com.ar\\\/?p=6579\"]}]},{\"@type\":\"ImageObject\",\"inLanguage\":\"es\",\"@id\":\"https:\\\/\\\/fmpatagoniamadryn.com.ar\\\/?p=6579#primaryimage\",\"url\":\"https:\\\/\\\/fmpatagoniamadryn.com.ar\\\/wp-content\\\/uploads\\\/2023\\\/10\\\/Este-viernes-se-inauguran-dos-muestras-artisticas-en-el-Centro-Cultural-Provincial-2.jpeg\",\"contentUrl\":\"https:\\\/\\\/fmpatagoniamadryn.com.ar\\\/wp-content\\\/uploads\\\/2023\\\/10\\\/Este-viernes-se-inauguran-dos-muestras-artisticas-en-el-Centro-Cultural-Provincial-2.jpeg\",\"width\":973,\"height\":973},{\"@type\":\"BreadcrumbList\",\"@id\":\"https:\\\/\\\/fmpatagoniamadryn.com.ar\\\/?p=6579#breadcrumb\",\"itemListElement\":[{\"@type\":\"ListItem\",\"position\":1,\"name\":\"Portada\",\"item\":\"https:\\\/\\\/fmpatagoniamadryn.com.ar\\\/\"},{\"@type\":\"ListItem\",\"position\":2,\"name\":\"Se presentan este viernes dos muestras art\u00edsticas en el Centro Cultural Provincial en Rawson\"}]},{\"@type\":\"WebSite\",\"@id\":\"https:\\\/\\\/fmpatagoniamadryn.com.ar\\\/#website\",\"url\":\"https:\\\/\\\/fmpatagoniamadryn.com.ar\\\/\",\"name\":\"FM Patagonia Madryn\",\"description\":\"Radio Patagonia 105.5\",\"publisher\":{\"@id\":\"https:\\\/\\\/fmpatagoniamadryn.com.ar\\\/#organization\"},\"potentialAction\":[{\"@type\":\"SearchAction\",\"target\":{\"@type\":\"EntryPoint\",\"urlTemplate\":\"https:\\\/\\\/fmpatagoniamadryn.com.ar\\\/?s={search_term_string}\"},\"query-input\":{\"@type\":\"PropertyValueSpecification\",\"valueRequired\":true,\"valueName\":\"search_term_string\"}}],\"inLanguage\":\"es\"},{\"@type\":\"Organization\",\"@id\":\"https:\\\/\\\/fmpatagoniamadryn.com.ar\\\/#organization\",\"name\":\"FM Patagonia Madryn\",\"url\":\"https:\\\/\\\/fmpatagoniamadryn.com.ar\\\/\",\"logo\":{\"@type\":\"ImageObject\",\"inLanguage\":\"es\",\"@id\":\"https:\\\/\\\/fmpatagoniamadryn.com.ar\\\/#\\\/schema\\\/logo\\\/image\\\/\",\"url\":\"https:\\\/\\\/fmpatagoniamadryn.com.ar\\\/wp-content\\\/uploads\\\/2023\\\/01\\\/cropped-Diseno-sin-titulo.png\",\"contentUrl\":\"https:\\\/\\\/fmpatagoniamadryn.com.ar\\\/wp-content\\\/uploads\\\/2023\\\/01\\\/cropped-Diseno-sin-titulo.png\",\"width\":6911,\"height\":2657,\"caption\":\"FM Patagonia Madryn\"},\"image\":{\"@id\":\"https:\\\/\\\/fmpatagoniamadryn.com.ar\\\/#\\\/schema\\\/logo\\\/image\\\/\"}},{\"@type\":\"Person\",\"@id\":\"https:\\\/\\\/fmpatagoniamadryn.com.ar\\\/#\\\/schema\\\/person\\\/1d968ec613613768e14b4e6420a2b125\",\"name\":\"FM Patagonia\",\"url\":\"https:\\\/\\\/fmpatagoniamadryn.com.ar\\\/?author=3\"}]}<\/script>\n<!-- \/ Yoast SEO plugin. -->","yoast_head_json":{"title":"Se presentan este viernes dos muestras art\u00edsticas en el Centro Cultural Provincial en Rawson - FM Patagonia Madryn","robots":{"index":"index","follow":"follow","max-snippet":"max-snippet:-1","max-image-preview":"max-image-preview:large","max-video-preview":"max-video-preview:-1"},"canonical":"https:\/\/fmpatagoniamadryn.com.ar\/?p=6579","og_locale":"es_ES","og_type":"article","og_title":"Se presentan este viernes dos muestras art\u00edsticas en el Centro Cultural Provincial en Rawson - FM Patagonia Madryn","og_description":"Las obras de los artistas Raquel Seimandi y Diego Corso Muscia quedar\u00e1n expuestas durante todo el mes de octubre. La Secretar\u00eda de Ciencia, Tecnolog\u00eda, Innovaci\u00f3n Productiva y Cultura del Chubut&hellip;","og_url":"https:\/\/fmpatagoniamadryn.com.ar\/?p=6579","og_site_name":"FM Patagonia Madryn","article_published_time":"2023-10-04T23:10:33+00:00","article_modified_time":"2023-10-04T23:10:43+00:00","og_image":[{"width":973,"height":973,"url":"https:\/\/fmpatagoniamadryn.com.ar\/wp-content\/uploads\/2023\/10\/Este-viernes-se-inauguran-dos-muestras-artisticas-en-el-Centro-Cultural-Provincial-2.jpeg","type":"image\/jpeg"}],"author":"FM Patagonia","twitter_card":"summary_large_image","twitter_misc":{"Escrito por":"FM Patagonia","Tiempo de lectura":"3 minutos"},"schema":{"@context":"https:\/\/schema.org","@graph":[{"@type":"Article","@id":"https:\/\/fmpatagoniamadryn.com.ar\/?p=6579#article","isPartOf":{"@id":"https:\/\/fmpatagoniamadryn.com.ar\/?p=6579"},"author":{"name":"FM Patagonia","@id":"https:\/\/fmpatagoniamadryn.com.ar\/#\/schema\/person\/1d968ec613613768e14b4e6420a2b125"},"headline":"Se presentan este viernes dos muestras art\u00edsticas en el Centro Cultural Provincial en Rawson","datePublished":"2023-10-04T23:10:33+00:00","dateModified":"2023-10-04T23:10:43+00:00","mainEntityOfPage":{"@id":"https:\/\/fmpatagoniamadryn.com.ar\/?p=6579"},"wordCount":537,"publisher":{"@id":"https:\/\/fmpatagoniamadryn.com.ar\/#organization"},"image":{"@id":"https:\/\/fmpatagoniamadryn.com.ar\/?p=6579#primaryimage"},"thumbnailUrl":"https:\/\/fmpatagoniamadryn.com.ar\/wp-content\/uploads\/2023\/10\/Este-viernes-se-inauguran-dos-muestras-artisticas-en-el-Centro-Cultural-Provincial-2.jpeg","articleSection":["Provinciales"],"inLanguage":"es"},{"@type":"WebPage","@id":"https:\/\/fmpatagoniamadryn.com.ar\/?p=6579","url":"https:\/\/fmpatagoniamadryn.com.ar\/?p=6579","name":"Se presentan este viernes dos muestras art\u00edsticas en el Centro Cultural Provincial en Rawson - FM Patagonia Madryn","isPartOf":{"@id":"https:\/\/fmpatagoniamadryn.com.ar\/#website"},"primaryImageOfPage":{"@id":"https:\/\/fmpatagoniamadryn.com.ar\/?p=6579#primaryimage"},"image":{"@id":"https:\/\/fmpatagoniamadryn.com.ar\/?p=6579#primaryimage"},"thumbnailUrl":"https:\/\/fmpatagoniamadryn.com.ar\/wp-content\/uploads\/2023\/10\/Este-viernes-se-inauguran-dos-muestras-artisticas-en-el-Centro-Cultural-Provincial-2.jpeg","datePublished":"2023-10-04T23:10:33+00:00","dateModified":"2023-10-04T23:10:43+00:00","breadcrumb":{"@id":"https:\/\/fmpatagoniamadryn.com.ar\/?p=6579#breadcrumb"},"inLanguage":"es","potentialAction":[{"@type":"ReadAction","target":["https:\/\/fmpatagoniamadryn.com.ar\/?p=6579"]}]},{"@type":"ImageObject","inLanguage":"es","@id":"https:\/\/fmpatagoniamadryn.com.ar\/?p=6579#primaryimage","url":"https:\/\/fmpatagoniamadryn.com.ar\/wp-content\/uploads\/2023\/10\/Este-viernes-se-inauguran-dos-muestras-artisticas-en-el-Centro-Cultural-Provincial-2.jpeg","contentUrl":"https:\/\/fmpatagoniamadryn.com.ar\/wp-content\/uploads\/2023\/10\/Este-viernes-se-inauguran-dos-muestras-artisticas-en-el-Centro-Cultural-Provincial-2.jpeg","width":973,"height":973},{"@type":"BreadcrumbList","@id":"https:\/\/fmpatagoniamadryn.com.ar\/?p=6579#breadcrumb","itemListElement":[{"@type":"ListItem","position":1,"name":"Portada","item":"https:\/\/fmpatagoniamadryn.com.ar\/"},{"@type":"ListItem","position":2,"name":"Se presentan este viernes dos muestras art\u00edsticas en el Centro Cultural Provincial en Rawson"}]},{"@type":"WebSite","@id":"https:\/\/fmpatagoniamadryn.com.ar\/#website","url":"https:\/\/fmpatagoniamadryn.com.ar\/","name":"FM Patagonia Madryn","description":"Radio Patagonia 105.5","publisher":{"@id":"https:\/\/fmpatagoniamadryn.com.ar\/#organization"},"potentialAction":[{"@type":"SearchAction","target":{"@type":"EntryPoint","urlTemplate":"https:\/\/fmpatagoniamadryn.com.ar\/?s={search_term_string}"},"query-input":{"@type":"PropertyValueSpecification","valueRequired":true,"valueName":"search_term_string"}}],"inLanguage":"es"},{"@type":"Organization","@id":"https:\/\/fmpatagoniamadryn.com.ar\/#organization","name":"FM Patagonia Madryn","url":"https:\/\/fmpatagoniamadryn.com.ar\/","logo":{"@type":"ImageObject","inLanguage":"es","@id":"https:\/\/fmpatagoniamadryn.com.ar\/#\/schema\/logo\/image\/","url":"https:\/\/fmpatagoniamadryn.com.ar\/wp-content\/uploads\/2023\/01\/cropped-Diseno-sin-titulo.png","contentUrl":"https:\/\/fmpatagoniamadryn.com.ar\/wp-content\/uploads\/2023\/01\/cropped-Diseno-sin-titulo.png","width":6911,"height":2657,"caption":"FM Patagonia Madryn"},"image":{"@id":"https:\/\/fmpatagoniamadryn.com.ar\/#\/schema\/logo\/image\/"}},{"@type":"Person","@id":"https:\/\/fmpatagoniamadryn.com.ar\/#\/schema\/person\/1d968ec613613768e14b4e6420a2b125","name":"FM Patagonia","url":"https:\/\/fmpatagoniamadryn.com.ar\/?author=3"}]}},"jetpack_featured_media_url":"https:\/\/fmpatagoniamadryn.com.ar\/wp-content\/uploads\/2023\/10\/Este-viernes-se-inauguran-dos-muestras-artisticas-en-el-Centro-Cultural-Provincial-2.jpeg","_links":{"self":[{"href":"https:\/\/fmpatagoniamadryn.com.ar\/index.php?rest_route=\/wp\/v2\/posts\/6579","targetHints":{"allow":["GET"]}}],"collection":[{"href":"https:\/\/fmpatagoniamadryn.com.ar\/index.php?rest_route=\/wp\/v2\/posts"}],"about":[{"href":"https:\/\/fmpatagoniamadryn.com.ar\/index.php?rest_route=\/wp\/v2\/types\/post"}],"author":[{"embeddable":true,"href":"https:\/\/fmpatagoniamadryn.com.ar\/index.php?rest_route=\/wp\/v2\/users\/3"}],"replies":[{"embeddable":true,"href":"https:\/\/fmpatagoniamadryn.com.ar\/index.php?rest_route=%2Fwp%2Fv2%2Fcomments&post=6579"}],"version-history":[{"count":1,"href":"https:\/\/fmpatagoniamadryn.com.ar\/index.php?rest_route=\/wp\/v2\/posts\/6579\/revisions"}],"predecessor-version":[{"id":6580,"href":"https:\/\/fmpatagoniamadryn.com.ar\/index.php?rest_route=\/wp\/v2\/posts\/6579\/revisions\/6580"}],"wp:featuredmedia":[{"embeddable":true,"href":"https:\/\/fmpatagoniamadryn.com.ar\/index.php?rest_route=\/wp\/v2\/media\/6578"}],"wp:attachment":[{"href":"https:\/\/fmpatagoniamadryn.com.ar\/index.php?rest_route=%2Fwp%2Fv2%2Fmedia&parent=6579"}],"wp:term":[{"taxonomy":"category","embeddable":true,"href":"https:\/\/fmpatagoniamadryn.com.ar\/index.php?rest_route=%2Fwp%2Fv2%2Fcategories&post=6579"},{"taxonomy":"post_tag","embeddable":true,"href":"https:\/\/fmpatagoniamadryn.com.ar\/index.php?rest_route=%2Fwp%2Fv2%2Ftags&post=6579"}],"curies":[{"name":"wp","href":"https:\/\/api.w.org\/{rel}","templated":true}]}}