{"id":6586,"date":"2023-10-05T10:42:54","date_gmt":"2023-10-05T13:42:54","guid":{"rendered":"https:\/\/fmpatagoniamadryn.com.ar\/?p=6586"},"modified":"2023-10-05T10:43:21","modified_gmt":"2023-10-05T13:43:21","slug":"el-gobierno-de-la-provincia-participo-del-seminario-puentes-al-mundo-productivo","status":"publish","type":"post","link":"https:\/\/fmpatagoniamadryn.com.ar\/?p=6586","title":{"rendered":"El Gobierno de la Provincia particip\u00f3 del Seminario \u201cPuentes al mundo productivo\u201d"},"content":{"rendered":"\n<p>Estuvo destinado a referentes empresariales, profesionales y emprendedores; y se trat\u00f3 de un entrenamiento para el trabajo para el crecimiento empresarial organizado por la Fundaci\u00f3n Observatorio PyME.<br><br>El Gobierno del Chubut, a trav\u00e9s del Ministerio de Agricultura, Ganader\u00eda, Industria y Comercio, particip\u00f3 del seminario \u201cPuentes al mundo productivo\u201d, organizado por la Fundaci\u00f3n Observatorio PyME, que tuvo como punto principal trabajar sobre vinculaci\u00f3n entre el mundo de los oficios y la producci\u00f3n.<br><br>La actividad, que se desarroll\u00f3 en la sede de la C\u00e1mara Industrial y Comercio Exterior de Puerto Madryn y Regi\u00f3n Patag\u00f3nica (CIMA), estuvo destinada a funcionarios p\u00fablicos, autoridades educativas, referentes empresariales, profesionales y emprendedores.<br><br>Estuvieron presentes el ministro de Agricultura, Ganader\u00eda, Industria y Comercio de la Provincia del Chubut, Leandro Cavaco; el director ejecutivo de la Fundaci\u00f3n Observatorio PyME (FOP), Vicente Donato; el presidente de CIMA, Oscar Dethier; el intendente de Puerto Madryn, Gustavo Sastre junto a la viceintendenta, Noelia Corval\u00e1n; el intendente de electo de Trelew, Gerardo Merino; referentes del Ministerio de Trabajo de la Naci\u00f3n y representantes de las C\u00e1maras de Industria, Comercio y producci\u00f3n de Rawson, Trelew y Puerto Madryn, empresarios y emprendedores. <br><br>En este sentido, el ministro Cavaco se refiri\u00f3 al p\u00fablico y mencion\u00f3 que \u201cen esto vemos reflejado el esp\u00edritu del trabajo que lleva adelante la provincia de Chubut y la impronta que hemos logrado que es que el sector p\u00fablico, el privado y del conocimiento, de la ciencia y de la educaci\u00f3n, est\u00e9n trabajando en conjunto para el desarrollo y el progreso de nuestra provincia y de cada uno de nuestros municipios\u201d. <br><br>\u201cMe parece que esa es la \u00fanica forma que tenemos nosotros de poder trabajar para generar valor y agregar valor para exportar conocimiento. Si nosotros seguimos trabajando como lo venimos haciendo sin lugar a dudas esas pol\u00edticas p\u00fablicas van a tener un efecto positivo en el territorio y vamos a lograr buenos resultados\u201d. <br><br>Impresionante convocatoria <br><br>En tanto que el presidente de CIMA, Oscar Dethier remarc\u00f3 que \u201cesta impresionante convocatoria es producto del compromiso que tiene nuestra comunidad para hacer verdad que la competitividad sist\u00e9mica y que todos los actores p\u00fablicos, privados formamos parte de los resultados que nos deben permitir un mejor futuro\u201d. <br><br>\u201cHoy tenemos necesidad de levantar el nivel cultural y el nivel de la capacidad operativa de nuestra fuerza de trabajo, pero tambi\u00e9n de la integraci\u00f3n que hacemos como comunidad territorial no solamente como ciudades por eso est\u00e1n presentes todos los que nos acompa\u00f1an y realmente estamos muy emocionados y muy esperanzados con que se produzcan nuevos resultados. No se pueden tomar decisiones y no tenemos datos econ\u00f3micos si no tenemos informaci\u00f3n cierta en eso\u201d, se\u00f1al\u00f3 Dethier. <br><br>Inter\u00e9s en la micro regi\u00f3n <br><br>El director ejecutivo de la Fundaci\u00f3n Observatorio PyME (FOP), Vicente Donato se\u00f1al\u00f3 que \u201cnosotros vemos como fundaci\u00f3n que tenemos un gran inter\u00e9s en esta microrregi\u00f3n, porque la verdad que vemos una microrregi\u00f3n muy integrada en distintos sectores con gran potencialidad en el turismo, la industria, el sector agroalimenticio, la log\u00edstica. Para nosotros es un gran motivo de incentivo para mirar y mostrar la regi\u00f3n en una perspectiva m\u00e1s internacional porque m\u00e1s all\u00e1 del tembladeral macroecon\u00f3mico en el cual nos encontramos en este momento, tenemos que mirar para adelante\u201d.  <br><br>\u201cNecesitamos que las ciudades y las microregiones hagan un esfuerzo de producir sus propios datos homologados, comparables, no s\u00f3lo a nivel nacional sino tambi\u00e9n a nivel internacional porque los inversores externos y tambi\u00e9n los inversores del pa\u00eds tratan de mirar esos datos para tomar decisiones\u201d, finaliz\u00f3 Donato.<\/p>\n","protected":false},"excerpt":{"rendered":"<p>Estuvo destinado a referentes empresariales, profesionales y emprendedores; y se trat\u00f3 de un entrenamiento para el trabajo para el crecimiento empresarial organizado por la Fundaci\u00f3n Observatorio PyME. El Gobierno del&hellip; <\/p>\n","protected":false},"author":3,"featured_media":6585,"comment_status":"closed","ping_status":"closed","sticky":false,"template":"","format":"standard","meta":{"footnotes":""},"categories":[15],"tags":[],"class_list":["post-6586","post","type-post","status-publish","format-standard","has-post-thumbnail","hentry","category-locales"],"yoast_head":"<!-- This site is optimized with the Yoast SEO plugin v27.5 - https:\/\/yoast.com\/product\/yoast-seo-wordpress\/ -->\n<title>El Gobierno de la Provincia particip\u00f3 del Seminario \u201cPuentes al mundo productivo\u201d - FM Patagonia Madryn<\/title>\n<meta name=\"robots\" content=\"index, follow, max-snippet:-1, max-image-preview:large, max-video-preview:-1\" \/>\n<link rel=\"canonical\" href=\"https:\/\/fmpatagoniamadryn.com.ar\/?p=6586\" \/>\n<meta property=\"og:locale\" content=\"es_ES\" \/>\n<meta property=\"og:type\" content=\"article\" \/>\n<meta property=\"og:title\" content=\"El Gobierno de la Provincia particip\u00f3 del Seminario \u201cPuentes al mundo productivo\u201d - FM Patagonia Madryn\" \/>\n<meta property=\"og:description\" content=\"Estuvo destinado a referentes empresariales, profesionales y emprendedores; y se trat\u00f3 de un entrenamiento para el trabajo para el crecimiento empresarial organizado por la Fundaci\u00f3n Observatorio PyME. El Gobierno del&hellip;\" \/>\n<meta property=\"og:url\" content=\"https:\/\/fmpatagoniamadryn.com.ar\/?p=6586\" \/>\n<meta property=\"og:site_name\" content=\"FM Patagonia Madryn\" \/>\n<meta property=\"article:published_time\" content=\"2023-10-05T13:42:54+00:00\" \/>\n<meta property=\"article:modified_time\" content=\"2023-10-05T13:43:21+00:00\" \/>\n<meta property=\"og:image\" content=\"https:\/\/fmpatagoniamadryn.com.ar\/wp-content\/uploads\/2023\/10\/MADRYN-CAVACO-4.jpg\" \/>\n\t<meta property=\"og:image:width\" content=\"1200\" \/>\n\t<meta property=\"og:image:height\" content=\"1068\" \/>\n\t<meta property=\"og:image:type\" content=\"image\/jpeg\" \/>\n<meta name=\"author\" content=\"FM Patagonia\" \/>\n<meta name=\"twitter:card\" content=\"summary_large_image\" \/>\n<meta name=\"twitter:label1\" content=\"Escrito por\" \/>\n\t<meta name=\"twitter:data1\" content=\"FM Patagonia\" \/>\n\t<meta name=\"twitter:label2\" content=\"Tiempo de lectura\" \/>\n\t<meta name=\"twitter:data2\" content=\"3 minutos\" \/>\n<script type=\"application\/ld+json\" class=\"yoast-schema-graph\">{\"@context\":\"https:\\\/\\\/schema.org\",\"@graph\":[{\"@type\":\"Article\",\"@id\":\"https:\\\/\\\/fmpatagoniamadryn.com.ar\\\/?p=6586#article\",\"isPartOf\":{\"@id\":\"https:\\\/\\\/fmpatagoniamadryn.com.ar\\\/?p=6586\"},\"author\":{\"name\":\"FM Patagonia\",\"@id\":\"https:\\\/\\\/fmpatagoniamadryn.com.ar\\\/#\\\/schema\\\/person\\\/1d968ec613613768e14b4e6420a2b125\"},\"headline\":\"El Gobierno de la Provincia particip\u00f3 del Seminario \u201cPuentes al mundo productivo\u201d\",\"datePublished\":\"2023-10-05T13:42:54+00:00\",\"dateModified\":\"2023-10-05T13:43:21+00:00\",\"mainEntityOfPage\":{\"@id\":\"https:\\\/\\\/fmpatagoniamadryn.com.ar\\\/?p=6586\"},\"wordCount\":639,\"publisher\":{\"@id\":\"https:\\\/\\\/fmpatagoniamadryn.com.ar\\\/#organization\"},\"image\":{\"@id\":\"https:\\\/\\\/fmpatagoniamadryn.com.ar\\\/?p=6586#primaryimage\"},\"thumbnailUrl\":\"https:\\\/\\\/fmpatagoniamadryn.com.ar\\\/wp-content\\\/uploads\\\/2023\\\/10\\\/MADRYN-CAVACO-4.jpg\",\"articleSection\":[\"Locales\"],\"inLanguage\":\"es\"},{\"@type\":\"WebPage\",\"@id\":\"https:\\\/\\\/fmpatagoniamadryn.com.ar\\\/?p=6586\",\"url\":\"https:\\\/\\\/fmpatagoniamadryn.com.ar\\\/?p=6586\",\"name\":\"El Gobierno de la Provincia particip\u00f3 del Seminario \u201cPuentes al mundo productivo\u201d - FM Patagonia Madryn\",\"isPartOf\":{\"@id\":\"https:\\\/\\\/fmpatagoniamadryn.com.ar\\\/#website\"},\"primaryImageOfPage\":{\"@id\":\"https:\\\/\\\/fmpatagoniamadryn.com.ar\\\/?p=6586#primaryimage\"},\"image\":{\"@id\":\"https:\\\/\\\/fmpatagoniamadryn.com.ar\\\/?p=6586#primaryimage\"},\"thumbnailUrl\":\"https:\\\/\\\/fmpatagoniamadryn.com.ar\\\/wp-content\\\/uploads\\\/2023\\\/10\\\/MADRYN-CAVACO-4.jpg\",\"datePublished\":\"2023-10-05T13:42:54+00:00\",\"dateModified\":\"2023-10-05T13:43:21+00:00\",\"breadcrumb\":{\"@id\":\"https:\\\/\\\/fmpatagoniamadryn.com.ar\\\/?p=6586#breadcrumb\"},\"inLanguage\":\"es\",\"potentialAction\":[{\"@type\":\"ReadAction\",\"target\":[\"https:\\\/\\\/fmpatagoniamadryn.com.ar\\\/?p=6586\"]}]},{\"@type\":\"ImageObject\",\"inLanguage\":\"es\",\"@id\":\"https:\\\/\\\/fmpatagoniamadryn.com.ar\\\/?p=6586#primaryimage\",\"url\":\"https:\\\/\\\/fmpatagoniamadryn.com.ar\\\/wp-content\\\/uploads\\\/2023\\\/10\\\/MADRYN-CAVACO-4.jpg\",\"contentUrl\":\"https:\\\/\\\/fmpatagoniamadryn.com.ar\\\/wp-content\\\/uploads\\\/2023\\\/10\\\/MADRYN-CAVACO-4.jpg\",\"width\":1200,\"height\":1068},{\"@type\":\"BreadcrumbList\",\"@id\":\"https:\\\/\\\/fmpatagoniamadryn.com.ar\\\/?p=6586#breadcrumb\",\"itemListElement\":[{\"@type\":\"ListItem\",\"position\":1,\"name\":\"Portada\",\"item\":\"https:\\\/\\\/fmpatagoniamadryn.com.ar\\\/\"},{\"@type\":\"ListItem\",\"position\":2,\"name\":\"El Gobierno de la Provincia particip\u00f3 del Seminario \u201cPuentes al mundo productivo\u201d\"}]},{\"@type\":\"WebSite\",\"@id\":\"https:\\\/\\\/fmpatagoniamadryn.com.ar\\\/#website\",\"url\":\"https:\\\/\\\/fmpatagoniamadryn.com.ar\\\/\",\"name\":\"FM Patagonia Madryn\",\"description\":\"Radio Patagonia 105.5\",\"publisher\":{\"@id\":\"https:\\\/\\\/fmpatagoniamadryn.com.ar\\\/#organization\"},\"potentialAction\":[{\"@type\":\"SearchAction\",\"target\":{\"@type\":\"EntryPoint\",\"urlTemplate\":\"https:\\\/\\\/fmpatagoniamadryn.com.ar\\\/?s={search_term_string}\"},\"query-input\":{\"@type\":\"PropertyValueSpecification\",\"valueRequired\":true,\"valueName\":\"search_term_string\"}}],\"inLanguage\":\"es\"},{\"@type\":\"Organization\",\"@id\":\"https:\\\/\\\/fmpatagoniamadryn.com.ar\\\/#organization\",\"name\":\"FM Patagonia Madryn\",\"url\":\"https:\\\/\\\/fmpatagoniamadryn.com.ar\\\/\",\"logo\":{\"@type\":\"ImageObject\",\"inLanguage\":\"es\",\"@id\":\"https:\\\/\\\/fmpatagoniamadryn.com.ar\\\/#\\\/schema\\\/logo\\\/image\\\/\",\"url\":\"https:\\\/\\\/fmpatagoniamadryn.com.ar\\\/wp-content\\\/uploads\\\/2023\\\/01\\\/cropped-Diseno-sin-titulo.png\",\"contentUrl\":\"https:\\\/\\\/fmpatagoniamadryn.com.ar\\\/wp-content\\\/uploads\\\/2023\\\/01\\\/cropped-Diseno-sin-titulo.png\",\"width\":6911,\"height\":2657,\"caption\":\"FM Patagonia Madryn\"},\"image\":{\"@id\":\"https:\\\/\\\/fmpatagoniamadryn.com.ar\\\/#\\\/schema\\\/logo\\\/image\\\/\"}},{\"@type\":\"Person\",\"@id\":\"https:\\\/\\\/fmpatagoniamadryn.com.ar\\\/#\\\/schema\\\/person\\\/1d968ec613613768e14b4e6420a2b125\",\"name\":\"FM Patagonia\",\"url\":\"https:\\\/\\\/fmpatagoniamadryn.com.ar\\\/?author=3\"}]}<\/script>\n<!-- \/ Yoast SEO plugin. -->","yoast_head_json":{"title":"El Gobierno de la Provincia particip\u00f3 del Seminario \u201cPuentes al mundo productivo\u201d - FM Patagonia Madryn","robots":{"index":"index","follow":"follow","max-snippet":"max-snippet:-1","max-image-preview":"max-image-preview:large","max-video-preview":"max-video-preview:-1"},"canonical":"https:\/\/fmpatagoniamadryn.com.ar\/?p=6586","og_locale":"es_ES","og_type":"article","og_title":"El Gobierno de la Provincia particip\u00f3 del Seminario \u201cPuentes al mundo productivo\u201d - FM Patagonia Madryn","og_description":"Estuvo destinado a referentes empresariales, profesionales y emprendedores; y se trat\u00f3 de un entrenamiento para el trabajo para el crecimiento empresarial organizado por la Fundaci\u00f3n Observatorio PyME. El Gobierno del&hellip;","og_url":"https:\/\/fmpatagoniamadryn.com.ar\/?p=6586","og_site_name":"FM Patagonia Madryn","article_published_time":"2023-10-05T13:42:54+00:00","article_modified_time":"2023-10-05T13:43:21+00:00","og_image":[{"width":1200,"height":1068,"url":"https:\/\/fmpatagoniamadryn.com.ar\/wp-content\/uploads\/2023\/10\/MADRYN-CAVACO-4.jpg","type":"image\/jpeg"}],"author":"FM Patagonia","twitter_card":"summary_large_image","twitter_misc":{"Escrito por":"FM Patagonia","Tiempo de lectura":"3 minutos"},"schema":{"@context":"https:\/\/schema.org","@graph":[{"@type":"Article","@id":"https:\/\/fmpatagoniamadryn.com.ar\/?p=6586#article","isPartOf":{"@id":"https:\/\/fmpatagoniamadryn.com.ar\/?p=6586"},"author":{"name":"FM Patagonia","@id":"https:\/\/fmpatagoniamadryn.com.ar\/#\/schema\/person\/1d968ec613613768e14b4e6420a2b125"},"headline":"El Gobierno de la Provincia particip\u00f3 del Seminario \u201cPuentes al mundo productivo\u201d","datePublished":"2023-10-05T13:42:54+00:00","dateModified":"2023-10-05T13:43:21+00:00","mainEntityOfPage":{"@id":"https:\/\/fmpatagoniamadryn.com.ar\/?p=6586"},"wordCount":639,"publisher":{"@id":"https:\/\/fmpatagoniamadryn.com.ar\/#organization"},"image":{"@id":"https:\/\/fmpatagoniamadryn.com.ar\/?p=6586#primaryimage"},"thumbnailUrl":"https:\/\/fmpatagoniamadryn.com.ar\/wp-content\/uploads\/2023\/10\/MADRYN-CAVACO-4.jpg","articleSection":["Locales"],"inLanguage":"es"},{"@type":"WebPage","@id":"https:\/\/fmpatagoniamadryn.com.ar\/?p=6586","url":"https:\/\/fmpatagoniamadryn.com.ar\/?p=6586","name":"El Gobierno de la Provincia particip\u00f3 del Seminario \u201cPuentes al mundo productivo\u201d - FM Patagonia Madryn","isPartOf":{"@id":"https:\/\/fmpatagoniamadryn.com.ar\/#website"},"primaryImageOfPage":{"@id":"https:\/\/fmpatagoniamadryn.com.ar\/?p=6586#primaryimage"},"image":{"@id":"https:\/\/fmpatagoniamadryn.com.ar\/?p=6586#primaryimage"},"thumbnailUrl":"https:\/\/fmpatagoniamadryn.com.ar\/wp-content\/uploads\/2023\/10\/MADRYN-CAVACO-4.jpg","datePublished":"2023-10-05T13:42:54+00:00","dateModified":"2023-10-05T13:43:21+00:00","breadcrumb":{"@id":"https:\/\/fmpatagoniamadryn.com.ar\/?p=6586#breadcrumb"},"inLanguage":"es","potentialAction":[{"@type":"ReadAction","target":["https:\/\/fmpatagoniamadryn.com.ar\/?p=6586"]}]},{"@type":"ImageObject","inLanguage":"es","@id":"https:\/\/fmpatagoniamadryn.com.ar\/?p=6586#primaryimage","url":"https:\/\/fmpatagoniamadryn.com.ar\/wp-content\/uploads\/2023\/10\/MADRYN-CAVACO-4.jpg","contentUrl":"https:\/\/fmpatagoniamadryn.com.ar\/wp-content\/uploads\/2023\/10\/MADRYN-CAVACO-4.jpg","width":1200,"height":1068},{"@type":"BreadcrumbList","@id":"https:\/\/fmpatagoniamadryn.com.ar\/?p=6586#breadcrumb","itemListElement":[{"@type":"ListItem","position":1,"name":"Portada","item":"https:\/\/fmpatagoniamadryn.com.ar\/"},{"@type":"ListItem","position":2,"name":"El Gobierno de la Provincia particip\u00f3 del Seminario \u201cPuentes al mundo productivo\u201d"}]},{"@type":"WebSite","@id":"https:\/\/fmpatagoniamadryn.com.ar\/#website","url":"https:\/\/fmpatagoniamadryn.com.ar\/","name":"FM Patagonia Madryn","description":"Radio Patagonia 105.5","publisher":{"@id":"https:\/\/fmpatagoniamadryn.com.ar\/#organization"},"potentialAction":[{"@type":"SearchAction","target":{"@type":"EntryPoint","urlTemplate":"https:\/\/fmpatagoniamadryn.com.ar\/?s={search_term_string}"},"query-input":{"@type":"PropertyValueSpecification","valueRequired":true,"valueName":"search_term_string"}}],"inLanguage":"es"},{"@type":"Organization","@id":"https:\/\/fmpatagoniamadryn.com.ar\/#organization","name":"FM Patagonia Madryn","url":"https:\/\/fmpatagoniamadryn.com.ar\/","logo":{"@type":"ImageObject","inLanguage":"es","@id":"https:\/\/fmpatagoniamadryn.com.ar\/#\/schema\/logo\/image\/","url":"https:\/\/fmpatagoniamadryn.com.ar\/wp-content\/uploads\/2023\/01\/cropped-Diseno-sin-titulo.png","contentUrl":"https:\/\/fmpatagoniamadryn.com.ar\/wp-content\/uploads\/2023\/01\/cropped-Diseno-sin-titulo.png","width":6911,"height":2657,"caption":"FM Patagonia Madryn"},"image":{"@id":"https:\/\/fmpatagoniamadryn.com.ar\/#\/schema\/logo\/image\/"}},{"@type":"Person","@id":"https:\/\/fmpatagoniamadryn.com.ar\/#\/schema\/person\/1d968ec613613768e14b4e6420a2b125","name":"FM Patagonia","url":"https:\/\/fmpatagoniamadryn.com.ar\/?author=3"}]}},"jetpack_featured_media_url":"https:\/\/fmpatagoniamadryn.com.ar\/wp-content\/uploads\/2023\/10\/MADRYN-CAVACO-4.jpg","_links":{"self":[{"href":"https:\/\/fmpatagoniamadryn.com.ar\/index.php?rest_route=\/wp\/v2\/posts\/6586","targetHints":{"allow":["GET"]}}],"collection":[{"href":"https:\/\/fmpatagoniamadryn.com.ar\/index.php?rest_route=\/wp\/v2\/posts"}],"about":[{"href":"https:\/\/fmpatagoniamadryn.com.ar\/index.php?rest_route=\/wp\/v2\/types\/post"}],"author":[{"embeddable":true,"href":"https:\/\/fmpatagoniamadryn.com.ar\/index.php?rest_route=\/wp\/v2\/users\/3"}],"replies":[{"embeddable":true,"href":"https:\/\/fmpatagoniamadryn.com.ar\/index.php?rest_route=%2Fwp%2Fv2%2Fcomments&post=6586"}],"version-history":[{"count":1,"href":"https:\/\/fmpatagoniamadryn.com.ar\/index.php?rest_route=\/wp\/v2\/posts\/6586\/revisions"}],"predecessor-version":[{"id":6587,"href":"https:\/\/fmpatagoniamadryn.com.ar\/index.php?rest_route=\/wp\/v2\/posts\/6586\/revisions\/6587"}],"wp:featuredmedia":[{"embeddable":true,"href":"https:\/\/fmpatagoniamadryn.com.ar\/index.php?rest_route=\/wp\/v2\/media\/6585"}],"wp:attachment":[{"href":"https:\/\/fmpatagoniamadryn.com.ar\/index.php?rest_route=%2Fwp%2Fv2%2Fmedia&parent=6586"}],"wp:term":[{"taxonomy":"category","embeddable":true,"href":"https:\/\/fmpatagoniamadryn.com.ar\/index.php?rest_route=%2Fwp%2Fv2%2Fcategories&post=6586"},{"taxonomy":"post_tag","embeddable":true,"href":"https:\/\/fmpatagoniamadryn.com.ar\/index.php?rest_route=%2Fwp%2Fv2%2Ftags&post=6586"}],"curies":[{"name":"wp","href":"https:\/\/api.w.org\/{rel}","templated":true}]}}