{"id":6589,"date":"2023-10-05T10:43:46","date_gmt":"2023-10-05T13:43:46","guid":{"rendered":"https:\/\/fmpatagoniamadryn.com.ar\/?p=6589"},"modified":"2023-10-05T10:43:54","modified_gmt":"2023-10-05T13:43:54","slug":"chubut-participo-de-un-nuevo-encuentro-regional-de-salud-para-las-provincias-de-cuyo-y-patagonia","status":"publish","type":"post","link":"https:\/\/fmpatagoniamadryn.com.ar\/?p=6589","title":{"rendered":"Chubut particip\u00f3 de un nuevo Encuentro Regional de Salud para las Provincias de Cuyo y Patagonia"},"content":{"rendered":"\n<p>La jornada se desarroll\u00f3 en la ciudad rionegrina de Cipolletti y tuvo por prop\u00f3sito el fortalecimiento de los sistemas sanitarios provinciales. Asistieron referentes del Ministerio de Salud chubutense.<br><br>El Ministerio de Salud del Chubut particip\u00f3 recientemente de un nuevo Encuentro Regional para las Provincias de Cuyo y Patagonia, el cual fue organizado por la cartera sanitaria nacional con el prop\u00f3sito de propulsar una estrategia de fortalecimiento de los sistemas de salud provinciales a trav\u00e9s de la implementaci\u00f3n de acciones de integraci\u00f3n.<br><br>Dicho evento, celebrado d\u00edas atr\u00e1s en la ciudad de Cipolletti, de la provincia de R\u00edo Negro, fue encabezado por autoridades del Ministerio de Salud de la Naci\u00f3n y cont\u00f3 con la participaci\u00f3n de destacados referentes de cada una de las diversas jurisdicciones que integran las regiones de Cuyo y Patagonia, quienes pusieron en com\u00fan los principales logros sanitarios alcanzados a trav\u00e9s de la implementaci\u00f3n en terreno de los distintos Programas Nacionales que se encuentran vigentes en todo el pa\u00eds como Proteger, Redes y Sumar.<br><br>Experiencia provincial<br><br>El Ministerio de Salud del Chubut, por su parte, estuvo representado por la coordinadora provincial del Programa Proteger, Vanesa Icasate; el coordinador provincial del Programa Sumar, Francisco Galassi; y la coordinadora provincial del Programa Redes, Regina Buschiazzo, quienes realizaron una presentaci\u00f3n vinculada con la articulaci\u00f3n provincial de dichos programas, poniendo un \u00e9nfasis especial en el estado de situaci\u00f3n actual de la Estrategia de Prevenci\u00f3n, Control y Asistencia de las Personas con Diabetes en el territorio provincial.<br><br>Adem\u00e1s, Chubut comparti\u00f3 sus buenas pr\u00e1cticas de gesti\u00f3n vinculadas con estos programas nacionales, al tiempo que present\u00f3 tambi\u00e9n sus propias experiencias exitosas de pol\u00edticas sanitarias que mejoran el acceso de la poblaci\u00f3n a los servicios de atenci\u00f3n, resaltando la importancia de las estrategias de abordaje territorial para la concreci\u00f3n de las metas establecidas por el Ministerio de Salud de la Naci\u00f3n.<br><br>Garantizar el acceso a la salud<br><br>En tal sentido, todos los presentes hicieron un repaso de las acciones trabajadas en las distintas provincias en el marco de la implementaci\u00f3n de los tres programas nacionales, destac\u00e1ndolos asimismo como verdaderas estrategias de financiamiento sanitario que permiten garantizar el derecho al acceso a la salud a todas las poblaciones, llegando de este modo a cada uno de los centros de salud y dando respuesta a las poblaciones que m\u00e1s lo necesitan.<br><br>Sumar+<br><br>Finalmente, al cierre de la jornada se realiz\u00f3 tambi\u00e9n una mesa de trabajo destinada a presentar las nuevas estrategias propuestas por Naci\u00f3n para la integraci\u00f3n de los tres programas bajo el nombre de Programa Sumar+, el cual supondr\u00e1 una propuesta superadora a trav\u00e9s de la cual continuar asegurando una salud de calidad, equitativa y accesible para todos los habitantes de cada una de las provincias participantes.<\/p>\n","protected":false},"excerpt":{"rendered":"<p>La jornada se desarroll\u00f3 en la ciudad rionegrina de Cipolletti y tuvo por prop\u00f3sito el fortalecimiento de los sistemas sanitarios provinciales. Asistieron referentes del Ministerio de Salud chubutense. El Ministerio&hellip; <\/p>\n","protected":false},"author":3,"featured_media":6588,"comment_status":"closed","ping_status":"closed","sticky":false,"template":"","format":"standard","meta":{"footnotes":""},"categories":[14],"tags":[],"class_list":["post-6589","post","type-post","status-publish","format-standard","has-post-thumbnail","hentry","category-provinciales"],"yoast_head":"<!-- This site is optimized with the Yoast SEO plugin v27.5 - https:\/\/yoast.com\/product\/yoast-seo-wordpress\/ -->\n<title>Chubut particip\u00f3 de un nuevo Encuentro Regional de Salud para las Provincias de Cuyo y Patagonia - FM Patagonia Madryn<\/title>\n<meta name=\"robots\" content=\"index, follow, max-snippet:-1, max-image-preview:large, max-video-preview:-1\" \/>\n<link rel=\"canonical\" href=\"https:\/\/fmpatagoniamadryn.com.ar\/?p=6589\" \/>\n<meta property=\"og:locale\" content=\"es_ES\" \/>\n<meta property=\"og:type\" content=\"article\" \/>\n<meta property=\"og:title\" content=\"Chubut particip\u00f3 de un nuevo Encuentro Regional de Salud para las Provincias de Cuyo y Patagonia - FM Patagonia Madryn\" \/>\n<meta property=\"og:description\" content=\"La jornada se desarroll\u00f3 en la ciudad rionegrina de Cipolletti y tuvo por prop\u00f3sito el fortalecimiento de los sistemas sanitarios provinciales. Asistieron referentes del Ministerio de Salud chubutense. El Ministerio&hellip;\" \/>\n<meta property=\"og:url\" content=\"https:\/\/fmpatagoniamadryn.com.ar\/?p=6589\" \/>\n<meta property=\"og:site_name\" content=\"FM Patagonia Madryn\" \/>\n<meta property=\"article:published_time\" content=\"2023-10-05T13:43:46+00:00\" \/>\n<meta property=\"article:modified_time\" content=\"2023-10-05T13:43:54+00:00\" \/>\n<meta property=\"og:image\" content=\"https:\/\/fmpatagoniamadryn.com.ar\/wp-content\/uploads\/2023\/10\/encuentro-regional-salud.jpeg\" \/>\n\t<meta property=\"og:image:width\" content=\"1280\" \/>\n\t<meta property=\"og:image:height\" content=\"852\" \/>\n\t<meta property=\"og:image:type\" content=\"image\/jpeg\" \/>\n<meta name=\"author\" content=\"FM Patagonia\" \/>\n<meta name=\"twitter:card\" content=\"summary_large_image\" \/>\n<meta name=\"twitter:label1\" content=\"Escrito por\" \/>\n\t<meta name=\"twitter:data1\" content=\"FM Patagonia\" \/>\n\t<meta name=\"twitter:label2\" content=\"Tiempo de lectura\" \/>\n\t<meta name=\"twitter:data2\" content=\"2 minutos\" \/>\n<script type=\"application\/ld+json\" class=\"yoast-schema-graph\">{\"@context\":\"https:\\\/\\\/schema.org\",\"@graph\":[{\"@type\":\"Article\",\"@id\":\"https:\\\/\\\/fmpatagoniamadryn.com.ar\\\/?p=6589#article\",\"isPartOf\":{\"@id\":\"https:\\\/\\\/fmpatagoniamadryn.com.ar\\\/?p=6589\"},\"author\":{\"name\":\"FM Patagonia\",\"@id\":\"https:\\\/\\\/fmpatagoniamadryn.com.ar\\\/#\\\/schema\\\/person\\\/1d968ec613613768e14b4e6420a2b125\"},\"headline\":\"Chubut particip\u00f3 de un nuevo Encuentro Regional de Salud para las Provincias de Cuyo y Patagonia\",\"datePublished\":\"2023-10-05T13:43:46+00:00\",\"dateModified\":\"2023-10-05T13:43:54+00:00\",\"mainEntityOfPage\":{\"@id\":\"https:\\\/\\\/fmpatagoniamadryn.com.ar\\\/?p=6589\"},\"wordCount\":499,\"publisher\":{\"@id\":\"https:\\\/\\\/fmpatagoniamadryn.com.ar\\\/#organization\"},\"image\":{\"@id\":\"https:\\\/\\\/fmpatagoniamadryn.com.ar\\\/?p=6589#primaryimage\"},\"thumbnailUrl\":\"https:\\\/\\\/fmpatagoniamadryn.com.ar\\\/wp-content\\\/uploads\\\/2023\\\/10\\\/encuentro-regional-salud.jpeg\",\"articleSection\":[\"Provinciales\"],\"inLanguage\":\"es\"},{\"@type\":\"WebPage\",\"@id\":\"https:\\\/\\\/fmpatagoniamadryn.com.ar\\\/?p=6589\",\"url\":\"https:\\\/\\\/fmpatagoniamadryn.com.ar\\\/?p=6589\",\"name\":\"Chubut particip\u00f3 de un nuevo Encuentro Regional de Salud para las Provincias de Cuyo y Patagonia - FM Patagonia Madryn\",\"isPartOf\":{\"@id\":\"https:\\\/\\\/fmpatagoniamadryn.com.ar\\\/#website\"},\"primaryImageOfPage\":{\"@id\":\"https:\\\/\\\/fmpatagoniamadryn.com.ar\\\/?p=6589#primaryimage\"},\"image\":{\"@id\":\"https:\\\/\\\/fmpatagoniamadryn.com.ar\\\/?p=6589#primaryimage\"},\"thumbnailUrl\":\"https:\\\/\\\/fmpatagoniamadryn.com.ar\\\/wp-content\\\/uploads\\\/2023\\\/10\\\/encuentro-regional-salud.jpeg\",\"datePublished\":\"2023-10-05T13:43:46+00:00\",\"dateModified\":\"2023-10-05T13:43:54+00:00\",\"breadcrumb\":{\"@id\":\"https:\\\/\\\/fmpatagoniamadryn.com.ar\\\/?p=6589#breadcrumb\"},\"inLanguage\":\"es\",\"potentialAction\":[{\"@type\":\"ReadAction\",\"target\":[\"https:\\\/\\\/fmpatagoniamadryn.com.ar\\\/?p=6589\"]}]},{\"@type\":\"ImageObject\",\"inLanguage\":\"es\",\"@id\":\"https:\\\/\\\/fmpatagoniamadryn.com.ar\\\/?p=6589#primaryimage\",\"url\":\"https:\\\/\\\/fmpatagoniamadryn.com.ar\\\/wp-content\\\/uploads\\\/2023\\\/10\\\/encuentro-regional-salud.jpeg\",\"contentUrl\":\"https:\\\/\\\/fmpatagoniamadryn.com.ar\\\/wp-content\\\/uploads\\\/2023\\\/10\\\/encuentro-regional-salud.jpeg\",\"width\":1280,\"height\":852},{\"@type\":\"BreadcrumbList\",\"@id\":\"https:\\\/\\\/fmpatagoniamadryn.com.ar\\\/?p=6589#breadcrumb\",\"itemListElement\":[{\"@type\":\"ListItem\",\"position\":1,\"name\":\"Portada\",\"item\":\"https:\\\/\\\/fmpatagoniamadryn.com.ar\\\/\"},{\"@type\":\"ListItem\",\"position\":2,\"name\":\"Chubut particip\u00f3 de un nuevo Encuentro Regional de Salud para las Provincias de Cuyo y Patagonia\"}]},{\"@type\":\"WebSite\",\"@id\":\"https:\\\/\\\/fmpatagoniamadryn.com.ar\\\/#website\",\"url\":\"https:\\\/\\\/fmpatagoniamadryn.com.ar\\\/\",\"name\":\"FM Patagonia Madryn\",\"description\":\"Radio Patagonia 105.5\",\"publisher\":{\"@id\":\"https:\\\/\\\/fmpatagoniamadryn.com.ar\\\/#organization\"},\"potentialAction\":[{\"@type\":\"SearchAction\",\"target\":{\"@type\":\"EntryPoint\",\"urlTemplate\":\"https:\\\/\\\/fmpatagoniamadryn.com.ar\\\/?s={search_term_string}\"},\"query-input\":{\"@type\":\"PropertyValueSpecification\",\"valueRequired\":true,\"valueName\":\"search_term_string\"}}],\"inLanguage\":\"es\"},{\"@type\":\"Organization\",\"@id\":\"https:\\\/\\\/fmpatagoniamadryn.com.ar\\\/#organization\",\"name\":\"FM Patagonia Madryn\",\"url\":\"https:\\\/\\\/fmpatagoniamadryn.com.ar\\\/\",\"logo\":{\"@type\":\"ImageObject\",\"inLanguage\":\"es\",\"@id\":\"https:\\\/\\\/fmpatagoniamadryn.com.ar\\\/#\\\/schema\\\/logo\\\/image\\\/\",\"url\":\"https:\\\/\\\/fmpatagoniamadryn.com.ar\\\/wp-content\\\/uploads\\\/2023\\\/01\\\/cropped-Diseno-sin-titulo.png\",\"contentUrl\":\"https:\\\/\\\/fmpatagoniamadryn.com.ar\\\/wp-content\\\/uploads\\\/2023\\\/01\\\/cropped-Diseno-sin-titulo.png\",\"width\":6911,\"height\":2657,\"caption\":\"FM Patagonia Madryn\"},\"image\":{\"@id\":\"https:\\\/\\\/fmpatagoniamadryn.com.ar\\\/#\\\/schema\\\/logo\\\/image\\\/\"}},{\"@type\":\"Person\",\"@id\":\"https:\\\/\\\/fmpatagoniamadryn.com.ar\\\/#\\\/schema\\\/person\\\/1d968ec613613768e14b4e6420a2b125\",\"name\":\"FM Patagonia\",\"url\":\"https:\\\/\\\/fmpatagoniamadryn.com.ar\\\/?author=3\"}]}<\/script>\n<!-- \/ Yoast SEO plugin. -->","yoast_head_json":{"title":"Chubut particip\u00f3 de un nuevo Encuentro Regional de Salud para las Provincias de Cuyo y Patagonia - FM Patagonia Madryn","robots":{"index":"index","follow":"follow","max-snippet":"max-snippet:-1","max-image-preview":"max-image-preview:large","max-video-preview":"max-video-preview:-1"},"canonical":"https:\/\/fmpatagoniamadryn.com.ar\/?p=6589","og_locale":"es_ES","og_type":"article","og_title":"Chubut particip\u00f3 de un nuevo Encuentro Regional de Salud para las Provincias de Cuyo y Patagonia - FM Patagonia Madryn","og_description":"La jornada se desarroll\u00f3 en la ciudad rionegrina de Cipolletti y tuvo por prop\u00f3sito el fortalecimiento de los sistemas sanitarios provinciales. Asistieron referentes del Ministerio de Salud chubutense. El Ministerio&hellip;","og_url":"https:\/\/fmpatagoniamadryn.com.ar\/?p=6589","og_site_name":"FM Patagonia Madryn","article_published_time":"2023-10-05T13:43:46+00:00","article_modified_time":"2023-10-05T13:43:54+00:00","og_image":[{"width":1280,"height":852,"url":"https:\/\/fmpatagoniamadryn.com.ar\/wp-content\/uploads\/2023\/10\/encuentro-regional-salud.jpeg","type":"image\/jpeg"}],"author":"FM Patagonia","twitter_card":"summary_large_image","twitter_misc":{"Escrito por":"FM Patagonia","Tiempo de lectura":"2 minutos"},"schema":{"@context":"https:\/\/schema.org","@graph":[{"@type":"Article","@id":"https:\/\/fmpatagoniamadryn.com.ar\/?p=6589#article","isPartOf":{"@id":"https:\/\/fmpatagoniamadryn.com.ar\/?p=6589"},"author":{"name":"FM Patagonia","@id":"https:\/\/fmpatagoniamadryn.com.ar\/#\/schema\/person\/1d968ec613613768e14b4e6420a2b125"},"headline":"Chubut particip\u00f3 de un nuevo Encuentro Regional de Salud para las Provincias de Cuyo y Patagonia","datePublished":"2023-10-05T13:43:46+00:00","dateModified":"2023-10-05T13:43:54+00:00","mainEntityOfPage":{"@id":"https:\/\/fmpatagoniamadryn.com.ar\/?p=6589"},"wordCount":499,"publisher":{"@id":"https:\/\/fmpatagoniamadryn.com.ar\/#organization"},"image":{"@id":"https:\/\/fmpatagoniamadryn.com.ar\/?p=6589#primaryimage"},"thumbnailUrl":"https:\/\/fmpatagoniamadryn.com.ar\/wp-content\/uploads\/2023\/10\/encuentro-regional-salud.jpeg","articleSection":["Provinciales"],"inLanguage":"es"},{"@type":"WebPage","@id":"https:\/\/fmpatagoniamadryn.com.ar\/?p=6589","url":"https:\/\/fmpatagoniamadryn.com.ar\/?p=6589","name":"Chubut particip\u00f3 de un nuevo Encuentro Regional de Salud para las Provincias de Cuyo y Patagonia - FM Patagonia Madryn","isPartOf":{"@id":"https:\/\/fmpatagoniamadryn.com.ar\/#website"},"primaryImageOfPage":{"@id":"https:\/\/fmpatagoniamadryn.com.ar\/?p=6589#primaryimage"},"image":{"@id":"https:\/\/fmpatagoniamadryn.com.ar\/?p=6589#primaryimage"},"thumbnailUrl":"https:\/\/fmpatagoniamadryn.com.ar\/wp-content\/uploads\/2023\/10\/encuentro-regional-salud.jpeg","datePublished":"2023-10-05T13:43:46+00:00","dateModified":"2023-10-05T13:43:54+00:00","breadcrumb":{"@id":"https:\/\/fmpatagoniamadryn.com.ar\/?p=6589#breadcrumb"},"inLanguage":"es","potentialAction":[{"@type":"ReadAction","target":["https:\/\/fmpatagoniamadryn.com.ar\/?p=6589"]}]},{"@type":"ImageObject","inLanguage":"es","@id":"https:\/\/fmpatagoniamadryn.com.ar\/?p=6589#primaryimage","url":"https:\/\/fmpatagoniamadryn.com.ar\/wp-content\/uploads\/2023\/10\/encuentro-regional-salud.jpeg","contentUrl":"https:\/\/fmpatagoniamadryn.com.ar\/wp-content\/uploads\/2023\/10\/encuentro-regional-salud.jpeg","width":1280,"height":852},{"@type":"BreadcrumbList","@id":"https:\/\/fmpatagoniamadryn.com.ar\/?p=6589#breadcrumb","itemListElement":[{"@type":"ListItem","position":1,"name":"Portada","item":"https:\/\/fmpatagoniamadryn.com.ar\/"},{"@type":"ListItem","position":2,"name":"Chubut particip\u00f3 de un nuevo Encuentro Regional de Salud para las Provincias de Cuyo y Patagonia"}]},{"@type":"WebSite","@id":"https:\/\/fmpatagoniamadryn.com.ar\/#website","url":"https:\/\/fmpatagoniamadryn.com.ar\/","name":"FM Patagonia Madryn","description":"Radio Patagonia 105.5","publisher":{"@id":"https:\/\/fmpatagoniamadryn.com.ar\/#organization"},"potentialAction":[{"@type":"SearchAction","target":{"@type":"EntryPoint","urlTemplate":"https:\/\/fmpatagoniamadryn.com.ar\/?s={search_term_string}"},"query-input":{"@type":"PropertyValueSpecification","valueRequired":true,"valueName":"search_term_string"}}],"inLanguage":"es"},{"@type":"Organization","@id":"https:\/\/fmpatagoniamadryn.com.ar\/#organization","name":"FM Patagonia Madryn","url":"https:\/\/fmpatagoniamadryn.com.ar\/","logo":{"@type":"ImageObject","inLanguage":"es","@id":"https:\/\/fmpatagoniamadryn.com.ar\/#\/schema\/logo\/image\/","url":"https:\/\/fmpatagoniamadryn.com.ar\/wp-content\/uploads\/2023\/01\/cropped-Diseno-sin-titulo.png","contentUrl":"https:\/\/fmpatagoniamadryn.com.ar\/wp-content\/uploads\/2023\/01\/cropped-Diseno-sin-titulo.png","width":6911,"height":2657,"caption":"FM Patagonia Madryn"},"image":{"@id":"https:\/\/fmpatagoniamadryn.com.ar\/#\/schema\/logo\/image\/"}},{"@type":"Person","@id":"https:\/\/fmpatagoniamadryn.com.ar\/#\/schema\/person\/1d968ec613613768e14b4e6420a2b125","name":"FM Patagonia","url":"https:\/\/fmpatagoniamadryn.com.ar\/?author=3"}]}},"jetpack_featured_media_url":"https:\/\/fmpatagoniamadryn.com.ar\/wp-content\/uploads\/2023\/10\/encuentro-regional-salud.jpeg","_links":{"self":[{"href":"https:\/\/fmpatagoniamadryn.com.ar\/index.php?rest_route=\/wp\/v2\/posts\/6589","targetHints":{"allow":["GET"]}}],"collection":[{"href":"https:\/\/fmpatagoniamadryn.com.ar\/index.php?rest_route=\/wp\/v2\/posts"}],"about":[{"href":"https:\/\/fmpatagoniamadryn.com.ar\/index.php?rest_route=\/wp\/v2\/types\/post"}],"author":[{"embeddable":true,"href":"https:\/\/fmpatagoniamadryn.com.ar\/index.php?rest_route=\/wp\/v2\/users\/3"}],"replies":[{"embeddable":true,"href":"https:\/\/fmpatagoniamadryn.com.ar\/index.php?rest_route=%2Fwp%2Fv2%2Fcomments&post=6589"}],"version-history":[{"count":1,"href":"https:\/\/fmpatagoniamadryn.com.ar\/index.php?rest_route=\/wp\/v2\/posts\/6589\/revisions"}],"predecessor-version":[{"id":6590,"href":"https:\/\/fmpatagoniamadryn.com.ar\/index.php?rest_route=\/wp\/v2\/posts\/6589\/revisions\/6590"}],"wp:featuredmedia":[{"embeddable":true,"href":"https:\/\/fmpatagoniamadryn.com.ar\/index.php?rest_route=\/wp\/v2\/media\/6588"}],"wp:attachment":[{"href":"https:\/\/fmpatagoniamadryn.com.ar\/index.php?rest_route=%2Fwp%2Fv2%2Fmedia&parent=6589"}],"wp:term":[{"taxonomy":"category","embeddable":true,"href":"https:\/\/fmpatagoniamadryn.com.ar\/index.php?rest_route=%2Fwp%2Fv2%2Fcategories&post=6589"},{"taxonomy":"post_tag","embeddable":true,"href":"https:\/\/fmpatagoniamadryn.com.ar\/index.php?rest_route=%2Fwp%2Fv2%2Ftags&post=6589"}],"curies":[{"name":"wp","href":"https:\/\/api.w.org\/{rel}","templated":true}]}}