{"id":6601,"date":"2023-10-05T10:46:04","date_gmt":"2023-10-05T13:46:04","guid":{"rendered":"https:\/\/fmpatagoniamadryn.com.ar\/?p=6601"},"modified":"2023-10-05T10:46:25","modified_gmt":"2023-10-05T13:46:25","slug":"arcioni-recibio-a-integrantes-del-centro-de-jubilados-esperanza-de-vida-de-trelew","status":"publish","type":"post","link":"https:\/\/fmpatagoniamadryn.com.ar\/?p=6601","title":{"rendered":"Arcioni recibi\u00f3 a integrantes del Centro de Jubilados \u201cEsperanza de Vida\u201d de Trelew"},"content":{"rendered":"\n<p>La Comisi\u00f3n Directiva acerc\u00f3 su agradecimiento al mandatario provincial por el ANR que permitir\u00e1 la construcci\u00f3n de la tan anhelada sede propia.<br><br>El gobernador del Chubut, Mariano Arcioni, recibi\u00f3 este mi\u00e9rcoles en su despacho a miembros del Centro de Jubilados \u201cEsperanza de Vida\u201d de la ciudad de Trelew, quienes se acercaron a brindar su agradecimiento por el Aporte No Reintegrable (ANR) concedido tiempo atr\u00e1s por el Gobierno del Chubut con el fin de construir su sede propia.<br><br>El encuentro cont\u00f3 con la presencia de los ministros de Gobierno, Cristian Ayala; de Econom\u00eda, Oscar Antonena, el subsecretario de Obras Municipales, Sergio Ram\u00f3n, la presidenta del Centro de Jubilados, Esmeralda Guzm\u00e1n, la presidenta del Consejo Municipal de Adultos Mayores y titular del Centro de Jubilados y Pensionados Trelew, Mirta Flores, y miembros de la comisi\u00f3n directiva.<br><br>\u201cAgradecemos al gobernador Arcioni por la oportunidad\u201d<br><br>Consultada por la reuni\u00f3n, Esmeralda Guzm\u00e1n, se\u00f1al\u00f3 que \u201cla visita se debe a que hemos estado tramitando un subsidio para poder construir la sede propia de nuestro Centro de Jubilados, gracias al Sr. Gobernador lo hemos conseguido y esta semana comenzar\u00e1 la obra\u201d.<br><br>Coment\u00f3 que \u201cdesde el Centro est\u00e1bamos alquilando un sal\u00f3n, pero no pudimos renovar el contrato, y por el momento las actividades que estamos ofreciendo se realizan en la uni\u00f3n vecinal del barrio Santa M\u00f3nica. Creemos que una vez que tengamos nuestro espacio podr\u00e1n sumarse m\u00e1s integrantes y talleres, los cuales han ido mermando por la pandemia y el problema del lugar propio\u201d.<br><br>Por \u00faltimo, Guzm\u00e1n expres\u00f3: \u201cAgradecemos al Sr. Gobernador por esta oportunidad, ya que adem\u00e1s instruy\u00f3 a que hagamos una nota para que Loter\u00eda nos ayude con algunas cosas que nos est\u00e1n faltando. Tambi\u00e9n agradezco el acompa\u00f1amiento de la titular del Consejo Municipal de Adultos Mayores que nos acompa\u00f1a en cada pedido y al Sr. Sergio Ram\u00f3n que siempre nos atendi\u00f3 con gran gentileza\u201d.<br><br>Cabe mencionar que la construcci\u00f3n de la sede comenzar\u00e1 en unos d\u00edas, y demandar\u00e1 una inversi\u00f3n por parte del Estado provincial de $46.516.929,62.<\/p>\n","protected":false},"excerpt":{"rendered":"<p>La Comisi\u00f3n Directiva acerc\u00f3 su agradecimiento al mandatario provincial por el ANR que permitir\u00e1 la construcci\u00f3n de la tan anhelada sede propia. El gobernador del Chubut, Mariano Arcioni, recibi\u00f3 este&hellip; <\/p>\n","protected":false},"author":3,"featured_media":6600,"comment_status":"closed","ping_status":"closed","sticky":false,"template":"","format":"standard","meta":{"footnotes":""},"categories":[14],"tags":[],"class_list":["post-6601","post","type-post","status-publish","format-standard","has-post-thumbnail","hentry","category-provinciales"],"yoast_head":"<!-- This site is optimized with the Yoast SEO plugin v27.4 - https:\/\/yoast.com\/product\/yoast-seo-wordpress\/ -->\n<title>Arcioni recibi\u00f3 a integrantes del Centro de Jubilados \u201cEsperanza de Vida\u201d de Trelew - FM Patagonia Madryn<\/title>\n<meta name=\"robots\" content=\"index, follow, max-snippet:-1, max-image-preview:large, max-video-preview:-1\" \/>\n<link rel=\"canonical\" href=\"https:\/\/fmpatagoniamadryn.com.ar\/?p=6601\" \/>\n<meta property=\"og:locale\" content=\"es_ES\" \/>\n<meta property=\"og:type\" content=\"article\" \/>\n<meta property=\"og:title\" content=\"Arcioni recibi\u00f3 a integrantes del Centro de Jubilados \u201cEsperanza de Vida\u201d de Trelew - FM Patagonia Madryn\" \/>\n<meta property=\"og:description\" content=\"La Comisi\u00f3n Directiva acerc\u00f3 su agradecimiento al mandatario provincial por el ANR que permitir\u00e1 la construcci\u00f3n de la tan anhelada sede propia. El gobernador del Chubut, Mariano Arcioni, recibi\u00f3 este&hellip;\" \/>\n<meta property=\"og:url\" content=\"https:\/\/fmpatagoniamadryn.com.ar\/?p=6601\" \/>\n<meta property=\"og:site_name\" content=\"FM Patagonia Madryn\" \/>\n<meta property=\"article:published_time\" content=\"2023-10-05T13:46:04+00:00\" \/>\n<meta property=\"article:modified_time\" content=\"2023-10-05T13:46:25+00:00\" \/>\n<meta property=\"og:image\" content=\"https:\/\/fmpatagoniamadryn.com.ar\/wp-content\/uploads\/2023\/10\/CENTRO-JUBILADOS-3-scaled.jpg\" \/>\n\t<meta property=\"og:image:width\" content=\"2560\" \/>\n\t<meta property=\"og:image:height\" content=\"1774\" \/>\n\t<meta property=\"og:image:type\" content=\"image\/jpeg\" \/>\n<meta name=\"author\" content=\"FM Patagonia\" \/>\n<meta name=\"twitter:card\" content=\"summary_large_image\" \/>\n<meta name=\"twitter:label1\" content=\"Escrito por\" \/>\n\t<meta name=\"twitter:data1\" content=\"FM Patagonia\" \/>\n\t<meta name=\"twitter:label2\" content=\"Tiempo de lectura\" \/>\n\t<meta name=\"twitter:data2\" content=\"2 minutos\" \/>\n<script type=\"application\/ld+json\" class=\"yoast-schema-graph\">{\"@context\":\"https:\\\/\\\/schema.org\",\"@graph\":[{\"@type\":\"Article\",\"@id\":\"https:\\\/\\\/fmpatagoniamadryn.com.ar\\\/?p=6601#article\",\"isPartOf\":{\"@id\":\"https:\\\/\\\/fmpatagoniamadryn.com.ar\\\/?p=6601\"},\"author\":{\"name\":\"FM Patagonia\",\"@id\":\"https:\\\/\\\/fmpatagoniamadryn.com.ar\\\/#\\\/schema\\\/person\\\/1d968ec613613768e14b4e6420a2b125\"},\"headline\":\"Arcioni recibi\u00f3 a integrantes del Centro de Jubilados \u201cEsperanza de Vida\u201d de Trelew\",\"datePublished\":\"2023-10-05T13:46:04+00:00\",\"dateModified\":\"2023-10-05T13:46:25+00:00\",\"mainEntityOfPage\":{\"@id\":\"https:\\\/\\\/fmpatagoniamadryn.com.ar\\\/?p=6601\"},\"wordCount\":372,\"publisher\":{\"@id\":\"https:\\\/\\\/fmpatagoniamadryn.com.ar\\\/#organization\"},\"image\":{\"@id\":\"https:\\\/\\\/fmpatagoniamadryn.com.ar\\\/?p=6601#primaryimage\"},\"thumbnailUrl\":\"https:\\\/\\\/fmpatagoniamadryn.com.ar\\\/wp-content\\\/uploads\\\/2023\\\/10\\\/CENTRO-JUBILADOS-3-scaled.jpg\",\"articleSection\":[\"Provinciales\"],\"inLanguage\":\"es\"},{\"@type\":\"WebPage\",\"@id\":\"https:\\\/\\\/fmpatagoniamadryn.com.ar\\\/?p=6601\",\"url\":\"https:\\\/\\\/fmpatagoniamadryn.com.ar\\\/?p=6601\",\"name\":\"Arcioni recibi\u00f3 a integrantes del Centro de Jubilados \u201cEsperanza de Vida\u201d de Trelew - FM Patagonia Madryn\",\"isPartOf\":{\"@id\":\"https:\\\/\\\/fmpatagoniamadryn.com.ar\\\/#website\"},\"primaryImageOfPage\":{\"@id\":\"https:\\\/\\\/fmpatagoniamadryn.com.ar\\\/?p=6601#primaryimage\"},\"image\":{\"@id\":\"https:\\\/\\\/fmpatagoniamadryn.com.ar\\\/?p=6601#primaryimage\"},\"thumbnailUrl\":\"https:\\\/\\\/fmpatagoniamadryn.com.ar\\\/wp-content\\\/uploads\\\/2023\\\/10\\\/CENTRO-JUBILADOS-3-scaled.jpg\",\"datePublished\":\"2023-10-05T13:46:04+00:00\",\"dateModified\":\"2023-10-05T13:46:25+00:00\",\"breadcrumb\":{\"@id\":\"https:\\\/\\\/fmpatagoniamadryn.com.ar\\\/?p=6601#breadcrumb\"},\"inLanguage\":\"es\",\"potentialAction\":[{\"@type\":\"ReadAction\",\"target\":[\"https:\\\/\\\/fmpatagoniamadryn.com.ar\\\/?p=6601\"]}]},{\"@type\":\"ImageObject\",\"inLanguage\":\"es\",\"@id\":\"https:\\\/\\\/fmpatagoniamadryn.com.ar\\\/?p=6601#primaryimage\",\"url\":\"https:\\\/\\\/fmpatagoniamadryn.com.ar\\\/wp-content\\\/uploads\\\/2023\\\/10\\\/CENTRO-JUBILADOS-3-scaled.jpg\",\"contentUrl\":\"https:\\\/\\\/fmpatagoniamadryn.com.ar\\\/wp-content\\\/uploads\\\/2023\\\/10\\\/CENTRO-JUBILADOS-3-scaled.jpg\",\"width\":2560,\"height\":1774},{\"@type\":\"BreadcrumbList\",\"@id\":\"https:\\\/\\\/fmpatagoniamadryn.com.ar\\\/?p=6601#breadcrumb\",\"itemListElement\":[{\"@type\":\"ListItem\",\"position\":1,\"name\":\"Portada\",\"item\":\"https:\\\/\\\/fmpatagoniamadryn.com.ar\\\/\"},{\"@type\":\"ListItem\",\"position\":2,\"name\":\"Arcioni recibi\u00f3 a integrantes del Centro de Jubilados \u201cEsperanza de Vida\u201d de Trelew\"}]},{\"@type\":\"WebSite\",\"@id\":\"https:\\\/\\\/fmpatagoniamadryn.com.ar\\\/#website\",\"url\":\"https:\\\/\\\/fmpatagoniamadryn.com.ar\\\/\",\"name\":\"FM Patagonia Madryn\",\"description\":\"Radio Patagonia 105.5\",\"publisher\":{\"@id\":\"https:\\\/\\\/fmpatagoniamadryn.com.ar\\\/#organization\"},\"potentialAction\":[{\"@type\":\"SearchAction\",\"target\":{\"@type\":\"EntryPoint\",\"urlTemplate\":\"https:\\\/\\\/fmpatagoniamadryn.com.ar\\\/?s={search_term_string}\"},\"query-input\":{\"@type\":\"PropertyValueSpecification\",\"valueRequired\":true,\"valueName\":\"search_term_string\"}}],\"inLanguage\":\"es\"},{\"@type\":\"Organization\",\"@id\":\"https:\\\/\\\/fmpatagoniamadryn.com.ar\\\/#organization\",\"name\":\"FM Patagonia Madryn\",\"url\":\"https:\\\/\\\/fmpatagoniamadryn.com.ar\\\/\",\"logo\":{\"@type\":\"ImageObject\",\"inLanguage\":\"es\",\"@id\":\"https:\\\/\\\/fmpatagoniamadryn.com.ar\\\/#\\\/schema\\\/logo\\\/image\\\/\",\"url\":\"https:\\\/\\\/fmpatagoniamadryn.com.ar\\\/wp-content\\\/uploads\\\/2023\\\/01\\\/cropped-Diseno-sin-titulo.png\",\"contentUrl\":\"https:\\\/\\\/fmpatagoniamadryn.com.ar\\\/wp-content\\\/uploads\\\/2023\\\/01\\\/cropped-Diseno-sin-titulo.png\",\"width\":6911,\"height\":2657,\"caption\":\"FM Patagonia Madryn\"},\"image\":{\"@id\":\"https:\\\/\\\/fmpatagoniamadryn.com.ar\\\/#\\\/schema\\\/logo\\\/image\\\/\"}},{\"@type\":\"Person\",\"@id\":\"https:\\\/\\\/fmpatagoniamadryn.com.ar\\\/#\\\/schema\\\/person\\\/1d968ec613613768e14b4e6420a2b125\",\"name\":\"FM Patagonia\",\"url\":\"https:\\\/\\\/fmpatagoniamadryn.com.ar\\\/?author=3\"}]}<\/script>\n<!-- \/ Yoast SEO plugin. -->","yoast_head_json":{"title":"Arcioni recibi\u00f3 a integrantes del Centro de Jubilados \u201cEsperanza de Vida\u201d de Trelew - FM Patagonia Madryn","robots":{"index":"index","follow":"follow","max-snippet":"max-snippet:-1","max-image-preview":"max-image-preview:large","max-video-preview":"max-video-preview:-1"},"canonical":"https:\/\/fmpatagoniamadryn.com.ar\/?p=6601","og_locale":"es_ES","og_type":"article","og_title":"Arcioni recibi\u00f3 a integrantes del Centro de Jubilados \u201cEsperanza de Vida\u201d de Trelew - FM Patagonia Madryn","og_description":"La Comisi\u00f3n Directiva acerc\u00f3 su agradecimiento al mandatario provincial por el ANR que permitir\u00e1 la construcci\u00f3n de la tan anhelada sede propia. El gobernador del Chubut, Mariano Arcioni, recibi\u00f3 este&hellip;","og_url":"https:\/\/fmpatagoniamadryn.com.ar\/?p=6601","og_site_name":"FM Patagonia Madryn","article_published_time":"2023-10-05T13:46:04+00:00","article_modified_time":"2023-10-05T13:46:25+00:00","og_image":[{"width":2560,"height":1774,"url":"https:\/\/fmpatagoniamadryn.com.ar\/wp-content\/uploads\/2023\/10\/CENTRO-JUBILADOS-3-scaled.jpg","type":"image\/jpeg"}],"author":"FM Patagonia","twitter_card":"summary_large_image","twitter_misc":{"Escrito por":"FM Patagonia","Tiempo de lectura":"2 minutos"},"schema":{"@context":"https:\/\/schema.org","@graph":[{"@type":"Article","@id":"https:\/\/fmpatagoniamadryn.com.ar\/?p=6601#article","isPartOf":{"@id":"https:\/\/fmpatagoniamadryn.com.ar\/?p=6601"},"author":{"name":"FM Patagonia","@id":"https:\/\/fmpatagoniamadryn.com.ar\/#\/schema\/person\/1d968ec613613768e14b4e6420a2b125"},"headline":"Arcioni recibi\u00f3 a integrantes del Centro de Jubilados \u201cEsperanza de Vida\u201d de Trelew","datePublished":"2023-10-05T13:46:04+00:00","dateModified":"2023-10-05T13:46:25+00:00","mainEntityOfPage":{"@id":"https:\/\/fmpatagoniamadryn.com.ar\/?p=6601"},"wordCount":372,"publisher":{"@id":"https:\/\/fmpatagoniamadryn.com.ar\/#organization"},"image":{"@id":"https:\/\/fmpatagoniamadryn.com.ar\/?p=6601#primaryimage"},"thumbnailUrl":"https:\/\/fmpatagoniamadryn.com.ar\/wp-content\/uploads\/2023\/10\/CENTRO-JUBILADOS-3-scaled.jpg","articleSection":["Provinciales"],"inLanguage":"es"},{"@type":"WebPage","@id":"https:\/\/fmpatagoniamadryn.com.ar\/?p=6601","url":"https:\/\/fmpatagoniamadryn.com.ar\/?p=6601","name":"Arcioni recibi\u00f3 a integrantes del Centro de Jubilados \u201cEsperanza de Vida\u201d de Trelew - FM Patagonia Madryn","isPartOf":{"@id":"https:\/\/fmpatagoniamadryn.com.ar\/#website"},"primaryImageOfPage":{"@id":"https:\/\/fmpatagoniamadryn.com.ar\/?p=6601#primaryimage"},"image":{"@id":"https:\/\/fmpatagoniamadryn.com.ar\/?p=6601#primaryimage"},"thumbnailUrl":"https:\/\/fmpatagoniamadryn.com.ar\/wp-content\/uploads\/2023\/10\/CENTRO-JUBILADOS-3-scaled.jpg","datePublished":"2023-10-05T13:46:04+00:00","dateModified":"2023-10-05T13:46:25+00:00","breadcrumb":{"@id":"https:\/\/fmpatagoniamadryn.com.ar\/?p=6601#breadcrumb"},"inLanguage":"es","potentialAction":[{"@type":"ReadAction","target":["https:\/\/fmpatagoniamadryn.com.ar\/?p=6601"]}]},{"@type":"ImageObject","inLanguage":"es","@id":"https:\/\/fmpatagoniamadryn.com.ar\/?p=6601#primaryimage","url":"https:\/\/fmpatagoniamadryn.com.ar\/wp-content\/uploads\/2023\/10\/CENTRO-JUBILADOS-3-scaled.jpg","contentUrl":"https:\/\/fmpatagoniamadryn.com.ar\/wp-content\/uploads\/2023\/10\/CENTRO-JUBILADOS-3-scaled.jpg","width":2560,"height":1774},{"@type":"BreadcrumbList","@id":"https:\/\/fmpatagoniamadryn.com.ar\/?p=6601#breadcrumb","itemListElement":[{"@type":"ListItem","position":1,"name":"Portada","item":"https:\/\/fmpatagoniamadryn.com.ar\/"},{"@type":"ListItem","position":2,"name":"Arcioni recibi\u00f3 a integrantes del Centro de Jubilados \u201cEsperanza de Vida\u201d de Trelew"}]},{"@type":"WebSite","@id":"https:\/\/fmpatagoniamadryn.com.ar\/#website","url":"https:\/\/fmpatagoniamadryn.com.ar\/","name":"FM Patagonia Madryn","description":"Radio Patagonia 105.5","publisher":{"@id":"https:\/\/fmpatagoniamadryn.com.ar\/#organization"},"potentialAction":[{"@type":"SearchAction","target":{"@type":"EntryPoint","urlTemplate":"https:\/\/fmpatagoniamadryn.com.ar\/?s={search_term_string}"},"query-input":{"@type":"PropertyValueSpecification","valueRequired":true,"valueName":"search_term_string"}}],"inLanguage":"es"},{"@type":"Organization","@id":"https:\/\/fmpatagoniamadryn.com.ar\/#organization","name":"FM Patagonia Madryn","url":"https:\/\/fmpatagoniamadryn.com.ar\/","logo":{"@type":"ImageObject","inLanguage":"es","@id":"https:\/\/fmpatagoniamadryn.com.ar\/#\/schema\/logo\/image\/","url":"https:\/\/fmpatagoniamadryn.com.ar\/wp-content\/uploads\/2023\/01\/cropped-Diseno-sin-titulo.png","contentUrl":"https:\/\/fmpatagoniamadryn.com.ar\/wp-content\/uploads\/2023\/01\/cropped-Diseno-sin-titulo.png","width":6911,"height":2657,"caption":"FM Patagonia Madryn"},"image":{"@id":"https:\/\/fmpatagoniamadryn.com.ar\/#\/schema\/logo\/image\/"}},{"@type":"Person","@id":"https:\/\/fmpatagoniamadryn.com.ar\/#\/schema\/person\/1d968ec613613768e14b4e6420a2b125","name":"FM Patagonia","url":"https:\/\/fmpatagoniamadryn.com.ar\/?author=3"}]}},"jetpack_featured_media_url":"https:\/\/fmpatagoniamadryn.com.ar\/wp-content\/uploads\/2023\/10\/CENTRO-JUBILADOS-3-scaled.jpg","_links":{"self":[{"href":"https:\/\/fmpatagoniamadryn.com.ar\/index.php?rest_route=\/wp\/v2\/posts\/6601","targetHints":{"allow":["GET"]}}],"collection":[{"href":"https:\/\/fmpatagoniamadryn.com.ar\/index.php?rest_route=\/wp\/v2\/posts"}],"about":[{"href":"https:\/\/fmpatagoniamadryn.com.ar\/index.php?rest_route=\/wp\/v2\/types\/post"}],"author":[{"embeddable":true,"href":"https:\/\/fmpatagoniamadryn.com.ar\/index.php?rest_route=\/wp\/v2\/users\/3"}],"replies":[{"embeddable":true,"href":"https:\/\/fmpatagoniamadryn.com.ar\/index.php?rest_route=%2Fwp%2Fv2%2Fcomments&post=6601"}],"version-history":[{"count":1,"href":"https:\/\/fmpatagoniamadryn.com.ar\/index.php?rest_route=\/wp\/v2\/posts\/6601\/revisions"}],"predecessor-version":[{"id":6602,"href":"https:\/\/fmpatagoniamadryn.com.ar\/index.php?rest_route=\/wp\/v2\/posts\/6601\/revisions\/6602"}],"wp:featuredmedia":[{"embeddable":true,"href":"https:\/\/fmpatagoniamadryn.com.ar\/index.php?rest_route=\/wp\/v2\/media\/6600"}],"wp:attachment":[{"href":"https:\/\/fmpatagoniamadryn.com.ar\/index.php?rest_route=%2Fwp%2Fv2%2Fmedia&parent=6601"}],"wp:term":[{"taxonomy":"category","embeddable":true,"href":"https:\/\/fmpatagoniamadryn.com.ar\/index.php?rest_route=%2Fwp%2Fv2%2Fcategories&post=6601"},{"taxonomy":"post_tag","embeddable":true,"href":"https:\/\/fmpatagoniamadryn.com.ar\/index.php?rest_route=%2Fwp%2Fv2%2Ftags&post=6601"}],"curies":[{"name":"wp","href":"https:\/\/api.w.org\/{rel}","templated":true}]}}